{"id":1023,"date":"2008-10-01T06:17:00","date_gmt":"2008-10-01T04:17:00","guid":{"rendered":"http:\/\/www.michael-krell.com\/?p=1023"},"modified":"2017-04-18T12:51:53","modified_gmt":"2017-04-18T10:51:53","slug":"sportliche-highlights-auf-tv","status":"publish","type":"post","link":"https:\/\/www.michael-krell.com\/de\/sportliche-highlights-auf-tv\/","title":{"rendered":"sportliche Highlights auf TV"},"content":{"rendered":"<p><a href=\"http:\/\/4.bp.blogspot.com\/_0j3c4ndfFAY\/SONAjcDl6oI\/AAAAAAAAAIQ\/fpOEkjDKmEo\/s1600-h\/2406108330_472e56b0d7.jpg\"><img decoding=\"async\" id=\"BLOGGER_PHOTO_ID_5252112568014989954\" style=\"display: block; margin: 0px auto 10px; cursor: hand; text-align: center;\" src=\"http:\/\/4.bp.blogspot.com\/_0j3c4ndfFAY\/SONAjcDl6oI\/AAAAAAAAAIQ\/fpOEkjDKmEo\/s400\/2406108330_472e56b0d7.jpg\" alt=\"\" border=\"0\" \/><\/a> Hallo Leute,<\/p>\n<div><\/div>\n<div>morgen ist es soweit, der Abflug nach Kona naht und ich muss noch soooo viel packen! Wird doch noch einmal stressig heute. Die gute Nachricht ist, die Sonne scheint auf Hawaii \ud83d\ude42<\/div>\n<p>&nbsp;<\/p>\n<div><\/div>\n<div>F\u00fcr alle die sich f\u00fcr die kommende Woche in Kona vor dem gro\u00dfen Wettkampf interessieren: es wird fast t\u00e4glich kleine Videos mit mir zu sehen geben auf <a href=\"http:\/\/www.tri-mag.de\/\">http:\/\/www.tri-mag.de\/<\/a><\/div>\n<p>&nbsp;<\/p>\n<div>Diese werden in der dortigen &#8222;Hawaii-Special&#8220; Rubrik zu sehen sein. Also wenn es euch interessiert, was ich so den lieben langen Tag dort treibe, dann schaut \u00f6fters mal auf die Seite. Au\u00dferdem versuche ich nat\u00fcrlich auch hier ein paar Berichte hereinzustellen, aber das Meiste k\u00f6nnt ihr sehen und lesen von mir auf der oben genannten Seite.<\/div>\n<p>&nbsp;<\/p>\n<div>Unter anderem werdet ihr mich beim &#8222;underpants run&#8220;, bei der Nationenparade, beim morgendlichen Schwimmtraining und direkt vor und nach dem Wettkampf beobachten k\u00f6nnen \ud83d\ude42<\/div>\n<p>&nbsp;<\/p>\n<div><\/div>\n<div>Das wird bestimmt eine witzige Sache, von der Kamera begleitet zu werden. Viele denken wahrscheinlich, &#8222;den Profi kenn ich ja gar nicht&#8220;&#8230;<\/div>\n<div>Wie sollen sie auch? Noch ahnen sie nicht, das es sich bei mir nur um den kleinen &#8222;krelli&#8220;, unter dieser ganzen gro\u00dfen Gesichtern handelt&#8230;<\/div>\n<p>&nbsp;<\/p>\n<div><\/div>\n<p><img decoding=\"async\" id=\"BLOGGER_PHOTO_ID_5252114461573095794\" style=\"display: block; margin: 0px auto 10px; cursor: hand; text-align: center;\" src=\"http:\/\/1.bp.blogspot.com\/_0j3c4ndfFAY\/SONCRqHBoXI\/AAAAAAAAAIY\/yrWDcNrKC7w\/s400\/catrabbit.jpg\" alt=\"\" border=\"0\" \/><\/p>\n<p>Danach werdet ihr wahrscheinlich auch erst einmal einen &#8222;krelli-overkill&#8220; haben und ich kann mich in meiner Freizeit nach dem 11.Oktober endlich mal anderen Dingen widmen!! \ud83d\ude42<\/p>\n<p>Wer das Rennen verfolgen will, auf <a href=\"http:\/\/www.ironman.com\/\">http:\/\/www.ironman.com\/<\/a> gibt es einen Live Tracker und Live Video Stream, am Vortag und am Tag danach gibt es auch Sendungen auf dem ZDF.<\/p>\n<p>bis die Tage, w\u00fcnscht mir Gl\u00fcck<\/p>\n<p>haut rein<\/p>\n<p>krelli<\/p>\n","protected":false},"excerpt":{"rendered":"<p>Hallo Leute, morgen ist es soweit, der Abflug nach Kona naht und ich muss noch soooo viel packen! Wird doch [&hellip;]<\/p>\n","protected":false},"author":2,"featured_media":0,"comment_status":"open","ping_status":"open","sticky":false,"template":"","format":"standard","meta":{"footnotes":""},"categories":[1220],"tags":[],"class_list":["post-1023","post","type-post","status-publish","format-standard","hentry","category-privates"],"yoast_head":"<!-- This site is optimized with the Yoast SEO plugin v19.8 - https:\/\/yoast.com\/wordpress\/plugins\/seo\/ -->\n<title>sportliche Highlights auf TV - Michael Krell Triathlon Coaching<\/title>\n<meta name=\"robots\" content=\"index, follow, max-snippet:-1, max-image-preview:large, max-video-preview:-1\" \/>\n<link rel=\"canonical\" href=\"https:\/\/www.michael-krell.com\/de\/sportliche-highlights-auf-tv\/\" \/>\n<meta property=\"og:locale\" content=\"de_DE\" \/>\n<meta property=\"og:type\" content=\"article\" \/>\n<meta property=\"og:title\" content=\"sportliche Highlights auf TV - Michael Krell Triathlon Coaching\" \/>\n<meta property=\"og:description\" content=\"Hallo Leute, morgen ist es soweit, der Abflug nach Kona naht und ich muss noch soooo viel packen! Wird doch [&hellip;]\" \/>\n<meta property=\"og:url\" content=\"https:\/\/www.michael-krell.com\/de\/sportliche-highlights-auf-tv\/\" \/>\n<meta property=\"og:site_name\" content=\"Michael Krell Triathlon Coaching\" \/>\n<meta property=\"article:published_time\" content=\"2008-10-01T04:17:00+00:00\" \/>\n<meta property=\"article:modified_time\" content=\"2017-04-18T10:51:53+00:00\" \/>\n<meta property=\"og:image\" content=\"http:\/\/4.bp.blogspot.com\/_0j3c4ndfFAY\/SONAjcDl6oI\/AAAAAAAAAIQ\/fpOEkjDKmEo\/s400\/2406108330_472e56b0d7.jpg\" \/>\n<meta name=\"author\" content=\"Michael Krell\" \/>\n<meta name=\"twitter:card\" content=\"summary_large_image\" \/>\n<meta name=\"twitter:label1\" content=\"Verfasst von\" \/>\n\t<meta name=\"twitter:data1\" content=\"Michael Krell\" \/>\n\t<meta name=\"twitter:label2\" content=\"Gesch\u00e4tzte Lesezeit\" \/>\n\t<meta name=\"twitter:data2\" content=\"1\u00a0Minute\" \/>\n<script type=\"application\/ld+json\" class=\"yoast-schema-graph\">{\"@context\":\"https:\/\/schema.org\",\"@graph\":[{\"@type\":\"WebPage\",\"@id\":\"https:\/\/www.michael-krell.com\/de\/sportliche-highlights-auf-tv\/\",\"url\":\"https:\/\/www.michael-krell.com\/de\/sportliche-highlights-auf-tv\/\",\"name\":\"sportliche Highlights auf TV - Michael Krell Triathlon Coaching\",\"isPartOf\":{\"@id\":\"https:\/\/www.michael-krell.com\/en\/#website\"},\"datePublished\":\"2008-10-01T04:17:00+00:00\",\"dateModified\":\"2017-04-18T10:51:53+00:00\",\"author\":{\"@id\":\"https:\/\/www.michael-krell.com\/en\/#\/schema\/person\/17d0c03cb1e15db7305e41b6170a4237\"},\"breadcrumb\":{\"@id\":\"https:\/\/www.michael-krell.com\/de\/sportliche-highlights-auf-tv\/#breadcrumb\"},\"inLanguage\":\"de\",\"potentialAction\":[{\"@type\":\"ReadAction\",\"target\":[\"https:\/\/www.michael-krell.com\/de\/sportliche-highlights-auf-tv\/\"]}]},{\"@type\":\"BreadcrumbList\",\"@id\":\"https:\/\/www.michael-krell.com\/de\/sportliche-highlights-auf-tv\/#breadcrumb\",\"itemListElement\":[{\"@type\":\"ListItem\",\"position\":1,\"name\":\"Startseite\",\"item\":\"https:\/\/www.michael-krell.com\/en\/\"},{\"@type\":\"ListItem\",\"position\":2,\"name\":\"sportliche Highlights auf TV\"}]},{\"@type\":\"WebSite\",\"@id\":\"https:\/\/www.michael-krell.com\/en\/#website\",\"url\":\"https:\/\/www.michael-krell.com\/en\/\",\"name\":\"Michael Krell Triathlon Coaching\",\"description\":\"\",\"potentialAction\":[{\"@type\":\"SearchAction\",\"target\":{\"@type\":\"EntryPoint\",\"urlTemplate\":\"https:\/\/www.michael-krell.com\/en\/?s={search_term_string}\"},\"query-input\":\"required name=search_term_string\"}],\"inLanguage\":\"de\"},{\"@type\":\"Person\",\"@id\":\"https:\/\/www.michael-krell.com\/en\/#\/schema\/person\/17d0c03cb1e15db7305e41b6170a4237\",\"name\":\"Michael Krell\",\"image\":{\"@type\":\"ImageObject\",\"inLanguage\":\"de\",\"@id\":\"https:\/\/www.michael-krell.com\/en\/#\/schema\/person\/image\/\",\"url\":\"https:\/\/secure.gravatar.com\/avatar\/33e39b9fbaf6777afb9b8559d921c4d22f4fd87cba8562434fa169fa71aeb1b3?s=96&d=mm&r=g\",\"contentUrl\":\"https:\/\/secure.gravatar.com\/avatar\/33e39b9fbaf6777afb9b8559d921c4d22f4fd87cba8562434fa169fa71aeb1b3?s=96&d=mm&r=g\",\"caption\":\"Michael Krell\"},\"url\":\"https:\/\/www.michael-krell.com\/de\/author\/krelli\/\"}]}<\/script>\n<!-- \/ Yoast SEO plugin. -->","yoast_head_json":{"title":"sportliche Highlights auf TV - Michael Krell Triathlon Coaching","robots":{"index":"index","follow":"follow","max-snippet":"max-snippet:-1","max-image-preview":"max-image-preview:large","max-video-preview":"max-video-preview:-1"},"canonical":"https:\/\/www.michael-krell.com\/de\/sportliche-highlights-auf-tv\/","og_locale":"de_DE","og_type":"article","og_title":"sportliche Highlights auf TV - Michael Krell Triathlon Coaching","og_description":"Hallo Leute, morgen ist es soweit, der Abflug nach Kona naht und ich muss noch soooo viel packen! Wird doch [&hellip;]","og_url":"https:\/\/www.michael-krell.com\/de\/sportliche-highlights-auf-tv\/","og_site_name":"Michael Krell Triathlon Coaching","article_published_time":"2008-10-01T04:17:00+00:00","article_modified_time":"2017-04-18T10:51:53+00:00","og_image":[{"url":"http:\/\/4.bp.blogspot.com\/_0j3c4ndfFAY\/SONAjcDl6oI\/AAAAAAAAAIQ\/fpOEkjDKmEo\/s400\/2406108330_472e56b0d7.jpg"}],"author":"Michael Krell","twitter_card":"summary_large_image","twitter_misc":{"Verfasst von":"Michael Krell","Gesch\u00e4tzte Lesezeit":"1\u00a0Minute"},"schema":{"@context":"https:\/\/schema.org","@graph":[{"@type":"WebPage","@id":"https:\/\/www.michael-krell.com\/de\/sportliche-highlights-auf-tv\/","url":"https:\/\/www.michael-krell.com\/de\/sportliche-highlights-auf-tv\/","name":"sportliche Highlights auf TV - Michael Krell Triathlon Coaching","isPartOf":{"@id":"https:\/\/www.michael-krell.com\/en\/#website"},"datePublished":"2008-10-01T04:17:00+00:00","dateModified":"2017-04-18T10:51:53+00:00","author":{"@id":"https:\/\/www.michael-krell.com\/en\/#\/schema\/person\/17d0c03cb1e15db7305e41b6170a4237"},"breadcrumb":{"@id":"https:\/\/www.michael-krell.com\/de\/sportliche-highlights-auf-tv\/#breadcrumb"},"inLanguage":"de","potentialAction":[{"@type":"ReadAction","target":["https:\/\/www.michael-krell.com\/de\/sportliche-highlights-auf-tv\/"]}]},{"@type":"BreadcrumbList","@id":"https:\/\/www.michael-krell.com\/de\/sportliche-highlights-auf-tv\/#breadcrumb","itemListElement":[{"@type":"ListItem","position":1,"name":"Startseite","item":"https:\/\/www.michael-krell.com\/en\/"},{"@type":"ListItem","position":2,"name":"sportliche Highlights auf TV"}]},{"@type":"WebSite","@id":"https:\/\/www.michael-krell.com\/en\/#website","url":"https:\/\/www.michael-krell.com\/en\/","name":"Michael Krell Triathlon Coaching","description":"","potentialAction":[{"@type":"SearchAction","target":{"@type":"EntryPoint","urlTemplate":"https:\/\/www.michael-krell.com\/en\/?s={search_term_string}"},"query-input":"required name=search_term_string"}],"inLanguage":"de"},{"@type":"Person","@id":"https:\/\/www.michael-krell.com\/en\/#\/schema\/person\/17d0c03cb1e15db7305e41b6170a4237","name":"Michael Krell","image":{"@type":"ImageObject","inLanguage":"de","@id":"https:\/\/www.michael-krell.com\/en\/#\/schema\/person\/image\/","url":"https:\/\/secure.gravatar.com\/avatar\/33e39b9fbaf6777afb9b8559d921c4d22f4fd87cba8562434fa169fa71aeb1b3?s=96&d=mm&r=g","contentUrl":"https:\/\/secure.gravatar.com\/avatar\/33e39b9fbaf6777afb9b8559d921c4d22f4fd87cba8562434fa169fa71aeb1b3?s=96&d=mm&r=g","caption":"Michael Krell"},"url":"https:\/\/www.michael-krell.com\/de\/author\/krelli\/"}]}},"_links":{"self":[{"href":"https:\/\/www.michael-krell.com\/de\/wp-json\/wp\/v2\/posts\/1023","targetHints":{"allow":["GET"]}}],"collection":[{"href":"https:\/\/www.michael-krell.com\/de\/wp-json\/wp\/v2\/posts"}],"about":[{"href":"https:\/\/www.michael-krell.com\/de\/wp-json\/wp\/v2\/types\/post"}],"author":[{"embeddable":true,"href":"https:\/\/www.michael-krell.com\/de\/wp-json\/wp\/v2\/users\/2"}],"replies":[{"embeddable":true,"href":"https:\/\/www.michael-krell.com\/de\/wp-json\/wp\/v2\/comments?post=1023"}],"version-history":[{"count":2,"href":"https:\/\/www.michael-krell.com\/de\/wp-json\/wp\/v2\/posts\/1023\/revisions"}],"predecessor-version":[{"id":3570,"href":"https:\/\/www.michael-krell.com\/de\/wp-json\/wp\/v2\/posts\/1023\/revisions\/3570"}],"wp:attachment":[{"href":"https:\/\/www.michael-krell.com\/de\/wp-json\/wp\/v2\/media?parent=1023"}],"wp:term":[{"taxonomy":"category","embeddable":true,"href":"https:\/\/www.michael-krell.com\/de\/wp-json\/wp\/v2\/categories?post=1023"},{"taxonomy":"post_tag","embeddable":true,"href":"https:\/\/www.michael-krell.com\/de\/wp-json\/wp\/v2\/tags?post=1023"}],"curies":[{"name":"wp","href":"https:\/\/api.w.org\/{rel}","templated":true}]}}