{"id":1034,"date":"2008-08-18T18:55:00","date_gmt":"2008-08-18T16:55:00","guid":{"rendered":"http:\/\/www.michael-krell.com\/?p=1034"},"modified":"2017-04-18T13:05:12","modified_gmt":"2017-04-18T11:05:12","slug":"olympiasieg-und-lockere-radtour","status":"publish","type":"post","link":"https:\/\/www.michael-krell.com\/de\/olympiasieg-und-lockere-radtour\/","title":{"rendered":"OLYMPIASIEG!!! und lockere Radtour&#8230; :)"},"content":{"rendered":"<p>OLYMPIASIEG!!!!!!!! Hey Leute, heute fr\u00fch war ich noch halb verschlafen am Fehrnseher und konnte meinen Augen kaum glauben. Jan Frodeno holt sich total abgekocht den Sieg auf der Zielgeraden, was f\u00fcr ein Finish!!! Besonders freut es mich da er bis dato immer untersch\u00e4tzt wurde und stets erst nach Daniel Unger genannt wurde. Letzterer hat sich nat\u00fcrlich auch wacker geschlagen, wie alle wissen, haben schwere Athleten doch eher Probleme in der Hitze.<\/p>\n<div>\n<div>Ich werde bald zum Fan von der olympischen Distanz, so spannend war das&#8230;<\/div>\n<p><img decoding=\"async\" id=\"BLOGGER_PHOTO_ID_5236093260605812402\" style=\"display: block; margin: 0px auto 10px; cursor: hand; text-align: center;\" src=\"http:\/\/2.bp.blogspot.com\/_0j3c4ndfFAY\/SKpXFBk57rI\/AAAAAAAAAGo\/m9Zf60K0zHo\/s400\/Z%C3%BCrich+2008+149.jpg\" alt=\"\" border=\"0\" \/>So, das Wochenende ist vorbei und ich konnte doch tats\u00e4chlich mal von meinen Eltern bis nach Hause fahren. Nachdem ich mir den ganzen Samstag den Bauch voll geschlagen und mich in der Sauna erholt habe, konnte ich selbstbewusst meine gro\u00dfe Fahrt angehen. Meine Eltern setzten mich Sonntag fr\u00fch an der Landstra\u00dfe aus und los ging es.<br \/>\nAm Anfang war ich schon echt platt vom Entspannungsprogramm am Vortag, nach 2 Stunden und etlichen Bergen im Vogtland und Fichtelgebirge wurde ich langsam warm und lie\u00df mir ab und zu meine selbstgemachten Br\u00f6tchen schmecken. Es sollte schlie\u00dflich eine Fahrt f\u00fcr Genie\u00dfer werden \ud83d\ude42 Es war wirklich eine tolle Route \u00fcber Hof und die Fichtelgebirgs-H\u00f6henstra\u00dfe nach Bayreuth, es machte Laune. Solange, bis mir das Essen ausging, obwohl ich den Vortag echt viel gefuttert hatte, wurde das Loch im Bauch immer gr\u00f6\u00dfer und ich musste bei den Eingeborenen der Gegend irgendwo Nahrung finden. In den D\u00f6rfern war nat\u00fcrlich jeder B\u00e4cker am Feiertag schon zu! Pl\u00f6tzlich bemerkte ich auch erst dass ich die ganze Zeit Gegenwind hatte, zumindest wurde ich immer langsamer. Endlich in Bayreuth angekommen, st\u00fcrzte ich mich bei der n\u00e4chsten Tankstelle auf die Snickers-Riegel. So was geiles isst man selten!! Ein Hoch auf den Erfinder von Schoko-Riegeln!!<\/p>\n<p>Ab Bayreuth wurde die Strecke flacher aber leider gleichzeitig auch befahrener. Teilweise konnte ich mich kaum denken h\u00f6ren, so viele Autos rauschten an mir vorbei. Meine Versuche auf die seltenen Radwege auszuweichen, lie\u00df ich dann nach einer Weile auch bleiben, nachdem ich jedes Mal 200 Kurven, \u00fcber Schotter und Stock und Stein und 5min ben\u00f6tigte wof\u00fcr ich auf der Stra\u00dfe nur 2min gebraucht h\u00e4tte. Irgendwann, ich w\u00e4re fast schon eingeschlafen vor lauter Monotonie, kam dann doch tats\u00e4chlich ein Radler von hinten. Einer von der Sorte die nie gr\u00fc\u00dfen wenn sie vorbeifahren und die Z\u00e4hne schon fletschen. Da hatte er sich an diesem Tag den Falschen ausgesucht!! Nicht mit krelli! Ich testete ihn erst einmal und fuhr 3min hinterher. Irgendwie wurde er dann auch recht pl\u00f6tzlich langsamer, in diesem Moment sah ich meine Gelegenheit kommen. Ich fuhr kurz neben ihm und sagte \u201eservus\u201c, dabei schaute ich ihm in die Augen und sah die \u201enackte Panik\u201c \ud83d\ude42 \u2026ok, vielleicht \u00fcbertreibe ich hier etwas\u2026 Ich h\u00f6rte mich sagen, \u201edann zeig mal was du kannst\u201c und zog an. Anfangs h\u00f6rte ich noch ein Hecheln hinter mir (ich hatte mir f\u00fcr meinen Move nat\u00fcrlich einen Berg ausgesucht :), das jedoch mit jeder verstreichenden Sekunde leiser wurde. Mmmhhh\u2026entweder hatte er die Luft angehalten, oder war abgefallen. Ich schaute mich um und da stand er doch tats\u00e4chlich am Stra\u00dfenrand und tat so als ob er sein Hinterrad kontrollieren m\u00fcsste. Was f\u00fcr ein Waschlappen!! Mich einfach so um meinen Triumph zu bringen! Mit stolz geschwelter Brust fuhr ich nun weiter N\u00fcrnberg entgegen. Leider gab es \u00e4hnliche Highlights nicht mehr, au\u00dfer das mir nach 140km mein Hintern vom ganzen Sitzen weh tat. Irgendwann hatte dann die Tortur auch nach 160km ein Ende und ich konnte nach meiner bisher l\u00e4ngsten Trainingstour endlich vom Rad absteigen. Was f\u00fcr ein sch\u00f6ner Tag\u2026<\/p>\n<p>Wie war euer Wochenende??<\/p>\n<p>F\u00fcr die n\u00e4chsten Tage ist geiles Wetter gemeldet, da kann man noch mal flei\u00dfig Kilometer sammeln! In diesem Sinne\u2026<\/p>\n<p>krelli<\/p><\/div>\n","protected":false},"excerpt":{"rendered":"<p>OLYMPIASIEG!!!!!!!! Hey Leute, heute fr\u00fch war ich noch halb verschlafen am Fehrnseher und konnte meinen Augen kaum glauben. Jan Frodeno [&hellip;]<\/p>\n","protected":false},"author":2,"featured_media":0,"comment_status":"open","ping_status":"open","sticky":false,"template":"","format":"standard","meta":{"footnotes":""},"categories":[1220],"tags":[],"class_list":["post-1034","post","type-post","status-publish","format-standard","hentry","category-privates"],"yoast_head":"<!-- This site is optimized with the Yoast SEO plugin v19.8 - https:\/\/yoast.com\/wordpress\/plugins\/seo\/ -->\n<title>OLYMPIASIEG!!! und lockere Radtour... :) - Michael Krell Triathlon Coaching<\/title>\n<meta name=\"robots\" content=\"index, follow, max-snippet:-1, max-image-preview:large, max-video-preview:-1\" \/>\n<link rel=\"canonical\" href=\"https:\/\/www.michael-krell.com\/de\/olympiasieg-und-lockere-radtour\/\" \/>\n<meta property=\"og:locale\" content=\"de_DE\" \/>\n<meta property=\"og:type\" content=\"article\" \/>\n<meta property=\"og:title\" content=\"OLYMPIASIEG!!! und lockere Radtour... :) - Michael Krell Triathlon Coaching\" \/>\n<meta property=\"og:description\" content=\"OLYMPIASIEG!!!!!!!! Hey Leute, heute fr\u00fch war ich noch halb verschlafen am Fehrnseher und konnte meinen Augen kaum glauben. Jan Frodeno [&hellip;]\" \/>\n<meta property=\"og:url\" content=\"https:\/\/www.michael-krell.com\/de\/olympiasieg-und-lockere-radtour\/\" \/>\n<meta property=\"og:site_name\" content=\"Michael Krell Triathlon Coaching\" \/>\n<meta property=\"article:published_time\" content=\"2008-08-18T16:55:00+00:00\" \/>\n<meta property=\"article:modified_time\" content=\"2017-04-18T11:05:12+00:00\" \/>\n<meta property=\"og:image\" content=\"http:\/\/2.bp.blogspot.com\/_0j3c4ndfFAY\/SKpXFBk57rI\/AAAAAAAAAGo\/m9Zf60K0zHo\/s400\/Z%C3%BCrich+2008+149.jpg\" \/>\n<meta name=\"author\" content=\"Michael Krell\" \/>\n<meta name=\"twitter:card\" content=\"summary_large_image\" \/>\n<meta name=\"twitter:label1\" content=\"Verfasst von\" \/>\n\t<meta name=\"twitter:data1\" content=\"Michael Krell\" \/>\n\t<meta name=\"twitter:label2\" content=\"Gesch\u00e4tzte Lesezeit\" \/>\n\t<meta name=\"twitter:data2\" content=\"3\u00a0Minuten\" \/>\n<script type=\"application\/ld+json\" class=\"yoast-schema-graph\">{\"@context\":\"https:\/\/schema.org\",\"@graph\":[{\"@type\":\"WebPage\",\"@id\":\"https:\/\/www.michael-krell.com\/de\/olympiasieg-und-lockere-radtour\/\",\"url\":\"https:\/\/www.michael-krell.com\/de\/olympiasieg-und-lockere-radtour\/\",\"name\":\"OLYMPIASIEG!!! und lockere Radtour... :) - Michael Krell Triathlon Coaching\",\"isPartOf\":{\"@id\":\"https:\/\/www.michael-krell.com\/en\/#website\"},\"datePublished\":\"2008-08-18T16:55:00+00:00\",\"dateModified\":\"2017-04-18T11:05:12+00:00\",\"author\":{\"@id\":\"https:\/\/www.michael-krell.com\/en\/#\/schema\/person\/17d0c03cb1e15db7305e41b6170a4237\"},\"breadcrumb\":{\"@id\":\"https:\/\/www.michael-krell.com\/de\/olympiasieg-und-lockere-radtour\/#breadcrumb\"},\"inLanguage\":\"de\",\"potentialAction\":[{\"@type\":\"ReadAction\",\"target\":[\"https:\/\/www.michael-krell.com\/de\/olympiasieg-und-lockere-radtour\/\"]}]},{\"@type\":\"BreadcrumbList\",\"@id\":\"https:\/\/www.michael-krell.com\/de\/olympiasieg-und-lockere-radtour\/#breadcrumb\",\"itemListElement\":[{\"@type\":\"ListItem\",\"position\":1,\"name\":\"Startseite\",\"item\":\"https:\/\/www.michael-krell.com\/en\/\"},{\"@type\":\"ListItem\",\"position\":2,\"name\":\"OLYMPIASIEG!!! und lockere Radtour&#8230; :)\"}]},{\"@type\":\"WebSite\",\"@id\":\"https:\/\/www.michael-krell.com\/en\/#website\",\"url\":\"https:\/\/www.michael-krell.com\/en\/\",\"name\":\"Michael Krell Triathlon Coaching\",\"description\":\"\",\"potentialAction\":[{\"@type\":\"SearchAction\",\"target\":{\"@type\":\"EntryPoint\",\"urlTemplate\":\"https:\/\/www.michael-krell.com\/en\/?s={search_term_string}\"},\"query-input\":\"required name=search_term_string\"}],\"inLanguage\":\"de\"},{\"@type\":\"Person\",\"@id\":\"https:\/\/www.michael-krell.com\/en\/#\/schema\/person\/17d0c03cb1e15db7305e41b6170a4237\",\"name\":\"Michael Krell\",\"image\":{\"@type\":\"ImageObject\",\"inLanguage\":\"de\",\"@id\":\"https:\/\/www.michael-krell.com\/en\/#\/schema\/person\/image\/\",\"url\":\"https:\/\/secure.gravatar.com\/avatar\/33e39b9fbaf6777afb9b8559d921c4d22f4fd87cba8562434fa169fa71aeb1b3?s=96&d=mm&r=g\",\"contentUrl\":\"https:\/\/secure.gravatar.com\/avatar\/33e39b9fbaf6777afb9b8559d921c4d22f4fd87cba8562434fa169fa71aeb1b3?s=96&d=mm&r=g\",\"caption\":\"Michael Krell\"},\"url\":\"https:\/\/www.michael-krell.com\/de\/author\/krelli\/\"}]}<\/script>\n<!-- \/ Yoast SEO plugin. -->","yoast_head_json":{"title":"OLYMPIASIEG!!! und lockere Radtour... :) - Michael Krell Triathlon Coaching","robots":{"index":"index","follow":"follow","max-snippet":"max-snippet:-1","max-image-preview":"max-image-preview:large","max-video-preview":"max-video-preview:-1"},"canonical":"https:\/\/www.michael-krell.com\/de\/olympiasieg-und-lockere-radtour\/","og_locale":"de_DE","og_type":"article","og_title":"OLYMPIASIEG!!! und lockere Radtour... :) - Michael Krell Triathlon Coaching","og_description":"OLYMPIASIEG!!!!!!!! Hey Leute, heute fr\u00fch war ich noch halb verschlafen am Fehrnseher und konnte meinen Augen kaum glauben. Jan Frodeno [&hellip;]","og_url":"https:\/\/www.michael-krell.com\/de\/olympiasieg-und-lockere-radtour\/","og_site_name":"Michael Krell Triathlon Coaching","article_published_time":"2008-08-18T16:55:00+00:00","article_modified_time":"2017-04-18T11:05:12+00:00","og_image":[{"url":"http:\/\/2.bp.blogspot.com\/_0j3c4ndfFAY\/SKpXFBk57rI\/AAAAAAAAAGo\/m9Zf60K0zHo\/s400\/Z%C3%BCrich+2008+149.jpg"}],"author":"Michael Krell","twitter_card":"summary_large_image","twitter_misc":{"Verfasst von":"Michael Krell","Gesch\u00e4tzte Lesezeit":"3\u00a0Minuten"},"schema":{"@context":"https:\/\/schema.org","@graph":[{"@type":"WebPage","@id":"https:\/\/www.michael-krell.com\/de\/olympiasieg-und-lockere-radtour\/","url":"https:\/\/www.michael-krell.com\/de\/olympiasieg-und-lockere-radtour\/","name":"OLYMPIASIEG!!! und lockere Radtour... :) - Michael Krell Triathlon Coaching","isPartOf":{"@id":"https:\/\/www.michael-krell.com\/en\/#website"},"datePublished":"2008-08-18T16:55:00+00:00","dateModified":"2017-04-18T11:05:12+00:00","author":{"@id":"https:\/\/www.michael-krell.com\/en\/#\/schema\/person\/17d0c03cb1e15db7305e41b6170a4237"},"breadcrumb":{"@id":"https:\/\/www.michael-krell.com\/de\/olympiasieg-und-lockere-radtour\/#breadcrumb"},"inLanguage":"de","potentialAction":[{"@type":"ReadAction","target":["https:\/\/www.michael-krell.com\/de\/olympiasieg-und-lockere-radtour\/"]}]},{"@type":"BreadcrumbList","@id":"https:\/\/www.michael-krell.com\/de\/olympiasieg-und-lockere-radtour\/#breadcrumb","itemListElement":[{"@type":"ListItem","position":1,"name":"Startseite","item":"https:\/\/www.michael-krell.com\/en\/"},{"@type":"ListItem","position":2,"name":"OLYMPIASIEG!!! und lockere Radtour&#8230; :)"}]},{"@type":"WebSite","@id":"https:\/\/www.michael-krell.com\/en\/#website","url":"https:\/\/www.michael-krell.com\/en\/","name":"Michael Krell Triathlon Coaching","description":"","potentialAction":[{"@type":"SearchAction","target":{"@type":"EntryPoint","urlTemplate":"https:\/\/www.michael-krell.com\/en\/?s={search_term_string}"},"query-input":"required name=search_term_string"}],"inLanguage":"de"},{"@type":"Person","@id":"https:\/\/www.michael-krell.com\/en\/#\/schema\/person\/17d0c03cb1e15db7305e41b6170a4237","name":"Michael Krell","image":{"@type":"ImageObject","inLanguage":"de","@id":"https:\/\/www.michael-krell.com\/en\/#\/schema\/person\/image\/","url":"https:\/\/secure.gravatar.com\/avatar\/33e39b9fbaf6777afb9b8559d921c4d22f4fd87cba8562434fa169fa71aeb1b3?s=96&d=mm&r=g","contentUrl":"https:\/\/secure.gravatar.com\/avatar\/33e39b9fbaf6777afb9b8559d921c4d22f4fd87cba8562434fa169fa71aeb1b3?s=96&d=mm&r=g","caption":"Michael Krell"},"url":"https:\/\/www.michael-krell.com\/de\/author\/krelli\/"}]}},"_links":{"self":[{"href":"https:\/\/www.michael-krell.com\/de\/wp-json\/wp\/v2\/posts\/1034","targetHints":{"allow":["GET"]}}],"collection":[{"href":"https:\/\/www.michael-krell.com\/de\/wp-json\/wp\/v2\/posts"}],"about":[{"href":"https:\/\/www.michael-krell.com\/de\/wp-json\/wp\/v2\/types\/post"}],"author":[{"embeddable":true,"href":"https:\/\/www.michael-krell.com\/de\/wp-json\/wp\/v2\/users\/2"}],"replies":[{"embeddable":true,"href":"https:\/\/www.michael-krell.com\/de\/wp-json\/wp\/v2\/comments?post=1034"}],"version-history":[{"count":1,"href":"https:\/\/www.michael-krell.com\/de\/wp-json\/wp\/v2\/posts\/1034\/revisions"}],"predecessor-version":[{"id":3603,"href":"https:\/\/www.michael-krell.com\/de\/wp-json\/wp\/v2\/posts\/1034\/revisions\/3603"}],"wp:attachment":[{"href":"https:\/\/www.michael-krell.com\/de\/wp-json\/wp\/v2\/media?parent=1034"}],"wp:term":[{"taxonomy":"category","embeddable":true,"href":"https:\/\/www.michael-krell.com\/de\/wp-json\/wp\/v2\/categories?post=1034"},{"taxonomy":"post_tag","embeddable":true,"href":"https:\/\/www.michael-krell.com\/de\/wp-json\/wp\/v2\/tags?post=1034"}],"curies":[{"name":"wp","href":"https:\/\/api.w.org\/{rel}","templated":true}]}}