{"id":1036,"date":"2008-08-11T18:58:00","date_gmt":"2008-08-11T16:58:00","guid":{"rendered":"http:\/\/www.michael-krell.com\/?p=1036"},"modified":"2017-04-18T13:06:23","modified_gmt":"2017-04-18T11:06:23","slug":"den-spass-an-der-sache","status":"publish","type":"post","link":"https:\/\/www.michael-krell.com\/de\/den-spass-an-der-sache\/","title":{"rendered":"&#8230;den Spa\u00df an der Sache"},"content":{"rendered":"<p><a href=\"http:\/\/4.bp.blogspot.com\/_0j3c4ndfFAY\/SKBTxpffy_I\/AAAAAAAAAGA\/hYQdNH4vgU8\/s1600-h\/1574381243_a3d2e3ae44.jpg\"><img decoding=\"async\" id=\"BLOGGER_PHOTO_ID_5233274879421172722\" style=\"display: block; margin: 0px auto 10px; text-align: center;\" src=\"http:\/\/4.bp.blogspot.com\/_0j3c4ndfFAY\/SKBTxpffy_I\/AAAAAAAAAGA\/hYQdNH4vgU8\/s400\/1574381243_a3d2e3ae44.jpg\" alt=\"\" border=\"0\" \/><\/a> Am Sonntag war ich mit Julia meine Freunde beim Erlanger Triathlon anfeuern. W\u00e4hrend es f\u00fcr mich ganz entspannt war, so war es doch heftiger f\u00fcr die dortigen Teilnehmer. Das Event an sich war super organisiert und hat echt Laune gemacht beim Zuschauen. Auf der Kurzstrecke waren Robert und Thorsten gut dabei und belegten einen spitzen 6. und 4. Platz in der Gesamtwertung! Meinen alten Vereinskollegen aus Bamberg und einigen andere N\u00fcrnbergern, die allesamt auf der Mitteldistanz starteten, erging es h\u00e4ufig jedoch schlechter. Allen voran mein Kumpel Moritz, der heftig von starken Kr\u00e4mpfen geplagt wurde und letztendlich einfach umkippte und ohne Hilfe der beistehenden freiwilligen Helfer gar nicht mehr aufstehen konnte! Derma\u00dfen bedient, schloss er mit sich und der Welt an diesem Tag ab und gab das Rennen auf.<\/p>\n<p>Irgendwas war m\u00e4chtig schief gelaufen. Er war top vorbereitet und bis dahin sehr gut unterwegs, aber irgendwie sollte es an dem gestrigen Tag nicht sein. Doppelt \u00e4rgerlich, weil es doch seinen finalen Saisonh\u00f6hepunkt darstellen sollte, und er sich nicht zu unrecht im Vorfeld viel ausgerechnet hat. So \u00e4hnlich erging es mir im Fr\u00fchjahr als ich beim IM S\u00fcdafrika bei km 15 v\u00f6llig entkr\u00e4ftet aus dem Rennen ging. Nichsdestotrotz ging es weiter und vielleicht war es sogar ganz gut auch einmal das &#8222;Bittere&#8220; zu schmecken, ohne das man das &#8222;S\u00fc\u00dfe&#8220; nicht zu sch\u00e4tzen wei\u00df.<\/p>\n<p>Durch den eigentlichen Spa\u00df an der Sache, am trainieren und am vorbereiten, habe ich schnell wieder zur\u00fcck gefunden und konnte die Entt\u00e4uschung abhaken. Damals habe ich akzeptiert das es nicht geklappt hat und war dementsprechend hei\u00df beim n\u00e4chsten Mal als ich auf der Startlinie stand. Hey, wir sind ja immer noch Hobbysportler und wenn das Ganze keine Laune mehr macht, dann sollte man sich echt mal fragen, ob man das Richtige macht? Einige Leute sehen den ganzen Sport derma\u00dfen verbissen, das man meint sie wollen demn\u00e4chst Weltmeister\/In werden. Nach meiner Erfahrung klappen auch die Wettk\u00e4mpfe besser wenn man da locker rangeht und nicht schon die Nacht vorher im Schlaf die ganze Zeit mit den Z\u00e4hnen knirscht. R\u00fcckschl\u00e4ge sind normal und passieren jedem, ich bin mir sicher das Moritz den verpatzten Wettkampf, obgleich er nicht mal was daf\u00fcr konnte, bald abhakt und n\u00e4chstes Jahr wieder angreift. Verschwendet ist im Endeffekt gar nichts, auch nicht mit einem schlechtem Saisonabschluss, denn das Training das wir bis dahin gemacht haben bleibt und bringt uns langfristig noch weiter voran&#8230;<\/p>\n<p>Apropos Spa\u00df, heute habe ich eine Studie gelesen in der es hei\u00dft das Leistungssportler\/Innen weniger Lust auf Sex haben! Ob das stimmt, dass versuche ich in meiner n\u00e4chsten Umfrage herauszufinden \ud83d\ude09 Ich meine, wir reden hier \u00fcber ein &#8222;bisschen Bewegung&#8220; jeden Tag, das m\u00fcsste doch eigentlich das Feuer ansch\u00fcren!!!<br \/>\nKommentare sind erw\u00fcnscht, auch von Betroffenen!!! \ud83d\ude42<\/p>\n<p>P.S: nochmal Gl\u00fcckwunsch auch an Markus, Sebastian, Thomas, Martin, Daniela, Christoph, Sabine, Susi, Denise und Michael!<\/p>\n<p>in dem Sinne&#8230;<br \/>\nhaut rein<\/p>\n<p>krelli<\/p>\n","protected":false},"excerpt":{"rendered":"<p>Am Sonntag war ich mit Julia meine Freunde beim Erlanger Triathlon anfeuern. W\u00e4hrend es f\u00fcr mich ganz entspannt war, so [&hellip;]<\/p>\n","protected":false},"author":2,"featured_media":0,"comment_status":"open","ping_status":"open","sticky":false,"template":"","format":"standard","meta":{"footnotes":""},"categories":[1220],"tags":[],"class_list":["post-1036","post","type-post","status-publish","format-standard","hentry","category-privates"],"yoast_head":"<!-- This site is optimized with the Yoast SEO plugin v19.8 - https:\/\/yoast.com\/wordpress\/plugins\/seo\/ -->\n<title>...den Spa\u00df an der Sache - Michael Krell Triathlon Coaching<\/title>\n<meta name=\"robots\" content=\"index, follow, max-snippet:-1, max-image-preview:large, max-video-preview:-1\" \/>\n<link rel=\"canonical\" href=\"https:\/\/www.michael-krell.com\/de\/den-spass-an-der-sache\/\" \/>\n<meta property=\"og:locale\" content=\"de_DE\" \/>\n<meta property=\"og:type\" content=\"article\" \/>\n<meta property=\"og:title\" content=\"...den Spa\u00df an der Sache - Michael Krell Triathlon Coaching\" \/>\n<meta property=\"og:description\" content=\"Am Sonntag war ich mit Julia meine Freunde beim Erlanger Triathlon anfeuern. W\u00e4hrend es f\u00fcr mich ganz entspannt war, so [&hellip;]\" \/>\n<meta property=\"og:url\" content=\"https:\/\/www.michael-krell.com\/de\/den-spass-an-der-sache\/\" \/>\n<meta property=\"og:site_name\" content=\"Michael Krell Triathlon Coaching\" \/>\n<meta property=\"article:published_time\" content=\"2008-08-11T16:58:00+00:00\" \/>\n<meta property=\"article:modified_time\" content=\"2017-04-18T11:06:23+00:00\" \/>\n<meta property=\"og:image\" content=\"http:\/\/4.bp.blogspot.com\/_0j3c4ndfFAY\/SKBTxpffy_I\/AAAAAAAAAGA\/hYQdNH4vgU8\/s400\/1574381243_a3d2e3ae44.jpg\" \/>\n<meta name=\"author\" content=\"Michael Krell\" \/>\n<meta name=\"twitter:card\" content=\"summary_large_image\" \/>\n<meta name=\"twitter:label1\" content=\"Verfasst von\" \/>\n\t<meta name=\"twitter:data1\" content=\"Michael Krell\" \/>\n\t<meta name=\"twitter:label2\" content=\"Gesch\u00e4tzte Lesezeit\" \/>\n\t<meta name=\"twitter:data2\" content=\"3\u00a0Minuten\" \/>\n<script type=\"application\/ld+json\" class=\"yoast-schema-graph\">{\"@context\":\"https:\/\/schema.org\",\"@graph\":[{\"@type\":\"WebPage\",\"@id\":\"https:\/\/www.michael-krell.com\/de\/den-spass-an-der-sache\/\",\"url\":\"https:\/\/www.michael-krell.com\/de\/den-spass-an-der-sache\/\",\"name\":\"...den Spa\u00df an der Sache - Michael Krell Triathlon Coaching\",\"isPartOf\":{\"@id\":\"https:\/\/www.michael-krell.com\/en\/#website\"},\"datePublished\":\"2008-08-11T16:58:00+00:00\",\"dateModified\":\"2017-04-18T11:06:23+00:00\",\"author\":{\"@id\":\"https:\/\/www.michael-krell.com\/en\/#\/schema\/person\/17d0c03cb1e15db7305e41b6170a4237\"},\"breadcrumb\":{\"@id\":\"https:\/\/www.michael-krell.com\/de\/den-spass-an-der-sache\/#breadcrumb\"},\"inLanguage\":\"de\",\"potentialAction\":[{\"@type\":\"ReadAction\",\"target\":[\"https:\/\/www.michael-krell.com\/de\/den-spass-an-der-sache\/\"]}]},{\"@type\":\"BreadcrumbList\",\"@id\":\"https:\/\/www.michael-krell.com\/de\/den-spass-an-der-sache\/#breadcrumb\",\"itemListElement\":[{\"@type\":\"ListItem\",\"position\":1,\"name\":\"Startseite\",\"item\":\"https:\/\/www.michael-krell.com\/en\/\"},{\"@type\":\"ListItem\",\"position\":2,\"name\":\"&#8230;den Spa\u00df an der Sache\"}]},{\"@type\":\"WebSite\",\"@id\":\"https:\/\/www.michael-krell.com\/en\/#website\",\"url\":\"https:\/\/www.michael-krell.com\/en\/\",\"name\":\"Michael Krell Triathlon Coaching\",\"description\":\"\",\"potentialAction\":[{\"@type\":\"SearchAction\",\"target\":{\"@type\":\"EntryPoint\",\"urlTemplate\":\"https:\/\/www.michael-krell.com\/en\/?s={search_term_string}\"},\"query-input\":\"required name=search_term_string\"}],\"inLanguage\":\"de\"},{\"@type\":\"Person\",\"@id\":\"https:\/\/www.michael-krell.com\/en\/#\/schema\/person\/17d0c03cb1e15db7305e41b6170a4237\",\"name\":\"Michael Krell\",\"image\":{\"@type\":\"ImageObject\",\"inLanguage\":\"de\",\"@id\":\"https:\/\/www.michael-krell.com\/en\/#\/schema\/person\/image\/\",\"url\":\"https:\/\/secure.gravatar.com\/avatar\/33e39b9fbaf6777afb9b8559d921c4d22f4fd87cba8562434fa169fa71aeb1b3?s=96&d=mm&r=g\",\"contentUrl\":\"https:\/\/secure.gravatar.com\/avatar\/33e39b9fbaf6777afb9b8559d921c4d22f4fd87cba8562434fa169fa71aeb1b3?s=96&d=mm&r=g\",\"caption\":\"Michael Krell\"},\"url\":\"https:\/\/www.michael-krell.com\/de\/author\/krelli\/\"}]}<\/script>\n<!-- \/ Yoast SEO plugin. -->","yoast_head_json":{"title":"...den Spa\u00df an der Sache - Michael Krell Triathlon Coaching","robots":{"index":"index","follow":"follow","max-snippet":"max-snippet:-1","max-image-preview":"max-image-preview:large","max-video-preview":"max-video-preview:-1"},"canonical":"https:\/\/www.michael-krell.com\/de\/den-spass-an-der-sache\/","og_locale":"de_DE","og_type":"article","og_title":"...den Spa\u00df an der Sache - Michael Krell Triathlon Coaching","og_description":"Am Sonntag war ich mit Julia meine Freunde beim Erlanger Triathlon anfeuern. W\u00e4hrend es f\u00fcr mich ganz entspannt war, so [&hellip;]","og_url":"https:\/\/www.michael-krell.com\/de\/den-spass-an-der-sache\/","og_site_name":"Michael Krell Triathlon Coaching","article_published_time":"2008-08-11T16:58:00+00:00","article_modified_time":"2017-04-18T11:06:23+00:00","og_image":[{"url":"http:\/\/4.bp.blogspot.com\/_0j3c4ndfFAY\/SKBTxpffy_I\/AAAAAAAAAGA\/hYQdNH4vgU8\/s400\/1574381243_a3d2e3ae44.jpg"}],"author":"Michael Krell","twitter_card":"summary_large_image","twitter_misc":{"Verfasst von":"Michael Krell","Gesch\u00e4tzte Lesezeit":"3\u00a0Minuten"},"schema":{"@context":"https:\/\/schema.org","@graph":[{"@type":"WebPage","@id":"https:\/\/www.michael-krell.com\/de\/den-spass-an-der-sache\/","url":"https:\/\/www.michael-krell.com\/de\/den-spass-an-der-sache\/","name":"...den Spa\u00df an der Sache - Michael Krell Triathlon Coaching","isPartOf":{"@id":"https:\/\/www.michael-krell.com\/en\/#website"},"datePublished":"2008-08-11T16:58:00+00:00","dateModified":"2017-04-18T11:06:23+00:00","author":{"@id":"https:\/\/www.michael-krell.com\/en\/#\/schema\/person\/17d0c03cb1e15db7305e41b6170a4237"},"breadcrumb":{"@id":"https:\/\/www.michael-krell.com\/de\/den-spass-an-der-sache\/#breadcrumb"},"inLanguage":"de","potentialAction":[{"@type":"ReadAction","target":["https:\/\/www.michael-krell.com\/de\/den-spass-an-der-sache\/"]}]},{"@type":"BreadcrumbList","@id":"https:\/\/www.michael-krell.com\/de\/den-spass-an-der-sache\/#breadcrumb","itemListElement":[{"@type":"ListItem","position":1,"name":"Startseite","item":"https:\/\/www.michael-krell.com\/en\/"},{"@type":"ListItem","position":2,"name":"&#8230;den Spa\u00df an der Sache"}]},{"@type":"WebSite","@id":"https:\/\/www.michael-krell.com\/en\/#website","url":"https:\/\/www.michael-krell.com\/en\/","name":"Michael Krell Triathlon Coaching","description":"","potentialAction":[{"@type":"SearchAction","target":{"@type":"EntryPoint","urlTemplate":"https:\/\/www.michael-krell.com\/en\/?s={search_term_string}"},"query-input":"required name=search_term_string"}],"inLanguage":"de"},{"@type":"Person","@id":"https:\/\/www.michael-krell.com\/en\/#\/schema\/person\/17d0c03cb1e15db7305e41b6170a4237","name":"Michael Krell","image":{"@type":"ImageObject","inLanguage":"de","@id":"https:\/\/www.michael-krell.com\/en\/#\/schema\/person\/image\/","url":"https:\/\/secure.gravatar.com\/avatar\/33e39b9fbaf6777afb9b8559d921c4d22f4fd87cba8562434fa169fa71aeb1b3?s=96&d=mm&r=g","contentUrl":"https:\/\/secure.gravatar.com\/avatar\/33e39b9fbaf6777afb9b8559d921c4d22f4fd87cba8562434fa169fa71aeb1b3?s=96&d=mm&r=g","caption":"Michael Krell"},"url":"https:\/\/www.michael-krell.com\/de\/author\/krelli\/"}]}},"_links":{"self":[{"href":"https:\/\/www.michael-krell.com\/de\/wp-json\/wp\/v2\/posts\/1036","targetHints":{"allow":["GET"]}}],"collection":[{"href":"https:\/\/www.michael-krell.com\/de\/wp-json\/wp\/v2\/posts"}],"about":[{"href":"https:\/\/www.michael-krell.com\/de\/wp-json\/wp\/v2\/types\/post"}],"author":[{"embeddable":true,"href":"https:\/\/www.michael-krell.com\/de\/wp-json\/wp\/v2\/users\/2"}],"replies":[{"embeddable":true,"href":"https:\/\/www.michael-krell.com\/de\/wp-json\/wp\/v2\/comments?post=1036"}],"version-history":[{"count":1,"href":"https:\/\/www.michael-krell.com\/de\/wp-json\/wp\/v2\/posts\/1036\/revisions"}],"predecessor-version":[{"id":3606,"href":"https:\/\/www.michael-krell.com\/de\/wp-json\/wp\/v2\/posts\/1036\/revisions\/3606"}],"wp:attachment":[{"href":"https:\/\/www.michael-krell.com\/de\/wp-json\/wp\/v2\/media?parent=1036"}],"wp:term":[{"taxonomy":"category","embeddable":true,"href":"https:\/\/www.michael-krell.com\/de\/wp-json\/wp\/v2\/categories?post=1036"},{"taxonomy":"post_tag","embeddable":true,"href":"https:\/\/www.michael-krell.com\/de\/wp-json\/wp\/v2\/tags?post=1036"}],"curies":[{"name":"wp","href":"https:\/\/api.w.org\/{rel}","templated":true}]}}