{"id":1040,"date":"2008-07-26T17:12:00","date_gmt":"2008-07-26T15:12:00","guid":{"rendered":"http:\/\/www.michael-krell.com\/?p=1040"},"modified":"2017-04-18T13:08:05","modified_gmt":"2017-04-18T11:08:05","slug":"wettkampfberichte-from-the-other-side","status":"publish","type":"post","link":"https:\/\/www.michael-krell.com\/de\/wettkampfberichte-from-the-other-side\/","title":{"rendered":"Wettkampfberichte!! from the other side"},"content":{"rendered":"<p>In meiner neuen Reihe von Wettkampfberichten von Kumpels &amp; Trainingspartnern, macht<br \/>\nMoritz und Markus heute den Anfang. Hier ein Bericht vom letzten Vorbereitungsrennen in Hof!<\/p>\n<p>Hof-Triathlon 2008-07-27 (Markus Bachmeier, Moritz Hartmann- wird ein wenig l\u00e4nger)<\/p>\n<p>Wo ist Hof?<\/p>\n<p>Markus und Ich machten uns am fr\u00fchen Sonntagmorgen auf den Weg um am Triathlon in Hof teilzunehmen. Wir hatten die Olympische Distanz als letzte harte Trainingseinheit vor Erlangen in unser Programm mit aufgenommen.<br \/>\nDoch wie sich morgens dann herausstellte wusste, weder Ich noch Markus, wo Hof den eigentlich ist. Wenn sich einer auf den anderen verl\u00e4sst.<br \/>\nKeinen Stress, wir fahren an die Tanke und schauen auf einer Karte nach. Markus hatte Hof mehr so in die Richtung N\u00fcrnberg und Roth eingeordnet, w\u00e4hrend ich Bayreuth als Fixpunkt in betracht zog.<br \/>\nDurch tatkr\u00e4ftige Hilfe der Tankw\u00e4rtin gelang es uns Hof zu fixieren.<br \/>\nAb ins Auto und auf die Autobahn. Bei Bayreuth zogen wir dann an einen Passat mit Rad im Auto vorbei. Locker, ein Triathlet, dem fahren wir jetzt hinterher. Dieser vermeintliche Triathlet stellte sich dann an einer Rastst\u00e4tte allerdings als Rolli heraus, der auf dem Weg zu einem Wettkampf in Rostock war. Na gut, Hof ist ja keine Weltstadt! Und in Hof verarschte uns das n\u00e4chste Auto mit Fahrr\u00e4dern nicht mehr. (So viel gelacht habe ich selten vor einem Triathlon)<br \/>\nNach dem einchecken scherzten wir noch ein wenig weiter. Ich lieh noch jemanden meinen zweiten Helm, der war vielleicht gl\u00fccklich, bevor dann um 11:15 Uhr der Startschuss fiel.<br \/>\nNach dem \u00fcblichen Gew\u00fchl auf den ersten 400 Metren mit einigen Brusteinlagen begann ich so langsam meinen Stiefel herunter zu schwimmen. In knapp 23 Minuten stieg ich aus dem wundersch\u00f6nen See. Markus folgte mir 2 Minuten sp\u00e4ter.<br \/>\nNachdem ich in Toms Fahrradschuhe gestiegen war und sein bike mir geschnappt hatte (bei meinem ist Samstag die Sattelst\u00fctze gebrochen), ging es auf die doch sehr wellige Strecke.<br \/>\nDoch schon nach 1:09 sollte ich mein Fahrrad wieder abstellen d\u00fcrfen. Markus lies auch nicht locker und brauchte 1:10.<br \/>\nDie Laufstrecke erwies sich ebenfalls als sehr unrhythmisch und hatte einen brutalen Anstieg nach 3,5 und 8,5 km. Markus \u00fcbte sich kurzeitig im R\u00fcckw\u00e4rtslaufen, w\u00e4hrend ich mir dachte: \u201eda will doch einer noch eine ganz harte Trainingseinheit vor Erlangen\u201c!<br \/>\nDoch entsch\u00e4digten die tollen Zuschauer, es wahren laut Veranstalter 2000, f\u00fcr die Qualen auf der Laufstrecke. Dazu hatten die Organisatoren 3 Verpflegungsstationen aufgebaut, mit reichlich Schw\u00e4mmen und allem was sich ein L\u00e4ufer w\u00fcnscht. Auch war eine Dusche auf der Radstrecke und Laufstrecke von der Feuerwehr organisiert worden.<br \/>\nIch brachte die 10 km schlie\u00dflich in 42 Minuten hinter mich, w\u00e4hrend Markus doch lieber nicht ganz so lange r\u00fcckw\u00e4rts gelaufen w\u00e4re und so 47 Minuten brauchte. Bei Betrachtung der Siegerzeiten von Jan Siebersen und Stefan Richter mussten wir feststellen, dass diese auch fast 40 Minuten brauchten und somit unser Ego wieder drei Stufen h\u00f6her kletterte. Die beste Laufzeit lief \u00fcbriges Manni von der Ifa in 37 nochwas.<br \/>\nInsgesamt blieb mir der 19 Platz in 2:15:10 vorbehalten und Markus erreichte auf Platz 59 in 2:23:26 das Ziel.<br \/>\nDoch muss man hier vermerken, dass ein Polizist ein paar Leute beim Radfahren in die Irre gef\u00fchrt hat und sich damit die wirkliche Platzierung nicht feststellen l\u00e4sst.<br \/>\nDas Buffet im Anschluss l\u00e4sst das Herz jeden Triathleten in die H\u00f6he springen und auch die Ent\u00e4uschten freuten sich \u00fcber Kuchen, Br\u00f6tchen etc.<\/p>\n<p>Insgesamt l\u00e4sst dieser Wettkampf keine W\u00fcnsche offen. 26 Jahre Erfahrung im veranstalten von Triathlons sp\u00fcrt man auf der ganzen Linie. Auch die Mitstarter waren an diesem Tag wohl besonders gut gelaunt und so konnte man auf der Rad- und Laufstrecke immer mal einen kleinen Plausch halten.<br \/>\nLeider haben weder Markus und ich die Verlosung gewonnen und k\u00f6nnen mit einem neuen Fahrrad gl\u00e4nzen, doch \u00fcberlegen wir uns Einspruch einzulegen, da die Siegerin vom Triathlonteam Hof kam und wir doch ein wenig skeptisch waren, ob das wohl mit rechten Dingen zugegangen ist;)<\/p>\n<p>In diesem Sinne \u201e Spa\u00df am Triathlon\u201c w\u00fcnschen Markus und Moritz<\/p>\n","protected":false},"excerpt":{"rendered":"<p>In meiner neuen Reihe von Wettkampfberichten von Kumpels &amp; Trainingspartnern, macht Moritz und Markus heute den Anfang. Hier ein Bericht [&hellip;]<\/p>\n","protected":false},"author":2,"featured_media":0,"comment_status":"open","ping_status":"open","sticky":false,"template":"","format":"standard","meta":{"footnotes":""},"categories":[1220],"tags":[],"class_list":["post-1040","post","type-post","status-publish","format-standard","hentry","category-privates"],"yoast_head":"<!-- This site is optimized with the Yoast SEO plugin v19.8 - https:\/\/yoast.com\/wordpress\/plugins\/seo\/ -->\n<title>Wettkampfberichte!! from the other side - Michael Krell Triathlon Coaching<\/title>\n<meta name=\"robots\" content=\"index, follow, max-snippet:-1, max-image-preview:large, max-video-preview:-1\" \/>\n<link rel=\"canonical\" href=\"https:\/\/www.michael-krell.com\/de\/wettkampfberichte-from-the-other-side\/\" \/>\n<meta property=\"og:locale\" content=\"de_DE\" \/>\n<meta property=\"og:type\" content=\"article\" \/>\n<meta property=\"og:title\" content=\"Wettkampfberichte!! from the other side - Michael Krell Triathlon Coaching\" \/>\n<meta property=\"og:description\" content=\"In meiner neuen Reihe von Wettkampfberichten von Kumpels &amp; Trainingspartnern, macht Moritz und Markus heute den Anfang. Hier ein Bericht [&hellip;]\" \/>\n<meta property=\"og:url\" content=\"https:\/\/www.michael-krell.com\/de\/wettkampfberichte-from-the-other-side\/\" \/>\n<meta property=\"og:site_name\" content=\"Michael Krell Triathlon Coaching\" \/>\n<meta property=\"article:published_time\" content=\"2008-07-26T15:12:00+00:00\" \/>\n<meta property=\"article:modified_time\" content=\"2017-04-18T11:08:05+00:00\" \/>\n<meta name=\"author\" content=\"Michael Krell\" \/>\n<meta name=\"twitter:card\" content=\"summary_large_image\" \/>\n<meta name=\"twitter:label1\" content=\"Verfasst von\" \/>\n\t<meta name=\"twitter:data1\" content=\"Michael Krell\" \/>\n\t<meta name=\"twitter:label2\" content=\"Gesch\u00e4tzte Lesezeit\" \/>\n\t<meta name=\"twitter:data2\" content=\"3\u00a0Minuten\" \/>\n<script type=\"application\/ld+json\" class=\"yoast-schema-graph\">{\"@context\":\"https:\/\/schema.org\",\"@graph\":[{\"@type\":\"WebPage\",\"@id\":\"https:\/\/www.michael-krell.com\/de\/wettkampfberichte-from-the-other-side\/\",\"url\":\"https:\/\/www.michael-krell.com\/de\/wettkampfberichte-from-the-other-side\/\",\"name\":\"Wettkampfberichte!! from the other side - Michael Krell Triathlon Coaching\",\"isPartOf\":{\"@id\":\"https:\/\/www.michael-krell.com\/en\/#website\"},\"datePublished\":\"2008-07-26T15:12:00+00:00\",\"dateModified\":\"2017-04-18T11:08:05+00:00\",\"author\":{\"@id\":\"https:\/\/www.michael-krell.com\/en\/#\/schema\/person\/17d0c03cb1e15db7305e41b6170a4237\"},\"breadcrumb\":{\"@id\":\"https:\/\/www.michael-krell.com\/de\/wettkampfberichte-from-the-other-side\/#breadcrumb\"},\"inLanguage\":\"de\",\"potentialAction\":[{\"@type\":\"ReadAction\",\"target\":[\"https:\/\/www.michael-krell.com\/de\/wettkampfberichte-from-the-other-side\/\"]}]},{\"@type\":\"BreadcrumbList\",\"@id\":\"https:\/\/www.michael-krell.com\/de\/wettkampfberichte-from-the-other-side\/#breadcrumb\",\"itemListElement\":[{\"@type\":\"ListItem\",\"position\":1,\"name\":\"Startseite\",\"item\":\"https:\/\/www.michael-krell.com\/en\/\"},{\"@type\":\"ListItem\",\"position\":2,\"name\":\"Wettkampfberichte!! from the other side\"}]},{\"@type\":\"WebSite\",\"@id\":\"https:\/\/www.michael-krell.com\/en\/#website\",\"url\":\"https:\/\/www.michael-krell.com\/en\/\",\"name\":\"Michael Krell Triathlon Coaching\",\"description\":\"\",\"potentialAction\":[{\"@type\":\"SearchAction\",\"target\":{\"@type\":\"EntryPoint\",\"urlTemplate\":\"https:\/\/www.michael-krell.com\/en\/?s={search_term_string}\"},\"query-input\":\"required name=search_term_string\"}],\"inLanguage\":\"de\"},{\"@type\":\"Person\",\"@id\":\"https:\/\/www.michael-krell.com\/en\/#\/schema\/person\/17d0c03cb1e15db7305e41b6170a4237\",\"name\":\"Michael Krell\",\"image\":{\"@type\":\"ImageObject\",\"inLanguage\":\"de\",\"@id\":\"https:\/\/www.michael-krell.com\/en\/#\/schema\/person\/image\/\",\"url\":\"https:\/\/secure.gravatar.com\/avatar\/33e39b9fbaf6777afb9b8559d921c4d22f4fd87cba8562434fa169fa71aeb1b3?s=96&d=mm&r=g\",\"contentUrl\":\"https:\/\/secure.gravatar.com\/avatar\/33e39b9fbaf6777afb9b8559d921c4d22f4fd87cba8562434fa169fa71aeb1b3?s=96&d=mm&r=g\",\"caption\":\"Michael Krell\"},\"url\":\"https:\/\/www.michael-krell.com\/de\/author\/krelli\/\"}]}<\/script>\n<!-- \/ Yoast SEO plugin. -->","yoast_head_json":{"title":"Wettkampfberichte!! from the other side - Michael Krell Triathlon Coaching","robots":{"index":"index","follow":"follow","max-snippet":"max-snippet:-1","max-image-preview":"max-image-preview:large","max-video-preview":"max-video-preview:-1"},"canonical":"https:\/\/www.michael-krell.com\/de\/wettkampfberichte-from-the-other-side\/","og_locale":"de_DE","og_type":"article","og_title":"Wettkampfberichte!! from the other side - Michael Krell Triathlon Coaching","og_description":"In meiner neuen Reihe von Wettkampfberichten von Kumpels &amp; Trainingspartnern, macht Moritz und Markus heute den Anfang. Hier ein Bericht [&hellip;]","og_url":"https:\/\/www.michael-krell.com\/de\/wettkampfberichte-from-the-other-side\/","og_site_name":"Michael Krell Triathlon Coaching","article_published_time":"2008-07-26T15:12:00+00:00","article_modified_time":"2017-04-18T11:08:05+00:00","author":"Michael Krell","twitter_card":"summary_large_image","twitter_misc":{"Verfasst von":"Michael Krell","Gesch\u00e4tzte Lesezeit":"3\u00a0Minuten"},"schema":{"@context":"https:\/\/schema.org","@graph":[{"@type":"WebPage","@id":"https:\/\/www.michael-krell.com\/de\/wettkampfberichte-from-the-other-side\/","url":"https:\/\/www.michael-krell.com\/de\/wettkampfberichte-from-the-other-side\/","name":"Wettkampfberichte!! from the other side - Michael Krell Triathlon Coaching","isPartOf":{"@id":"https:\/\/www.michael-krell.com\/en\/#website"},"datePublished":"2008-07-26T15:12:00+00:00","dateModified":"2017-04-18T11:08:05+00:00","author":{"@id":"https:\/\/www.michael-krell.com\/en\/#\/schema\/person\/17d0c03cb1e15db7305e41b6170a4237"},"breadcrumb":{"@id":"https:\/\/www.michael-krell.com\/de\/wettkampfberichte-from-the-other-side\/#breadcrumb"},"inLanguage":"de","potentialAction":[{"@type":"ReadAction","target":["https:\/\/www.michael-krell.com\/de\/wettkampfberichte-from-the-other-side\/"]}]},{"@type":"BreadcrumbList","@id":"https:\/\/www.michael-krell.com\/de\/wettkampfberichte-from-the-other-side\/#breadcrumb","itemListElement":[{"@type":"ListItem","position":1,"name":"Startseite","item":"https:\/\/www.michael-krell.com\/en\/"},{"@type":"ListItem","position":2,"name":"Wettkampfberichte!! from the other side"}]},{"@type":"WebSite","@id":"https:\/\/www.michael-krell.com\/en\/#website","url":"https:\/\/www.michael-krell.com\/en\/","name":"Michael Krell Triathlon Coaching","description":"","potentialAction":[{"@type":"SearchAction","target":{"@type":"EntryPoint","urlTemplate":"https:\/\/www.michael-krell.com\/en\/?s={search_term_string}"},"query-input":"required name=search_term_string"}],"inLanguage":"de"},{"@type":"Person","@id":"https:\/\/www.michael-krell.com\/en\/#\/schema\/person\/17d0c03cb1e15db7305e41b6170a4237","name":"Michael Krell","image":{"@type":"ImageObject","inLanguage":"de","@id":"https:\/\/www.michael-krell.com\/en\/#\/schema\/person\/image\/","url":"https:\/\/secure.gravatar.com\/avatar\/33e39b9fbaf6777afb9b8559d921c4d22f4fd87cba8562434fa169fa71aeb1b3?s=96&d=mm&r=g","contentUrl":"https:\/\/secure.gravatar.com\/avatar\/33e39b9fbaf6777afb9b8559d921c4d22f4fd87cba8562434fa169fa71aeb1b3?s=96&d=mm&r=g","caption":"Michael Krell"},"url":"https:\/\/www.michael-krell.com\/de\/author\/krelli\/"}]}},"_links":{"self":[{"href":"https:\/\/www.michael-krell.com\/de\/wp-json\/wp\/v2\/posts\/1040","targetHints":{"allow":["GET"]}}],"collection":[{"href":"https:\/\/www.michael-krell.com\/de\/wp-json\/wp\/v2\/posts"}],"about":[{"href":"https:\/\/www.michael-krell.com\/de\/wp-json\/wp\/v2\/types\/post"}],"author":[{"embeddable":true,"href":"https:\/\/www.michael-krell.com\/de\/wp-json\/wp\/v2\/users\/2"}],"replies":[{"embeddable":true,"href":"https:\/\/www.michael-krell.com\/de\/wp-json\/wp\/v2\/comments?post=1040"}],"version-history":[{"count":1,"href":"https:\/\/www.michael-krell.com\/de\/wp-json\/wp\/v2\/posts\/1040\/revisions"}],"predecessor-version":[{"id":3611,"href":"https:\/\/www.michael-krell.com\/de\/wp-json\/wp\/v2\/posts\/1040\/revisions\/3611"}],"wp:attachment":[{"href":"https:\/\/www.michael-krell.com\/de\/wp-json\/wp\/v2\/media?parent=1040"}],"wp:term":[{"taxonomy":"category","embeddable":true,"href":"https:\/\/www.michael-krell.com\/de\/wp-json\/wp\/v2\/categories?post=1040"},{"taxonomy":"post_tag","embeddable":true,"href":"https:\/\/www.michael-krell.com\/de\/wp-json\/wp\/v2\/tags?post=1040"}],"curies":[{"name":"wp","href":"https:\/\/api.w.org\/{rel}","templated":true}]}}