{"id":151,"date":"2014-06-09T22:54:00","date_gmt":"2014-06-09T20:54:00","guid":{"rendered":"http:\/\/www.michael-krell.com\/?p=151"},"modified":"2017-04-13T15:18:18","modified_gmt":"2017-04-13T13:18:18","slug":"training-letzte-woche-2","status":"publish","type":"post","link":"https:\/\/www.michael-krell.com\/de\/training-letzte-woche-2\/","title":{"rendered":"Training letzte Woche&#8230;"},"content":{"rendered":"<table style=\"margin-left: auto; margin-right: auto; text-align: center;\" cellspacing=\"0\" cellpadding=\"0\" align=\"center\">\n<tbody>\n<tr>\n<td style=\"text-align: center;\">\n<a style=\"margin-left: auto; margin-right: auto;\" href=\"http:\/\/www.michael-krell.com\/wp-content\/uploads\/2014\/06\/sunset.jpg\"><img loading=\"lazy\" decoding=\"async\" src=\"http:\/\/www.michael-krell.com\/wp-content\/uploads\/2014\/06\/sunset.jpg\" width=\"400\" height=\"225\" border=\"0\" \/><\/a><\/td>\n<\/tr>\n<tr>\n<td style=\"text-align: center;\">Sonntag abend, ausrollen mit meinem Bruder<\/td>\n<\/tr>\n<\/tbody>\n<\/table>\n<p>&#8230;lief ganz gut. Das Wetter l\u00e4dt ja auch gerade zu ein, z.B. zum Radfahren und Schwimmen. Laufen war manchmal etwas heftig, vor allem der lange Lauf am Sonntag mittag, da musste ich etwas raus nehmen aber ging letztendlich doch alles \u00fcber die B\u00fchne. Bei meinen Intervallen bin ich derzeit bei 12x 1000 zwischen 3:30 und 3:40, je nachdem ob ich bergauf oder bergab laufe auf meiner Teststrecke. Schwimmen werde ich jetzt in die fr\u00fch legen, weil abends doch die Qualit\u00e4t arg leidet, wenn man davor schon Radfahren und Laufen intus hat.<\/p>\n<div style=\"clear: both; text-align: center;\"><a style=\"margin-left: 1em; margin-right: 1em;\" href=\"http:\/\/www.michael-krell.com\/wp-content\/uploads\/2014\/06\/Training3.jpg\"><img loading=\"lazy\" decoding=\"async\" src=\"http:\/\/www.michael-krell.com\/wp-content\/uploads\/2014\/06\/Training3.jpg\" width=\"400\" height=\"205\" border=\"0\" \/><\/a><\/div>\n<p>Meine n\u00e4chsten Wettk\u00e4mpfe sind der Teamsprint in Lauingen am 21.6. und am darauffolgenden Tag die Mitteldistanz. Dank H\u00f6henluft schl\u00e4gt meine Di\u00e4t nun endlich an und die Fettverbrennung l\u00e4uft. Ein sch\u00f6ner Nebeneffekt von H\u00f6henluft im \u00dcbrigen, das Abnehmen geht leichter \ud83d\ude09 Der Nachteil vor lauter Training und Arbeit: ich schaffe es nicht zum Fris\u00f6r! Heute am Ruhetag wollte ich gehen, aber dann fiel mir ein dass ja Feiertag ist, mal schauen wann es jetzt klappt&#8230;<\/p>\n<div style=\"clear: both; text-align: center;\"><a style=\"margin-left: 1em; margin-right: 1em;\" href=\"http:\/\/www.michael-krell.com\/wp-content\/uploads\/2014\/06\/maneq.jpg\"><img loading=\"lazy\" decoding=\"async\" src=\"http:\/\/www.michael-krell.com\/wp-content\/uploads\/2014\/06\/maneq.jpg\" width=\"298\" height=\"400\" border=\"0\" \/><\/a><\/div>\n<p>haut rein &amp; guten Wochenstart!<br \/>\nkrelli<\/p>\n","protected":false},"excerpt":{"rendered":"<p>Sonntag abend, ausrollen mit meinem Bruder &#8230;lief ganz gut. Das Wetter l\u00e4dt ja auch gerade zu ein, z.B. zum Radfahren [&hellip;]<\/p>\n","protected":false},"author":2,"featured_media":1067,"comment_status":"open","ping_status":"open","sticky":false,"template":"","format":"standard","meta":{"footnotes":""},"categories":[1220],"tags":[],"class_list":["post-151","post","type-post","status-publish","format-standard","has-post-thumbnail","hentry","category-privates"],"yoast_head":"<!-- This site is optimized with the Yoast SEO plugin v19.8 - https:\/\/yoast.com\/wordpress\/plugins\/seo\/ -->\n<title>Training letzte Woche... - Michael Krell Triathlon Coaching<\/title>\n<meta name=\"robots\" content=\"index, follow, max-snippet:-1, max-image-preview:large, max-video-preview:-1\" \/>\n<link rel=\"canonical\" href=\"https:\/\/www.michael-krell.com\/de\/training-letzte-woche-2\/\" \/>\n<meta property=\"og:locale\" content=\"de_DE\" \/>\n<meta property=\"og:type\" content=\"article\" \/>\n<meta property=\"og:title\" content=\"Training letzte Woche... - Michael Krell Triathlon Coaching\" \/>\n<meta property=\"og:description\" content=\"Sonntag abend, ausrollen mit meinem Bruder &#8230;lief ganz gut. Das Wetter l\u00e4dt ja auch gerade zu ein, z.B. zum Radfahren [&hellip;]\" \/>\n<meta property=\"og:url\" content=\"https:\/\/www.michael-krell.com\/de\/training-letzte-woche-2\/\" \/>\n<meta property=\"og:site_name\" content=\"Michael Krell Triathlon Coaching\" \/>\n<meta property=\"article:published_time\" content=\"2014-06-09T20:54:00+00:00\" \/>\n<meta property=\"article:modified_time\" content=\"2017-04-13T13:18:18+00:00\" \/>\n<meta property=\"og:image\" content=\"https:\/\/www.michael-krell.com\/wp-content\/uploads\/2014\/06\/sunset.jpg\" \/>\n\t<meta property=\"og:image:width\" content=\"800\" \/>\n\t<meta property=\"og:image:height\" content=\"450\" \/>\n\t<meta property=\"og:image:type\" content=\"image\/jpeg\" \/>\n<meta name=\"author\" content=\"Michael Krell\" \/>\n<meta name=\"twitter:card\" content=\"summary_large_image\" \/>\n<meta name=\"twitter:label1\" content=\"Verfasst von\" \/>\n\t<meta name=\"twitter:data1\" content=\"Michael Krell\" \/>\n\t<meta name=\"twitter:label2\" content=\"Gesch\u00e4tzte Lesezeit\" \/>\n\t<meta name=\"twitter:data2\" content=\"1\u00a0Minute\" \/>\n<script type=\"application\/ld+json\" class=\"yoast-schema-graph\">{\"@context\":\"https:\/\/schema.org\",\"@graph\":[{\"@type\":\"WebPage\",\"@id\":\"https:\/\/www.michael-krell.com\/en\/training-letzte-woche-2\/\",\"url\":\"https:\/\/www.michael-krell.com\/en\/training-letzte-woche-2\/\",\"name\":\"Training letzte Woche... - Michael Krell Triathlon Coaching\",\"isPartOf\":{\"@id\":\"https:\/\/www.michael-krell.com\/en\/#website\"},\"datePublished\":\"2014-06-09T20:54:00+00:00\",\"dateModified\":\"2017-04-13T13:18:18+00:00\",\"author\":{\"@id\":\"https:\/\/www.michael-krell.com\/en\/#\/schema\/person\/17d0c03cb1e15db7305e41b6170a4237\"},\"breadcrumb\":{\"@id\":\"https:\/\/www.michael-krell.com\/en\/training-letzte-woche-2\/#breadcrumb\"},\"inLanguage\":\"de\",\"potentialAction\":[{\"@type\":\"ReadAction\",\"target\":[\"https:\/\/www.michael-krell.com\/en\/training-letzte-woche-2\/\"]}]},{\"@type\":\"BreadcrumbList\",\"@id\":\"https:\/\/www.michael-krell.com\/en\/training-letzte-woche-2\/#breadcrumb\",\"itemListElement\":[{\"@type\":\"ListItem\",\"position\":1,\"name\":\"Startseite\",\"item\":\"https:\/\/www.michael-krell.com\/en\/\"},{\"@type\":\"ListItem\",\"position\":2,\"name\":\"Training letzte Woche&#8230;\"}]},{\"@type\":\"WebSite\",\"@id\":\"https:\/\/www.michael-krell.com\/en\/#website\",\"url\":\"https:\/\/www.michael-krell.com\/en\/\",\"name\":\"Michael Krell Triathlon Coaching\",\"description\":\"\",\"potentialAction\":[{\"@type\":\"SearchAction\",\"target\":{\"@type\":\"EntryPoint\",\"urlTemplate\":\"https:\/\/www.michael-krell.com\/en\/?s={search_term_string}\"},\"query-input\":\"required name=search_term_string\"}],\"inLanguage\":\"de\"},{\"@type\":\"Person\",\"@id\":\"https:\/\/www.michael-krell.com\/en\/#\/schema\/person\/17d0c03cb1e15db7305e41b6170a4237\",\"name\":\"Michael Krell\",\"image\":{\"@type\":\"ImageObject\",\"inLanguage\":\"de\",\"@id\":\"https:\/\/www.michael-krell.com\/en\/#\/schema\/person\/image\/\",\"url\":\"https:\/\/secure.gravatar.com\/avatar\/33e39b9fbaf6777afb9b8559d921c4d22f4fd87cba8562434fa169fa71aeb1b3?s=96&d=mm&r=g\",\"contentUrl\":\"https:\/\/secure.gravatar.com\/avatar\/33e39b9fbaf6777afb9b8559d921c4d22f4fd87cba8562434fa169fa71aeb1b3?s=96&d=mm&r=g\",\"caption\":\"Michael Krell\"},\"url\":\"https:\/\/www.michael-krell.com\/de\/author\/krelli\/\"}]}<\/script>\n<!-- \/ Yoast SEO plugin. -->","yoast_head_json":{"title":"Training letzte Woche... - Michael Krell Triathlon Coaching","robots":{"index":"index","follow":"follow","max-snippet":"max-snippet:-1","max-image-preview":"max-image-preview:large","max-video-preview":"max-video-preview:-1"},"canonical":"https:\/\/www.michael-krell.com\/de\/training-letzte-woche-2\/","og_locale":"de_DE","og_type":"article","og_title":"Training letzte Woche... - Michael Krell Triathlon Coaching","og_description":"Sonntag abend, ausrollen mit meinem Bruder &#8230;lief ganz gut. Das Wetter l\u00e4dt ja auch gerade zu ein, z.B. zum Radfahren [&hellip;]","og_url":"https:\/\/www.michael-krell.com\/de\/training-letzte-woche-2\/","og_site_name":"Michael Krell Triathlon Coaching","article_published_time":"2014-06-09T20:54:00+00:00","article_modified_time":"2017-04-13T13:18:18+00:00","og_image":[{"width":800,"height":450,"url":"https:\/\/www.michael-krell.com\/wp-content\/uploads\/2014\/06\/sunset.jpg","type":"image\/jpeg"}],"author":"Michael Krell","twitter_card":"summary_large_image","twitter_misc":{"Verfasst von":"Michael Krell","Gesch\u00e4tzte Lesezeit":"1\u00a0Minute"},"schema":{"@context":"https:\/\/schema.org","@graph":[{"@type":"WebPage","@id":"https:\/\/www.michael-krell.com\/en\/training-letzte-woche-2\/","url":"https:\/\/www.michael-krell.com\/en\/training-letzte-woche-2\/","name":"Training letzte Woche... - Michael Krell Triathlon Coaching","isPartOf":{"@id":"https:\/\/www.michael-krell.com\/en\/#website"},"datePublished":"2014-06-09T20:54:00+00:00","dateModified":"2017-04-13T13:18:18+00:00","author":{"@id":"https:\/\/www.michael-krell.com\/en\/#\/schema\/person\/17d0c03cb1e15db7305e41b6170a4237"},"breadcrumb":{"@id":"https:\/\/www.michael-krell.com\/en\/training-letzte-woche-2\/#breadcrumb"},"inLanguage":"de","potentialAction":[{"@type":"ReadAction","target":["https:\/\/www.michael-krell.com\/en\/training-letzte-woche-2\/"]}]},{"@type":"BreadcrumbList","@id":"https:\/\/www.michael-krell.com\/en\/training-letzte-woche-2\/#breadcrumb","itemListElement":[{"@type":"ListItem","position":1,"name":"Startseite","item":"https:\/\/www.michael-krell.com\/en\/"},{"@type":"ListItem","position":2,"name":"Training letzte Woche&#8230;"}]},{"@type":"WebSite","@id":"https:\/\/www.michael-krell.com\/en\/#website","url":"https:\/\/www.michael-krell.com\/en\/","name":"Michael Krell Triathlon Coaching","description":"","potentialAction":[{"@type":"SearchAction","target":{"@type":"EntryPoint","urlTemplate":"https:\/\/www.michael-krell.com\/en\/?s={search_term_string}"},"query-input":"required name=search_term_string"}],"inLanguage":"de"},{"@type":"Person","@id":"https:\/\/www.michael-krell.com\/en\/#\/schema\/person\/17d0c03cb1e15db7305e41b6170a4237","name":"Michael Krell","image":{"@type":"ImageObject","inLanguage":"de","@id":"https:\/\/www.michael-krell.com\/en\/#\/schema\/person\/image\/","url":"https:\/\/secure.gravatar.com\/avatar\/33e39b9fbaf6777afb9b8559d921c4d22f4fd87cba8562434fa169fa71aeb1b3?s=96&d=mm&r=g","contentUrl":"https:\/\/secure.gravatar.com\/avatar\/33e39b9fbaf6777afb9b8559d921c4d22f4fd87cba8562434fa169fa71aeb1b3?s=96&d=mm&r=g","caption":"Michael Krell"},"url":"https:\/\/www.michael-krell.com\/de\/author\/krelli\/"}]}},"_links":{"self":[{"href":"https:\/\/www.michael-krell.com\/de\/wp-json\/wp\/v2\/posts\/151","targetHints":{"allow":["GET"]}}],"collection":[{"href":"https:\/\/www.michael-krell.com\/de\/wp-json\/wp\/v2\/posts"}],"about":[{"href":"https:\/\/www.michael-krell.com\/de\/wp-json\/wp\/v2\/types\/post"}],"author":[{"embeddable":true,"href":"https:\/\/www.michael-krell.com\/de\/wp-json\/wp\/v2\/users\/2"}],"replies":[{"embeddable":true,"href":"https:\/\/www.michael-krell.com\/de\/wp-json\/wp\/v2\/comments?post=151"}],"version-history":[{"count":1,"href":"https:\/\/www.michael-krell.com\/de\/wp-json\/wp\/v2\/posts\/151\/revisions"}],"predecessor-version":[{"id":3243,"href":"https:\/\/www.michael-krell.com\/de\/wp-json\/wp\/v2\/posts\/151\/revisions\/3243"}],"wp:featuredmedia":[{"embeddable":true,"href":"https:\/\/www.michael-krell.com\/de\/wp-json\/wp\/v2\/media\/1067"}],"wp:attachment":[{"href":"https:\/\/www.michael-krell.com\/de\/wp-json\/wp\/v2\/media?parent=151"}],"wp:term":[{"taxonomy":"category","embeddable":true,"href":"https:\/\/www.michael-krell.com\/de\/wp-json\/wp\/v2\/categories?post=151"},{"taxonomy":"post_tag","embeddable":true,"href":"https:\/\/www.michael-krell.com\/de\/wp-json\/wp\/v2\/tags?post=151"}],"curies":[{"name":"wp","href":"https:\/\/api.w.org\/{rel}","templated":true}]}}