{"id":152,"date":"2014-06-09T11:07:00","date_gmt":"2014-06-09T09:07:00","guid":{"rendered":"http:\/\/www.michael-krell.com\/?p=152"},"modified":"2017-04-13T15:18:44","modified_gmt":"2017-04-13T13:18:44","slug":"ankuendigung-stadttriathlon-forchheim-22-06","status":"publish","type":"post","link":"https:\/\/www.michael-krell.com\/de\/ankuendigung-stadttriathlon-forchheim-22-06\/","title":{"rendered":"Ank\u00fcndigung: Stadttriathlon Forchheim 22.06."},"content":{"rendered":"<p>&nbsp;<\/p>\n<div><span style=\"mso-fareast-font-family: 'Times New Roman';\">Liebe Triathlet(in)en,<\/p>\n<p>der Juni ist da, und das mit TOP Wetter, die Prognosen f\u00fcr die n\u00e4chsten Wochen schauen gut aus, bestes Triathlon Wetter!<\/p>\n<p>F\u00fcr alle die sich bisher noch nicht angemeldet haben gibt es <b>bis Mittwoch den 18. Juni<\/b> die Chance sich<b> <\/b>anzumelden, danach werden wir die<b>Anmeldung<\/b> schliessen.<br \/>\nDann besteht nur noch am Samstag den 21. Juni die M\u00f6glichkeit sich vor Ort nachzumelden.<\/p>\n<p>Als <b>Finisher Geschenke<\/b> haben wir dieses Jahr uns was besonders ausgedacht, nachdem sich bei einigen die Schubladen mit lauter Finisher Shirts f\u00fcllen haben wir dieses Mal eine sch\u00f6ne <b>Laufm\u00fctze<\/b> geordert. Die brauchen wir sicher nicht am Wettkampftag, aber der Herbst kommt sicher und dann seid ihr mit so einer M\u00fctze top ausgestattet. Zus\u00e4tzlich gibt es wieder einen <b>Wechselbeutel<\/b>und eine <b>Radflasche<\/b>. F\u00fcr die Gesamtsieger haben wir auch diesmal super Preise, z.B. eine mehrt\u00e4gige Reise nach Spanien mit Schmetterling Reisen oder hochpreisige Warengutscheine beim Globus Einkaufsmarkt. Wie schon das letzte Mal berichtet gibt es f\u00fcr alle teilnehmenden Athleten mit unserer Tombola die M\u00f6glichkeit weitere sch\u00f6ne Sachpreise zu gewinnen.<\/p>\n<p>Eine \u00c4nderung gibt es kurzfristig mit unserer Laustrecke, aufgrund einer anderen Veranstaltung in der Stadt werden wir den Kurs auf die Sportinsel legen, die Strecke findet ihr bereits im Internet unter<a href=\"http:\/\/www.stadttriathlon-forchheim.de\/index.php\/wettkampf\/streckenplaene\">Streckenpl\u00e4ne<\/a>, alles andere bleibt wie im Vorjahr.<\/p>\n<p>Sp\u00e4testens am Freitag den 20. Juni werde ich noch eine letzte Infomail an alle mit den letzten Informationen, den Einteilungen in die Startwellen usw. verschicken.<\/p>\n<p>Nun w\u00fcnsche ich uns allen weiter Sonnenschein f\u00fcr die n\u00e4chsten Tage und viel Spa\u00df beim Training.<br style=\"mso-special-character: line-break;\" \/><\/span><\/div>\n<pre><\/pre>\n<p>Mit sportlichen Gr\u00fc\u00dfen<\/p>\n<p>Stefan<\/p>\n<pre>Orgateam StadtTriathlon<\/pre>\n<pre>SSV Forchheim<\/pre>\n","protected":false},"excerpt":{"rendered":"<p>&nbsp; Liebe Triathlet(in)en, der Juni ist da, und das mit TOP Wetter, die Prognosen f\u00fcr die n\u00e4chsten Wochen schauen gut [&hellip;]<\/p>\n","protected":false},"author":2,"featured_media":0,"comment_status":"open","ping_status":"open","sticky":false,"template":"","format":"standard","meta":{"footnotes":""},"categories":[1219],"tags":[],"class_list":["post-152","post","type-post","status-publish","format-standard","hentry","category-coaching"],"yoast_head":"<!-- This site is optimized with the Yoast SEO plugin v19.8 - https:\/\/yoast.com\/wordpress\/plugins\/seo\/ -->\n<title>Ank\u00fcndigung: Stadttriathlon Forchheim 22.06. - Michael Krell Triathlon Coaching<\/title>\n<meta name=\"robots\" content=\"index, follow, max-snippet:-1, max-image-preview:large, max-video-preview:-1\" \/>\n<link rel=\"canonical\" href=\"https:\/\/www.michael-krell.com\/de\/ankuendigung-stadttriathlon-forchheim-22-06\/\" \/>\n<meta property=\"og:locale\" content=\"de_DE\" \/>\n<meta property=\"og:type\" content=\"article\" \/>\n<meta property=\"og:title\" content=\"Ank\u00fcndigung: Stadttriathlon Forchheim 22.06. - Michael Krell Triathlon Coaching\" \/>\n<meta property=\"og:description\" content=\"&nbsp; Liebe Triathlet(in)en, der Juni ist da, und das mit TOP Wetter, die Prognosen f\u00fcr die n\u00e4chsten Wochen schauen gut [&hellip;]\" \/>\n<meta property=\"og:url\" content=\"https:\/\/www.michael-krell.com\/de\/ankuendigung-stadttriathlon-forchheim-22-06\/\" \/>\n<meta property=\"og:site_name\" content=\"Michael Krell Triathlon Coaching\" \/>\n<meta property=\"article:published_time\" content=\"2014-06-09T09:07:00+00:00\" \/>\n<meta property=\"article:modified_time\" content=\"2017-04-13T13:18:44+00:00\" \/>\n<meta name=\"author\" content=\"Michael Krell\" \/>\n<meta name=\"twitter:card\" content=\"summary_large_image\" \/>\n<meta name=\"twitter:label1\" content=\"Verfasst von\" \/>\n\t<meta name=\"twitter:data1\" content=\"Michael Krell\" \/>\n\t<meta name=\"twitter:label2\" content=\"Gesch\u00e4tzte Lesezeit\" \/>\n\t<meta name=\"twitter:data2\" content=\"1\u00a0Minute\" \/>\n<script type=\"application\/ld+json\" class=\"yoast-schema-graph\">{\"@context\":\"https:\/\/schema.org\",\"@graph\":[{\"@type\":\"WebPage\",\"@id\":\"https:\/\/www.michael-krell.com\/de\/ankuendigung-stadttriathlon-forchheim-22-06\/\",\"url\":\"https:\/\/www.michael-krell.com\/de\/ankuendigung-stadttriathlon-forchheim-22-06\/\",\"name\":\"Ank\u00fcndigung: Stadttriathlon Forchheim 22.06. - Michael Krell Triathlon Coaching\",\"isPartOf\":{\"@id\":\"https:\/\/www.michael-krell.com\/en\/#website\"},\"datePublished\":\"2014-06-09T09:07:00+00:00\",\"dateModified\":\"2017-04-13T13:18:44+00:00\",\"author\":{\"@id\":\"https:\/\/www.michael-krell.com\/en\/#\/schema\/person\/17d0c03cb1e15db7305e41b6170a4237\"},\"breadcrumb\":{\"@id\":\"https:\/\/www.michael-krell.com\/de\/ankuendigung-stadttriathlon-forchheim-22-06\/#breadcrumb\"},\"inLanguage\":\"de\",\"potentialAction\":[{\"@type\":\"ReadAction\",\"target\":[\"https:\/\/www.michael-krell.com\/de\/ankuendigung-stadttriathlon-forchheim-22-06\/\"]}]},{\"@type\":\"BreadcrumbList\",\"@id\":\"https:\/\/www.michael-krell.com\/de\/ankuendigung-stadttriathlon-forchheim-22-06\/#breadcrumb\",\"itemListElement\":[{\"@type\":\"ListItem\",\"position\":1,\"name\":\"Startseite\",\"item\":\"https:\/\/www.michael-krell.com\/en\/\"},{\"@type\":\"ListItem\",\"position\":2,\"name\":\"Ank\u00fcndigung: Stadttriathlon Forchheim 22.06.\"}]},{\"@type\":\"WebSite\",\"@id\":\"https:\/\/www.michael-krell.com\/en\/#website\",\"url\":\"https:\/\/www.michael-krell.com\/en\/\",\"name\":\"Michael Krell Triathlon Coaching\",\"description\":\"\",\"potentialAction\":[{\"@type\":\"SearchAction\",\"target\":{\"@type\":\"EntryPoint\",\"urlTemplate\":\"https:\/\/www.michael-krell.com\/en\/?s={search_term_string}\"},\"query-input\":\"required name=search_term_string\"}],\"inLanguage\":\"de\"},{\"@type\":\"Person\",\"@id\":\"https:\/\/www.michael-krell.com\/en\/#\/schema\/person\/17d0c03cb1e15db7305e41b6170a4237\",\"name\":\"Michael Krell\",\"image\":{\"@type\":\"ImageObject\",\"inLanguage\":\"de\",\"@id\":\"https:\/\/www.michael-krell.com\/en\/#\/schema\/person\/image\/\",\"url\":\"https:\/\/secure.gravatar.com\/avatar\/33e39b9fbaf6777afb9b8559d921c4d22f4fd87cba8562434fa169fa71aeb1b3?s=96&d=mm&r=g\",\"contentUrl\":\"https:\/\/secure.gravatar.com\/avatar\/33e39b9fbaf6777afb9b8559d921c4d22f4fd87cba8562434fa169fa71aeb1b3?s=96&d=mm&r=g\",\"caption\":\"Michael Krell\"},\"url\":\"https:\/\/www.michael-krell.com\/de\/author\/krelli\/\"}]}<\/script>\n<!-- \/ Yoast SEO plugin. -->","yoast_head_json":{"title":"Ank\u00fcndigung: Stadttriathlon Forchheim 22.06. - Michael Krell Triathlon Coaching","robots":{"index":"index","follow":"follow","max-snippet":"max-snippet:-1","max-image-preview":"max-image-preview:large","max-video-preview":"max-video-preview:-1"},"canonical":"https:\/\/www.michael-krell.com\/de\/ankuendigung-stadttriathlon-forchheim-22-06\/","og_locale":"de_DE","og_type":"article","og_title":"Ank\u00fcndigung: Stadttriathlon Forchheim 22.06. - Michael Krell Triathlon Coaching","og_description":"&nbsp; Liebe Triathlet(in)en, der Juni ist da, und das mit TOP Wetter, die Prognosen f\u00fcr die n\u00e4chsten Wochen schauen gut [&hellip;]","og_url":"https:\/\/www.michael-krell.com\/de\/ankuendigung-stadttriathlon-forchheim-22-06\/","og_site_name":"Michael Krell Triathlon Coaching","article_published_time":"2014-06-09T09:07:00+00:00","article_modified_time":"2017-04-13T13:18:44+00:00","author":"Michael Krell","twitter_card":"summary_large_image","twitter_misc":{"Verfasst von":"Michael Krell","Gesch\u00e4tzte Lesezeit":"1\u00a0Minute"},"schema":{"@context":"https:\/\/schema.org","@graph":[{"@type":"WebPage","@id":"https:\/\/www.michael-krell.com\/de\/ankuendigung-stadttriathlon-forchheim-22-06\/","url":"https:\/\/www.michael-krell.com\/de\/ankuendigung-stadttriathlon-forchheim-22-06\/","name":"Ank\u00fcndigung: Stadttriathlon Forchheim 22.06. - Michael Krell Triathlon Coaching","isPartOf":{"@id":"https:\/\/www.michael-krell.com\/en\/#website"},"datePublished":"2014-06-09T09:07:00+00:00","dateModified":"2017-04-13T13:18:44+00:00","author":{"@id":"https:\/\/www.michael-krell.com\/en\/#\/schema\/person\/17d0c03cb1e15db7305e41b6170a4237"},"breadcrumb":{"@id":"https:\/\/www.michael-krell.com\/de\/ankuendigung-stadttriathlon-forchheim-22-06\/#breadcrumb"},"inLanguage":"de","potentialAction":[{"@type":"ReadAction","target":["https:\/\/www.michael-krell.com\/de\/ankuendigung-stadttriathlon-forchheim-22-06\/"]}]},{"@type":"BreadcrumbList","@id":"https:\/\/www.michael-krell.com\/de\/ankuendigung-stadttriathlon-forchheim-22-06\/#breadcrumb","itemListElement":[{"@type":"ListItem","position":1,"name":"Startseite","item":"https:\/\/www.michael-krell.com\/en\/"},{"@type":"ListItem","position":2,"name":"Ank\u00fcndigung: Stadttriathlon Forchheim 22.06."}]},{"@type":"WebSite","@id":"https:\/\/www.michael-krell.com\/en\/#website","url":"https:\/\/www.michael-krell.com\/en\/","name":"Michael Krell Triathlon Coaching","description":"","potentialAction":[{"@type":"SearchAction","target":{"@type":"EntryPoint","urlTemplate":"https:\/\/www.michael-krell.com\/en\/?s={search_term_string}"},"query-input":"required name=search_term_string"}],"inLanguage":"de"},{"@type":"Person","@id":"https:\/\/www.michael-krell.com\/en\/#\/schema\/person\/17d0c03cb1e15db7305e41b6170a4237","name":"Michael Krell","image":{"@type":"ImageObject","inLanguage":"de","@id":"https:\/\/www.michael-krell.com\/en\/#\/schema\/person\/image\/","url":"https:\/\/secure.gravatar.com\/avatar\/33e39b9fbaf6777afb9b8559d921c4d22f4fd87cba8562434fa169fa71aeb1b3?s=96&d=mm&r=g","contentUrl":"https:\/\/secure.gravatar.com\/avatar\/33e39b9fbaf6777afb9b8559d921c4d22f4fd87cba8562434fa169fa71aeb1b3?s=96&d=mm&r=g","caption":"Michael Krell"},"url":"https:\/\/www.michael-krell.com\/de\/author\/krelli\/"}]}},"_links":{"self":[{"href":"https:\/\/www.michael-krell.com\/de\/wp-json\/wp\/v2\/posts\/152","targetHints":{"allow":["GET"]}}],"collection":[{"href":"https:\/\/www.michael-krell.com\/de\/wp-json\/wp\/v2\/posts"}],"about":[{"href":"https:\/\/www.michael-krell.com\/de\/wp-json\/wp\/v2\/types\/post"}],"author":[{"embeddable":true,"href":"https:\/\/www.michael-krell.com\/de\/wp-json\/wp\/v2\/users\/2"}],"replies":[{"embeddable":true,"href":"https:\/\/www.michael-krell.com\/de\/wp-json\/wp\/v2\/comments?post=152"}],"version-history":[{"count":2,"href":"https:\/\/www.michael-krell.com\/de\/wp-json\/wp\/v2\/posts\/152\/revisions"}],"predecessor-version":[{"id":3245,"href":"https:\/\/www.michael-krell.com\/de\/wp-json\/wp\/v2\/posts\/152\/revisions\/3245"}],"wp:attachment":[{"href":"https:\/\/www.michael-krell.com\/de\/wp-json\/wp\/v2\/media?parent=152"}],"wp:term":[{"taxonomy":"category","embeddable":true,"href":"https:\/\/www.michael-krell.com\/de\/wp-json\/wp\/v2\/categories?post=152"},{"taxonomy":"post_tag","embeddable":true,"href":"https:\/\/www.michael-krell.com\/de\/wp-json\/wp\/v2\/tags?post=152"}],"curies":[{"name":"wp","href":"https:\/\/api.w.org\/{rel}","templated":true}]}}