{"id":163,"date":"2014-05-05T10:04:00","date_gmt":"2014-05-05T08:04:00","guid":{"rendered":"http:\/\/www.michael-krell.com\/?p=163"},"modified":"2017-04-13T15:23:50","modified_gmt":"2017-04-13T13:23:50","slug":"training-letzte-woche-5","status":"publish","type":"post","link":"https:\/\/www.michael-krell.com\/de\/training-letzte-woche-5\/","title":{"rendered":"Training letzte Woche"},"content":{"rendered":"<p>So, Grundlagenphase mehr oder weniger beendet. Heute Ruhetag und morgen gehts dann los in die hei\u00dfe Phase f\u00fcr Roth! Im Bayern07 Bad war ich auch schon, derzeit noch bei hei\u00dfen 21 Grad mit Neo, aber 50m Becken ist dann doch schon was anderes \ud83d\ude42<\/p>\n<div style=\"clear: both; text-align: center;\"><a style=\"margin-left: 1em; margin-right: 1em;\" href=\"http:\/\/www.michael-krell.com\/wp-content\/uploads\/2014\/05\/Training3.jpg\"><img loading=\"lazy\" decoding=\"async\" src=\"http:\/\/www.michael-krell.com\/wp-content\/uploads\/2014\/05\/Training3.jpg\" width=\"400\" height=\"256\" border=\"0\" \/><\/a><\/div>\n<p>N\u00e4chsten Sonntag dann Ligawettkampf in M\u00fcnchen am Olympiagel\u00e4nde, mit TSV Altenfurt. Ich hoffe darauf dass das Laufen diesmal deutlich besser klappt als noch in Ansbach. Laufintensit\u00e4ten beginne ich ab dieser Woche. Am Rad habe ich schon letzte Woche ein paar kleine Dr\u00fcckerchen absolviert.<\/p>\n<p>sonnige Gr\u00fc\u00dfe<br \/>\nkrelli<\/p>\n","protected":false},"excerpt":{"rendered":"<p>So, Grundlagenphase mehr oder weniger beendet. Heute Ruhetag und morgen gehts dann los in die hei\u00dfe Phase f\u00fcr Roth! Im [&hellip;]<\/p>\n","protected":false},"author":2,"featured_media":1085,"comment_status":"open","ping_status":"open","sticky":false,"template":"","format":"standard","meta":{"footnotes":""},"categories":[1220],"tags":[],"class_list":["post-163","post","type-post","status-publish","format-standard","has-post-thumbnail","hentry","category-privates"],"yoast_head":"<!-- This site is optimized with the Yoast SEO plugin v19.8 - https:\/\/yoast.com\/wordpress\/plugins\/seo\/ -->\n<title>Training letzte Woche - Michael Krell Triathlon Coaching<\/title>\n<meta name=\"robots\" content=\"index, follow, max-snippet:-1, max-image-preview:large, max-video-preview:-1\" \/>\n<link rel=\"canonical\" href=\"https:\/\/www.michael-krell.com\/de\/training-letzte-woche-5\/\" \/>\n<meta property=\"og:locale\" content=\"de_DE\" \/>\n<meta property=\"og:type\" content=\"article\" \/>\n<meta property=\"og:title\" content=\"Training letzte Woche - Michael Krell Triathlon Coaching\" \/>\n<meta property=\"og:description\" content=\"So, Grundlagenphase mehr oder weniger beendet. Heute Ruhetag und morgen gehts dann los in die hei\u00dfe Phase f\u00fcr Roth! Im [&hellip;]\" \/>\n<meta property=\"og:url\" content=\"https:\/\/www.michael-krell.com\/de\/training-letzte-woche-5\/\" \/>\n<meta property=\"og:site_name\" content=\"Michael Krell Triathlon Coaching\" \/>\n<meta property=\"article:published_time\" content=\"2014-05-05T08:04:00+00:00\" \/>\n<meta property=\"article:modified_time\" content=\"2017-04-13T13:23:50+00:00\" \/>\n<meta property=\"og:image\" content=\"https:\/\/www.michael-krell.com\/wp-content\/uploads\/2014\/05\/Training3.jpg\" \/>\n\t<meta property=\"og:image:width\" content=\"973\" \/>\n\t<meta property=\"og:image:height\" content=\"625\" \/>\n\t<meta property=\"og:image:type\" content=\"image\/jpeg\" \/>\n<meta name=\"author\" content=\"Michael Krell\" \/>\n<meta name=\"twitter:card\" content=\"summary_large_image\" \/>\n<meta name=\"twitter:label1\" content=\"Verfasst von\" \/>\n\t<meta name=\"twitter:data1\" content=\"Michael Krell\" \/>\n<script type=\"application\/ld+json\" class=\"yoast-schema-graph\">{\"@context\":\"https:\/\/schema.org\",\"@graph\":[{\"@type\":\"WebPage\",\"@id\":\"https:\/\/www.michael-krell.com\/de\/training-letzte-woche-5\/\",\"url\":\"https:\/\/www.michael-krell.com\/de\/training-letzte-woche-5\/\",\"name\":\"Training letzte Woche - Michael Krell Triathlon Coaching\",\"isPartOf\":{\"@id\":\"https:\/\/www.michael-krell.com\/en\/#website\"},\"datePublished\":\"2014-05-05T08:04:00+00:00\",\"dateModified\":\"2017-04-13T13:23:50+00:00\",\"author\":{\"@id\":\"https:\/\/www.michael-krell.com\/en\/#\/schema\/person\/17d0c03cb1e15db7305e41b6170a4237\"},\"breadcrumb\":{\"@id\":\"https:\/\/www.michael-krell.com\/de\/training-letzte-woche-5\/#breadcrumb\"},\"inLanguage\":\"de\",\"potentialAction\":[{\"@type\":\"ReadAction\",\"target\":[\"https:\/\/www.michael-krell.com\/de\/training-letzte-woche-5\/\"]}]},{\"@type\":\"BreadcrumbList\",\"@id\":\"https:\/\/www.michael-krell.com\/de\/training-letzte-woche-5\/#breadcrumb\",\"itemListElement\":[{\"@type\":\"ListItem\",\"position\":1,\"name\":\"Startseite\",\"item\":\"https:\/\/www.michael-krell.com\/en\/\"},{\"@type\":\"ListItem\",\"position\":2,\"name\":\"Training letzte Woche\"}]},{\"@type\":\"WebSite\",\"@id\":\"https:\/\/www.michael-krell.com\/en\/#website\",\"url\":\"https:\/\/www.michael-krell.com\/en\/\",\"name\":\"Michael Krell Triathlon Coaching\",\"description\":\"\",\"potentialAction\":[{\"@type\":\"SearchAction\",\"target\":{\"@type\":\"EntryPoint\",\"urlTemplate\":\"https:\/\/www.michael-krell.com\/en\/?s={search_term_string}\"},\"query-input\":\"required name=search_term_string\"}],\"inLanguage\":\"de\"},{\"@type\":\"Person\",\"@id\":\"https:\/\/www.michael-krell.com\/en\/#\/schema\/person\/17d0c03cb1e15db7305e41b6170a4237\",\"name\":\"Michael Krell\",\"image\":{\"@type\":\"ImageObject\",\"inLanguage\":\"de\",\"@id\":\"https:\/\/www.michael-krell.com\/en\/#\/schema\/person\/image\/\",\"url\":\"https:\/\/secure.gravatar.com\/avatar\/33e39b9fbaf6777afb9b8559d921c4d22f4fd87cba8562434fa169fa71aeb1b3?s=96&d=mm&r=g\",\"contentUrl\":\"https:\/\/secure.gravatar.com\/avatar\/33e39b9fbaf6777afb9b8559d921c4d22f4fd87cba8562434fa169fa71aeb1b3?s=96&d=mm&r=g\",\"caption\":\"Michael Krell\"},\"url\":\"https:\/\/www.michael-krell.com\/de\/author\/krelli\/\"}]}<\/script>\n<!-- \/ Yoast SEO plugin. -->","yoast_head_json":{"title":"Training letzte Woche - Michael Krell Triathlon Coaching","robots":{"index":"index","follow":"follow","max-snippet":"max-snippet:-1","max-image-preview":"max-image-preview:large","max-video-preview":"max-video-preview:-1"},"canonical":"https:\/\/www.michael-krell.com\/de\/training-letzte-woche-5\/","og_locale":"de_DE","og_type":"article","og_title":"Training letzte Woche - Michael Krell Triathlon Coaching","og_description":"So, Grundlagenphase mehr oder weniger beendet. Heute Ruhetag und morgen gehts dann los in die hei\u00dfe Phase f\u00fcr Roth! Im [&hellip;]","og_url":"https:\/\/www.michael-krell.com\/de\/training-letzte-woche-5\/","og_site_name":"Michael Krell Triathlon Coaching","article_published_time":"2014-05-05T08:04:00+00:00","article_modified_time":"2017-04-13T13:23:50+00:00","og_image":[{"width":973,"height":625,"url":"https:\/\/www.michael-krell.com\/wp-content\/uploads\/2014\/05\/Training3.jpg","type":"image\/jpeg"}],"author":"Michael Krell","twitter_card":"summary_large_image","twitter_misc":{"Verfasst von":"Michael Krell"},"schema":{"@context":"https:\/\/schema.org","@graph":[{"@type":"WebPage","@id":"https:\/\/www.michael-krell.com\/de\/training-letzte-woche-5\/","url":"https:\/\/www.michael-krell.com\/de\/training-letzte-woche-5\/","name":"Training letzte Woche - Michael Krell Triathlon Coaching","isPartOf":{"@id":"https:\/\/www.michael-krell.com\/en\/#website"},"datePublished":"2014-05-05T08:04:00+00:00","dateModified":"2017-04-13T13:23:50+00:00","author":{"@id":"https:\/\/www.michael-krell.com\/en\/#\/schema\/person\/17d0c03cb1e15db7305e41b6170a4237"},"breadcrumb":{"@id":"https:\/\/www.michael-krell.com\/de\/training-letzte-woche-5\/#breadcrumb"},"inLanguage":"de","potentialAction":[{"@type":"ReadAction","target":["https:\/\/www.michael-krell.com\/de\/training-letzte-woche-5\/"]}]},{"@type":"BreadcrumbList","@id":"https:\/\/www.michael-krell.com\/de\/training-letzte-woche-5\/#breadcrumb","itemListElement":[{"@type":"ListItem","position":1,"name":"Startseite","item":"https:\/\/www.michael-krell.com\/en\/"},{"@type":"ListItem","position":2,"name":"Training letzte Woche"}]},{"@type":"WebSite","@id":"https:\/\/www.michael-krell.com\/en\/#website","url":"https:\/\/www.michael-krell.com\/en\/","name":"Michael Krell Triathlon Coaching","description":"","potentialAction":[{"@type":"SearchAction","target":{"@type":"EntryPoint","urlTemplate":"https:\/\/www.michael-krell.com\/en\/?s={search_term_string}"},"query-input":"required name=search_term_string"}],"inLanguage":"de"},{"@type":"Person","@id":"https:\/\/www.michael-krell.com\/en\/#\/schema\/person\/17d0c03cb1e15db7305e41b6170a4237","name":"Michael Krell","image":{"@type":"ImageObject","inLanguage":"de","@id":"https:\/\/www.michael-krell.com\/en\/#\/schema\/person\/image\/","url":"https:\/\/secure.gravatar.com\/avatar\/33e39b9fbaf6777afb9b8559d921c4d22f4fd87cba8562434fa169fa71aeb1b3?s=96&d=mm&r=g","contentUrl":"https:\/\/secure.gravatar.com\/avatar\/33e39b9fbaf6777afb9b8559d921c4d22f4fd87cba8562434fa169fa71aeb1b3?s=96&d=mm&r=g","caption":"Michael Krell"},"url":"https:\/\/www.michael-krell.com\/de\/author\/krelli\/"}]}},"_links":{"self":[{"href":"https:\/\/www.michael-krell.com\/de\/wp-json\/wp\/v2\/posts\/163","targetHints":{"allow":["GET"]}}],"collection":[{"href":"https:\/\/www.michael-krell.com\/de\/wp-json\/wp\/v2\/posts"}],"about":[{"href":"https:\/\/www.michael-krell.com\/de\/wp-json\/wp\/v2\/types\/post"}],"author":[{"embeddable":true,"href":"https:\/\/www.michael-krell.com\/de\/wp-json\/wp\/v2\/users\/2"}],"replies":[{"embeddable":true,"href":"https:\/\/www.michael-krell.com\/de\/wp-json\/wp\/v2\/comments?post=163"}],"version-history":[{"count":1,"href":"https:\/\/www.michael-krell.com\/de\/wp-json\/wp\/v2\/posts\/163\/revisions"}],"predecessor-version":[{"id":3256,"href":"https:\/\/www.michael-krell.com\/de\/wp-json\/wp\/v2\/posts\/163\/revisions\/3256"}],"wp:featuredmedia":[{"embeddable":true,"href":"https:\/\/www.michael-krell.com\/de\/wp-json\/wp\/v2\/media\/1085"}],"wp:attachment":[{"href":"https:\/\/www.michael-krell.com\/de\/wp-json\/wp\/v2\/media?parent=163"}],"wp:term":[{"taxonomy":"category","embeddable":true,"href":"https:\/\/www.michael-krell.com\/de\/wp-json\/wp\/v2\/categories?post=163"},{"taxonomy":"post_tag","embeddable":true,"href":"https:\/\/www.michael-krell.com\/de\/wp-json\/wp\/v2\/tags?post=163"}],"curies":[{"name":"wp","href":"https:\/\/api.w.org\/{rel}","templated":true}]}}