{"id":2153,"date":"2014-10-26T23:27:57","date_gmt":"2014-10-26T22:27:57","guid":{"rendered":"http:\/\/www.michael-krell.com\/?p=2153"},"modified":"2017-04-13T15:05:28","modified_gmt":"2017-04-13T13:05:28","slug":"marathon-frankfurt","status":"publish","type":"post","link":"https:\/\/www.michael-krell.com\/de\/marathon-frankfurt\/","title":{"rendered":"Marathon Frankfurt"},"content":{"rendered":"<figure id=\"attachment_2156\" aria-describedby=\"caption-attachment-2156\" style=\"width: 300px\" class=\"wp-caption alignleft\"><a href=\"http:\/\/www.michael-krell.com\/wp-content\/uploads\/2014\/10\/FFM3.jpg\"><img loading=\"lazy\" decoding=\"async\" class=\"wp-image-2156 size-medium\" src=\"http:\/\/www.michael-krell.com\/wp-content\/uploads\/2014\/10\/FFM3-300x169.jpg\" alt=\"FFM3\" width=\"300\" height=\"169\" srcset=\"https:\/\/www.michael-krell.com\/wp-content\/uploads\/2014\/10\/FFM3-300x169.jpg 300w, https:\/\/www.michael-krell.com\/wp-content\/uploads\/2014\/10\/FFM3.jpg 960w\" sizes=\"auto, (max-width: 300px) 100vw, 300px\" \/><\/a><figcaption id=\"caption-attachment-2156\" class=\"wp-caption-text\">Zieleinlauf in der Festhalle<\/figcaption><\/figure>\n<p>So, das war er, mein erster reiner Marathon seit 2006. Ein tolles Dankesch\u00f6n geht an die <a href=\"http:\/\/asicsfrontrunner.runnersworld.de\/\" target=\"_blank\">ASICS Frontrunner<\/a>, zu deren gl\u00fccklichen Mitgliedern ich mich auch z\u00e4hle. Eine super Organisation, mit jeder Menge Spa\u00df und sehr netten Leuten. Insgesamt waren wir wohl an die 60 L\u00e4ufer und L\u00e4uferinnen vom Frontrunner Team. Viele in Staffeln unterwegs, aber auch einige auf dem solo-Marathon. Am Tag davor meet and greet mit Jan Frodeno und Dieter Baumann.<\/p>\n<p>Das mein Marathon jetzt nicht bestzeitenverd\u00e4chtig werden w\u00fcrde, das war mir schon im Vorfeld klar. Ich konnte mich in meiner Saisonpause einfach nicht zum Training aufraffen. Nun bin ich seit zwei Wochen wieder im Training und nahm den Lauf heute als willkommenen Wasserstandstest mit. Dadurch das ich nicht bis zum \u00c4u\u00dfersten gegangen bin, war der Lauf sehr erlebnisreich. Viel von der Stadt gesehen, nett mit Leuten gequatscht und einfach mal die Atmosph\u00e4re genossen! Was ich leider im Wettkampf viel zu selten tue. Nichtsdestotrotz wurde es auch gegen Ende nochmal richtig hart, vor allem muskul\u00e4r hatte ich meine Probleme. Inmitten der schlanken Frontrunner Elite kam ich mir zwar vor wie ein Gewichtheber, aber mit meiner Zeit von 3:21 war ich dann doch ganz zufrieden.<\/p>\n<figure id=\"attachment_2155\" aria-describedby=\"caption-attachment-2155\" style=\"width: 224px\" class=\"wp-caption alignleft\"><a href=\"http:\/\/www.michael-krell.com\/wp-content\/uploads\/2014\/10\/FFM1.jpg\"><img loading=\"lazy\" decoding=\"async\" class=\"wp-image-2155 size-medium\" src=\"http:\/\/www.michael-krell.com\/wp-content\/uploads\/2014\/10\/FFM1-224x300.jpg\" alt=\"FFM1\" width=\"224\" height=\"300\" srcset=\"https:\/\/www.michael-krell.com\/wp-content\/uploads\/2014\/10\/FFM1-224x300.jpg 224w, https:\/\/www.michael-krell.com\/wp-content\/uploads\/2014\/10\/FFM1.jpg 551w\" sizes=\"auto, (max-width: 224px) 100vw, 224px\" \/><\/a><figcaption id=\"caption-attachment-2155\" class=\"wp-caption-text\">Die Frontrunner M\u00e4dels Staffel<\/figcaption><\/figure>\n<p>Der Zieleinlauf hat mich dann wieder mit allem vers\u00f6hnt und nun bin ich wieder hei\u00df wie Frittenfett aufs Training! \ud83d\ude42<\/p>\n<p>einen guten Wochenstart w\u00fcnsche ich euch!<\/p>\n<p>krelli<\/p>\n","protected":false},"excerpt":{"rendered":"<p>So, das war er, mein erster reiner Marathon seit 2006. Ein tolles Dankesch\u00f6n geht an die ASICS Frontrunner, zu deren [&hellip;]<\/p>\n","protected":false},"author":2,"featured_media":2155,"comment_status":"closed","ping_status":"open","sticky":false,"template":"","format":"standard","meta":{"footnotes":""},"categories":[1220],"tags":[1088,1097,1189,1187,1081,1186,1188,1080],"class_list":["post-2153","post","type-post","status-publish","format-standard","has-post-thumbnail","hentry","category-privates","tag-asics-frontrunner-2","tag-frankfurt-marathon-2014","tag-krelli","tag-michael-krell","tag-triathlon-coach-2","tag-triathlon-coaching","tag-triathlon-trainer","tag-triathlon-training-2"],"yoast_head":"<!-- This site is optimized with the Yoast SEO plugin v19.8 - https:\/\/yoast.com\/wordpress\/plugins\/seo\/ -->\n<title>Marathon Frankfurt - Michael Krell Triathlon Coaching<\/title>\n<meta name=\"robots\" content=\"index, follow, max-snippet:-1, max-image-preview:large, max-video-preview:-1\" \/>\n<link rel=\"canonical\" href=\"https:\/\/www.michael-krell.com\/de\/marathon-frankfurt\/\" \/>\n<meta property=\"og:locale\" content=\"de_DE\" \/>\n<meta property=\"og:type\" content=\"article\" \/>\n<meta property=\"og:title\" content=\"Marathon Frankfurt - Michael Krell Triathlon Coaching\" \/>\n<meta property=\"og:description\" content=\"So, das war er, mein erster reiner Marathon seit 2006. Ein tolles Dankesch\u00f6n geht an die ASICS Frontrunner, zu deren [&hellip;]\" \/>\n<meta property=\"og:url\" content=\"https:\/\/www.michael-krell.com\/de\/marathon-frankfurt\/\" \/>\n<meta property=\"og:site_name\" content=\"Michael Krell Triathlon Coaching\" \/>\n<meta property=\"article:published_time\" content=\"2014-10-26T22:27:57+00:00\" \/>\n<meta property=\"article:modified_time\" content=\"2017-04-13T13:05:28+00:00\" \/>\n<meta property=\"og:image\" content=\"https:\/\/www.michael-krell.com\/wp-content\/uploads\/2014\/10\/FFM1.jpg\" \/>\n\t<meta property=\"og:image:width\" content=\"551\" \/>\n\t<meta property=\"og:image:height\" content=\"736\" \/>\n\t<meta property=\"og:image:type\" content=\"image\/jpeg\" \/>\n<meta name=\"author\" content=\"Michael Krell\" \/>\n<meta name=\"twitter:card\" content=\"summary_large_image\" \/>\n<meta name=\"twitter:label1\" content=\"Verfasst von\" \/>\n\t<meta name=\"twitter:data1\" content=\"Michael Krell\" \/>\n\t<meta name=\"twitter:label2\" content=\"Gesch\u00e4tzte Lesezeit\" \/>\n\t<meta name=\"twitter:data2\" content=\"1\u00a0Minute\" \/>\n<script type=\"application\/ld+json\" class=\"yoast-schema-graph\">{\"@context\":\"https:\/\/schema.org\",\"@graph\":[{\"@type\":\"WebPage\",\"@id\":\"https:\/\/www.michael-krell.com\/de\/marathon-frankfurt\/\",\"url\":\"https:\/\/www.michael-krell.com\/de\/marathon-frankfurt\/\",\"name\":\"Marathon Frankfurt - Michael Krell Triathlon Coaching\",\"isPartOf\":{\"@id\":\"https:\/\/www.michael-krell.com\/en\/#website\"},\"datePublished\":\"2014-10-26T22:27:57+00:00\",\"dateModified\":\"2017-04-13T13:05:28+00:00\",\"author\":{\"@id\":\"https:\/\/www.michael-krell.com\/en\/#\/schema\/person\/17d0c03cb1e15db7305e41b6170a4237\"},\"breadcrumb\":{\"@id\":\"https:\/\/www.michael-krell.com\/de\/marathon-frankfurt\/#breadcrumb\"},\"inLanguage\":\"de\",\"potentialAction\":[{\"@type\":\"ReadAction\",\"target\":[\"https:\/\/www.michael-krell.com\/de\/marathon-frankfurt\/\"]}]},{\"@type\":\"BreadcrumbList\",\"@id\":\"https:\/\/www.michael-krell.com\/de\/marathon-frankfurt\/#breadcrumb\",\"itemListElement\":[{\"@type\":\"ListItem\",\"position\":1,\"name\":\"Startseite\",\"item\":\"https:\/\/www.michael-krell.com\/en\/\"},{\"@type\":\"ListItem\",\"position\":2,\"name\":\"Marathon Frankfurt\"}]},{\"@type\":\"WebSite\",\"@id\":\"https:\/\/www.michael-krell.com\/en\/#website\",\"url\":\"https:\/\/www.michael-krell.com\/en\/\",\"name\":\"Michael Krell Triathlon Coaching\",\"description\":\"\",\"potentialAction\":[{\"@type\":\"SearchAction\",\"target\":{\"@type\":\"EntryPoint\",\"urlTemplate\":\"https:\/\/www.michael-krell.com\/en\/?s={search_term_string}\"},\"query-input\":\"required name=search_term_string\"}],\"inLanguage\":\"de\"},{\"@type\":\"Person\",\"@id\":\"https:\/\/www.michael-krell.com\/en\/#\/schema\/person\/17d0c03cb1e15db7305e41b6170a4237\",\"name\":\"Michael Krell\",\"image\":{\"@type\":\"ImageObject\",\"inLanguage\":\"de\",\"@id\":\"https:\/\/www.michael-krell.com\/en\/#\/schema\/person\/image\/\",\"url\":\"https:\/\/secure.gravatar.com\/avatar\/33e39b9fbaf6777afb9b8559d921c4d22f4fd87cba8562434fa169fa71aeb1b3?s=96&d=mm&r=g\",\"contentUrl\":\"https:\/\/secure.gravatar.com\/avatar\/33e39b9fbaf6777afb9b8559d921c4d22f4fd87cba8562434fa169fa71aeb1b3?s=96&d=mm&r=g\",\"caption\":\"Michael Krell\"},\"url\":\"https:\/\/www.michael-krell.com\/de\/author\/krelli\/\"}]}<\/script>\n<!-- \/ Yoast SEO plugin. -->","yoast_head_json":{"title":"Marathon Frankfurt - Michael Krell Triathlon Coaching","robots":{"index":"index","follow":"follow","max-snippet":"max-snippet:-1","max-image-preview":"max-image-preview:large","max-video-preview":"max-video-preview:-1"},"canonical":"https:\/\/www.michael-krell.com\/de\/marathon-frankfurt\/","og_locale":"de_DE","og_type":"article","og_title":"Marathon Frankfurt - Michael Krell Triathlon Coaching","og_description":"So, das war er, mein erster reiner Marathon seit 2006. Ein tolles Dankesch\u00f6n geht an die ASICS Frontrunner, zu deren [&hellip;]","og_url":"https:\/\/www.michael-krell.com\/de\/marathon-frankfurt\/","og_site_name":"Michael Krell Triathlon Coaching","article_published_time":"2014-10-26T22:27:57+00:00","article_modified_time":"2017-04-13T13:05:28+00:00","og_image":[{"width":551,"height":736,"url":"https:\/\/www.michael-krell.com\/wp-content\/uploads\/2014\/10\/FFM1.jpg","type":"image\/jpeg"}],"author":"Michael Krell","twitter_card":"summary_large_image","twitter_misc":{"Verfasst von":"Michael Krell","Gesch\u00e4tzte Lesezeit":"1\u00a0Minute"},"schema":{"@context":"https:\/\/schema.org","@graph":[{"@type":"WebPage","@id":"https:\/\/www.michael-krell.com\/de\/marathon-frankfurt\/","url":"https:\/\/www.michael-krell.com\/de\/marathon-frankfurt\/","name":"Marathon Frankfurt - Michael Krell Triathlon Coaching","isPartOf":{"@id":"https:\/\/www.michael-krell.com\/en\/#website"},"datePublished":"2014-10-26T22:27:57+00:00","dateModified":"2017-04-13T13:05:28+00:00","author":{"@id":"https:\/\/www.michael-krell.com\/en\/#\/schema\/person\/17d0c03cb1e15db7305e41b6170a4237"},"breadcrumb":{"@id":"https:\/\/www.michael-krell.com\/de\/marathon-frankfurt\/#breadcrumb"},"inLanguage":"de","potentialAction":[{"@type":"ReadAction","target":["https:\/\/www.michael-krell.com\/de\/marathon-frankfurt\/"]}]},{"@type":"BreadcrumbList","@id":"https:\/\/www.michael-krell.com\/de\/marathon-frankfurt\/#breadcrumb","itemListElement":[{"@type":"ListItem","position":1,"name":"Startseite","item":"https:\/\/www.michael-krell.com\/en\/"},{"@type":"ListItem","position":2,"name":"Marathon Frankfurt"}]},{"@type":"WebSite","@id":"https:\/\/www.michael-krell.com\/en\/#website","url":"https:\/\/www.michael-krell.com\/en\/","name":"Michael Krell Triathlon Coaching","description":"","potentialAction":[{"@type":"SearchAction","target":{"@type":"EntryPoint","urlTemplate":"https:\/\/www.michael-krell.com\/en\/?s={search_term_string}"},"query-input":"required name=search_term_string"}],"inLanguage":"de"},{"@type":"Person","@id":"https:\/\/www.michael-krell.com\/en\/#\/schema\/person\/17d0c03cb1e15db7305e41b6170a4237","name":"Michael Krell","image":{"@type":"ImageObject","inLanguage":"de","@id":"https:\/\/www.michael-krell.com\/en\/#\/schema\/person\/image\/","url":"https:\/\/secure.gravatar.com\/avatar\/33e39b9fbaf6777afb9b8559d921c4d22f4fd87cba8562434fa169fa71aeb1b3?s=96&d=mm&r=g","contentUrl":"https:\/\/secure.gravatar.com\/avatar\/33e39b9fbaf6777afb9b8559d921c4d22f4fd87cba8562434fa169fa71aeb1b3?s=96&d=mm&r=g","caption":"Michael Krell"},"url":"https:\/\/www.michael-krell.com\/de\/author\/krelli\/"}]}},"_links":{"self":[{"href":"https:\/\/www.michael-krell.com\/de\/wp-json\/wp\/v2\/posts\/2153","targetHints":{"allow":["GET"]}}],"collection":[{"href":"https:\/\/www.michael-krell.com\/de\/wp-json\/wp\/v2\/posts"}],"about":[{"href":"https:\/\/www.michael-krell.com\/de\/wp-json\/wp\/v2\/types\/post"}],"author":[{"embeddable":true,"href":"https:\/\/www.michael-krell.com\/de\/wp-json\/wp\/v2\/users\/2"}],"replies":[{"embeddable":true,"href":"https:\/\/www.michael-krell.com\/de\/wp-json\/wp\/v2\/comments?post=2153"}],"version-history":[{"count":8,"href":"https:\/\/www.michael-krell.com\/de\/wp-json\/wp\/v2\/posts\/2153\/revisions"}],"predecessor-version":[{"id":2163,"href":"https:\/\/www.michael-krell.com\/de\/wp-json\/wp\/v2\/posts\/2153\/revisions\/2163"}],"wp:featuredmedia":[{"embeddable":true,"href":"https:\/\/www.michael-krell.com\/de\/wp-json\/wp\/v2\/media\/2155"}],"wp:attachment":[{"href":"https:\/\/www.michael-krell.com\/de\/wp-json\/wp\/v2\/media?parent=2153"}],"wp:term":[{"taxonomy":"category","embeddable":true,"href":"https:\/\/www.michael-krell.com\/de\/wp-json\/wp\/v2\/categories?post=2153"},{"taxonomy":"post_tag","embeddable":true,"href":"https:\/\/www.michael-krell.com\/de\/wp-json\/wp\/v2\/tags?post=2153"}],"curies":[{"name":"wp","href":"https:\/\/api.w.org\/{rel}","templated":true}]}}