{"id":218,"date":"2013-11-16T18:28:00","date_gmt":"2013-11-16T17:28:00","guid":{"rendered":"http:\/\/www.michael-krell.com\/?p=218"},"modified":"2017-04-13T15:56:42","modified_gmt":"2017-04-13T13:56:42","slug":"krelli-in-gefahr-erste-crossausfahrt-der-saison","status":"publish","type":"post","link":"https:\/\/www.michael-krell.com\/de\/krelli-in-gefahr-erste-crossausfahrt-der-saison\/","title":{"rendered":"krelli in Gefahr &#8211; erste Crossausfahrt der Saison"},"content":{"rendered":"<p>&nbsp;<\/p>\n<div style=\"clear: both; text-align: center;\"><a style=\"margin-left: 1em; margin-right: 1em;\" href=\"http:\/\/www.michael-krell.com\/wp-content\/uploads\/2013\/11\/cross2.jpg\"><img loading=\"lazy\" decoding=\"async\" src=\"http:\/\/www.michael-krell.com\/wp-content\/uploads\/2013\/11\/cross2-300x179.jpg\" width=\"400\" height=\"238\" border=\"0\" \/><\/a><\/div>\n<p>Heute morgen war es soweit, die erste Crossausfahrt. Eine halbe Stunde vor Treffpunkt aufstehen, kurz einen Apfel essen, umziehen, Reifen aufpumpen, keine Flaschenhalter drauf, egal, 2min vor Treffpunkt losradeln wie die Gestochenen. Ca. 15min zu sp\u00e4t, alle anderen 12 Leute scharen schon ungeduldig mit den Hufen, und ab geht die Post. Und wie!! Kein Warmfahren, gleich die Rampen den Schmausenbuck hoch. Alle hochmotivierte und ge\u00fcbte Crosser, und ich mittendrin, oder eher hintendran, krelli auf 200 Puls! Vor einer halben Stunde erwacht, ohne Fr\u00fchst\u00fcck, ohne Trinkflasche, hallelulja<\/p>\n<table style=\"margin-left: auto; margin-right: auto; text-align: center;\" cellspacing=\"0\" cellpadding=\"0\" align=\"center\">\n<tbody>\n<tr>\n<td style=\"text-align: center;\"><a style=\"margin-left: auto; margin-right: auto;\" href=\"http:\/\/www.michael-krell.com\/wp-content\/uploads\/2013\/11\/cross.jpg\"><img loading=\"lazy\" decoding=\"async\" src=\"http:\/\/www.michael-krell.com\/wp-content\/uploads\/2013\/11\/cross-300x179.jpg\" width=\"400\" height=\"238\" border=\"0\" \/><\/a><\/td>\n<\/tr>\n<tr>\n<td style=\"text-align: center;\">der 7-Br\u00fccken-Trail bei Brunn\/Ungelstetten<\/td>\n<\/tr>\n<\/tbody>\n<\/table>\n<p>Sobald es technisch wird h\u00e4ngen mich alle ab, meine einzigen Sternstunden kommen auf der Waldautobahn, auf denen ich wieder auf das Feld aufschlie\u00dfen kann. Nur meine guten Ortskenntnisse bewahren mich vor dem Verlust der Gruppe, indem ich manchmal einfach abk\u00fcrze \ud83d\ude09<\/p>\n<p>Irgendwann f\u00fchle ich mich als wenn ich schon 2 Std. gefahren w\u00e4re, schaue auf die Uhr, sie zeigt 42min an. Es nimmt kein Ende. Kurze Zeit sp\u00e4ter sinkt allerdings langsam das Tempo, die ersten werden anscheinend m\u00fcde. Kein Wunder, fahren ja auch 14j\u00e4hrige Kiddies mit \ud83d\ude09<\/p>\n<table style=\"margin-left: auto; margin-right: auto; text-align: center;\" cellspacing=\"0\" cellpadding=\"0\" align=\"center\">\n<tbody>\n<tr>\n<td style=\"text-align: center;\"><a style=\"margin-left: auto; margin-right: auto;\" href=\"http:\/\/www.michael-krell.com\/wp-content\/uploads\/2013\/11\/cross1.jpg\"><img loading=\"lazy\" decoding=\"async\" src=\"http:\/\/www.michael-krell.com\/wp-content\/uploads\/2013\/11\/cross1-179x300.jpg\" width=\"238\" height=\"400\" border=\"0\" \/><\/a><\/td>\n<\/tr>\n<tr>\n<td style=\"text-align: center;\">Im Gegensatz zu en Radfahrern war ich als Triathlet nat\u00fcrlich mit dem Element Wasser vertraut, und wir beide, mein Rad und ich, kamen wohlbehalten und trocken auf der anderen Seite an.<\/td>\n<\/tr>\n<\/tbody>\n<\/table>\n<p>Nach etlichen Laufeinlagen, oder wie hier Fluss\u00fcberquerungen, komme ich nach rund 2 Std. wieder zuhause an. Spa\u00df hats gemacht, aber \u00fcben muss ich unbedingt noch, sonst ger\u00e4t jedes weitere Crosstraining zur GA2 Einheit!<\/p>\n<p>sch\u00f6nes Wochenende!<br \/>\nkrelli<\/p>\n","protected":false},"excerpt":{"rendered":"<p>&nbsp; Heute morgen war es soweit, die erste Crossausfahrt. Eine halbe Stunde vor Treffpunkt aufstehen, kurz einen Apfel essen, umziehen, [&hellip;]<\/p>\n","protected":false},"author":2,"featured_media":1182,"comment_status":"open","ping_status":"open","sticky":false,"template":"","format":"standard","meta":{"footnotes":""},"categories":[1220],"tags":[],"class_list":["post-218","post","type-post","status-publish","format-standard","has-post-thumbnail","hentry","category-privates"],"yoast_head":"<!-- This site is optimized with the Yoast SEO plugin v19.8 - https:\/\/yoast.com\/wordpress\/plugins\/seo\/ -->\n<title>krelli in Gefahr - erste Crossausfahrt der Saison - Michael Krell Triathlon Coaching<\/title>\n<meta name=\"robots\" content=\"index, follow, max-snippet:-1, max-image-preview:large, max-video-preview:-1\" \/>\n<link rel=\"canonical\" href=\"https:\/\/www.michael-krell.com\/de\/krelli-in-gefahr-erste-crossausfahrt-der-saison\/\" \/>\n<meta property=\"og:locale\" content=\"de_DE\" \/>\n<meta property=\"og:type\" content=\"article\" \/>\n<meta property=\"og:title\" content=\"krelli in Gefahr - erste Crossausfahrt der Saison - Michael Krell Triathlon Coaching\" \/>\n<meta property=\"og:description\" content=\"&nbsp; Heute morgen war es soweit, die erste Crossausfahrt. Eine halbe Stunde vor Treffpunkt aufstehen, kurz einen Apfel essen, umziehen, [&hellip;]\" \/>\n<meta property=\"og:url\" content=\"https:\/\/www.michael-krell.com\/de\/krelli-in-gefahr-erste-crossausfahrt-der-saison\/\" \/>\n<meta property=\"og:site_name\" content=\"Michael Krell Triathlon Coaching\" \/>\n<meta property=\"article:published_time\" content=\"2013-11-16T17:28:00+00:00\" \/>\n<meta property=\"article:modified_time\" content=\"2017-04-13T13:56:42+00:00\" \/>\n<meta property=\"og:image\" content=\"https:\/\/www.michael-krell.com\/wp-content\/uploads\/2013\/11\/cross2.jpg\" \/>\n\t<meta property=\"og:image:width\" content=\"800\" \/>\n\t<meta property=\"og:image:height\" content=\"479\" \/>\n\t<meta property=\"og:image:type\" content=\"image\/jpeg\" \/>\n<meta name=\"author\" content=\"Michael Krell\" \/>\n<meta name=\"twitter:card\" content=\"summary_large_image\" \/>\n<meta name=\"twitter:label1\" content=\"Verfasst von\" \/>\n\t<meta name=\"twitter:data1\" content=\"Michael Krell\" \/>\n\t<meta name=\"twitter:label2\" content=\"Gesch\u00e4tzte Lesezeit\" \/>\n\t<meta name=\"twitter:data2\" content=\"1\u00a0Minute\" \/>\n<script type=\"application\/ld+json\" class=\"yoast-schema-graph\">{\"@context\":\"https:\/\/schema.org\",\"@graph\":[{\"@type\":\"WebPage\",\"@id\":\"https:\/\/www.michael-krell.com\/de\/krelli-in-gefahr-erste-crossausfahrt-der-saison\/\",\"url\":\"https:\/\/www.michael-krell.com\/de\/krelli-in-gefahr-erste-crossausfahrt-der-saison\/\",\"name\":\"krelli in Gefahr - erste Crossausfahrt der Saison - Michael Krell Triathlon Coaching\",\"isPartOf\":{\"@id\":\"https:\/\/www.michael-krell.com\/en\/#website\"},\"datePublished\":\"2013-11-16T17:28:00+00:00\",\"dateModified\":\"2017-04-13T13:56:42+00:00\",\"author\":{\"@id\":\"https:\/\/www.michael-krell.com\/en\/#\/schema\/person\/17d0c03cb1e15db7305e41b6170a4237\"},\"breadcrumb\":{\"@id\":\"https:\/\/www.michael-krell.com\/de\/krelli-in-gefahr-erste-crossausfahrt-der-saison\/#breadcrumb\"},\"inLanguage\":\"de\",\"potentialAction\":[{\"@type\":\"ReadAction\",\"target\":[\"https:\/\/www.michael-krell.com\/de\/krelli-in-gefahr-erste-crossausfahrt-der-saison\/\"]}]},{\"@type\":\"BreadcrumbList\",\"@id\":\"https:\/\/www.michael-krell.com\/de\/krelli-in-gefahr-erste-crossausfahrt-der-saison\/#breadcrumb\",\"itemListElement\":[{\"@type\":\"ListItem\",\"position\":1,\"name\":\"Startseite\",\"item\":\"https:\/\/www.michael-krell.com\/en\/\"},{\"@type\":\"ListItem\",\"position\":2,\"name\":\"krelli in Gefahr &#8211; erste Crossausfahrt der Saison\"}]},{\"@type\":\"WebSite\",\"@id\":\"https:\/\/www.michael-krell.com\/en\/#website\",\"url\":\"https:\/\/www.michael-krell.com\/en\/\",\"name\":\"Michael Krell Triathlon Coaching\",\"description\":\"\",\"potentialAction\":[{\"@type\":\"SearchAction\",\"target\":{\"@type\":\"EntryPoint\",\"urlTemplate\":\"https:\/\/www.michael-krell.com\/en\/?s={search_term_string}\"},\"query-input\":\"required name=search_term_string\"}],\"inLanguage\":\"de\"},{\"@type\":\"Person\",\"@id\":\"https:\/\/www.michael-krell.com\/en\/#\/schema\/person\/17d0c03cb1e15db7305e41b6170a4237\",\"name\":\"Michael Krell\",\"image\":{\"@type\":\"ImageObject\",\"inLanguage\":\"de\",\"@id\":\"https:\/\/www.michael-krell.com\/en\/#\/schema\/person\/image\/\",\"url\":\"https:\/\/secure.gravatar.com\/avatar\/33e39b9fbaf6777afb9b8559d921c4d22f4fd87cba8562434fa169fa71aeb1b3?s=96&d=mm&r=g\",\"contentUrl\":\"https:\/\/secure.gravatar.com\/avatar\/33e39b9fbaf6777afb9b8559d921c4d22f4fd87cba8562434fa169fa71aeb1b3?s=96&d=mm&r=g\",\"caption\":\"Michael Krell\"},\"url\":\"https:\/\/www.michael-krell.com\/de\/author\/krelli\/\"}]}<\/script>\n<!-- \/ Yoast SEO plugin. -->","yoast_head_json":{"title":"krelli in Gefahr - erste Crossausfahrt der Saison - Michael Krell Triathlon Coaching","robots":{"index":"index","follow":"follow","max-snippet":"max-snippet:-1","max-image-preview":"max-image-preview:large","max-video-preview":"max-video-preview:-1"},"canonical":"https:\/\/www.michael-krell.com\/de\/krelli-in-gefahr-erste-crossausfahrt-der-saison\/","og_locale":"de_DE","og_type":"article","og_title":"krelli in Gefahr - erste Crossausfahrt der Saison - Michael Krell Triathlon Coaching","og_description":"&nbsp; Heute morgen war es soweit, die erste Crossausfahrt. Eine halbe Stunde vor Treffpunkt aufstehen, kurz einen Apfel essen, umziehen, [&hellip;]","og_url":"https:\/\/www.michael-krell.com\/de\/krelli-in-gefahr-erste-crossausfahrt-der-saison\/","og_site_name":"Michael Krell Triathlon Coaching","article_published_time":"2013-11-16T17:28:00+00:00","article_modified_time":"2017-04-13T13:56:42+00:00","og_image":[{"width":800,"height":479,"url":"https:\/\/www.michael-krell.com\/wp-content\/uploads\/2013\/11\/cross2.jpg","type":"image\/jpeg"}],"author":"Michael Krell","twitter_card":"summary_large_image","twitter_misc":{"Verfasst von":"Michael Krell","Gesch\u00e4tzte Lesezeit":"1\u00a0Minute"},"schema":{"@context":"https:\/\/schema.org","@graph":[{"@type":"WebPage","@id":"https:\/\/www.michael-krell.com\/de\/krelli-in-gefahr-erste-crossausfahrt-der-saison\/","url":"https:\/\/www.michael-krell.com\/de\/krelli-in-gefahr-erste-crossausfahrt-der-saison\/","name":"krelli in Gefahr - erste Crossausfahrt der Saison - Michael Krell Triathlon Coaching","isPartOf":{"@id":"https:\/\/www.michael-krell.com\/en\/#website"},"datePublished":"2013-11-16T17:28:00+00:00","dateModified":"2017-04-13T13:56:42+00:00","author":{"@id":"https:\/\/www.michael-krell.com\/en\/#\/schema\/person\/17d0c03cb1e15db7305e41b6170a4237"},"breadcrumb":{"@id":"https:\/\/www.michael-krell.com\/de\/krelli-in-gefahr-erste-crossausfahrt-der-saison\/#breadcrumb"},"inLanguage":"de","potentialAction":[{"@type":"ReadAction","target":["https:\/\/www.michael-krell.com\/de\/krelli-in-gefahr-erste-crossausfahrt-der-saison\/"]}]},{"@type":"BreadcrumbList","@id":"https:\/\/www.michael-krell.com\/de\/krelli-in-gefahr-erste-crossausfahrt-der-saison\/#breadcrumb","itemListElement":[{"@type":"ListItem","position":1,"name":"Startseite","item":"https:\/\/www.michael-krell.com\/en\/"},{"@type":"ListItem","position":2,"name":"krelli in Gefahr &#8211; erste Crossausfahrt der Saison"}]},{"@type":"WebSite","@id":"https:\/\/www.michael-krell.com\/en\/#website","url":"https:\/\/www.michael-krell.com\/en\/","name":"Michael Krell Triathlon Coaching","description":"","potentialAction":[{"@type":"SearchAction","target":{"@type":"EntryPoint","urlTemplate":"https:\/\/www.michael-krell.com\/en\/?s={search_term_string}"},"query-input":"required name=search_term_string"}],"inLanguage":"de"},{"@type":"Person","@id":"https:\/\/www.michael-krell.com\/en\/#\/schema\/person\/17d0c03cb1e15db7305e41b6170a4237","name":"Michael Krell","image":{"@type":"ImageObject","inLanguage":"de","@id":"https:\/\/www.michael-krell.com\/en\/#\/schema\/person\/image\/","url":"https:\/\/secure.gravatar.com\/avatar\/33e39b9fbaf6777afb9b8559d921c4d22f4fd87cba8562434fa169fa71aeb1b3?s=96&d=mm&r=g","contentUrl":"https:\/\/secure.gravatar.com\/avatar\/33e39b9fbaf6777afb9b8559d921c4d22f4fd87cba8562434fa169fa71aeb1b3?s=96&d=mm&r=g","caption":"Michael Krell"},"url":"https:\/\/www.michael-krell.com\/de\/author\/krelli\/"}]}},"_links":{"self":[{"href":"https:\/\/www.michael-krell.com\/de\/wp-json\/wp\/v2\/posts\/218","targetHints":{"allow":["GET"]}}],"collection":[{"href":"https:\/\/www.michael-krell.com\/de\/wp-json\/wp\/v2\/posts"}],"about":[{"href":"https:\/\/www.michael-krell.com\/de\/wp-json\/wp\/v2\/types\/post"}],"author":[{"embeddable":true,"href":"https:\/\/www.michael-krell.com\/de\/wp-json\/wp\/v2\/users\/2"}],"replies":[{"embeddable":true,"href":"https:\/\/www.michael-krell.com\/de\/wp-json\/wp\/v2\/comments?post=218"}],"version-history":[{"count":1,"href":"https:\/\/www.michael-krell.com\/de\/wp-json\/wp\/v2\/posts\/218\/revisions"}],"predecessor-version":[{"id":3315,"href":"https:\/\/www.michael-krell.com\/de\/wp-json\/wp\/v2\/posts\/218\/revisions\/3315"}],"wp:featuredmedia":[{"embeddable":true,"href":"https:\/\/www.michael-krell.com\/de\/wp-json\/wp\/v2\/media\/1182"}],"wp:attachment":[{"href":"https:\/\/www.michael-krell.com\/de\/wp-json\/wp\/v2\/media?parent=218"}],"wp:term":[{"taxonomy":"category","embeddable":true,"href":"https:\/\/www.michael-krell.com\/de\/wp-json\/wp\/v2\/categories?post=218"},{"taxonomy":"post_tag","embeddable":true,"href":"https:\/\/www.michael-krell.com\/de\/wp-json\/wp\/v2\/tags?post=218"}],"curies":[{"name":"wp","href":"https:\/\/api.w.org\/{rel}","templated":true}]}}