{"id":236,"date":"2013-09-27T09:16:00","date_gmt":"2013-09-27T07:16:00","guid":{"rendered":"http:\/\/www.michael-krell.com\/?p=236"},"modified":"2017-04-13T16:01:19","modified_gmt":"2017-04-13T14:01:19","slug":"vortrag-chemnitz-vital-am-mittwoch-den-09-10","status":"publish","type":"post","link":"https:\/\/www.michael-krell.com\/de\/vortrag-chemnitz-vital-am-mittwoch-den-09-10\/","title":{"rendered":"Vortrag Chemnitz Vital am Mittwoch den 09.10."},"content":{"rendered":"<div style=\"clear: both; text-align: center;\"><\/div>\n<div style=\"text-align: left;\"><\/div>\n<div style=\"text-align: left;\">Wer Lust hat und in der N\u00e4he wohnt, kommt gern vorbei. Neben dem Vortrag und jeder Menge Trainingstipps gibt es auch eine ausf\u00fchrliche Diskussionsrunde, in der ihr mich mit Fragen aller Art l\u00f6chern k\u00f6nnt.<\/div>\n<div style=\"text-align: left;\"><\/div>\n<div style=\"text-align: left;\">Ich freue mich auf euch!<\/div>\n<p>&nbsp;<\/p>\n<div style=\"clear: both; text-align: center;\"><a style=\"margin-left: 1em; margin-right: 1em;\" href=\"http:\/\/www.michael-krell.com\/wp-content\/uploads\/2013\/09\/Vortrag-FitVital2.jpg\"><img loading=\"lazy\" decoding=\"async\" src=\"http:\/\/www.michael-krell.com\/wp-content\/uploads\/2013\/09\/Vortrag-FitVital2-210x300.jpg\" width=\"448\" height=\"640\" border=\"0\" \/><\/a><\/div>\n<p>&nbsp;<\/p>\n","protected":false},"excerpt":{"rendered":"<p>Wer Lust hat und in der N\u00e4he wohnt, kommt gern vorbei. Neben dem Vortrag und jeder Menge Trainingstipps gibt es [&hellip;]<\/p>\n","protected":false},"author":2,"featured_media":1209,"comment_status":"open","ping_status":"open","sticky":false,"template":"","format":"standard","meta":{"footnotes":""},"categories":[1219],"tags":[],"class_list":["post-236","post","type-post","status-publish","format-standard","has-post-thumbnail","hentry","category-coaching"],"yoast_head":"<!-- This site is optimized with the Yoast SEO plugin v19.8 - https:\/\/yoast.com\/wordpress\/plugins\/seo\/ -->\n<title>Vortrag Chemnitz Vital am Mittwoch den 09.10. - Michael Krell Triathlon Coaching<\/title>\n<meta name=\"robots\" content=\"index, follow, max-snippet:-1, max-image-preview:large, max-video-preview:-1\" \/>\n<link rel=\"canonical\" href=\"https:\/\/www.michael-krell.com\/de\/vortrag-chemnitz-vital-am-mittwoch-den-09-10\/\" \/>\n<meta property=\"og:locale\" content=\"de_DE\" \/>\n<meta property=\"og:type\" content=\"article\" \/>\n<meta property=\"og:title\" content=\"Vortrag Chemnitz Vital am Mittwoch den 09.10. - Michael Krell Triathlon Coaching\" \/>\n<meta property=\"og:description\" content=\"Wer Lust hat und in der N\u00e4he wohnt, kommt gern vorbei. Neben dem Vortrag und jeder Menge Trainingstipps gibt es [&hellip;]\" \/>\n<meta property=\"og:url\" content=\"https:\/\/www.michael-krell.com\/de\/vortrag-chemnitz-vital-am-mittwoch-den-09-10\/\" \/>\n<meta property=\"og:site_name\" content=\"Michael Krell Triathlon Coaching\" \/>\n<meta property=\"article:published_time\" content=\"2013-09-27T07:16:00+00:00\" \/>\n<meta property=\"article:modified_time\" content=\"2017-04-13T14:01:19+00:00\" \/>\n<meta property=\"og:image\" content=\"https:\/\/www.michael-krell.com\/wp-content\/uploads\/2013\/09\/Vortrag-FitVital2.jpg\" \/>\n\t<meta property=\"og:image:width\" content=\"717\" \/>\n\t<meta property=\"og:image:height\" content=\"1024\" \/>\n\t<meta property=\"og:image:type\" content=\"image\/jpeg\" \/>\n<meta name=\"author\" content=\"Michael Krell\" \/>\n<meta name=\"twitter:card\" content=\"summary_large_image\" \/>\n<meta name=\"twitter:label1\" content=\"Verfasst von\" \/>\n\t<meta name=\"twitter:data1\" content=\"Michael Krell\" \/>\n<script type=\"application\/ld+json\" class=\"yoast-schema-graph\">{\"@context\":\"https:\/\/schema.org\",\"@graph\":[{\"@type\":\"WebPage\",\"@id\":\"https:\/\/www.michael-krell.com\/de\/vortrag-chemnitz-vital-am-mittwoch-den-09-10\/\",\"url\":\"https:\/\/www.michael-krell.com\/de\/vortrag-chemnitz-vital-am-mittwoch-den-09-10\/\",\"name\":\"Vortrag Chemnitz Vital am Mittwoch den 09.10. - Michael Krell Triathlon Coaching\",\"isPartOf\":{\"@id\":\"https:\/\/www.michael-krell.com\/en\/#website\"},\"datePublished\":\"2013-09-27T07:16:00+00:00\",\"dateModified\":\"2017-04-13T14:01:19+00:00\",\"author\":{\"@id\":\"https:\/\/www.michael-krell.com\/en\/#\/schema\/person\/17d0c03cb1e15db7305e41b6170a4237\"},\"breadcrumb\":{\"@id\":\"https:\/\/www.michael-krell.com\/de\/vortrag-chemnitz-vital-am-mittwoch-den-09-10\/#breadcrumb\"},\"inLanguage\":\"de\",\"potentialAction\":[{\"@type\":\"ReadAction\",\"target\":[\"https:\/\/www.michael-krell.com\/de\/vortrag-chemnitz-vital-am-mittwoch-den-09-10\/\"]}]},{\"@type\":\"BreadcrumbList\",\"@id\":\"https:\/\/www.michael-krell.com\/de\/vortrag-chemnitz-vital-am-mittwoch-den-09-10\/#breadcrumb\",\"itemListElement\":[{\"@type\":\"ListItem\",\"position\":1,\"name\":\"Startseite\",\"item\":\"https:\/\/www.michael-krell.com\/en\/\"},{\"@type\":\"ListItem\",\"position\":2,\"name\":\"Vortrag Chemnitz Vital am Mittwoch den 09.10.\"}]},{\"@type\":\"WebSite\",\"@id\":\"https:\/\/www.michael-krell.com\/en\/#website\",\"url\":\"https:\/\/www.michael-krell.com\/en\/\",\"name\":\"Michael Krell Triathlon Coaching\",\"description\":\"\",\"potentialAction\":[{\"@type\":\"SearchAction\",\"target\":{\"@type\":\"EntryPoint\",\"urlTemplate\":\"https:\/\/www.michael-krell.com\/en\/?s={search_term_string}\"},\"query-input\":\"required name=search_term_string\"}],\"inLanguage\":\"de\"},{\"@type\":\"Person\",\"@id\":\"https:\/\/www.michael-krell.com\/en\/#\/schema\/person\/17d0c03cb1e15db7305e41b6170a4237\",\"name\":\"Michael Krell\",\"image\":{\"@type\":\"ImageObject\",\"inLanguage\":\"de\",\"@id\":\"https:\/\/www.michael-krell.com\/en\/#\/schema\/person\/image\/\",\"url\":\"https:\/\/secure.gravatar.com\/avatar\/33e39b9fbaf6777afb9b8559d921c4d22f4fd87cba8562434fa169fa71aeb1b3?s=96&d=mm&r=g\",\"contentUrl\":\"https:\/\/secure.gravatar.com\/avatar\/33e39b9fbaf6777afb9b8559d921c4d22f4fd87cba8562434fa169fa71aeb1b3?s=96&d=mm&r=g\",\"caption\":\"Michael Krell\"},\"url\":\"https:\/\/www.michael-krell.com\/de\/author\/krelli\/\"}]}<\/script>\n<!-- \/ Yoast SEO plugin. -->","yoast_head_json":{"title":"Vortrag Chemnitz Vital am Mittwoch den 09.10. - Michael Krell Triathlon Coaching","robots":{"index":"index","follow":"follow","max-snippet":"max-snippet:-1","max-image-preview":"max-image-preview:large","max-video-preview":"max-video-preview:-1"},"canonical":"https:\/\/www.michael-krell.com\/de\/vortrag-chemnitz-vital-am-mittwoch-den-09-10\/","og_locale":"de_DE","og_type":"article","og_title":"Vortrag Chemnitz Vital am Mittwoch den 09.10. - Michael Krell Triathlon Coaching","og_description":"Wer Lust hat und in der N\u00e4he wohnt, kommt gern vorbei. Neben dem Vortrag und jeder Menge Trainingstipps gibt es [&hellip;]","og_url":"https:\/\/www.michael-krell.com\/de\/vortrag-chemnitz-vital-am-mittwoch-den-09-10\/","og_site_name":"Michael Krell Triathlon Coaching","article_published_time":"2013-09-27T07:16:00+00:00","article_modified_time":"2017-04-13T14:01:19+00:00","og_image":[{"width":717,"height":1024,"url":"https:\/\/www.michael-krell.com\/wp-content\/uploads\/2013\/09\/Vortrag-FitVital2.jpg","type":"image\/jpeg"}],"author":"Michael Krell","twitter_card":"summary_large_image","twitter_misc":{"Verfasst von":"Michael Krell"},"schema":{"@context":"https:\/\/schema.org","@graph":[{"@type":"WebPage","@id":"https:\/\/www.michael-krell.com\/de\/vortrag-chemnitz-vital-am-mittwoch-den-09-10\/","url":"https:\/\/www.michael-krell.com\/de\/vortrag-chemnitz-vital-am-mittwoch-den-09-10\/","name":"Vortrag Chemnitz Vital am Mittwoch den 09.10. - Michael Krell Triathlon Coaching","isPartOf":{"@id":"https:\/\/www.michael-krell.com\/en\/#website"},"datePublished":"2013-09-27T07:16:00+00:00","dateModified":"2017-04-13T14:01:19+00:00","author":{"@id":"https:\/\/www.michael-krell.com\/en\/#\/schema\/person\/17d0c03cb1e15db7305e41b6170a4237"},"breadcrumb":{"@id":"https:\/\/www.michael-krell.com\/de\/vortrag-chemnitz-vital-am-mittwoch-den-09-10\/#breadcrumb"},"inLanguage":"de","potentialAction":[{"@type":"ReadAction","target":["https:\/\/www.michael-krell.com\/de\/vortrag-chemnitz-vital-am-mittwoch-den-09-10\/"]}]},{"@type":"BreadcrumbList","@id":"https:\/\/www.michael-krell.com\/de\/vortrag-chemnitz-vital-am-mittwoch-den-09-10\/#breadcrumb","itemListElement":[{"@type":"ListItem","position":1,"name":"Startseite","item":"https:\/\/www.michael-krell.com\/en\/"},{"@type":"ListItem","position":2,"name":"Vortrag Chemnitz Vital am Mittwoch den 09.10."}]},{"@type":"WebSite","@id":"https:\/\/www.michael-krell.com\/en\/#website","url":"https:\/\/www.michael-krell.com\/en\/","name":"Michael Krell Triathlon Coaching","description":"","potentialAction":[{"@type":"SearchAction","target":{"@type":"EntryPoint","urlTemplate":"https:\/\/www.michael-krell.com\/en\/?s={search_term_string}"},"query-input":"required name=search_term_string"}],"inLanguage":"de"},{"@type":"Person","@id":"https:\/\/www.michael-krell.com\/en\/#\/schema\/person\/17d0c03cb1e15db7305e41b6170a4237","name":"Michael Krell","image":{"@type":"ImageObject","inLanguage":"de","@id":"https:\/\/www.michael-krell.com\/en\/#\/schema\/person\/image\/","url":"https:\/\/secure.gravatar.com\/avatar\/33e39b9fbaf6777afb9b8559d921c4d22f4fd87cba8562434fa169fa71aeb1b3?s=96&d=mm&r=g","contentUrl":"https:\/\/secure.gravatar.com\/avatar\/33e39b9fbaf6777afb9b8559d921c4d22f4fd87cba8562434fa169fa71aeb1b3?s=96&d=mm&r=g","caption":"Michael Krell"},"url":"https:\/\/www.michael-krell.com\/de\/author\/krelli\/"}]}},"_links":{"self":[{"href":"https:\/\/www.michael-krell.com\/de\/wp-json\/wp\/v2\/posts\/236","targetHints":{"allow":["GET"]}}],"collection":[{"href":"https:\/\/www.michael-krell.com\/de\/wp-json\/wp\/v2\/posts"}],"about":[{"href":"https:\/\/www.michael-krell.com\/de\/wp-json\/wp\/v2\/types\/post"}],"author":[{"embeddable":true,"href":"https:\/\/www.michael-krell.com\/de\/wp-json\/wp\/v2\/users\/2"}],"replies":[{"embeddable":true,"href":"https:\/\/www.michael-krell.com\/de\/wp-json\/wp\/v2\/comments?post=236"}],"version-history":[{"count":1,"href":"https:\/\/www.michael-krell.com\/de\/wp-json\/wp\/v2\/posts\/236\/revisions"}],"predecessor-version":[{"id":3333,"href":"https:\/\/www.michael-krell.com\/de\/wp-json\/wp\/v2\/posts\/236\/revisions\/3333"}],"wp:featuredmedia":[{"embeddable":true,"href":"https:\/\/www.michael-krell.com\/de\/wp-json\/wp\/v2\/media\/1209"}],"wp:attachment":[{"href":"https:\/\/www.michael-krell.com\/de\/wp-json\/wp\/v2\/media?parent=236"}],"wp:term":[{"taxonomy":"category","embeddable":true,"href":"https:\/\/www.michael-krell.com\/de\/wp-json\/wp\/v2\/categories?post=236"},{"taxonomy":"post_tag","embeddable":true,"href":"https:\/\/www.michael-krell.com\/de\/wp-json\/wp\/v2\/tags?post=236"}],"curies":[{"name":"wp","href":"https:\/\/api.w.org\/{rel}","templated":true}]}}