{"id":2445,"date":"2015-03-12T15:12:54","date_gmt":"2015-03-12T14:12:54","guid":{"rendered":"http:\/\/www.michael-krell.com\/?p=2445"},"modified":"2017-04-13T14:56:48","modified_gmt":"2017-04-13T12:56:48","slug":"trainingscamp-zypern-schoen-wars","status":"publish","type":"post","link":"https:\/\/www.michael-krell.com\/de\/trainingscamp-zypern-schoen-wars\/","title":{"rendered":"Trainingscamp Zypern &#8211; sch\u00f6n wars!"},"content":{"rendered":"<p><a href=\"http:\/\/www.michael-krell.com\/wp-content\/uploads\/2015\/03\/Foto2.jpg\"><img loading=\"lazy\" decoding=\"async\" class=\"alignleft size-medium wp-image-2444\" src=\"http:\/\/www.michael-krell.com\/wp-content\/uploads\/2015\/03\/Foto2-300x225.jpg\" alt=\"Foto2\" width=\"300\" height=\"225\" srcset=\"https:\/\/www.michael-krell.com\/wp-content\/uploads\/2015\/03\/Foto2-300x225.jpg 300w, https:\/\/www.michael-krell.com\/wp-content\/uploads\/2015\/03\/Foto2.jpg 852w\" sizes=\"auto, (max-width: 300px) 100vw, 300px\" \/><\/a>Seit letzter Woche bin ich wieder aus Zypern zur\u00fcck. Genau richtig zum Fr\u00fchlingsanfang, wie mir scheint.<\/p>\n<p>Zypern war wie immer eine Reise wert. Anfangs sommerliche Temperaturen, in der Mitte mal 2 Wochen wechselhaft und zum Schluss wieder Knalle Sonne. Mit allen Guides, Trainern, Athleten und deren Freunde und Familien waren wir ca. 55 Teilnehmer in den 7 Wochen. Ich denke es hat nicht nur mir, sondern auch allen anderen gro\u00dfen Spa\u00df gemacht, und im n\u00e4chsten Jahr wiederholen wir das Ganze!! Wobei ich jetzt nach 7 Wochen Hotelzimmer auch froh bin wieder in den eigenen W\u00e4nden zu schlafen.<\/p>\n<p><a href=\"http:\/\/www.michael-krell.com\/wp-content\/uploads\/2015\/03\/Foto1.jpg\"><img loading=\"lazy\" decoding=\"async\" class=\"alignleft size-medium wp-image-2443\" src=\"http:\/\/www.michael-krell.com\/wp-content\/uploads\/2015\/03\/Foto1-300x225.jpg\" alt=\"Foto1\" width=\"300\" height=\"225\" srcset=\"https:\/\/www.michael-krell.com\/wp-content\/uploads\/2015\/03\/Foto1-300x225.jpg 300w, https:\/\/www.michael-krell.com\/wp-content\/uploads\/2015\/03\/Foto1-1024x768.jpg 1024w, https:\/\/www.michael-krell.com\/wp-content\/uploads\/2015\/03\/Foto1.jpg 1280w\" sizes=\"auto, (max-width: 300px) 100vw, 300px\" \/><\/a>Organisiert habe ich das Ganze zum Selbstkostenpreis. So konnte ich auch endlich mal Athleten kennenlernen die weiter weg wohnen und mit Ihnen gemeinsam trainieren. Mich pers\u00f6nlich hat es leider in den letzten beiden Wochen mit Fieber und Erk\u00e4ltung dahingerafft. Allerdings geht es mir inzwischen besser und ich steige wieder ins Training ein. Ohne ist irgendwie auch nix \ud83d\ude41<\/p>\n<p><a href=\"http:\/\/www.michael-krell.com\/wp-content\/uploads\/2015\/03\/Foto.jpg\"><img loading=\"lazy\" decoding=\"async\" class=\"alignleft size-medium wp-image-2442\" src=\"http:\/\/www.michael-krell.com\/wp-content\/uploads\/2015\/03\/Foto-300x225.jpg\" alt=\"Foto\" width=\"300\" height=\"225\" srcset=\"https:\/\/www.michael-krell.com\/wp-content\/uploads\/2015\/03\/Foto-300x225.jpg 300w, https:\/\/www.michael-krell.com\/wp-content\/uploads\/2015\/03\/Foto.jpg 852w\" sizes=\"auto, (max-width: 300px) 100vw, 300px\" \/><\/a>Wer noch Lust hat, das <a href=\"http:\/\/www.michael-krell.com\/?page_id=2264\" target=\"_blank\">Chiemsee-Wochenend-Camp<\/a> hat noch genau 2 Pl\u00e4tze frei.<\/p>\n<p>haut rein!<br \/>\nkrelli<\/p>\n","protected":false},"excerpt":{"rendered":"<p>Seit letzter Woche bin ich wieder aus Zypern zur\u00fcck. Genau richtig zum Fr\u00fchlingsanfang, wie mir scheint. Zypern war wie immer [&hellip;]<\/p>\n","protected":false},"author":2,"featured_media":2443,"comment_status":"closed","ping_status":"open","sticky":false,"template":"","format":"standard","meta":{"footnotes":""},"categories":[1219],"tags":[1123,1189,1187,1215,1081,1186,1188,1080],"class_list":["post-2445","post","type-post","status-publish","format-standard","has-post-thumbnail","hentry","category-coaching","tag-camp-zypern","tag-krelli","tag-michael-krell","tag-trainingscamp","tag-triathlon-coach-2","tag-triathlon-coaching","tag-triathlon-trainer","tag-triathlon-training-2"],"yoast_head":"<!-- This site is optimized with the Yoast SEO plugin v19.8 - https:\/\/yoast.com\/wordpress\/plugins\/seo\/ -->\n<title>Trainingscamp Zypern - sch\u00f6n wars! - Michael Krell Triathlon Coaching<\/title>\n<meta name=\"robots\" content=\"index, follow, max-snippet:-1, max-image-preview:large, max-video-preview:-1\" \/>\n<link rel=\"canonical\" href=\"https:\/\/www.michael-krell.com\/de\/trainingscamp-zypern-schoen-wars\/\" \/>\n<meta property=\"og:locale\" content=\"de_DE\" \/>\n<meta property=\"og:type\" content=\"article\" \/>\n<meta property=\"og:title\" content=\"Trainingscamp Zypern - sch\u00f6n wars! - Michael Krell Triathlon Coaching\" \/>\n<meta property=\"og:description\" content=\"Seit letzter Woche bin ich wieder aus Zypern zur\u00fcck. Genau richtig zum Fr\u00fchlingsanfang, wie mir scheint. Zypern war wie immer [&hellip;]\" \/>\n<meta property=\"og:url\" content=\"https:\/\/www.michael-krell.com\/de\/trainingscamp-zypern-schoen-wars\/\" \/>\n<meta property=\"og:site_name\" content=\"Michael Krell Triathlon Coaching\" \/>\n<meta property=\"article:published_time\" content=\"2015-03-12T14:12:54+00:00\" \/>\n<meta property=\"article:modified_time\" content=\"2017-04-13T12:56:48+00:00\" \/>\n<meta property=\"og:image\" content=\"https:\/\/www.michael-krell.com\/wp-content\/uploads\/2015\/03\/Foto1.jpg\" \/>\n\t<meta property=\"og:image:width\" content=\"1280\" \/>\n\t<meta property=\"og:image:height\" content=\"960\" \/>\n\t<meta property=\"og:image:type\" content=\"image\/jpeg\" \/>\n<meta name=\"author\" content=\"Michael Krell\" \/>\n<meta name=\"twitter:card\" content=\"summary_large_image\" \/>\n<meta name=\"twitter:label1\" content=\"Verfasst von\" \/>\n\t<meta name=\"twitter:data1\" content=\"Michael Krell\" \/>\n\t<meta name=\"twitter:label2\" content=\"Gesch\u00e4tzte Lesezeit\" \/>\n\t<meta name=\"twitter:data2\" content=\"1\u00a0Minute\" \/>\n<script type=\"application\/ld+json\" class=\"yoast-schema-graph\">{\"@context\":\"https:\/\/schema.org\",\"@graph\":[{\"@type\":\"WebPage\",\"@id\":\"https:\/\/www.michael-krell.com\/en\/trainingscamp-zypern-schoen-wars\/\",\"url\":\"https:\/\/www.michael-krell.com\/en\/trainingscamp-zypern-schoen-wars\/\",\"name\":\"Trainingscamp Zypern - sch\u00f6n wars! - Michael Krell Triathlon Coaching\",\"isPartOf\":{\"@id\":\"https:\/\/www.michael-krell.com\/en\/#website\"},\"datePublished\":\"2015-03-12T14:12:54+00:00\",\"dateModified\":\"2017-04-13T12:56:48+00:00\",\"author\":{\"@id\":\"https:\/\/www.michael-krell.com\/en\/#\/schema\/person\/17d0c03cb1e15db7305e41b6170a4237\"},\"breadcrumb\":{\"@id\":\"https:\/\/www.michael-krell.com\/en\/trainingscamp-zypern-schoen-wars\/#breadcrumb\"},\"inLanguage\":\"de\",\"potentialAction\":[{\"@type\":\"ReadAction\",\"target\":[\"https:\/\/www.michael-krell.com\/en\/trainingscamp-zypern-schoen-wars\/\"]}]},{\"@type\":\"BreadcrumbList\",\"@id\":\"https:\/\/www.michael-krell.com\/en\/trainingscamp-zypern-schoen-wars\/#breadcrumb\",\"itemListElement\":[{\"@type\":\"ListItem\",\"position\":1,\"name\":\"Startseite\",\"item\":\"https:\/\/www.michael-krell.com\/en\/\"},{\"@type\":\"ListItem\",\"position\":2,\"name\":\"Trainingscamp Zypern &#8211; sch\u00f6n wars!\"}]},{\"@type\":\"WebSite\",\"@id\":\"https:\/\/www.michael-krell.com\/en\/#website\",\"url\":\"https:\/\/www.michael-krell.com\/en\/\",\"name\":\"Michael Krell Triathlon Coaching\",\"description\":\"\",\"potentialAction\":[{\"@type\":\"SearchAction\",\"target\":{\"@type\":\"EntryPoint\",\"urlTemplate\":\"https:\/\/www.michael-krell.com\/en\/?s={search_term_string}\"},\"query-input\":\"required name=search_term_string\"}],\"inLanguage\":\"de\"},{\"@type\":\"Person\",\"@id\":\"https:\/\/www.michael-krell.com\/en\/#\/schema\/person\/17d0c03cb1e15db7305e41b6170a4237\",\"name\":\"Michael Krell\",\"image\":{\"@type\":\"ImageObject\",\"inLanguage\":\"de\",\"@id\":\"https:\/\/www.michael-krell.com\/en\/#\/schema\/person\/image\/\",\"url\":\"https:\/\/secure.gravatar.com\/avatar\/33e39b9fbaf6777afb9b8559d921c4d22f4fd87cba8562434fa169fa71aeb1b3?s=96&d=mm&r=g\",\"contentUrl\":\"https:\/\/secure.gravatar.com\/avatar\/33e39b9fbaf6777afb9b8559d921c4d22f4fd87cba8562434fa169fa71aeb1b3?s=96&d=mm&r=g\",\"caption\":\"Michael Krell\"},\"url\":\"https:\/\/www.michael-krell.com\/de\/author\/krelli\/\"}]}<\/script>\n<!-- \/ Yoast SEO plugin. -->","yoast_head_json":{"title":"Trainingscamp Zypern - sch\u00f6n wars! - Michael Krell Triathlon Coaching","robots":{"index":"index","follow":"follow","max-snippet":"max-snippet:-1","max-image-preview":"max-image-preview:large","max-video-preview":"max-video-preview:-1"},"canonical":"https:\/\/www.michael-krell.com\/de\/trainingscamp-zypern-schoen-wars\/","og_locale":"de_DE","og_type":"article","og_title":"Trainingscamp Zypern - sch\u00f6n wars! - Michael Krell Triathlon Coaching","og_description":"Seit letzter Woche bin ich wieder aus Zypern zur\u00fcck. Genau richtig zum Fr\u00fchlingsanfang, wie mir scheint. Zypern war wie immer [&hellip;]","og_url":"https:\/\/www.michael-krell.com\/de\/trainingscamp-zypern-schoen-wars\/","og_site_name":"Michael Krell Triathlon Coaching","article_published_time":"2015-03-12T14:12:54+00:00","article_modified_time":"2017-04-13T12:56:48+00:00","og_image":[{"width":1280,"height":960,"url":"https:\/\/www.michael-krell.com\/wp-content\/uploads\/2015\/03\/Foto1.jpg","type":"image\/jpeg"}],"author":"Michael Krell","twitter_card":"summary_large_image","twitter_misc":{"Verfasst von":"Michael Krell","Gesch\u00e4tzte Lesezeit":"1\u00a0Minute"},"schema":{"@context":"https:\/\/schema.org","@graph":[{"@type":"WebPage","@id":"https:\/\/www.michael-krell.com\/en\/trainingscamp-zypern-schoen-wars\/","url":"https:\/\/www.michael-krell.com\/en\/trainingscamp-zypern-schoen-wars\/","name":"Trainingscamp Zypern - sch\u00f6n wars! - Michael Krell Triathlon Coaching","isPartOf":{"@id":"https:\/\/www.michael-krell.com\/en\/#website"},"datePublished":"2015-03-12T14:12:54+00:00","dateModified":"2017-04-13T12:56:48+00:00","author":{"@id":"https:\/\/www.michael-krell.com\/en\/#\/schema\/person\/17d0c03cb1e15db7305e41b6170a4237"},"breadcrumb":{"@id":"https:\/\/www.michael-krell.com\/en\/trainingscamp-zypern-schoen-wars\/#breadcrumb"},"inLanguage":"de","potentialAction":[{"@type":"ReadAction","target":["https:\/\/www.michael-krell.com\/en\/trainingscamp-zypern-schoen-wars\/"]}]},{"@type":"BreadcrumbList","@id":"https:\/\/www.michael-krell.com\/en\/trainingscamp-zypern-schoen-wars\/#breadcrumb","itemListElement":[{"@type":"ListItem","position":1,"name":"Startseite","item":"https:\/\/www.michael-krell.com\/en\/"},{"@type":"ListItem","position":2,"name":"Trainingscamp Zypern &#8211; sch\u00f6n wars!"}]},{"@type":"WebSite","@id":"https:\/\/www.michael-krell.com\/en\/#website","url":"https:\/\/www.michael-krell.com\/en\/","name":"Michael Krell Triathlon Coaching","description":"","potentialAction":[{"@type":"SearchAction","target":{"@type":"EntryPoint","urlTemplate":"https:\/\/www.michael-krell.com\/en\/?s={search_term_string}"},"query-input":"required name=search_term_string"}],"inLanguage":"de"},{"@type":"Person","@id":"https:\/\/www.michael-krell.com\/en\/#\/schema\/person\/17d0c03cb1e15db7305e41b6170a4237","name":"Michael Krell","image":{"@type":"ImageObject","inLanguage":"de","@id":"https:\/\/www.michael-krell.com\/en\/#\/schema\/person\/image\/","url":"https:\/\/secure.gravatar.com\/avatar\/33e39b9fbaf6777afb9b8559d921c4d22f4fd87cba8562434fa169fa71aeb1b3?s=96&d=mm&r=g","contentUrl":"https:\/\/secure.gravatar.com\/avatar\/33e39b9fbaf6777afb9b8559d921c4d22f4fd87cba8562434fa169fa71aeb1b3?s=96&d=mm&r=g","caption":"Michael Krell"},"url":"https:\/\/www.michael-krell.com\/de\/author\/krelli\/"}]}},"_links":{"self":[{"href":"https:\/\/www.michael-krell.com\/de\/wp-json\/wp\/v2\/posts\/2445","targetHints":{"allow":["GET"]}}],"collection":[{"href":"https:\/\/www.michael-krell.com\/de\/wp-json\/wp\/v2\/posts"}],"about":[{"href":"https:\/\/www.michael-krell.com\/de\/wp-json\/wp\/v2\/types\/post"}],"author":[{"embeddable":true,"href":"https:\/\/www.michael-krell.com\/de\/wp-json\/wp\/v2\/users\/2"}],"replies":[{"embeddable":true,"href":"https:\/\/www.michael-krell.com\/de\/wp-json\/wp\/v2\/comments?post=2445"}],"version-history":[{"count":4,"href":"https:\/\/www.michael-krell.com\/de\/wp-json\/wp\/v2\/posts\/2445\/revisions"}],"predecessor-version":[{"id":3225,"href":"https:\/\/www.michael-krell.com\/de\/wp-json\/wp\/v2\/posts\/2445\/revisions\/3225"}],"wp:featuredmedia":[{"embeddable":true,"href":"https:\/\/www.michael-krell.com\/de\/wp-json\/wp\/v2\/media\/2443"}],"wp:attachment":[{"href":"https:\/\/www.michael-krell.com\/de\/wp-json\/wp\/v2\/media?parent=2445"}],"wp:term":[{"taxonomy":"category","embeddable":true,"href":"https:\/\/www.michael-krell.com\/de\/wp-json\/wp\/v2\/categories?post=2445"},{"taxonomy":"post_tag","embeddable":true,"href":"https:\/\/www.michael-krell.com\/de\/wp-json\/wp\/v2\/tags?post=2445"}],"curies":[{"name":"wp","href":"https:\/\/api.w.org\/{rel}","templated":true}]}}