{"id":247,"date":"2013-08-28T11:38:00","date_gmt":"2013-08-28T09:38:00","guid":{"rendered":"http:\/\/www.michael-krell.com\/?p=247"},"modified":"2017-04-13T16:05:26","modified_gmt":"2017-04-13T14:05:26","slug":"absage-challenge-barcelona","status":"publish","type":"post","link":"https:\/\/www.michael-krell.com\/de\/absage-challenge-barcelona\/","title":{"rendered":"Absage Challenge Barcelona"},"content":{"rendered":"<div style=\"clear: both; text-align: center;\"><\/div>\n<div style=\"clear: both; text-align: center;\"><a style=\"margin-left: 1em; margin-right: 1em;\" href=\"http:\/\/www.michael-krell.com\/wp-content\/uploads\/2013\/08\/7hhxTrp_OQZqgXj4TQOXy4VQMpNra3RILklKKwRdQ48.jpeg\"><img loading=\"lazy\" decoding=\"async\" src=\"http:\/\/www.michael-krell.com\/wp-content\/uploads\/2013\/08\/7hhxTrp_OQZqgXj4TQOXy4VQMpNra3RILklKKwRdQ48-300x214.jpeg\" width=\"400\" height=\"285\" border=\"0\" \/><\/a><\/div>\n<p>Schweren Herzens sage ich die Tage meine Teilnahme beim Challenge Barcelona ab. Der Grund ist recht simpel, bei mir ist f\u00fcr diese Saison einfach die Luft raus. Derzeit muss ich mich f\u00fcr jede Einheit im wahrsten Sinne des Wortes aufraffen, was mir heuer in der Roth`Vorbereitung noch nicht passiert ist. Im Gegenteil, da musste ich mich oft eher bremsen.<\/p>\n<div style=\"clear: both; text-align: center;\"><a style=\"margin-left: 1em; margin-right: 1em;\" href=\"http:\/\/www.michael-krell.com\/wp-content\/uploads\/2013\/08\/weber2.jpg\"><img loading=\"lazy\" decoding=\"async\" src=\"http:\/\/www.michael-krell.com\/wp-content\/uploads\/2013\/08\/weber2-199x300.jpg\" width=\"265\" height=\"400\" border=\"0\" \/><\/a><\/div>\n<p>Ein sicheres Zeichen daf\u00fcr das ich eine Pause einlegen sollte, um vor allem auf mental wieder frisch zu werden. Ich nehme den September jetzt einfach mal komplett raus und warte bis ich wieder Hunger auf Training bekomme. Alles in allem war die Saison f\u00fcr mich ein Erfolg. Neue Bestzeit \u00fcber die Langdistanz, trotz einiger Widrigkeiten auf dem Weg dahin.<\/p>\n<div style=\"clear: both; text-align: center;\"><a style=\"margin-left: 1em; margin-right: 1em;\" href=\"http:\/\/www.michael-krell.com\/wp-content\/uploads\/2013\/08\/702908135629662716.jpg\"><img loading=\"lazy\" decoding=\"async\" src=\"http:\/\/www.michael-krell.com\/wp-content\/uploads\/2013\/08\/702908135629662716-300x199.jpg\" width=\"400\" height=\"265\" border=\"0\" \/><\/a><\/div>\n<p>Jetzt konzentriere ich mich einfach mal auf andere Sachen, wie z.B. das neue Buch. Au\u00dferdem will ich auch mal am Wochenende faulenzen, zunehmen und feiern gehen \ud83d\ude09<\/p>\n<p>Ziele f\u00fcrs \u00dcbergangstraining w\u00e4ren dass ich endlich mal einen 10er in unter 36min laufe und dass ich im Wasser zum Delfin werde&#8230;haha<\/p>\n<div style=\"clear: both; text-align: center;\"><a style=\"margin-left: 1em; margin-right: 1em;\" href=\"http:\/\/www.michael-krell.com\/wp-content\/uploads\/2013\/08\/260220131042.jpg\"><img loading=\"lazy\" decoding=\"async\" src=\"http:\/\/www.michael-krell.com\/wp-content\/uploads\/2013\/08\/260220131042-300x225.jpg\" width=\"400\" height=\"300\" border=\"0\" \/><\/a><\/div>\n<p>Hat jemand Bock meinen Pro slot beim Challenge Barcelona zu \u00fcbernehmen? Ihr solltet halbwegs mit der ersten Startgruppe mitkommen, dann einfach mich kontaktieren.<\/p>\n<p>sonnige Gr\u00fc\u00dfe<br \/>\nkrelli<\/p>\n","protected":false},"excerpt":{"rendered":"<p>Schweren Herzens sage ich die Tage meine Teilnahme beim Challenge Barcelona ab. Der Grund ist recht simpel, bei mir ist [&hellip;]<\/p>\n","protected":false},"author":2,"featured_media":1229,"comment_status":"open","ping_status":"open","sticky":false,"template":"","format":"standard","meta":{"footnotes":""},"categories":[1220],"tags":[],"class_list":["post-247","post","type-post","status-publish","format-standard","has-post-thumbnail","hentry","category-privates"],"yoast_head":"<!-- This site is optimized with the Yoast SEO plugin v19.8 - https:\/\/yoast.com\/wordpress\/plugins\/seo\/ -->\n<title>Absage Challenge Barcelona - Michael Krell Triathlon Coaching<\/title>\n<meta name=\"robots\" content=\"index, follow, max-snippet:-1, max-image-preview:large, max-video-preview:-1\" \/>\n<link rel=\"canonical\" href=\"https:\/\/www.michael-krell.com\/de\/absage-challenge-barcelona\/\" \/>\n<meta property=\"og:locale\" content=\"de_DE\" \/>\n<meta property=\"og:type\" content=\"article\" \/>\n<meta property=\"og:title\" content=\"Absage Challenge Barcelona - Michael Krell Triathlon Coaching\" \/>\n<meta property=\"og:description\" content=\"Schweren Herzens sage ich die Tage meine Teilnahme beim Challenge Barcelona ab. Der Grund ist recht simpel, bei mir ist [&hellip;]\" \/>\n<meta property=\"og:url\" content=\"https:\/\/www.michael-krell.com\/de\/absage-challenge-barcelona\/\" \/>\n<meta property=\"og:site_name\" content=\"Michael Krell Triathlon Coaching\" \/>\n<meta property=\"article:published_time\" content=\"2013-08-28T09:38:00+00:00\" \/>\n<meta property=\"article:modified_time\" content=\"2017-04-13T14:05:26+00:00\" \/>\n<meta property=\"og:image\" content=\"https:\/\/www.michael-krell.com\/wp-content\/uploads\/2013\/08\/7hhxTrp_OQZqgXj4TQOXy4VQMpNra3RILklKKwRdQ48.jpeg\" \/>\n\t<meta property=\"og:image:width\" content=\"960\" \/>\n\t<meta property=\"og:image:height\" content=\"686\" \/>\n\t<meta property=\"og:image:type\" content=\"image\/jpeg\" \/>\n<meta name=\"author\" content=\"Michael Krell\" \/>\n<meta name=\"twitter:card\" content=\"summary_large_image\" \/>\n<meta name=\"twitter:label1\" content=\"Verfasst von\" \/>\n\t<meta name=\"twitter:data1\" content=\"Michael Krell\" \/>\n\t<meta name=\"twitter:label2\" content=\"Gesch\u00e4tzte Lesezeit\" \/>\n\t<meta name=\"twitter:data2\" content=\"1\u00a0Minute\" \/>\n<script type=\"application\/ld+json\" class=\"yoast-schema-graph\">{\"@context\":\"https:\/\/schema.org\",\"@graph\":[{\"@type\":\"WebPage\",\"@id\":\"https:\/\/www.michael-krell.com\/de\/absage-challenge-barcelona\/\",\"url\":\"https:\/\/www.michael-krell.com\/de\/absage-challenge-barcelona\/\",\"name\":\"Absage Challenge Barcelona - Michael Krell Triathlon Coaching\",\"isPartOf\":{\"@id\":\"https:\/\/www.michael-krell.com\/en\/#website\"},\"datePublished\":\"2013-08-28T09:38:00+00:00\",\"dateModified\":\"2017-04-13T14:05:26+00:00\",\"author\":{\"@id\":\"https:\/\/www.michael-krell.com\/en\/#\/schema\/person\/17d0c03cb1e15db7305e41b6170a4237\"},\"breadcrumb\":{\"@id\":\"https:\/\/www.michael-krell.com\/de\/absage-challenge-barcelona\/#breadcrumb\"},\"inLanguage\":\"de\",\"potentialAction\":[{\"@type\":\"ReadAction\",\"target\":[\"https:\/\/www.michael-krell.com\/de\/absage-challenge-barcelona\/\"]}]},{\"@type\":\"BreadcrumbList\",\"@id\":\"https:\/\/www.michael-krell.com\/de\/absage-challenge-barcelona\/#breadcrumb\",\"itemListElement\":[{\"@type\":\"ListItem\",\"position\":1,\"name\":\"Startseite\",\"item\":\"https:\/\/www.michael-krell.com\/en\/\"},{\"@type\":\"ListItem\",\"position\":2,\"name\":\"Absage Challenge Barcelona\"}]},{\"@type\":\"WebSite\",\"@id\":\"https:\/\/www.michael-krell.com\/en\/#website\",\"url\":\"https:\/\/www.michael-krell.com\/en\/\",\"name\":\"Michael Krell Triathlon Coaching\",\"description\":\"\",\"potentialAction\":[{\"@type\":\"SearchAction\",\"target\":{\"@type\":\"EntryPoint\",\"urlTemplate\":\"https:\/\/www.michael-krell.com\/en\/?s={search_term_string}\"},\"query-input\":\"required name=search_term_string\"}],\"inLanguage\":\"de\"},{\"@type\":\"Person\",\"@id\":\"https:\/\/www.michael-krell.com\/en\/#\/schema\/person\/17d0c03cb1e15db7305e41b6170a4237\",\"name\":\"Michael Krell\",\"image\":{\"@type\":\"ImageObject\",\"inLanguage\":\"de\",\"@id\":\"https:\/\/www.michael-krell.com\/en\/#\/schema\/person\/image\/\",\"url\":\"https:\/\/secure.gravatar.com\/avatar\/33e39b9fbaf6777afb9b8559d921c4d22f4fd87cba8562434fa169fa71aeb1b3?s=96&d=mm&r=g\",\"contentUrl\":\"https:\/\/secure.gravatar.com\/avatar\/33e39b9fbaf6777afb9b8559d921c4d22f4fd87cba8562434fa169fa71aeb1b3?s=96&d=mm&r=g\",\"caption\":\"Michael Krell\"},\"url\":\"https:\/\/www.michael-krell.com\/de\/author\/krelli\/\"}]}<\/script>\n<!-- \/ Yoast SEO plugin. -->","yoast_head_json":{"title":"Absage Challenge Barcelona - Michael Krell Triathlon Coaching","robots":{"index":"index","follow":"follow","max-snippet":"max-snippet:-1","max-image-preview":"max-image-preview:large","max-video-preview":"max-video-preview:-1"},"canonical":"https:\/\/www.michael-krell.com\/de\/absage-challenge-barcelona\/","og_locale":"de_DE","og_type":"article","og_title":"Absage Challenge Barcelona - Michael Krell Triathlon Coaching","og_description":"Schweren Herzens sage ich die Tage meine Teilnahme beim Challenge Barcelona ab. Der Grund ist recht simpel, bei mir ist [&hellip;]","og_url":"https:\/\/www.michael-krell.com\/de\/absage-challenge-barcelona\/","og_site_name":"Michael Krell Triathlon Coaching","article_published_time":"2013-08-28T09:38:00+00:00","article_modified_time":"2017-04-13T14:05:26+00:00","og_image":[{"width":960,"height":686,"url":"https:\/\/www.michael-krell.com\/wp-content\/uploads\/2013\/08\/7hhxTrp_OQZqgXj4TQOXy4VQMpNra3RILklKKwRdQ48.jpeg","type":"image\/jpeg"}],"author":"Michael Krell","twitter_card":"summary_large_image","twitter_misc":{"Verfasst von":"Michael Krell","Gesch\u00e4tzte Lesezeit":"1\u00a0Minute"},"schema":{"@context":"https:\/\/schema.org","@graph":[{"@type":"WebPage","@id":"https:\/\/www.michael-krell.com\/de\/absage-challenge-barcelona\/","url":"https:\/\/www.michael-krell.com\/de\/absage-challenge-barcelona\/","name":"Absage Challenge Barcelona - Michael Krell Triathlon Coaching","isPartOf":{"@id":"https:\/\/www.michael-krell.com\/en\/#website"},"datePublished":"2013-08-28T09:38:00+00:00","dateModified":"2017-04-13T14:05:26+00:00","author":{"@id":"https:\/\/www.michael-krell.com\/en\/#\/schema\/person\/17d0c03cb1e15db7305e41b6170a4237"},"breadcrumb":{"@id":"https:\/\/www.michael-krell.com\/de\/absage-challenge-barcelona\/#breadcrumb"},"inLanguage":"de","potentialAction":[{"@type":"ReadAction","target":["https:\/\/www.michael-krell.com\/de\/absage-challenge-barcelona\/"]}]},{"@type":"BreadcrumbList","@id":"https:\/\/www.michael-krell.com\/de\/absage-challenge-barcelona\/#breadcrumb","itemListElement":[{"@type":"ListItem","position":1,"name":"Startseite","item":"https:\/\/www.michael-krell.com\/en\/"},{"@type":"ListItem","position":2,"name":"Absage Challenge Barcelona"}]},{"@type":"WebSite","@id":"https:\/\/www.michael-krell.com\/en\/#website","url":"https:\/\/www.michael-krell.com\/en\/","name":"Michael Krell Triathlon Coaching","description":"","potentialAction":[{"@type":"SearchAction","target":{"@type":"EntryPoint","urlTemplate":"https:\/\/www.michael-krell.com\/en\/?s={search_term_string}"},"query-input":"required name=search_term_string"}],"inLanguage":"de"},{"@type":"Person","@id":"https:\/\/www.michael-krell.com\/en\/#\/schema\/person\/17d0c03cb1e15db7305e41b6170a4237","name":"Michael Krell","image":{"@type":"ImageObject","inLanguage":"de","@id":"https:\/\/www.michael-krell.com\/en\/#\/schema\/person\/image\/","url":"https:\/\/secure.gravatar.com\/avatar\/33e39b9fbaf6777afb9b8559d921c4d22f4fd87cba8562434fa169fa71aeb1b3?s=96&d=mm&r=g","contentUrl":"https:\/\/secure.gravatar.com\/avatar\/33e39b9fbaf6777afb9b8559d921c4d22f4fd87cba8562434fa169fa71aeb1b3?s=96&d=mm&r=g","caption":"Michael Krell"},"url":"https:\/\/www.michael-krell.com\/de\/author\/krelli\/"}]}},"_links":{"self":[{"href":"https:\/\/www.michael-krell.com\/de\/wp-json\/wp\/v2\/posts\/247","targetHints":{"allow":["GET"]}}],"collection":[{"href":"https:\/\/www.michael-krell.com\/de\/wp-json\/wp\/v2\/posts"}],"about":[{"href":"https:\/\/www.michael-krell.com\/de\/wp-json\/wp\/v2\/types\/post"}],"author":[{"embeddable":true,"href":"https:\/\/www.michael-krell.com\/de\/wp-json\/wp\/v2\/users\/2"}],"replies":[{"embeddable":true,"href":"https:\/\/www.michael-krell.com\/de\/wp-json\/wp\/v2\/comments?post=247"}],"version-history":[{"count":1,"href":"https:\/\/www.michael-krell.com\/de\/wp-json\/wp\/v2\/posts\/247\/revisions"}],"predecessor-version":[{"id":3344,"href":"https:\/\/www.michael-krell.com\/de\/wp-json\/wp\/v2\/posts\/247\/revisions\/3344"}],"wp:featuredmedia":[{"embeddable":true,"href":"https:\/\/www.michael-krell.com\/de\/wp-json\/wp\/v2\/media\/1229"}],"wp:attachment":[{"href":"https:\/\/www.michael-krell.com\/de\/wp-json\/wp\/v2\/media?parent=247"}],"wp:term":[{"taxonomy":"category","embeddable":true,"href":"https:\/\/www.michael-krell.com\/de\/wp-json\/wp\/v2\/categories?post=247"},{"taxonomy":"post_tag","embeddable":true,"href":"https:\/\/www.michael-krell.com\/de\/wp-json\/wp\/v2\/tags?post=247"}],"curies":[{"name":"wp","href":"https:\/\/api.w.org\/{rel}","templated":true}]}}