{"id":2491,"date":"2015-06-16T08:56:21","date_gmt":"2015-06-16T06:56:21","guid":{"rendered":"http:\/\/www.michael-krell.com\/?p=2491"},"modified":"2017-04-13T14:53:51","modified_gmt":"2017-04-13T12:53:51","slug":"leon-gewinnt-in-ingolstadt-und-armin-wird-zweiter-in-moritzburg","status":"publish","type":"post","link":"https:\/\/www.michael-krell.com\/de\/leon-gewinnt-in-ingolstadt-und-armin-wird-zweiter-in-moritzburg\/","title":{"rendered":"Leon gewinnt in Ingolstadt und Armin wird Zweiter in Moritzburg"},"content":{"rendered":"<p><a href=\"http:\/\/www.michael-krell.com\/wp-content\/uploads\/2015\/06\/Leon-MD-Ingolstadt15.jpg\"><img loading=\"lazy\" decoding=\"async\" class=\"alignleft size-medium wp-image-2490\" src=\"http:\/\/www.michael-krell.com\/wp-content\/uploads\/2015\/06\/Leon-MD-Ingolstadt15-213x300.jpg\" alt=\"Leon MD Ingolstadt15\" width=\"213\" height=\"300\" srcset=\"https:\/\/www.michael-krell.com\/wp-content\/uploads\/2015\/06\/Leon-MD-Ingolstadt15-213x300.jpg 213w, https:\/\/www.michael-krell.com\/wp-content\/uploads\/2015\/06\/Leon-MD-Ingolstadt15.jpg 684w\" sizes=\"auto, (max-width: 213px) 100vw, 213px\" \/><\/a><a href=\"http:\/\/www.michael-krell.com\/wp-content\/uploads\/2015\/06\/Armin-Moritzburg15.jpg\"><img loading=\"lazy\" decoding=\"async\" class=\"alignleft size-medium wp-image-2489\" src=\"http:\/\/www.michael-krell.com\/wp-content\/uploads\/2015\/06\/Armin-Moritzburg15-300x296.jpg\" alt=\"Armin Moritzburg15\" width=\"300\" height=\"296\" srcset=\"https:\/\/www.michael-krell.com\/wp-content\/uploads\/2015\/06\/Armin-Moritzburg15-300x296.jpg 300w, https:\/\/www.michael-krell.com\/wp-content\/uploads\/2015\/06\/Armin-Moritzburg15.jpg 960w\" sizes=\"auto, (max-width: 300px) 100vw, 300px\" \/><\/a>Letztes Wochenende war wieder einiges los bei meinen Athleten und viele bestritten sehr erfolgreiche Rennen. Als Trainer freue ich mich nat\u00fcrlich ebenso\u00a0\u00fcber jeden einzelnen pers\u00f6nlichen Erfolg meiner Sch\u00fctzlinge. Kurz hervorheben m\u00f6chte ich dass u.a. Leon Mattis die Mitteldistanz in Ingolstadt f\u00fcr sich entscheiden konnte. Armin Atzlinger schrammte knapp am Siegerpodest auf der Langdistanz in Moritzburg vorbei und belegte in 9:12h den zweiten Platz.<\/p>\n","protected":false},"excerpt":{"rendered":"<p>Letztes Wochenende war wieder einiges los bei meinen Athleten und viele bestritten sehr erfolgreiche Rennen. Als Trainer freue ich mich [&hellip;]<\/p>\n","protected":false},"author":2,"featured_media":2494,"comment_status":"closed","ping_status":"open","sticky":false,"template":"","format":"standard","meta":{"footnotes":""},"categories":[1220],"tags":[1200,1189,1127,1187,1081,1186,1204,1128,1188,1080],"class_list":["post-2491","post","type-post","status-publish","format-standard","has-post-thumbnail","hentry","category-privates","tag-armin-atzlinger","tag-krelli","tag-leon-mattis","tag-michael-krell","tag-triathlon-coach-2","tag-triathlon-coaching","tag-triathlon-ingolstadt","tag-triathlon-moritzburg","tag-triathlon-trainer","tag-triathlon-training-2"],"yoast_head":"<!-- This site is optimized with the Yoast SEO plugin v19.8 - https:\/\/yoast.com\/wordpress\/plugins\/seo\/ -->\n<title>Leon gewinnt in Ingolstadt und Armin wird Zweiter in Moritzburg - Michael Krell Triathlon Coaching<\/title>\n<meta name=\"robots\" content=\"index, follow, max-snippet:-1, max-image-preview:large, max-video-preview:-1\" \/>\n<link rel=\"canonical\" href=\"https:\/\/www.michael-krell.com\/de\/leon-gewinnt-in-ingolstadt-und-armin-wird-zweiter-in-moritzburg\/\" \/>\n<meta property=\"og:locale\" content=\"de_DE\" \/>\n<meta property=\"og:type\" content=\"article\" \/>\n<meta property=\"og:title\" content=\"Leon gewinnt in Ingolstadt und Armin wird Zweiter in Moritzburg - Michael Krell Triathlon Coaching\" \/>\n<meta property=\"og:description\" content=\"Letztes Wochenende war wieder einiges los bei meinen Athleten und viele bestritten sehr erfolgreiche Rennen. Als Trainer freue ich mich [&hellip;]\" \/>\n<meta property=\"og:url\" content=\"https:\/\/www.michael-krell.com\/de\/leon-gewinnt-in-ingolstadt-und-armin-wird-zweiter-in-moritzburg\/\" \/>\n<meta property=\"og:site_name\" content=\"Michael Krell Triathlon Coaching\" \/>\n<meta property=\"article:published_time\" content=\"2015-06-16T06:56:21+00:00\" \/>\n<meta property=\"article:modified_time\" content=\"2017-04-13T12:53:51+00:00\" \/>\n<meta property=\"og:image\" content=\"https:\/\/www.michael-krell.com\/wp-content\/uploads\/2015\/06\/Armin_Moritzburg15.jpg\" \/>\n\t<meta property=\"og:image:width\" content=\"959\" \/>\n\t<meta property=\"og:image:height\" content=\"693\" \/>\n\t<meta property=\"og:image:type\" content=\"image\/jpeg\" \/>\n<meta name=\"author\" content=\"Michael Krell\" \/>\n<meta name=\"twitter:card\" content=\"summary_large_image\" \/>\n<meta name=\"twitter:label1\" content=\"Verfasst von\" \/>\n\t<meta name=\"twitter:data1\" content=\"Michael Krell\" \/>\n<script type=\"application\/ld+json\" class=\"yoast-schema-graph\">{\"@context\":\"https:\/\/schema.org\",\"@graph\":[{\"@type\":\"WebPage\",\"@id\":\"https:\/\/www.michael-krell.com\/en\/leon-gewinnt-in-ingolstadt-und-armin-wird-zweiter-in-moritzburg\/\",\"url\":\"https:\/\/www.michael-krell.com\/en\/leon-gewinnt-in-ingolstadt-und-armin-wird-zweiter-in-moritzburg\/\",\"name\":\"Leon gewinnt in Ingolstadt und Armin wird Zweiter in Moritzburg - Michael Krell Triathlon Coaching\",\"isPartOf\":{\"@id\":\"https:\/\/www.michael-krell.com\/en\/#website\"},\"datePublished\":\"2015-06-16T06:56:21+00:00\",\"dateModified\":\"2017-04-13T12:53:51+00:00\",\"author\":{\"@id\":\"https:\/\/www.michael-krell.com\/en\/#\/schema\/person\/17d0c03cb1e15db7305e41b6170a4237\"},\"breadcrumb\":{\"@id\":\"https:\/\/www.michael-krell.com\/en\/leon-gewinnt-in-ingolstadt-und-armin-wird-zweiter-in-moritzburg\/#breadcrumb\"},\"inLanguage\":\"de\",\"potentialAction\":[{\"@type\":\"ReadAction\",\"target\":[\"https:\/\/www.michael-krell.com\/en\/leon-gewinnt-in-ingolstadt-und-armin-wird-zweiter-in-moritzburg\/\"]}]},{\"@type\":\"BreadcrumbList\",\"@id\":\"https:\/\/www.michael-krell.com\/en\/leon-gewinnt-in-ingolstadt-und-armin-wird-zweiter-in-moritzburg\/#breadcrumb\",\"itemListElement\":[{\"@type\":\"ListItem\",\"position\":1,\"name\":\"Startseite\",\"item\":\"https:\/\/www.michael-krell.com\/en\/\"},{\"@type\":\"ListItem\",\"position\":2,\"name\":\"Leon gewinnt in Ingolstadt und Armin wird Zweiter in Moritzburg\"}]},{\"@type\":\"WebSite\",\"@id\":\"https:\/\/www.michael-krell.com\/en\/#website\",\"url\":\"https:\/\/www.michael-krell.com\/en\/\",\"name\":\"Michael Krell Triathlon Coaching\",\"description\":\"\",\"potentialAction\":[{\"@type\":\"SearchAction\",\"target\":{\"@type\":\"EntryPoint\",\"urlTemplate\":\"https:\/\/www.michael-krell.com\/en\/?s={search_term_string}\"},\"query-input\":\"required name=search_term_string\"}],\"inLanguage\":\"de\"},{\"@type\":\"Person\",\"@id\":\"https:\/\/www.michael-krell.com\/en\/#\/schema\/person\/17d0c03cb1e15db7305e41b6170a4237\",\"name\":\"Michael Krell\",\"image\":{\"@type\":\"ImageObject\",\"inLanguage\":\"de\",\"@id\":\"https:\/\/www.michael-krell.com\/en\/#\/schema\/person\/image\/\",\"url\":\"https:\/\/secure.gravatar.com\/avatar\/33e39b9fbaf6777afb9b8559d921c4d22f4fd87cba8562434fa169fa71aeb1b3?s=96&d=mm&r=g\",\"contentUrl\":\"https:\/\/secure.gravatar.com\/avatar\/33e39b9fbaf6777afb9b8559d921c4d22f4fd87cba8562434fa169fa71aeb1b3?s=96&d=mm&r=g\",\"caption\":\"Michael Krell\"},\"url\":\"https:\/\/www.michael-krell.com\/de\/author\/krelli\/\"}]}<\/script>\n<!-- \/ Yoast SEO plugin. -->","yoast_head_json":{"title":"Leon gewinnt in Ingolstadt und Armin wird Zweiter in Moritzburg - Michael Krell Triathlon Coaching","robots":{"index":"index","follow":"follow","max-snippet":"max-snippet:-1","max-image-preview":"max-image-preview:large","max-video-preview":"max-video-preview:-1"},"canonical":"https:\/\/www.michael-krell.com\/de\/leon-gewinnt-in-ingolstadt-und-armin-wird-zweiter-in-moritzburg\/","og_locale":"de_DE","og_type":"article","og_title":"Leon gewinnt in Ingolstadt und Armin wird Zweiter in Moritzburg - Michael Krell Triathlon Coaching","og_description":"Letztes Wochenende war wieder einiges los bei meinen Athleten und viele bestritten sehr erfolgreiche Rennen. Als Trainer freue ich mich [&hellip;]","og_url":"https:\/\/www.michael-krell.com\/de\/leon-gewinnt-in-ingolstadt-und-armin-wird-zweiter-in-moritzburg\/","og_site_name":"Michael Krell Triathlon Coaching","article_published_time":"2015-06-16T06:56:21+00:00","article_modified_time":"2017-04-13T12:53:51+00:00","og_image":[{"width":959,"height":693,"url":"https:\/\/www.michael-krell.com\/wp-content\/uploads\/2015\/06\/Armin_Moritzburg15.jpg","type":"image\/jpeg"}],"author":"Michael Krell","twitter_card":"summary_large_image","twitter_misc":{"Verfasst von":"Michael Krell"},"schema":{"@context":"https:\/\/schema.org","@graph":[{"@type":"WebPage","@id":"https:\/\/www.michael-krell.com\/en\/leon-gewinnt-in-ingolstadt-und-armin-wird-zweiter-in-moritzburg\/","url":"https:\/\/www.michael-krell.com\/en\/leon-gewinnt-in-ingolstadt-und-armin-wird-zweiter-in-moritzburg\/","name":"Leon gewinnt in Ingolstadt und Armin wird Zweiter in Moritzburg - Michael Krell Triathlon Coaching","isPartOf":{"@id":"https:\/\/www.michael-krell.com\/en\/#website"},"datePublished":"2015-06-16T06:56:21+00:00","dateModified":"2017-04-13T12:53:51+00:00","author":{"@id":"https:\/\/www.michael-krell.com\/en\/#\/schema\/person\/17d0c03cb1e15db7305e41b6170a4237"},"breadcrumb":{"@id":"https:\/\/www.michael-krell.com\/en\/leon-gewinnt-in-ingolstadt-und-armin-wird-zweiter-in-moritzburg\/#breadcrumb"},"inLanguage":"de","potentialAction":[{"@type":"ReadAction","target":["https:\/\/www.michael-krell.com\/en\/leon-gewinnt-in-ingolstadt-und-armin-wird-zweiter-in-moritzburg\/"]}]},{"@type":"BreadcrumbList","@id":"https:\/\/www.michael-krell.com\/en\/leon-gewinnt-in-ingolstadt-und-armin-wird-zweiter-in-moritzburg\/#breadcrumb","itemListElement":[{"@type":"ListItem","position":1,"name":"Startseite","item":"https:\/\/www.michael-krell.com\/en\/"},{"@type":"ListItem","position":2,"name":"Leon gewinnt in Ingolstadt und Armin wird Zweiter in Moritzburg"}]},{"@type":"WebSite","@id":"https:\/\/www.michael-krell.com\/en\/#website","url":"https:\/\/www.michael-krell.com\/en\/","name":"Michael Krell Triathlon Coaching","description":"","potentialAction":[{"@type":"SearchAction","target":{"@type":"EntryPoint","urlTemplate":"https:\/\/www.michael-krell.com\/en\/?s={search_term_string}"},"query-input":"required name=search_term_string"}],"inLanguage":"de"},{"@type":"Person","@id":"https:\/\/www.michael-krell.com\/en\/#\/schema\/person\/17d0c03cb1e15db7305e41b6170a4237","name":"Michael Krell","image":{"@type":"ImageObject","inLanguage":"de","@id":"https:\/\/www.michael-krell.com\/en\/#\/schema\/person\/image\/","url":"https:\/\/secure.gravatar.com\/avatar\/33e39b9fbaf6777afb9b8559d921c4d22f4fd87cba8562434fa169fa71aeb1b3?s=96&d=mm&r=g","contentUrl":"https:\/\/secure.gravatar.com\/avatar\/33e39b9fbaf6777afb9b8559d921c4d22f4fd87cba8562434fa169fa71aeb1b3?s=96&d=mm&r=g","caption":"Michael Krell"},"url":"https:\/\/www.michael-krell.com\/de\/author\/krelli\/"}]}},"_links":{"self":[{"href":"https:\/\/www.michael-krell.com\/de\/wp-json\/wp\/v2\/posts\/2491","targetHints":{"allow":["GET"]}}],"collection":[{"href":"https:\/\/www.michael-krell.com\/de\/wp-json\/wp\/v2\/posts"}],"about":[{"href":"https:\/\/www.michael-krell.com\/de\/wp-json\/wp\/v2\/types\/post"}],"author":[{"embeddable":true,"href":"https:\/\/www.michael-krell.com\/de\/wp-json\/wp\/v2\/users\/2"}],"replies":[{"embeddable":true,"href":"https:\/\/www.michael-krell.com\/de\/wp-json\/wp\/v2\/comments?post=2491"}],"version-history":[{"count":5,"href":"https:\/\/www.michael-krell.com\/de\/wp-json\/wp\/v2\/posts\/2491\/revisions"}],"predecessor-version":[{"id":2497,"href":"https:\/\/www.michael-krell.com\/de\/wp-json\/wp\/v2\/posts\/2491\/revisions\/2497"}],"wp:featuredmedia":[{"embeddable":true,"href":"https:\/\/www.michael-krell.com\/de\/wp-json\/wp\/v2\/media\/2494"}],"wp:attachment":[{"href":"https:\/\/www.michael-krell.com\/de\/wp-json\/wp\/v2\/media?parent=2491"}],"wp:term":[{"taxonomy":"category","embeddable":true,"href":"https:\/\/www.michael-krell.com\/de\/wp-json\/wp\/v2\/categories?post=2491"},{"taxonomy":"post_tag","embeddable":true,"href":"https:\/\/www.michael-krell.com\/de\/wp-json\/wp\/v2\/tags?post=2491"}],"curies":[{"name":"wp","href":"https:\/\/api.w.org\/{rel}","templated":true}]}}