{"id":251,"date":"2013-08-16T10:58:00","date_gmt":"2013-08-16T08:58:00","guid":{"rendered":"http:\/\/www.michael-krell.com\/?p=251"},"modified":"2017-04-13T16:06:21","modified_gmt":"2017-04-13T14:06:21","slug":"fruehstueck-nach-dem-schwimmen","status":"publish","type":"post","link":"https:\/\/www.michael-krell.com\/de\/fruehstueck-nach-dem-schwimmen\/","title":{"rendered":"Fr\u00fchst\u00fcck nach dem Schwimmen"},"content":{"rendered":"<p>So, heute ging der Tag recht bald los. Sieben Uhr stand ich ander Pforte zum Fitnessstudio. Anschlie\u00dfend auf dem R\u00fcckweg noch zum Schwimmen im Bayern07 Bad, alles leer und keiner da. Und das obwohl die Sonne drau\u00dfen war.<\/p>\n<div style=\"clear: both; text-align: center;\"><a style=\"margin-left: 1em; margin-right: 1em;\" href=\"http:\/\/www.michael-krell.com\/wp-content\/uploads\/2013\/08\/fr-C3-BChst-C3-BCck.jpg\"><img loading=\"lazy\" decoding=\"async\" src=\"http:\/\/www.michael-krell.com\/wp-content\/uploads\/2013\/08\/fr-C3-BChst-C3-BCck-300x224.jpg\" width=\"400\" height=\"298\" border=\"0\" \/><\/a><\/div>\n<p>Jetzt dann Fr\u00fchst\u00fcck, Obst und zwei Scheiben Eiwei\u00dfbrot, einmal mit Thunfisch und das andere mit Putenbrust und K\u00e4se. Jetzt erstmal arbeiten und der Tag kann beginnen \ud83d\ude42<\/p>\n<p>sch\u00f6nes Wochenende!<br \/>\nkrelli<\/p>\n","protected":false},"excerpt":{"rendered":"<p>So, heute ging der Tag recht bald los. Sieben Uhr stand ich ander Pforte zum Fitnessstudio. Anschlie\u00dfend auf dem R\u00fcckweg [&hellip;]<\/p>\n","protected":false},"author":2,"featured_media":1239,"comment_status":"open","ping_status":"open","sticky":false,"template":"","format":"standard","meta":{"footnotes":""},"categories":[1220],"tags":[],"class_list":["post-251","post","type-post","status-publish","format-standard","has-post-thumbnail","hentry","category-privates"],"yoast_head":"<!-- This site is optimized with the Yoast SEO plugin v19.8 - https:\/\/yoast.com\/wordpress\/plugins\/seo\/ -->\n<title>Fr\u00fchst\u00fcck nach dem Schwimmen - Michael Krell Triathlon Coaching<\/title>\n<meta name=\"robots\" content=\"index, follow, max-snippet:-1, max-image-preview:large, max-video-preview:-1\" \/>\n<link rel=\"canonical\" href=\"https:\/\/www.michael-krell.com\/de\/fruehstueck-nach-dem-schwimmen\/\" \/>\n<meta property=\"og:locale\" content=\"de_DE\" \/>\n<meta property=\"og:type\" content=\"article\" \/>\n<meta property=\"og:title\" content=\"Fr\u00fchst\u00fcck nach dem Schwimmen - Michael Krell Triathlon Coaching\" \/>\n<meta property=\"og:description\" content=\"So, heute ging der Tag recht bald los. Sieben Uhr stand ich ander Pforte zum Fitnessstudio. Anschlie\u00dfend auf dem R\u00fcckweg [&hellip;]\" \/>\n<meta property=\"og:url\" content=\"https:\/\/www.michael-krell.com\/de\/fruehstueck-nach-dem-schwimmen\/\" \/>\n<meta property=\"og:site_name\" content=\"Michael Krell Triathlon Coaching\" \/>\n<meta property=\"article:published_time\" content=\"2013-08-16T08:58:00+00:00\" \/>\n<meta property=\"article:modified_time\" content=\"2017-04-13T14:06:21+00:00\" \/>\n<meta property=\"og:image\" content=\"https:\/\/www.michael-krell.com\/wp-content\/uploads\/2013\/08\/fr-C3-BChst-C3-BCck.jpg\" \/>\n\t<meta property=\"og:image:width\" content=\"640\" \/>\n\t<meta property=\"og:image:height\" content=\"478\" \/>\n\t<meta property=\"og:image:type\" content=\"image\/jpeg\" \/>\n<meta name=\"author\" content=\"Michael Krell\" \/>\n<meta name=\"twitter:card\" content=\"summary_large_image\" \/>\n<meta name=\"twitter:label1\" content=\"Verfasst von\" \/>\n\t<meta name=\"twitter:data1\" content=\"Michael Krell\" \/>\n<script type=\"application\/ld+json\" class=\"yoast-schema-graph\">{\"@context\":\"https:\/\/schema.org\",\"@graph\":[{\"@type\":\"WebPage\",\"@id\":\"https:\/\/www.michael-krell.com\/de\/fruehstueck-nach-dem-schwimmen\/\",\"url\":\"https:\/\/www.michael-krell.com\/de\/fruehstueck-nach-dem-schwimmen\/\",\"name\":\"Fr\u00fchst\u00fcck nach dem Schwimmen - Michael Krell Triathlon Coaching\",\"isPartOf\":{\"@id\":\"https:\/\/www.michael-krell.com\/en\/#website\"},\"datePublished\":\"2013-08-16T08:58:00+00:00\",\"dateModified\":\"2017-04-13T14:06:21+00:00\",\"author\":{\"@id\":\"https:\/\/www.michael-krell.com\/en\/#\/schema\/person\/17d0c03cb1e15db7305e41b6170a4237\"},\"breadcrumb\":{\"@id\":\"https:\/\/www.michael-krell.com\/de\/fruehstueck-nach-dem-schwimmen\/#breadcrumb\"},\"inLanguage\":\"de\",\"potentialAction\":[{\"@type\":\"ReadAction\",\"target\":[\"https:\/\/www.michael-krell.com\/de\/fruehstueck-nach-dem-schwimmen\/\"]}]},{\"@type\":\"BreadcrumbList\",\"@id\":\"https:\/\/www.michael-krell.com\/de\/fruehstueck-nach-dem-schwimmen\/#breadcrumb\",\"itemListElement\":[{\"@type\":\"ListItem\",\"position\":1,\"name\":\"Startseite\",\"item\":\"https:\/\/www.michael-krell.com\/en\/\"},{\"@type\":\"ListItem\",\"position\":2,\"name\":\"Fr\u00fchst\u00fcck nach dem Schwimmen\"}]},{\"@type\":\"WebSite\",\"@id\":\"https:\/\/www.michael-krell.com\/en\/#website\",\"url\":\"https:\/\/www.michael-krell.com\/en\/\",\"name\":\"Michael Krell Triathlon Coaching\",\"description\":\"\",\"potentialAction\":[{\"@type\":\"SearchAction\",\"target\":{\"@type\":\"EntryPoint\",\"urlTemplate\":\"https:\/\/www.michael-krell.com\/en\/?s={search_term_string}\"},\"query-input\":\"required name=search_term_string\"}],\"inLanguage\":\"de\"},{\"@type\":\"Person\",\"@id\":\"https:\/\/www.michael-krell.com\/en\/#\/schema\/person\/17d0c03cb1e15db7305e41b6170a4237\",\"name\":\"Michael Krell\",\"image\":{\"@type\":\"ImageObject\",\"inLanguage\":\"de\",\"@id\":\"https:\/\/www.michael-krell.com\/en\/#\/schema\/person\/image\/\",\"url\":\"https:\/\/secure.gravatar.com\/avatar\/33e39b9fbaf6777afb9b8559d921c4d22f4fd87cba8562434fa169fa71aeb1b3?s=96&d=mm&r=g\",\"contentUrl\":\"https:\/\/secure.gravatar.com\/avatar\/33e39b9fbaf6777afb9b8559d921c4d22f4fd87cba8562434fa169fa71aeb1b3?s=96&d=mm&r=g\",\"caption\":\"Michael Krell\"},\"url\":\"https:\/\/www.michael-krell.com\/de\/author\/krelli\/\"}]}<\/script>\n<!-- \/ Yoast SEO plugin. -->","yoast_head_json":{"title":"Fr\u00fchst\u00fcck nach dem Schwimmen - Michael Krell Triathlon Coaching","robots":{"index":"index","follow":"follow","max-snippet":"max-snippet:-1","max-image-preview":"max-image-preview:large","max-video-preview":"max-video-preview:-1"},"canonical":"https:\/\/www.michael-krell.com\/de\/fruehstueck-nach-dem-schwimmen\/","og_locale":"de_DE","og_type":"article","og_title":"Fr\u00fchst\u00fcck nach dem Schwimmen - Michael Krell Triathlon Coaching","og_description":"So, heute ging der Tag recht bald los. Sieben Uhr stand ich ander Pforte zum Fitnessstudio. Anschlie\u00dfend auf dem R\u00fcckweg [&hellip;]","og_url":"https:\/\/www.michael-krell.com\/de\/fruehstueck-nach-dem-schwimmen\/","og_site_name":"Michael Krell Triathlon Coaching","article_published_time":"2013-08-16T08:58:00+00:00","article_modified_time":"2017-04-13T14:06:21+00:00","og_image":[{"width":640,"height":478,"url":"https:\/\/www.michael-krell.com\/wp-content\/uploads\/2013\/08\/fr-C3-BChst-C3-BCck.jpg","type":"image\/jpeg"}],"author":"Michael Krell","twitter_card":"summary_large_image","twitter_misc":{"Verfasst von":"Michael Krell"},"schema":{"@context":"https:\/\/schema.org","@graph":[{"@type":"WebPage","@id":"https:\/\/www.michael-krell.com\/de\/fruehstueck-nach-dem-schwimmen\/","url":"https:\/\/www.michael-krell.com\/de\/fruehstueck-nach-dem-schwimmen\/","name":"Fr\u00fchst\u00fcck nach dem Schwimmen - Michael Krell Triathlon Coaching","isPartOf":{"@id":"https:\/\/www.michael-krell.com\/en\/#website"},"datePublished":"2013-08-16T08:58:00+00:00","dateModified":"2017-04-13T14:06:21+00:00","author":{"@id":"https:\/\/www.michael-krell.com\/en\/#\/schema\/person\/17d0c03cb1e15db7305e41b6170a4237"},"breadcrumb":{"@id":"https:\/\/www.michael-krell.com\/de\/fruehstueck-nach-dem-schwimmen\/#breadcrumb"},"inLanguage":"de","potentialAction":[{"@type":"ReadAction","target":["https:\/\/www.michael-krell.com\/de\/fruehstueck-nach-dem-schwimmen\/"]}]},{"@type":"BreadcrumbList","@id":"https:\/\/www.michael-krell.com\/de\/fruehstueck-nach-dem-schwimmen\/#breadcrumb","itemListElement":[{"@type":"ListItem","position":1,"name":"Startseite","item":"https:\/\/www.michael-krell.com\/en\/"},{"@type":"ListItem","position":2,"name":"Fr\u00fchst\u00fcck nach dem Schwimmen"}]},{"@type":"WebSite","@id":"https:\/\/www.michael-krell.com\/en\/#website","url":"https:\/\/www.michael-krell.com\/en\/","name":"Michael Krell Triathlon Coaching","description":"","potentialAction":[{"@type":"SearchAction","target":{"@type":"EntryPoint","urlTemplate":"https:\/\/www.michael-krell.com\/en\/?s={search_term_string}"},"query-input":"required name=search_term_string"}],"inLanguage":"de"},{"@type":"Person","@id":"https:\/\/www.michael-krell.com\/en\/#\/schema\/person\/17d0c03cb1e15db7305e41b6170a4237","name":"Michael Krell","image":{"@type":"ImageObject","inLanguage":"de","@id":"https:\/\/www.michael-krell.com\/en\/#\/schema\/person\/image\/","url":"https:\/\/secure.gravatar.com\/avatar\/33e39b9fbaf6777afb9b8559d921c4d22f4fd87cba8562434fa169fa71aeb1b3?s=96&d=mm&r=g","contentUrl":"https:\/\/secure.gravatar.com\/avatar\/33e39b9fbaf6777afb9b8559d921c4d22f4fd87cba8562434fa169fa71aeb1b3?s=96&d=mm&r=g","caption":"Michael Krell"},"url":"https:\/\/www.michael-krell.com\/de\/author\/krelli\/"}]}},"_links":{"self":[{"href":"https:\/\/www.michael-krell.com\/de\/wp-json\/wp\/v2\/posts\/251","targetHints":{"allow":["GET"]}}],"collection":[{"href":"https:\/\/www.michael-krell.com\/de\/wp-json\/wp\/v2\/posts"}],"about":[{"href":"https:\/\/www.michael-krell.com\/de\/wp-json\/wp\/v2\/types\/post"}],"author":[{"embeddable":true,"href":"https:\/\/www.michael-krell.com\/de\/wp-json\/wp\/v2\/users\/2"}],"replies":[{"embeddable":true,"href":"https:\/\/www.michael-krell.com\/de\/wp-json\/wp\/v2\/comments?post=251"}],"version-history":[{"count":1,"href":"https:\/\/www.michael-krell.com\/de\/wp-json\/wp\/v2\/posts\/251\/revisions"}],"predecessor-version":[{"id":3348,"href":"https:\/\/www.michael-krell.com\/de\/wp-json\/wp\/v2\/posts\/251\/revisions\/3348"}],"wp:featuredmedia":[{"embeddable":true,"href":"https:\/\/www.michael-krell.com\/de\/wp-json\/wp\/v2\/media\/1239"}],"wp:attachment":[{"href":"https:\/\/www.michael-krell.com\/de\/wp-json\/wp\/v2\/media?parent=251"}],"wp:term":[{"taxonomy":"category","embeddable":true,"href":"https:\/\/www.michael-krell.com\/de\/wp-json\/wp\/v2\/categories?post=251"},{"taxonomy":"post_tag","embeddable":true,"href":"https:\/\/www.michael-krell.com\/de\/wp-json\/wp\/v2\/tags?post=251"}],"curies":[{"name":"wp","href":"https:\/\/api.w.org\/{rel}","templated":true}]}}