{"id":252,"date":"2013-08-12T08:46:00","date_gmt":"2013-08-12T06:46:00","guid":{"rendered":"http:\/\/www.michael-krell.com\/?p=252"},"modified":"2017-04-13T16:06:32","modified_gmt":"2017-04-13T14:06:32","slug":"training-letzte-woche-grundlage-fuer-challenge-barcelona","status":"publish","type":"post","link":"https:\/\/www.michael-krell.com\/de\/training-letzte-woche-grundlage-fuer-challenge-barcelona\/","title":{"rendered":"Training letzte Woche &#8211; Grundlage f\u00fcr Challenge Barcelona"},"content":{"rendered":"<p>&nbsp;<\/p>\n<table style=\"margin-left: auto; margin-right: auto; text-align: center;\" cellspacing=\"0\" cellpadding=\"0\" align=\"center\">\n<tbody>\n<tr>\n<td style=\"text-align: center;\"><a style=\"margin-left: auto; margin-right: auto;\" href=\"http:\/\/www.michael-krell.com\/wp-content\/uploads\/2013\/08\/Training1.jpg\"><img loading=\"lazy\" decoding=\"async\" src=\"http:\/\/www.michael-krell.com\/wp-content\/uploads\/2013\/08\/Training1-300x152.jpg\" width=\"400\" height=\"202\" border=\"0\" \/><\/a><\/td>\n<\/tr>\n<tr>\n<td style=\"text-align: center;\">Anklicken zum Vergr\u00f6\u00dfern<\/td>\n<\/tr>\n<\/tbody>\n<\/table>\n<p>Letzte Woche lief ganz gut, haupts\u00e4chlich Grundlage im unteren Bereich. Wenn ich wieder einsteige, dann laufe ich lieber k\u00fcrzer, daf\u00fcr aber \u00f6fter. Den langen Lauf ziehe ich erst langsam in die L\u00e4nge. Nach einer Pause ist hier ist das Risiko einer \u00dcberlastung der Sehnen, Gelenke und Muskeln nicht zu untersch\u00e4tzen. In dieser Phase laufe ich oft in der gleichen Intensit\u00e4t. Hier kann man sch\u00f6n beobachten wie im Laufe der Woche auch die Pace langsam mitkommt.<\/p>\n<p>Radfahren geht eigentlich immer, hier aber noch alles auf dem Rennrad, da kann man auch besser quatschen beim Fahren \ud83d\ude09 Die Pace auf dem Rad ist in dieser Phase \u00fcbrigens v\u00f6lig wurscht. Nach ein paar Stunden f\u00e4ngt der K\u00f6rper an zu arbeiten, egal was f\u00fcr eine Pace man f\u00e4hrt. Diese Woche setze ich mich dann langsam mal wieder auf mein Zeitfahrrad.<\/p>\n<p>Beim Schwimmen ist es \u00e4hnlich wie im Laufen, hier versuche ich wieder an meine Form vom Winter heranzukommen, als ich die 100m auch schon ein paar Mal in 1:12 schwimmen konnte. Hier habe ich vor Roth zu sehr geschludert und habe die harten Sachen weggelassen.<\/p>\n<p>Bevor die Frage wegen dem Ruhetag wieder aufkommt, Freitag und Samstag waren recht locker.<\/p>\n<p>euch einen guten Start in die Woche!<br \/>\nkrelli<\/p>\n","protected":false},"excerpt":{"rendered":"<p>&nbsp; Anklicken zum Vergr\u00f6\u00dfern Letzte Woche lief ganz gut, haupts\u00e4chlich Grundlage im unteren Bereich. Wenn ich wieder einsteige, dann laufe [&hellip;]<\/p>\n","protected":false},"author":2,"featured_media":1240,"comment_status":"open","ping_status":"open","sticky":false,"template":"","format":"standard","meta":{"footnotes":""},"categories":[1220],"tags":[],"class_list":["post-252","post","type-post","status-publish","format-standard","has-post-thumbnail","hentry","category-privates"],"yoast_head":"<!-- This site is optimized with the Yoast SEO plugin v19.8 - https:\/\/yoast.com\/wordpress\/plugins\/seo\/ -->\n<title>Training letzte Woche - Grundlage f\u00fcr Challenge Barcelona - Michael Krell Triathlon Coaching<\/title>\n<meta name=\"robots\" content=\"index, follow, max-snippet:-1, max-image-preview:large, max-video-preview:-1\" \/>\n<link rel=\"canonical\" href=\"https:\/\/www.michael-krell.com\/de\/training-letzte-woche-grundlage-fuer-challenge-barcelona\/\" \/>\n<meta property=\"og:locale\" content=\"de_DE\" \/>\n<meta property=\"og:type\" content=\"article\" \/>\n<meta property=\"og:title\" content=\"Training letzte Woche - Grundlage f\u00fcr Challenge Barcelona - Michael Krell Triathlon Coaching\" \/>\n<meta property=\"og:description\" content=\"&nbsp; Anklicken zum Vergr\u00f6\u00dfern Letzte Woche lief ganz gut, haupts\u00e4chlich Grundlage im unteren Bereich. Wenn ich wieder einsteige, dann laufe [&hellip;]\" \/>\n<meta property=\"og:url\" content=\"https:\/\/www.michael-krell.com\/de\/training-letzte-woche-grundlage-fuer-challenge-barcelona\/\" \/>\n<meta property=\"og:site_name\" content=\"Michael Krell Triathlon Coaching\" \/>\n<meta property=\"article:published_time\" content=\"2013-08-12T06:46:00+00:00\" \/>\n<meta property=\"article:modified_time\" content=\"2017-04-13T14:06:32+00:00\" \/>\n<meta property=\"og:image\" content=\"https:\/\/www.michael-krell.com\/wp-content\/uploads\/2013\/08\/Training1.jpg\" \/>\n\t<meta property=\"og:image:width\" content=\"1024\" \/>\n\t<meta property=\"og:image:height\" content=\"522\" \/>\n\t<meta property=\"og:image:type\" content=\"image\/jpeg\" \/>\n<meta name=\"author\" content=\"Michael Krell\" \/>\n<meta name=\"twitter:card\" content=\"summary_large_image\" \/>\n<meta name=\"twitter:label1\" content=\"Verfasst von\" \/>\n\t<meta name=\"twitter:data1\" content=\"Michael Krell\" \/>\n\t<meta name=\"twitter:label2\" content=\"Gesch\u00e4tzte Lesezeit\" \/>\n\t<meta name=\"twitter:data2\" content=\"1\u00a0Minute\" \/>\n<script type=\"application\/ld+json\" class=\"yoast-schema-graph\">{\"@context\":\"https:\/\/schema.org\",\"@graph\":[{\"@type\":\"WebPage\",\"@id\":\"https:\/\/www.michael-krell.com\/de\/training-letzte-woche-grundlage-fuer-challenge-barcelona\/\",\"url\":\"https:\/\/www.michael-krell.com\/de\/training-letzte-woche-grundlage-fuer-challenge-barcelona\/\",\"name\":\"Training letzte Woche - Grundlage f\u00fcr Challenge Barcelona - Michael Krell Triathlon Coaching\",\"isPartOf\":{\"@id\":\"https:\/\/www.michael-krell.com\/en\/#website\"},\"datePublished\":\"2013-08-12T06:46:00+00:00\",\"dateModified\":\"2017-04-13T14:06:32+00:00\",\"author\":{\"@id\":\"https:\/\/www.michael-krell.com\/en\/#\/schema\/person\/17d0c03cb1e15db7305e41b6170a4237\"},\"breadcrumb\":{\"@id\":\"https:\/\/www.michael-krell.com\/de\/training-letzte-woche-grundlage-fuer-challenge-barcelona\/#breadcrumb\"},\"inLanguage\":\"de\",\"potentialAction\":[{\"@type\":\"ReadAction\",\"target\":[\"https:\/\/www.michael-krell.com\/de\/training-letzte-woche-grundlage-fuer-challenge-barcelona\/\"]}]},{\"@type\":\"BreadcrumbList\",\"@id\":\"https:\/\/www.michael-krell.com\/de\/training-letzte-woche-grundlage-fuer-challenge-barcelona\/#breadcrumb\",\"itemListElement\":[{\"@type\":\"ListItem\",\"position\":1,\"name\":\"Startseite\",\"item\":\"https:\/\/www.michael-krell.com\/en\/\"},{\"@type\":\"ListItem\",\"position\":2,\"name\":\"Training letzte Woche &#8211; Grundlage f\u00fcr Challenge Barcelona\"}]},{\"@type\":\"WebSite\",\"@id\":\"https:\/\/www.michael-krell.com\/en\/#website\",\"url\":\"https:\/\/www.michael-krell.com\/en\/\",\"name\":\"Michael Krell Triathlon Coaching\",\"description\":\"\",\"potentialAction\":[{\"@type\":\"SearchAction\",\"target\":{\"@type\":\"EntryPoint\",\"urlTemplate\":\"https:\/\/www.michael-krell.com\/en\/?s={search_term_string}\"},\"query-input\":\"required name=search_term_string\"}],\"inLanguage\":\"de\"},{\"@type\":\"Person\",\"@id\":\"https:\/\/www.michael-krell.com\/en\/#\/schema\/person\/17d0c03cb1e15db7305e41b6170a4237\",\"name\":\"Michael Krell\",\"image\":{\"@type\":\"ImageObject\",\"inLanguage\":\"de\",\"@id\":\"https:\/\/www.michael-krell.com\/en\/#\/schema\/person\/image\/\",\"url\":\"https:\/\/secure.gravatar.com\/avatar\/33e39b9fbaf6777afb9b8559d921c4d22f4fd87cba8562434fa169fa71aeb1b3?s=96&d=mm&r=g\",\"contentUrl\":\"https:\/\/secure.gravatar.com\/avatar\/33e39b9fbaf6777afb9b8559d921c4d22f4fd87cba8562434fa169fa71aeb1b3?s=96&d=mm&r=g\",\"caption\":\"Michael Krell\"},\"url\":\"https:\/\/www.michael-krell.com\/de\/author\/krelli\/\"}]}<\/script>\n<!-- \/ Yoast SEO plugin. -->","yoast_head_json":{"title":"Training letzte Woche - Grundlage f\u00fcr Challenge Barcelona - Michael Krell Triathlon Coaching","robots":{"index":"index","follow":"follow","max-snippet":"max-snippet:-1","max-image-preview":"max-image-preview:large","max-video-preview":"max-video-preview:-1"},"canonical":"https:\/\/www.michael-krell.com\/de\/training-letzte-woche-grundlage-fuer-challenge-barcelona\/","og_locale":"de_DE","og_type":"article","og_title":"Training letzte Woche - Grundlage f\u00fcr Challenge Barcelona - Michael Krell Triathlon Coaching","og_description":"&nbsp; Anklicken zum Vergr\u00f6\u00dfern Letzte Woche lief ganz gut, haupts\u00e4chlich Grundlage im unteren Bereich. Wenn ich wieder einsteige, dann laufe [&hellip;]","og_url":"https:\/\/www.michael-krell.com\/de\/training-letzte-woche-grundlage-fuer-challenge-barcelona\/","og_site_name":"Michael Krell Triathlon Coaching","article_published_time":"2013-08-12T06:46:00+00:00","article_modified_time":"2017-04-13T14:06:32+00:00","og_image":[{"width":1024,"height":522,"url":"https:\/\/www.michael-krell.com\/wp-content\/uploads\/2013\/08\/Training1.jpg","type":"image\/jpeg"}],"author":"Michael Krell","twitter_card":"summary_large_image","twitter_misc":{"Verfasst von":"Michael Krell","Gesch\u00e4tzte Lesezeit":"1\u00a0Minute"},"schema":{"@context":"https:\/\/schema.org","@graph":[{"@type":"WebPage","@id":"https:\/\/www.michael-krell.com\/de\/training-letzte-woche-grundlage-fuer-challenge-barcelona\/","url":"https:\/\/www.michael-krell.com\/de\/training-letzte-woche-grundlage-fuer-challenge-barcelona\/","name":"Training letzte Woche - Grundlage f\u00fcr Challenge Barcelona - Michael Krell Triathlon Coaching","isPartOf":{"@id":"https:\/\/www.michael-krell.com\/en\/#website"},"datePublished":"2013-08-12T06:46:00+00:00","dateModified":"2017-04-13T14:06:32+00:00","author":{"@id":"https:\/\/www.michael-krell.com\/en\/#\/schema\/person\/17d0c03cb1e15db7305e41b6170a4237"},"breadcrumb":{"@id":"https:\/\/www.michael-krell.com\/de\/training-letzte-woche-grundlage-fuer-challenge-barcelona\/#breadcrumb"},"inLanguage":"de","potentialAction":[{"@type":"ReadAction","target":["https:\/\/www.michael-krell.com\/de\/training-letzte-woche-grundlage-fuer-challenge-barcelona\/"]}]},{"@type":"BreadcrumbList","@id":"https:\/\/www.michael-krell.com\/de\/training-letzte-woche-grundlage-fuer-challenge-barcelona\/#breadcrumb","itemListElement":[{"@type":"ListItem","position":1,"name":"Startseite","item":"https:\/\/www.michael-krell.com\/en\/"},{"@type":"ListItem","position":2,"name":"Training letzte Woche &#8211; Grundlage f\u00fcr Challenge Barcelona"}]},{"@type":"WebSite","@id":"https:\/\/www.michael-krell.com\/en\/#website","url":"https:\/\/www.michael-krell.com\/en\/","name":"Michael Krell Triathlon Coaching","description":"","potentialAction":[{"@type":"SearchAction","target":{"@type":"EntryPoint","urlTemplate":"https:\/\/www.michael-krell.com\/en\/?s={search_term_string}"},"query-input":"required name=search_term_string"}],"inLanguage":"de"},{"@type":"Person","@id":"https:\/\/www.michael-krell.com\/en\/#\/schema\/person\/17d0c03cb1e15db7305e41b6170a4237","name":"Michael Krell","image":{"@type":"ImageObject","inLanguage":"de","@id":"https:\/\/www.michael-krell.com\/en\/#\/schema\/person\/image\/","url":"https:\/\/secure.gravatar.com\/avatar\/33e39b9fbaf6777afb9b8559d921c4d22f4fd87cba8562434fa169fa71aeb1b3?s=96&d=mm&r=g","contentUrl":"https:\/\/secure.gravatar.com\/avatar\/33e39b9fbaf6777afb9b8559d921c4d22f4fd87cba8562434fa169fa71aeb1b3?s=96&d=mm&r=g","caption":"Michael Krell"},"url":"https:\/\/www.michael-krell.com\/de\/author\/krelli\/"}]}},"_links":{"self":[{"href":"https:\/\/www.michael-krell.com\/de\/wp-json\/wp\/v2\/posts\/252","targetHints":{"allow":["GET"]}}],"collection":[{"href":"https:\/\/www.michael-krell.com\/de\/wp-json\/wp\/v2\/posts"}],"about":[{"href":"https:\/\/www.michael-krell.com\/de\/wp-json\/wp\/v2\/types\/post"}],"author":[{"embeddable":true,"href":"https:\/\/www.michael-krell.com\/de\/wp-json\/wp\/v2\/users\/2"}],"replies":[{"embeddable":true,"href":"https:\/\/www.michael-krell.com\/de\/wp-json\/wp\/v2\/comments?post=252"}],"version-history":[{"count":2,"href":"https:\/\/www.michael-krell.com\/de\/wp-json\/wp\/v2\/posts\/252\/revisions"}],"predecessor-version":[{"id":3350,"href":"https:\/\/www.michael-krell.com\/de\/wp-json\/wp\/v2\/posts\/252\/revisions\/3350"}],"wp:featuredmedia":[{"embeddable":true,"href":"https:\/\/www.michael-krell.com\/de\/wp-json\/wp\/v2\/media\/1240"}],"wp:attachment":[{"href":"https:\/\/www.michael-krell.com\/de\/wp-json\/wp\/v2\/media?parent=252"}],"wp:term":[{"taxonomy":"category","embeddable":true,"href":"https:\/\/www.michael-krell.com\/de\/wp-json\/wp\/v2\/categories?post=252"},{"taxonomy":"post_tag","embeddable":true,"href":"https:\/\/www.michael-krell.com\/de\/wp-json\/wp\/v2\/tags?post=252"}],"curies":[{"name":"wp","href":"https:\/\/api.w.org\/{rel}","templated":true}]}}