{"id":2525,"date":"2015-07-23T14:07:24","date_gmt":"2015-07-23T12:07:24","guid":{"rendered":"http:\/\/www.michael-krell.com\/?p=2525"},"modified":"2017-04-13T14:49:58","modified_gmt":"2017-04-13T12:49:58","slug":"vormerken-trainingscamps-chiemsee-teneriffa-und-zypern","status":"publish","type":"post","link":"https:\/\/www.michael-krell.com\/de\/vormerken-trainingscamps-chiemsee-teneriffa-und-zypern\/","title":{"rendered":"Vormerken: Trainingscamps Chiemsee, Teneriffa und Zypern"},"content":{"rendered":"<p>Inzwischen haben sich die Termine gefestigt und ihr k\u00f6nnt euch schon mal folgende Camps vormerken:<\/p>\n<p><strong>Schwimmcamp Chiemsee 16.10. &#8211; 18.10.2015 (alles dabei, inkl. Videoanalyse)<\/strong><\/p>\n<p><strong>Trainingscamp Teneriffa 15.01. &#8211; 05.02.2016 (T3 Trainingskomplex Komplex, inkl. 50m Freibecken)<\/strong><\/p>\n<p><strong>Trainingscamp Zypern 09.02. &#8211; 28.02.2016 (Arena Sports Paphos, inkl. 50m Freibecken)<\/strong><\/p>\n<p>Die n\u00e4chsten 1-2 Wochen findet ihr alle Infos auf meiner Seite. Es l\u00e4uft ab wie immer: bucht euch im genannten Zeitraum einfach einen Flug wie es euch am besten passt, bleibt gern so lange ihr wollt, dann kl\u00e4re ich eure Unterkunft im Hotel ab. Einzig eine Trainerpauschale wird f\u00e4llig f\u00fcr die Trainings und Guidings Vorort.\u00a0So habt ihr jederzeit den direkten Kosten\u00fcberblick. Wie die Erfahrung aus diesem Jahr gelehrt hat, fahrt ihr damit deutlich g\u00fcnstiger als mit den Full-package-Camps der g\u00e4ngigen Anbieter. Warum funktioniert das? Ganz einfach, ich muss an den Camps nichts verdienen. Mir ist es Spa\u00df genug mit euch den Winter in der Sonne zu verbringen \ud83d\ude42<\/p>\n<p><a href=\"http:\/\/www.michael-krell.com\/wp-content\/uploads\/2014\/12\/IMG_20140219_115125.jpg\"><img loading=\"lazy\" decoding=\"async\" class=\"alignleft size-medium wp-image-2266\" src=\"http:\/\/www.michael-krell.com\/wp-content\/uploads\/2014\/12\/IMG_20140219_115125-297x300.jpg\" alt=\"IMG_20140219_115125\" width=\"297\" height=\"300\" srcset=\"https:\/\/www.michael-krell.com\/wp-content\/uploads\/2014\/12\/IMG_20140219_115125-297x300.jpg 297w, https:\/\/www.michael-krell.com\/wp-content\/uploads\/2014\/12\/IMG_20140219_115125.jpg 589w\" sizes=\"auto, (max-width: 297px) 100vw, 297px\" \/><\/a><a href=\"http:\/\/www.michael-krell.com\/wp-content\/uploads\/2015\/03\/Foto.jpg\"><img loading=\"lazy\" decoding=\"async\" class=\"alignleft size-medium wp-image-2442\" src=\"http:\/\/www.michael-krell.com\/wp-content\/uploads\/2015\/03\/Foto-300x225.jpg\" alt=\"Foto\" width=\"300\" height=\"225\" srcset=\"https:\/\/www.michael-krell.com\/wp-content\/uploads\/2015\/03\/Foto-300x225.jpg 300w, https:\/\/www.michael-krell.com\/wp-content\/uploads\/2015\/03\/Foto.jpg 852w\" sizes=\"auto, (max-width: 300px) 100vw, 300px\" \/><\/a><\/p>\n<p><a href=\"http:\/\/www.michael-krell.com\/wp-content\/uploads\/2015\/03\/Foto2.jpg\"><img loading=\"lazy\" decoding=\"async\" class=\"alignleft size-medium wp-image-2444\" src=\"http:\/\/www.michael-krell.com\/wp-content\/uploads\/2015\/03\/Foto2-300x225.jpg\" alt=\"Foto2\" width=\"300\" height=\"225\" srcset=\"https:\/\/www.michael-krell.com\/wp-content\/uploads\/2015\/03\/Foto2-300x225.jpg 300w, https:\/\/www.michael-krell.com\/wp-content\/uploads\/2015\/03\/Foto2.jpg 852w\" sizes=\"auto, (max-width: 300px) 100vw, 300px\" \/><\/a><\/p>\n","protected":false},"excerpt":{"rendered":"<p>Inzwischen haben sich die Termine gefestigt und ihr k\u00f6nnt euch schon mal folgende Camps vormerken: Schwimmcamp Chiemsee 16.10. &#8211; 18.10.2015 [&hellip;]<\/p>\n","protected":false},"author":2,"featured_media":2368,"comment_status":"closed","ping_status":"open","sticky":false,"template":"","format":"standard","meta":{"footnotes":""},"categories":[1219],"tags":[1189,1187,1142,1081,1186,1188,1080],"class_list":["post-2525","post","type-post","status-publish","format-standard","has-post-thumbnail","hentry","category-coaching","tag-krelli","tag-michael-krell","tag-trainingscamps","tag-triathlon-coach-2","tag-triathlon-coaching","tag-triathlon-trainer","tag-triathlon-training-2"],"yoast_head":"<!-- This site is optimized with the Yoast SEO plugin v19.8 - https:\/\/yoast.com\/wordpress\/plugins\/seo\/ -->\n<title>Vormerken: Trainingscamps Chiemsee, Teneriffa und Zypern - Michael Krell Triathlon Coaching<\/title>\n<meta name=\"robots\" content=\"index, follow, max-snippet:-1, max-image-preview:large, max-video-preview:-1\" \/>\n<link rel=\"canonical\" href=\"https:\/\/www.michael-krell.com\/de\/vormerken-trainingscamps-chiemsee-teneriffa-und-zypern\/\" \/>\n<meta property=\"og:locale\" content=\"de_DE\" \/>\n<meta property=\"og:type\" content=\"article\" \/>\n<meta property=\"og:title\" content=\"Vormerken: Trainingscamps Chiemsee, Teneriffa und Zypern - Michael Krell Triathlon Coaching\" \/>\n<meta property=\"og:description\" content=\"Inzwischen haben sich die Termine gefestigt und ihr k\u00f6nnt euch schon mal folgende Camps vormerken: Schwimmcamp Chiemsee 16.10. &#8211; 18.10.2015 [&hellip;]\" \/>\n<meta property=\"og:url\" content=\"https:\/\/www.michael-krell.com\/de\/vormerken-trainingscamps-chiemsee-teneriffa-und-zypern\/\" \/>\n<meta property=\"og:site_name\" content=\"Michael Krell Triathlon Coaching\" \/>\n<meta property=\"article:published_time\" content=\"2015-07-23T12:07:24+00:00\" \/>\n<meta property=\"article:modified_time\" content=\"2017-04-13T12:49:58+00:00\" \/>\n<meta property=\"og:image\" content=\"https:\/\/www.michael-krell.com\/wp-content\/uploads\/2015\/01\/10836329_771344026246847_1147824742_n.jpg\" \/>\n\t<meta property=\"og:image:width\" content=\"960\" \/>\n\t<meta property=\"og:image:height\" content=\"540\" \/>\n\t<meta property=\"og:image:type\" content=\"image\/jpeg\" \/>\n<meta name=\"author\" content=\"Michael Krell\" \/>\n<meta name=\"twitter:card\" content=\"summary_large_image\" \/>\n<meta name=\"twitter:label1\" content=\"Verfasst von\" \/>\n\t<meta name=\"twitter:data1\" content=\"Michael Krell\" \/>\n\t<meta name=\"twitter:label2\" content=\"Gesch\u00e4tzte Lesezeit\" \/>\n\t<meta name=\"twitter:data2\" content=\"1\u00a0Minute\" \/>\n<script type=\"application\/ld+json\" class=\"yoast-schema-graph\">{\"@context\":\"https:\/\/schema.org\",\"@graph\":[{\"@type\":\"WebPage\",\"@id\":\"https:\/\/www.michael-krell.com\/de\/vormerken-trainingscamps-chiemsee-teneriffa-und-zypern\/\",\"url\":\"https:\/\/www.michael-krell.com\/de\/vormerken-trainingscamps-chiemsee-teneriffa-und-zypern\/\",\"name\":\"Vormerken: Trainingscamps Chiemsee, Teneriffa und Zypern - Michael Krell Triathlon Coaching\",\"isPartOf\":{\"@id\":\"https:\/\/www.michael-krell.com\/en\/#website\"},\"datePublished\":\"2015-07-23T12:07:24+00:00\",\"dateModified\":\"2017-04-13T12:49:58+00:00\",\"author\":{\"@id\":\"https:\/\/www.michael-krell.com\/en\/#\/schema\/person\/17d0c03cb1e15db7305e41b6170a4237\"},\"breadcrumb\":{\"@id\":\"https:\/\/www.michael-krell.com\/de\/vormerken-trainingscamps-chiemsee-teneriffa-und-zypern\/#breadcrumb\"},\"inLanguage\":\"de\",\"potentialAction\":[{\"@type\":\"ReadAction\",\"target\":[\"https:\/\/www.michael-krell.com\/de\/vormerken-trainingscamps-chiemsee-teneriffa-und-zypern\/\"]}]},{\"@type\":\"BreadcrumbList\",\"@id\":\"https:\/\/www.michael-krell.com\/de\/vormerken-trainingscamps-chiemsee-teneriffa-und-zypern\/#breadcrumb\",\"itemListElement\":[{\"@type\":\"ListItem\",\"position\":1,\"name\":\"Startseite\",\"item\":\"https:\/\/www.michael-krell.com\/en\/\"},{\"@type\":\"ListItem\",\"position\":2,\"name\":\"Vormerken: Trainingscamps Chiemsee, Teneriffa und Zypern\"}]},{\"@type\":\"WebSite\",\"@id\":\"https:\/\/www.michael-krell.com\/en\/#website\",\"url\":\"https:\/\/www.michael-krell.com\/en\/\",\"name\":\"Michael Krell Triathlon Coaching\",\"description\":\"\",\"potentialAction\":[{\"@type\":\"SearchAction\",\"target\":{\"@type\":\"EntryPoint\",\"urlTemplate\":\"https:\/\/www.michael-krell.com\/en\/?s={search_term_string}\"},\"query-input\":\"required name=search_term_string\"}],\"inLanguage\":\"de\"},{\"@type\":\"Person\",\"@id\":\"https:\/\/www.michael-krell.com\/en\/#\/schema\/person\/17d0c03cb1e15db7305e41b6170a4237\",\"name\":\"Michael Krell\",\"image\":{\"@type\":\"ImageObject\",\"inLanguage\":\"de\",\"@id\":\"https:\/\/www.michael-krell.com\/en\/#\/schema\/person\/image\/\",\"url\":\"https:\/\/secure.gravatar.com\/avatar\/33e39b9fbaf6777afb9b8559d921c4d22f4fd87cba8562434fa169fa71aeb1b3?s=96&d=mm&r=g\",\"contentUrl\":\"https:\/\/secure.gravatar.com\/avatar\/33e39b9fbaf6777afb9b8559d921c4d22f4fd87cba8562434fa169fa71aeb1b3?s=96&d=mm&r=g\",\"caption\":\"Michael Krell\"},\"url\":\"https:\/\/www.michael-krell.com\/de\/author\/krelli\/\"}]}<\/script>\n<!-- \/ Yoast SEO plugin. -->","yoast_head_json":{"title":"Vormerken: Trainingscamps Chiemsee, Teneriffa und Zypern - Michael Krell Triathlon Coaching","robots":{"index":"index","follow":"follow","max-snippet":"max-snippet:-1","max-image-preview":"max-image-preview:large","max-video-preview":"max-video-preview:-1"},"canonical":"https:\/\/www.michael-krell.com\/de\/vormerken-trainingscamps-chiemsee-teneriffa-und-zypern\/","og_locale":"de_DE","og_type":"article","og_title":"Vormerken: Trainingscamps Chiemsee, Teneriffa und Zypern - Michael Krell Triathlon Coaching","og_description":"Inzwischen haben sich die Termine gefestigt und ihr k\u00f6nnt euch schon mal folgende Camps vormerken: Schwimmcamp Chiemsee 16.10. &#8211; 18.10.2015 [&hellip;]","og_url":"https:\/\/www.michael-krell.com\/de\/vormerken-trainingscamps-chiemsee-teneriffa-und-zypern\/","og_site_name":"Michael Krell Triathlon Coaching","article_published_time":"2015-07-23T12:07:24+00:00","article_modified_time":"2017-04-13T12:49:58+00:00","og_image":[{"width":960,"height":540,"url":"https:\/\/www.michael-krell.com\/wp-content\/uploads\/2015\/01\/10836329_771344026246847_1147824742_n.jpg","type":"image\/jpeg"}],"author":"Michael Krell","twitter_card":"summary_large_image","twitter_misc":{"Verfasst von":"Michael Krell","Gesch\u00e4tzte Lesezeit":"1\u00a0Minute"},"schema":{"@context":"https:\/\/schema.org","@graph":[{"@type":"WebPage","@id":"https:\/\/www.michael-krell.com\/de\/vormerken-trainingscamps-chiemsee-teneriffa-und-zypern\/","url":"https:\/\/www.michael-krell.com\/de\/vormerken-trainingscamps-chiemsee-teneriffa-und-zypern\/","name":"Vormerken: Trainingscamps Chiemsee, Teneriffa und Zypern - Michael Krell Triathlon Coaching","isPartOf":{"@id":"https:\/\/www.michael-krell.com\/en\/#website"},"datePublished":"2015-07-23T12:07:24+00:00","dateModified":"2017-04-13T12:49:58+00:00","author":{"@id":"https:\/\/www.michael-krell.com\/en\/#\/schema\/person\/17d0c03cb1e15db7305e41b6170a4237"},"breadcrumb":{"@id":"https:\/\/www.michael-krell.com\/de\/vormerken-trainingscamps-chiemsee-teneriffa-und-zypern\/#breadcrumb"},"inLanguage":"de","potentialAction":[{"@type":"ReadAction","target":["https:\/\/www.michael-krell.com\/de\/vormerken-trainingscamps-chiemsee-teneriffa-und-zypern\/"]}]},{"@type":"BreadcrumbList","@id":"https:\/\/www.michael-krell.com\/de\/vormerken-trainingscamps-chiemsee-teneriffa-und-zypern\/#breadcrumb","itemListElement":[{"@type":"ListItem","position":1,"name":"Startseite","item":"https:\/\/www.michael-krell.com\/en\/"},{"@type":"ListItem","position":2,"name":"Vormerken: Trainingscamps Chiemsee, Teneriffa und Zypern"}]},{"@type":"WebSite","@id":"https:\/\/www.michael-krell.com\/en\/#website","url":"https:\/\/www.michael-krell.com\/en\/","name":"Michael Krell Triathlon Coaching","description":"","potentialAction":[{"@type":"SearchAction","target":{"@type":"EntryPoint","urlTemplate":"https:\/\/www.michael-krell.com\/en\/?s={search_term_string}"},"query-input":"required name=search_term_string"}],"inLanguage":"de"},{"@type":"Person","@id":"https:\/\/www.michael-krell.com\/en\/#\/schema\/person\/17d0c03cb1e15db7305e41b6170a4237","name":"Michael Krell","image":{"@type":"ImageObject","inLanguage":"de","@id":"https:\/\/www.michael-krell.com\/en\/#\/schema\/person\/image\/","url":"https:\/\/secure.gravatar.com\/avatar\/33e39b9fbaf6777afb9b8559d921c4d22f4fd87cba8562434fa169fa71aeb1b3?s=96&d=mm&r=g","contentUrl":"https:\/\/secure.gravatar.com\/avatar\/33e39b9fbaf6777afb9b8559d921c4d22f4fd87cba8562434fa169fa71aeb1b3?s=96&d=mm&r=g","caption":"Michael Krell"},"url":"https:\/\/www.michael-krell.com\/de\/author\/krelli\/"}]}},"_links":{"self":[{"href":"https:\/\/www.michael-krell.com\/de\/wp-json\/wp\/v2\/posts\/2525","targetHints":{"allow":["GET"]}}],"collection":[{"href":"https:\/\/www.michael-krell.com\/de\/wp-json\/wp\/v2\/posts"}],"about":[{"href":"https:\/\/www.michael-krell.com\/de\/wp-json\/wp\/v2\/types\/post"}],"author":[{"embeddable":true,"href":"https:\/\/www.michael-krell.com\/de\/wp-json\/wp\/v2\/users\/2"}],"replies":[{"embeddable":true,"href":"https:\/\/www.michael-krell.com\/de\/wp-json\/wp\/v2\/comments?post=2525"}],"version-history":[{"count":12,"href":"https:\/\/www.michael-krell.com\/de\/wp-json\/wp\/v2\/posts\/2525\/revisions"}],"predecessor-version":[{"id":2537,"href":"https:\/\/www.michael-krell.com\/de\/wp-json\/wp\/v2\/posts\/2525\/revisions\/2537"}],"wp:featuredmedia":[{"embeddable":true,"href":"https:\/\/www.michael-krell.com\/de\/wp-json\/wp\/v2\/media\/2368"}],"wp:attachment":[{"href":"https:\/\/www.michael-krell.com\/de\/wp-json\/wp\/v2\/media?parent=2525"}],"wp:term":[{"taxonomy":"category","embeddable":true,"href":"https:\/\/www.michael-krell.com\/de\/wp-json\/wp\/v2\/categories?post=2525"},{"taxonomy":"post_tag","embeddable":true,"href":"https:\/\/www.michael-krell.com\/de\/wp-json\/wp\/v2\/tags?post=2525"}],"curies":[{"name":"wp","href":"https:\/\/api.w.org\/{rel}","templated":true}]}}