{"id":2540,"date":"2015-08-01T18:37:53","date_gmt":"2015-08-01T16:37:53","guid":{"rendered":"http:\/\/www.michael-krell.com\/?p=2540"},"modified":"2017-04-13T14:49:48","modified_gmt":"2017-04-13T12:49:48","slug":"mitteldistanz-hofheim-bayern-cup-freiwasser","status":"publish","type":"post","link":"https:\/\/www.michael-krell.com\/de\/mitteldistanz-hofheim-bayern-cup-freiwasser\/","title":{"rendered":"Mitteldistanz Hofheim &#038; Bayern Cup Freiwasser"},"content":{"rendered":"<p><a href=\"http:\/\/www.michael-krell.com\/wp-content\/uploads\/2015\/08\/Hofheim.jpg\"><img loading=\"lazy\" decoding=\"async\" class=\"alignleft size-medium wp-image-2539\" src=\"http:\/\/www.michael-krell.com\/wp-content\/uploads\/2015\/08\/Hofheim-300x199.jpg\" alt=\"Hofheim\" width=\"300\" height=\"199\" srcset=\"https:\/\/www.michael-krell.com\/wp-content\/uploads\/2015\/08\/Hofheim-300x199.jpg 300w, https:\/\/www.michael-krell.com\/wp-content\/uploads\/2015\/08\/Hofheim.jpg 1000w\" sizes=\"auto, (max-width: 300px) 100vw, 300px\" \/><\/a>Bei mir war auch mal wieder was los an Wettk\u00e4mpfen \ud83d\ude42 Letzte Woche konnte ich in Hofheim auf der Mitteldistanz den zweiten Platz erringen. Au\u00dferdem habe ich mich von meinem Trainingspartner Tobi \u00fcberreden lassen heute beim Bayern Cup im Brombachsee \u00fcber die 3,75km anzutreten. Also wenn die Strecke mal gestimmt hat&#8230; kam mir ewig vor \ud83d\ude09<\/p>\n<p>Mangels hochkar\u00e4tiger Konkurrenz in der Jedermann-Neoprenklasse wurde ich sogar zweiter hinter Tobi.<\/p>\n<p>Weiter gehts!!!<\/p>\n","protected":false},"excerpt":{"rendered":"<p>Bei mir war auch mal wieder was los an Wettk\u00e4mpfen \ud83d\ude42 Letzte Woche konnte ich in Hofheim auf der Mitteldistanz [&hellip;]<\/p>\n","protected":false},"author":2,"featured_media":2539,"comment_status":"closed","ping_status":"open","sticky":false,"template":"","format":"standard","meta":{"footnotes":""},"categories":[1220],"tags":[1143,1189,1187,1081,1186,1144,1188,1080],"class_list":["post-2540","post","type-post","status-publish","format-standard","has-post-thumbnail","hentry","category-privates","tag-brombachsee","tag-krelli","tag-michael-krell","tag-triathlon-coach-2","tag-triathlon-coaching","tag-triathlon-hofheim","tag-triathlon-trainer","tag-triathlon-training-2"],"yoast_head":"<!-- This site is optimized with the Yoast SEO plugin v19.8 - https:\/\/yoast.com\/wordpress\/plugins\/seo\/ -->\n<title>Mitteldistanz Hofheim &amp; Bayern Cup Freiwasser - Michael Krell Triathlon Coaching<\/title>\n<meta name=\"robots\" content=\"index, follow, max-snippet:-1, max-image-preview:large, max-video-preview:-1\" \/>\n<link rel=\"canonical\" href=\"https:\/\/www.michael-krell.com\/de\/mitteldistanz-hofheim-bayern-cup-freiwasser\/\" \/>\n<meta property=\"og:locale\" content=\"de_DE\" \/>\n<meta property=\"og:type\" content=\"article\" \/>\n<meta property=\"og:title\" content=\"Mitteldistanz Hofheim &amp; Bayern Cup Freiwasser - Michael Krell Triathlon Coaching\" \/>\n<meta property=\"og:description\" content=\"Bei mir war auch mal wieder was los an Wettk\u00e4mpfen \ud83d\ude42 Letzte Woche konnte ich in Hofheim auf der Mitteldistanz [&hellip;]\" \/>\n<meta property=\"og:url\" content=\"https:\/\/www.michael-krell.com\/de\/mitteldistanz-hofheim-bayern-cup-freiwasser\/\" \/>\n<meta property=\"og:site_name\" content=\"Michael Krell Triathlon Coaching\" \/>\n<meta property=\"article:published_time\" content=\"2015-08-01T16:37:53+00:00\" \/>\n<meta property=\"article:modified_time\" content=\"2017-04-13T12:49:48+00:00\" \/>\n<meta property=\"og:image\" content=\"https:\/\/www.michael-krell.com\/wp-content\/uploads\/2015\/08\/Hofheim.jpg\" \/>\n\t<meta property=\"og:image:width\" content=\"1000\" \/>\n\t<meta property=\"og:image:height\" content=\"666\" \/>\n\t<meta property=\"og:image:type\" content=\"image\/jpeg\" \/>\n<meta name=\"author\" content=\"Michael Krell\" \/>\n<meta name=\"twitter:card\" content=\"summary_large_image\" \/>\n<meta name=\"twitter:label1\" content=\"Verfasst von\" \/>\n\t<meta name=\"twitter:data1\" content=\"Michael Krell\" \/>\n<script type=\"application\/ld+json\" class=\"yoast-schema-graph\">{\"@context\":\"https:\/\/schema.org\",\"@graph\":[{\"@type\":\"WebPage\",\"@id\":\"https:\/\/www.michael-krell.com\/en\/mitteldistanz-hofheim-bayern-cup-freiwasser\/\",\"url\":\"https:\/\/www.michael-krell.com\/en\/mitteldistanz-hofheim-bayern-cup-freiwasser\/\",\"name\":\"Mitteldistanz Hofheim & Bayern Cup Freiwasser - Michael Krell Triathlon Coaching\",\"isPartOf\":{\"@id\":\"https:\/\/www.michael-krell.com\/en\/#website\"},\"datePublished\":\"2015-08-01T16:37:53+00:00\",\"dateModified\":\"2017-04-13T12:49:48+00:00\",\"author\":{\"@id\":\"https:\/\/www.michael-krell.com\/en\/#\/schema\/person\/17d0c03cb1e15db7305e41b6170a4237\"},\"breadcrumb\":{\"@id\":\"https:\/\/www.michael-krell.com\/en\/mitteldistanz-hofheim-bayern-cup-freiwasser\/#breadcrumb\"},\"inLanguage\":\"de\",\"potentialAction\":[{\"@type\":\"ReadAction\",\"target\":[\"https:\/\/www.michael-krell.com\/en\/mitteldistanz-hofheim-bayern-cup-freiwasser\/\"]}]},{\"@type\":\"BreadcrumbList\",\"@id\":\"https:\/\/www.michael-krell.com\/en\/mitteldistanz-hofheim-bayern-cup-freiwasser\/#breadcrumb\",\"itemListElement\":[{\"@type\":\"ListItem\",\"position\":1,\"name\":\"Startseite\",\"item\":\"https:\/\/www.michael-krell.com\/en\/\"},{\"@type\":\"ListItem\",\"position\":2,\"name\":\"Mitteldistanz Hofheim &#038; Bayern Cup Freiwasser\"}]},{\"@type\":\"WebSite\",\"@id\":\"https:\/\/www.michael-krell.com\/en\/#website\",\"url\":\"https:\/\/www.michael-krell.com\/en\/\",\"name\":\"Michael Krell Triathlon Coaching\",\"description\":\"\",\"potentialAction\":[{\"@type\":\"SearchAction\",\"target\":{\"@type\":\"EntryPoint\",\"urlTemplate\":\"https:\/\/www.michael-krell.com\/en\/?s={search_term_string}\"},\"query-input\":\"required name=search_term_string\"}],\"inLanguage\":\"de\"},{\"@type\":\"Person\",\"@id\":\"https:\/\/www.michael-krell.com\/en\/#\/schema\/person\/17d0c03cb1e15db7305e41b6170a4237\",\"name\":\"Michael Krell\",\"image\":{\"@type\":\"ImageObject\",\"inLanguage\":\"de\",\"@id\":\"https:\/\/www.michael-krell.com\/en\/#\/schema\/person\/image\/\",\"url\":\"https:\/\/secure.gravatar.com\/avatar\/33e39b9fbaf6777afb9b8559d921c4d22f4fd87cba8562434fa169fa71aeb1b3?s=96&d=mm&r=g\",\"contentUrl\":\"https:\/\/secure.gravatar.com\/avatar\/33e39b9fbaf6777afb9b8559d921c4d22f4fd87cba8562434fa169fa71aeb1b3?s=96&d=mm&r=g\",\"caption\":\"Michael Krell\"},\"url\":\"https:\/\/www.michael-krell.com\/de\/author\/krelli\/\"}]}<\/script>\n<!-- \/ Yoast SEO plugin. -->","yoast_head_json":{"title":"Mitteldistanz Hofheim & Bayern Cup Freiwasser - Michael Krell Triathlon Coaching","robots":{"index":"index","follow":"follow","max-snippet":"max-snippet:-1","max-image-preview":"max-image-preview:large","max-video-preview":"max-video-preview:-1"},"canonical":"https:\/\/www.michael-krell.com\/de\/mitteldistanz-hofheim-bayern-cup-freiwasser\/","og_locale":"de_DE","og_type":"article","og_title":"Mitteldistanz Hofheim & Bayern Cup Freiwasser - Michael Krell Triathlon Coaching","og_description":"Bei mir war auch mal wieder was los an Wettk\u00e4mpfen \ud83d\ude42 Letzte Woche konnte ich in Hofheim auf der Mitteldistanz [&hellip;]","og_url":"https:\/\/www.michael-krell.com\/de\/mitteldistanz-hofheim-bayern-cup-freiwasser\/","og_site_name":"Michael Krell Triathlon Coaching","article_published_time":"2015-08-01T16:37:53+00:00","article_modified_time":"2017-04-13T12:49:48+00:00","og_image":[{"width":1000,"height":666,"url":"https:\/\/www.michael-krell.com\/wp-content\/uploads\/2015\/08\/Hofheim.jpg","type":"image\/jpeg"}],"author":"Michael Krell","twitter_card":"summary_large_image","twitter_misc":{"Verfasst von":"Michael Krell"},"schema":{"@context":"https:\/\/schema.org","@graph":[{"@type":"WebPage","@id":"https:\/\/www.michael-krell.com\/en\/mitteldistanz-hofheim-bayern-cup-freiwasser\/","url":"https:\/\/www.michael-krell.com\/en\/mitteldistanz-hofheim-bayern-cup-freiwasser\/","name":"Mitteldistanz Hofheim & Bayern Cup Freiwasser - Michael Krell Triathlon Coaching","isPartOf":{"@id":"https:\/\/www.michael-krell.com\/en\/#website"},"datePublished":"2015-08-01T16:37:53+00:00","dateModified":"2017-04-13T12:49:48+00:00","author":{"@id":"https:\/\/www.michael-krell.com\/en\/#\/schema\/person\/17d0c03cb1e15db7305e41b6170a4237"},"breadcrumb":{"@id":"https:\/\/www.michael-krell.com\/en\/mitteldistanz-hofheim-bayern-cup-freiwasser\/#breadcrumb"},"inLanguage":"de","potentialAction":[{"@type":"ReadAction","target":["https:\/\/www.michael-krell.com\/en\/mitteldistanz-hofheim-bayern-cup-freiwasser\/"]}]},{"@type":"BreadcrumbList","@id":"https:\/\/www.michael-krell.com\/en\/mitteldistanz-hofheim-bayern-cup-freiwasser\/#breadcrumb","itemListElement":[{"@type":"ListItem","position":1,"name":"Startseite","item":"https:\/\/www.michael-krell.com\/en\/"},{"@type":"ListItem","position":2,"name":"Mitteldistanz Hofheim &#038; Bayern Cup Freiwasser"}]},{"@type":"WebSite","@id":"https:\/\/www.michael-krell.com\/en\/#website","url":"https:\/\/www.michael-krell.com\/en\/","name":"Michael Krell Triathlon Coaching","description":"","potentialAction":[{"@type":"SearchAction","target":{"@type":"EntryPoint","urlTemplate":"https:\/\/www.michael-krell.com\/en\/?s={search_term_string}"},"query-input":"required name=search_term_string"}],"inLanguage":"de"},{"@type":"Person","@id":"https:\/\/www.michael-krell.com\/en\/#\/schema\/person\/17d0c03cb1e15db7305e41b6170a4237","name":"Michael Krell","image":{"@type":"ImageObject","inLanguage":"de","@id":"https:\/\/www.michael-krell.com\/en\/#\/schema\/person\/image\/","url":"https:\/\/secure.gravatar.com\/avatar\/33e39b9fbaf6777afb9b8559d921c4d22f4fd87cba8562434fa169fa71aeb1b3?s=96&d=mm&r=g","contentUrl":"https:\/\/secure.gravatar.com\/avatar\/33e39b9fbaf6777afb9b8559d921c4d22f4fd87cba8562434fa169fa71aeb1b3?s=96&d=mm&r=g","caption":"Michael Krell"},"url":"https:\/\/www.michael-krell.com\/de\/author\/krelli\/"}]}},"_links":{"self":[{"href":"https:\/\/www.michael-krell.com\/de\/wp-json\/wp\/v2\/posts\/2540","targetHints":{"allow":["GET"]}}],"collection":[{"href":"https:\/\/www.michael-krell.com\/de\/wp-json\/wp\/v2\/posts"}],"about":[{"href":"https:\/\/www.michael-krell.com\/de\/wp-json\/wp\/v2\/types\/post"}],"author":[{"embeddable":true,"href":"https:\/\/www.michael-krell.com\/de\/wp-json\/wp\/v2\/users\/2"}],"replies":[{"embeddable":true,"href":"https:\/\/www.michael-krell.com\/de\/wp-json\/wp\/v2\/comments?post=2540"}],"version-history":[{"count":5,"href":"https:\/\/www.michael-krell.com\/de\/wp-json\/wp\/v2\/posts\/2540\/revisions"}],"predecessor-version":[{"id":2545,"href":"https:\/\/www.michael-krell.com\/de\/wp-json\/wp\/v2\/posts\/2540\/revisions\/2545"}],"wp:featuredmedia":[{"embeddable":true,"href":"https:\/\/www.michael-krell.com\/de\/wp-json\/wp\/v2\/media\/2539"}],"wp:attachment":[{"href":"https:\/\/www.michael-krell.com\/de\/wp-json\/wp\/v2\/media?parent=2540"}],"wp:term":[{"taxonomy":"category","embeddable":true,"href":"https:\/\/www.michael-krell.com\/de\/wp-json\/wp\/v2\/categories?post=2540"},{"taxonomy":"post_tag","embeddable":true,"href":"https:\/\/www.michael-krell.com\/de\/wp-json\/wp\/v2\/tags?post=2540"}],"curies":[{"name":"wp","href":"https:\/\/api.w.org\/{rel}","templated":true}]}}