{"id":260,"date":"2013-07-28T22:36:00","date_gmt":"2013-07-28T20:36:00","guid":{"rendered":"http:\/\/www.michael-krell.com\/?p=260"},"modified":"2017-04-13T16:08:15","modified_gmt":"2017-04-13T14:08:15","slug":"anitas-swim-and-run-und-trainingseinstieg","status":"publish","type":"post","link":"https:\/\/www.michael-krell.com\/de\/anitas-swim-and-run-und-trainingseinstieg\/","title":{"rendered":"Anitas Swim and Run und Trainingseinstieg"},"content":{"rendered":"<div style=\"clear: both; text-align: center;\"><\/div>\n<table style=\"margin-left: auto; margin-right: auto; text-align: center;\" cellspacing=\"0\" cellpadding=\"0\" align=\"center\">\n<tbody>\n<tr>\n<td style=\"text-align: center;\"><a style=\"margin-left: auto; margin-right: auto;\" href=\"http:\/\/www.michael-krell.com\/wp-content\/uploads\/2013\/07\/9383175385_09dcf23ae3_o.jpg\"><img loading=\"lazy\" decoding=\"async\" src=\"http:\/\/www.michael-krell.com\/wp-content\/uploads\/2013\/07\/9383175385_09dcf23ae3_o-300x200.jpg\" width=\"400\" height=\"267\" border=\"0\" \/><\/a><\/td>\n<\/tr>\n<tr>\n<td style=\"text-align: center;\">Bild: Robert Hackner<\/td>\n<\/tr>\n<\/tbody>\n<\/table>\n<p>Gestern fand zum zum wiederholten Male &#8222;Anitas Swim and Run&#8220; am Birkensee statt. Der komplette Erl\u00f6s geht, in Gedenken an die im Training verungl\u00fcckte Anita Wiedemann, komplett an einen guten Zweck. Organisiert wird das Ganze vom Team Klinikum N\u00fcrnberg und im Besonderen von Sabine Schumm und Werner Bruns.<\/p>\n<p>Ganz klar dass ich heuer wieder teilnehme. Zusammen mit Tim bildeten wir eine Staffel bei der die 400m Schwimmstrecke auf mich fiel und Tim im Gegenzug die darauf folgenden 5 Kilometer Laufstrecke \u00fcbernahm. Nach 150m in F\u00fchrung liegend war ich schon den Kollaps nahe, als mich die 15j\u00e4hrige Maja Regenberg \u00fcberholte und letztlich abh\u00e4ngte. Ladies first sozusagen \ud83d\ude42 Mit der ersten kleinen Gruppe stieg ich dann aus dem Wasser.<\/p>\n<p>Tim konnte noch einen guten 5km Lauf auf die Staubstra\u00dfe legen und letztlich wurden wir zweite in der Teamwertung und gewannen eine riesige T\u00fcte Haribo.<\/p>\n<p>Ein sehr empfehlenswerter Wettkampf f\u00fcr Jedermann!!<\/p>\n<table style=\"margin-left: auto; margin-right: auto; text-align: center;\" cellspacing=\"0\" cellpadding=\"0\" align=\"center\">\n<tbody>\n<tr>\n<td style=\"text-align: center;\"><a style=\"margin-left: auto; margin-right: auto;\" href=\"http:\/\/www.michael-krell.com\/wp-content\/uploads\/2013\/07\/9384775179_dfd4e3f2e3_o.jpg\"><img loading=\"lazy\" decoding=\"async\" src=\"http:\/\/www.michael-krell.com\/wp-content\/uploads\/2013\/07\/9384775179_dfd4e3f2e3_o-300x200.jpg\" width=\"400\" height=\"267\" border=\"0\" \/><\/a><\/td>\n<\/tr>\n<tr>\n<td style=\"text-align: center;\">Bild: Robert Hackner<\/td>\n<\/tr>\n<\/tbody>\n<\/table>\n<p>Ab morgen ist f\u00fcr mich dann auch die Zeit der V\u00f6llerei vorbei (6kg habe ich nach Roth zugelegt um auch mal wieder was f\u00fcr die Seele zu tun \ud83d\ude42 und ich steige wieder ins regelm\u00e4\u00dfige Training ein. Den August werde ich haupts\u00e4chlich an der Grundlage arbeiten und diese wieder aufbauen. Im September stehen dann wieder die h\u00e4rteren Programme auf dem Plan, so dass ich p\u00fcnktlich zum 6.10. f\u00fcr Challenge Barcelona wieder in Form bin.<\/p>\n<p>einen guten Wochenstart!<br \/>\nkrelli<\/p>\n","protected":false},"excerpt":{"rendered":"<p>Bild: Robert Hackner Gestern fand zum zum wiederholten Male &#8222;Anitas Swim and Run&#8220; am Birkensee statt. Der komplette Erl\u00f6s geht, [&hellip;]<\/p>\n","protected":false},"author":2,"featured_media":1251,"comment_status":"open","ping_status":"open","sticky":false,"template":"","format":"standard","meta":{"footnotes":""},"categories":[1220],"tags":[],"class_list":["post-260","post","type-post","status-publish","format-standard","has-post-thumbnail","hentry","category-privates"],"yoast_head":"<!-- This site is optimized with the Yoast SEO plugin v19.8 - https:\/\/yoast.com\/wordpress\/plugins\/seo\/ -->\n<title>Anitas Swim and Run und Trainingseinstieg - Michael Krell Triathlon Coaching<\/title>\n<meta name=\"robots\" content=\"index, follow, max-snippet:-1, max-image-preview:large, max-video-preview:-1\" \/>\n<link rel=\"canonical\" href=\"https:\/\/www.michael-krell.com\/de\/anitas-swim-and-run-und-trainingseinstieg\/\" \/>\n<meta property=\"og:locale\" content=\"de_DE\" \/>\n<meta property=\"og:type\" content=\"article\" \/>\n<meta property=\"og:title\" content=\"Anitas Swim and Run und Trainingseinstieg - Michael Krell Triathlon Coaching\" \/>\n<meta property=\"og:description\" content=\"Bild: Robert Hackner Gestern fand zum zum wiederholten Male &#8222;Anitas Swim and Run&#8220; am Birkensee statt. Der komplette Erl\u00f6s geht, [&hellip;]\" \/>\n<meta property=\"og:url\" content=\"https:\/\/www.michael-krell.com\/de\/anitas-swim-and-run-und-trainingseinstieg\/\" \/>\n<meta property=\"og:site_name\" content=\"Michael Krell Triathlon Coaching\" \/>\n<meta property=\"article:published_time\" content=\"2013-07-28T20:36:00+00:00\" \/>\n<meta property=\"article:modified_time\" content=\"2017-04-13T14:08:15+00:00\" \/>\n<meta property=\"og:image\" content=\"https:\/\/www.michael-krell.com\/wp-content\/uploads\/2013\/07\/9383175385_09dcf23ae3_o.jpg\" \/>\n\t<meta property=\"og:image:width\" content=\"1024\" \/>\n\t<meta property=\"og:image:height\" content=\"685\" \/>\n\t<meta property=\"og:image:type\" content=\"image\/jpeg\" \/>\n<meta name=\"author\" content=\"Michael Krell\" \/>\n<meta name=\"twitter:card\" content=\"summary_large_image\" \/>\n<meta name=\"twitter:label1\" content=\"Verfasst von\" \/>\n\t<meta name=\"twitter:data1\" content=\"Michael Krell\" \/>\n\t<meta name=\"twitter:label2\" content=\"Gesch\u00e4tzte Lesezeit\" \/>\n\t<meta name=\"twitter:data2\" content=\"1\u00a0Minute\" \/>\n<script type=\"application\/ld+json\" class=\"yoast-schema-graph\">{\"@context\":\"https:\/\/schema.org\",\"@graph\":[{\"@type\":\"WebPage\",\"@id\":\"https:\/\/www.michael-krell.com\/de\/anitas-swim-and-run-und-trainingseinstieg\/\",\"url\":\"https:\/\/www.michael-krell.com\/de\/anitas-swim-and-run-und-trainingseinstieg\/\",\"name\":\"Anitas Swim and Run und Trainingseinstieg - Michael Krell Triathlon Coaching\",\"isPartOf\":{\"@id\":\"https:\/\/www.michael-krell.com\/en\/#website\"},\"datePublished\":\"2013-07-28T20:36:00+00:00\",\"dateModified\":\"2017-04-13T14:08:15+00:00\",\"author\":{\"@id\":\"https:\/\/www.michael-krell.com\/en\/#\/schema\/person\/17d0c03cb1e15db7305e41b6170a4237\"},\"breadcrumb\":{\"@id\":\"https:\/\/www.michael-krell.com\/de\/anitas-swim-and-run-und-trainingseinstieg\/#breadcrumb\"},\"inLanguage\":\"de\",\"potentialAction\":[{\"@type\":\"ReadAction\",\"target\":[\"https:\/\/www.michael-krell.com\/de\/anitas-swim-and-run-und-trainingseinstieg\/\"]}]},{\"@type\":\"BreadcrumbList\",\"@id\":\"https:\/\/www.michael-krell.com\/de\/anitas-swim-and-run-und-trainingseinstieg\/#breadcrumb\",\"itemListElement\":[{\"@type\":\"ListItem\",\"position\":1,\"name\":\"Startseite\",\"item\":\"https:\/\/www.michael-krell.com\/en\/\"},{\"@type\":\"ListItem\",\"position\":2,\"name\":\"Anitas Swim and Run und Trainingseinstieg\"}]},{\"@type\":\"WebSite\",\"@id\":\"https:\/\/www.michael-krell.com\/en\/#website\",\"url\":\"https:\/\/www.michael-krell.com\/en\/\",\"name\":\"Michael Krell Triathlon Coaching\",\"description\":\"\",\"potentialAction\":[{\"@type\":\"SearchAction\",\"target\":{\"@type\":\"EntryPoint\",\"urlTemplate\":\"https:\/\/www.michael-krell.com\/en\/?s={search_term_string}\"},\"query-input\":\"required name=search_term_string\"}],\"inLanguage\":\"de\"},{\"@type\":\"Person\",\"@id\":\"https:\/\/www.michael-krell.com\/en\/#\/schema\/person\/17d0c03cb1e15db7305e41b6170a4237\",\"name\":\"Michael Krell\",\"image\":{\"@type\":\"ImageObject\",\"inLanguage\":\"de\",\"@id\":\"https:\/\/www.michael-krell.com\/en\/#\/schema\/person\/image\/\",\"url\":\"https:\/\/secure.gravatar.com\/avatar\/33e39b9fbaf6777afb9b8559d921c4d22f4fd87cba8562434fa169fa71aeb1b3?s=96&d=mm&r=g\",\"contentUrl\":\"https:\/\/secure.gravatar.com\/avatar\/33e39b9fbaf6777afb9b8559d921c4d22f4fd87cba8562434fa169fa71aeb1b3?s=96&d=mm&r=g\",\"caption\":\"Michael Krell\"},\"url\":\"https:\/\/www.michael-krell.com\/de\/author\/krelli\/\"}]}<\/script>\n<!-- \/ Yoast SEO plugin. -->","yoast_head_json":{"title":"Anitas Swim and Run und Trainingseinstieg - Michael Krell Triathlon Coaching","robots":{"index":"index","follow":"follow","max-snippet":"max-snippet:-1","max-image-preview":"max-image-preview:large","max-video-preview":"max-video-preview:-1"},"canonical":"https:\/\/www.michael-krell.com\/de\/anitas-swim-and-run-und-trainingseinstieg\/","og_locale":"de_DE","og_type":"article","og_title":"Anitas Swim and Run und Trainingseinstieg - Michael Krell Triathlon Coaching","og_description":"Bild: Robert Hackner Gestern fand zum zum wiederholten Male &#8222;Anitas Swim and Run&#8220; am Birkensee statt. Der komplette Erl\u00f6s geht, [&hellip;]","og_url":"https:\/\/www.michael-krell.com\/de\/anitas-swim-and-run-und-trainingseinstieg\/","og_site_name":"Michael Krell Triathlon Coaching","article_published_time":"2013-07-28T20:36:00+00:00","article_modified_time":"2017-04-13T14:08:15+00:00","og_image":[{"width":1024,"height":685,"url":"https:\/\/www.michael-krell.com\/wp-content\/uploads\/2013\/07\/9383175385_09dcf23ae3_o.jpg","type":"image\/jpeg"}],"author":"Michael Krell","twitter_card":"summary_large_image","twitter_misc":{"Verfasst von":"Michael Krell","Gesch\u00e4tzte Lesezeit":"1\u00a0Minute"},"schema":{"@context":"https:\/\/schema.org","@graph":[{"@type":"WebPage","@id":"https:\/\/www.michael-krell.com\/de\/anitas-swim-and-run-und-trainingseinstieg\/","url":"https:\/\/www.michael-krell.com\/de\/anitas-swim-and-run-und-trainingseinstieg\/","name":"Anitas Swim and Run und Trainingseinstieg - Michael Krell Triathlon Coaching","isPartOf":{"@id":"https:\/\/www.michael-krell.com\/en\/#website"},"datePublished":"2013-07-28T20:36:00+00:00","dateModified":"2017-04-13T14:08:15+00:00","author":{"@id":"https:\/\/www.michael-krell.com\/en\/#\/schema\/person\/17d0c03cb1e15db7305e41b6170a4237"},"breadcrumb":{"@id":"https:\/\/www.michael-krell.com\/de\/anitas-swim-and-run-und-trainingseinstieg\/#breadcrumb"},"inLanguage":"de","potentialAction":[{"@type":"ReadAction","target":["https:\/\/www.michael-krell.com\/de\/anitas-swim-and-run-und-trainingseinstieg\/"]}]},{"@type":"BreadcrumbList","@id":"https:\/\/www.michael-krell.com\/de\/anitas-swim-and-run-und-trainingseinstieg\/#breadcrumb","itemListElement":[{"@type":"ListItem","position":1,"name":"Startseite","item":"https:\/\/www.michael-krell.com\/en\/"},{"@type":"ListItem","position":2,"name":"Anitas Swim and Run und Trainingseinstieg"}]},{"@type":"WebSite","@id":"https:\/\/www.michael-krell.com\/en\/#website","url":"https:\/\/www.michael-krell.com\/en\/","name":"Michael Krell Triathlon Coaching","description":"","potentialAction":[{"@type":"SearchAction","target":{"@type":"EntryPoint","urlTemplate":"https:\/\/www.michael-krell.com\/en\/?s={search_term_string}"},"query-input":"required name=search_term_string"}],"inLanguage":"de"},{"@type":"Person","@id":"https:\/\/www.michael-krell.com\/en\/#\/schema\/person\/17d0c03cb1e15db7305e41b6170a4237","name":"Michael Krell","image":{"@type":"ImageObject","inLanguage":"de","@id":"https:\/\/www.michael-krell.com\/en\/#\/schema\/person\/image\/","url":"https:\/\/secure.gravatar.com\/avatar\/33e39b9fbaf6777afb9b8559d921c4d22f4fd87cba8562434fa169fa71aeb1b3?s=96&d=mm&r=g","contentUrl":"https:\/\/secure.gravatar.com\/avatar\/33e39b9fbaf6777afb9b8559d921c4d22f4fd87cba8562434fa169fa71aeb1b3?s=96&d=mm&r=g","caption":"Michael Krell"},"url":"https:\/\/www.michael-krell.com\/de\/author\/krelli\/"}]}},"_links":{"self":[{"href":"https:\/\/www.michael-krell.com\/de\/wp-json\/wp\/v2\/posts\/260","targetHints":{"allow":["GET"]}}],"collection":[{"href":"https:\/\/www.michael-krell.com\/de\/wp-json\/wp\/v2\/posts"}],"about":[{"href":"https:\/\/www.michael-krell.com\/de\/wp-json\/wp\/v2\/types\/post"}],"author":[{"embeddable":true,"href":"https:\/\/www.michael-krell.com\/de\/wp-json\/wp\/v2\/users\/2"}],"replies":[{"embeddable":true,"href":"https:\/\/www.michael-krell.com\/de\/wp-json\/wp\/v2\/comments?post=260"}],"version-history":[{"count":1,"href":"https:\/\/www.michael-krell.com\/de\/wp-json\/wp\/v2\/posts\/260\/revisions"}],"predecessor-version":[{"id":3358,"href":"https:\/\/www.michael-krell.com\/de\/wp-json\/wp\/v2\/posts\/260\/revisions\/3358"}],"wp:featuredmedia":[{"embeddable":true,"href":"https:\/\/www.michael-krell.com\/de\/wp-json\/wp\/v2\/media\/1251"}],"wp:attachment":[{"href":"https:\/\/www.michael-krell.com\/de\/wp-json\/wp\/v2\/media?parent=260"}],"wp:term":[{"taxonomy":"category","embeddable":true,"href":"https:\/\/www.michael-krell.com\/de\/wp-json\/wp\/v2\/categories?post=260"},{"taxonomy":"post_tag","embeddable":true,"href":"https:\/\/www.michael-krell.com\/de\/wp-json\/wp\/v2\/tags?post=260"}],"curies":[{"name":"wp","href":"https:\/\/api.w.org\/{rel}","templated":true}]}}