{"id":262,"date":"2013-07-24T07:29:00","date_gmt":"2013-07-24T05:29:00","guid":{"rendered":"http:\/\/www.michael-krell.com\/?p=262"},"modified":"2017-04-13T16:08:50","modified_gmt":"2017-04-13T14:08:50","slug":"mit-krelli-in-gefahr-triathlon-trainingslager-in-zypern-februarmaerz-2014","status":"publish","type":"post","link":"https:\/\/www.michael-krell.com\/de\/mit-krelli-in-gefahr-triathlon-trainingslager-in-zypern-februarmaerz-2014\/","title":{"rendered":"Mit Krelli in Gefahr &#8211; Triathlon Trainingslager in Zypern Februar\/M\u00e4rz 2014"},"content":{"rendered":"<p>&nbsp;<\/p>\n<table style=\"margin-left: auto; margin-right: auto; text-align: center;\" cellspacing=\"0\" cellpadding=\"0\" align=\"center\">\n<tbody>\n<tr>\n<td style=\"text-align: center;\"><a style=\"margin-left: auto; margin-right: auto;\" href=\"http:\/\/www.michael-krell.com\/wp-content\/uploads\/2013\/07\/L4Q3394Finale2011.jpg\"><img loading=\"lazy\" decoding=\"async\" src=\"http:\/\/www.michael-krell.com\/wp-content\/uploads\/2013\/07\/L4Q3394Finale2011-300x199.jpg\" width=\"400\" height=\"266\" border=\"0\" \/><\/a><\/td>\n<\/tr>\n<tr>\n<td style=\"text-align: center;\">Bild: Stefan Nimmesgern<\/td>\n<\/tr>\n<\/tbody>\n<\/table>\n<p>Inzwischen geht der Trend dahin immer fr\u00fcher im Jahr mit der Kraftausdauer zu beginnen. F\u00fcr mich ein Trainingselement was das komplette Jahr auf dem Trainingsplan stehen sollte. Denn oft ist es nicht die Ausdauer die am Ende des Wettkampfes das Tempo absinken l\u00e4sst, sondern die Kraft(ausdauer).<\/p>\n<p>Wer schon langsam f\u00fcr die n\u00e4chste Saison plant und mal was neues ausprobieren m\u00f6chte, dem kann ich Zypern wirklich ans Herz legen. Aufgrund der geografischen Lage im Februar schon \u00fcber 20 Grad und damit deutlich w\u00e4rmer als Mallorca, und gleichzeitig gr\u00f6\u00dfer und abwechslungsreicher als die Kanaren. Au\u00dferdem f\u00e4hrt da noch fast keiner hin, und wo sonst kann man den Olympus erklimmen und die Heimatst\u00e4tte der antiken G\u00f6tter besuchen. Insgesamt sind die Strecken im Westen der Insel eher wellig bis profiliert.<\/p>\n<table style=\"margin-left: auto; margin-right: auto; text-align: center;\" cellspacing=\"0\" cellpadding=\"0\" align=\"center\">\n<tbody>\n<tr>\n<td style=\"text-align: center;\"><a style=\"margin-left: auto; margin-right: auto;\" href=\"http:\/\/www.michael-krell.com\/wp-content\/uploads\/2013\/07\/bild.jpg\"><img loading=\"lazy\" decoding=\"async\" src=\"http:\/\/www.michael-krell.com\/wp-content\/uploads\/2013\/07\/bild-300x136.jpg\" width=\"400\" height=\"180\" border=\"0\" \/><\/a><\/td>\n<\/tr>\n<tr>\n<td style=\"text-align: center;\">Anklicken zum Vergr\u00f6\u00dfern<\/td>\n<\/tr>\n<\/tbody>\n<\/table>\n<p>Im obigen Flyer findet ihr alle Details zu dem von mir geleitetes Trainingslager von Trciamp. Vom 22. Februar bis 01. M\u00e4rz stehe ich euch als Trainer im wundersch\u00f6nen Paphos zur Verf\u00fcgung. Wenn ihr wollt und die Nachfrage gro\u00df genug ist, sogar bis zum 15. M\u00e4rz. Und ich w\u00e4re euch da auch nicht b\u00f6se, wenn ich l\u00e4nger bleiben muss \ud83d\ude09 Einen saucoolen 50m Outdoor-Pool gibt es 300m vom Hotel entfernt. Mit Neo bewaffnet, k\u00f6nnt ihr nat\u00fcrlich auch ins Meer springen.<\/p>\n<table style=\"margin-left: auto; margin-right: auto; text-align: center;\" cellspacing=\"0\" cellpadding=\"0\" align=\"center\">\n<tbody>\n<tr>\n<td style=\"text-align: center;\"><a style=\"margin-left: auto; margin-right: auto;\" href=\"http:\/\/www.michael-krell.com\/wp-content\/uploads\/2013\/07\/L4Q3321Finale2011.jpg\"><img loading=\"lazy\" decoding=\"async\" src=\"http:\/\/www.michael-krell.com\/wp-content\/uploads\/2013\/07\/L4Q3321Finale2011-300x199.jpg\" width=\"400\" height=\"266\" border=\"0\" \/><\/a><\/td>\n<\/tr>\n<tr>\n<td style=\"text-align: center;\">Bild: Stefan Nimmesgern<\/td>\n<\/tr>\n<\/tbody>\n<\/table>\n<p>Begleitpersonen die nicht am geleiteten Training teilnehmen und sich lieber die kulturellen Sehensw\u00fcrdigkeiten rund um Aphrodite &amp; co. anschauen m\u00f6chten bekommen Preisnachlass.<\/p>\n<p>Anfragen direkt an: info@tricamp.de<\/p>\n<p>sonnige Gr\u00fc\u00dfe<br \/>\nkrelli<\/p>\n","protected":false},"excerpt":{"rendered":"<p>&nbsp; Bild: Stefan Nimmesgern Inzwischen geht der Trend dahin immer fr\u00fcher im Jahr mit der Kraftausdauer zu beginnen. F\u00fcr mich [&hellip;]<\/p>\n","protected":false},"author":2,"featured_media":1254,"comment_status":"open","ping_status":"open","sticky":false,"template":"","format":"standard","meta":{"footnotes":""},"categories":[1219],"tags":[],"class_list":["post-262","post","type-post","status-publish","format-standard","has-post-thumbnail","hentry","category-coaching"],"yoast_head":"<!-- This site is optimized with the Yoast SEO plugin v19.8 - https:\/\/yoast.com\/wordpress\/plugins\/seo\/ -->\n<title>Mit Krelli in Gefahr - Triathlon Trainingslager in Zypern Februar\/M\u00e4rz 2014 - Michael Krell Triathlon Coaching<\/title>\n<meta name=\"robots\" content=\"index, follow, max-snippet:-1, max-image-preview:large, max-video-preview:-1\" \/>\n<link rel=\"canonical\" href=\"https:\/\/www.michael-krell.com\/de\/mit-krelli-in-gefahr-triathlon-trainingslager-in-zypern-februarmaerz-2014\/\" \/>\n<meta property=\"og:locale\" content=\"de_DE\" \/>\n<meta property=\"og:type\" content=\"article\" \/>\n<meta property=\"og:title\" content=\"Mit Krelli in Gefahr - Triathlon Trainingslager in Zypern Februar\/M\u00e4rz 2014 - Michael Krell Triathlon Coaching\" \/>\n<meta property=\"og:description\" content=\"&nbsp; Bild: Stefan Nimmesgern Inzwischen geht der Trend dahin immer fr\u00fcher im Jahr mit der Kraftausdauer zu beginnen. F\u00fcr mich [&hellip;]\" \/>\n<meta property=\"og:url\" content=\"https:\/\/www.michael-krell.com\/de\/mit-krelli-in-gefahr-triathlon-trainingslager-in-zypern-februarmaerz-2014\/\" \/>\n<meta property=\"og:site_name\" content=\"Michael Krell Triathlon Coaching\" \/>\n<meta property=\"article:published_time\" content=\"2013-07-24T05:29:00+00:00\" \/>\n<meta property=\"article:modified_time\" content=\"2017-04-13T14:08:50+00:00\" \/>\n<meta property=\"og:image\" content=\"https:\/\/www.michael-krell.com\/wp-content\/uploads\/2013\/07\/L4Q3394Finale2011.jpg\" \/>\n\t<meta property=\"og:image:width\" content=\"1024\" \/>\n\t<meta property=\"og:image:height\" content=\"682\" \/>\n\t<meta property=\"og:image:type\" content=\"image\/jpeg\" \/>\n<meta name=\"author\" content=\"Michael Krell\" \/>\n<meta name=\"twitter:card\" content=\"summary_large_image\" \/>\n<meta name=\"twitter:label1\" content=\"Verfasst von\" \/>\n\t<meta name=\"twitter:data1\" content=\"Michael Krell\" \/>\n\t<meta name=\"twitter:label2\" content=\"Gesch\u00e4tzte Lesezeit\" \/>\n\t<meta name=\"twitter:data2\" content=\"1\u00a0Minute\" \/>\n<script type=\"application\/ld+json\" class=\"yoast-schema-graph\">{\"@context\":\"https:\/\/schema.org\",\"@graph\":[{\"@type\":\"WebPage\",\"@id\":\"https:\/\/www.michael-krell.com\/en\/mit-krelli-in-gefahr-triathlon-trainingslager-in-zypern-februarmaerz-2014\/\",\"url\":\"https:\/\/www.michael-krell.com\/en\/mit-krelli-in-gefahr-triathlon-trainingslager-in-zypern-februarmaerz-2014\/\",\"name\":\"Mit Krelli in Gefahr - Triathlon Trainingslager in Zypern Februar\/M\u00e4rz 2014 - Michael Krell Triathlon Coaching\",\"isPartOf\":{\"@id\":\"https:\/\/www.michael-krell.com\/en\/#website\"},\"datePublished\":\"2013-07-24T05:29:00+00:00\",\"dateModified\":\"2017-04-13T14:08:50+00:00\",\"author\":{\"@id\":\"https:\/\/www.michael-krell.com\/en\/#\/schema\/person\/17d0c03cb1e15db7305e41b6170a4237\"},\"breadcrumb\":{\"@id\":\"https:\/\/www.michael-krell.com\/en\/mit-krelli-in-gefahr-triathlon-trainingslager-in-zypern-februarmaerz-2014\/#breadcrumb\"},\"inLanguage\":\"de\",\"potentialAction\":[{\"@type\":\"ReadAction\",\"target\":[\"https:\/\/www.michael-krell.com\/en\/mit-krelli-in-gefahr-triathlon-trainingslager-in-zypern-februarmaerz-2014\/\"]}]},{\"@type\":\"BreadcrumbList\",\"@id\":\"https:\/\/www.michael-krell.com\/en\/mit-krelli-in-gefahr-triathlon-trainingslager-in-zypern-februarmaerz-2014\/#breadcrumb\",\"itemListElement\":[{\"@type\":\"ListItem\",\"position\":1,\"name\":\"Startseite\",\"item\":\"https:\/\/www.michael-krell.com\/en\/\"},{\"@type\":\"ListItem\",\"position\":2,\"name\":\"Mit Krelli in Gefahr &#8211; Triathlon Trainingslager in Zypern Februar\/M\u00e4rz 2014\"}]},{\"@type\":\"WebSite\",\"@id\":\"https:\/\/www.michael-krell.com\/en\/#website\",\"url\":\"https:\/\/www.michael-krell.com\/en\/\",\"name\":\"Michael Krell Triathlon Coaching\",\"description\":\"\",\"potentialAction\":[{\"@type\":\"SearchAction\",\"target\":{\"@type\":\"EntryPoint\",\"urlTemplate\":\"https:\/\/www.michael-krell.com\/en\/?s={search_term_string}\"},\"query-input\":\"required name=search_term_string\"}],\"inLanguage\":\"de\"},{\"@type\":\"Person\",\"@id\":\"https:\/\/www.michael-krell.com\/en\/#\/schema\/person\/17d0c03cb1e15db7305e41b6170a4237\",\"name\":\"Michael Krell\",\"image\":{\"@type\":\"ImageObject\",\"inLanguage\":\"de\",\"@id\":\"https:\/\/www.michael-krell.com\/en\/#\/schema\/person\/image\/\",\"url\":\"https:\/\/secure.gravatar.com\/avatar\/33e39b9fbaf6777afb9b8559d921c4d22f4fd87cba8562434fa169fa71aeb1b3?s=96&d=mm&r=g\",\"contentUrl\":\"https:\/\/secure.gravatar.com\/avatar\/33e39b9fbaf6777afb9b8559d921c4d22f4fd87cba8562434fa169fa71aeb1b3?s=96&d=mm&r=g\",\"caption\":\"Michael Krell\"},\"url\":\"https:\/\/www.michael-krell.com\/de\/author\/krelli\/\"}]}<\/script>\n<!-- \/ Yoast SEO plugin. -->","yoast_head_json":{"title":"Mit Krelli in Gefahr - Triathlon Trainingslager in Zypern Februar\/M\u00e4rz 2014 - Michael Krell Triathlon Coaching","robots":{"index":"index","follow":"follow","max-snippet":"max-snippet:-1","max-image-preview":"max-image-preview:large","max-video-preview":"max-video-preview:-1"},"canonical":"https:\/\/www.michael-krell.com\/de\/mit-krelli-in-gefahr-triathlon-trainingslager-in-zypern-februarmaerz-2014\/","og_locale":"de_DE","og_type":"article","og_title":"Mit Krelli in Gefahr - Triathlon Trainingslager in Zypern Februar\/M\u00e4rz 2014 - Michael Krell Triathlon Coaching","og_description":"&nbsp; Bild: Stefan Nimmesgern Inzwischen geht der Trend dahin immer fr\u00fcher im Jahr mit der Kraftausdauer zu beginnen. F\u00fcr mich [&hellip;]","og_url":"https:\/\/www.michael-krell.com\/de\/mit-krelli-in-gefahr-triathlon-trainingslager-in-zypern-februarmaerz-2014\/","og_site_name":"Michael Krell Triathlon Coaching","article_published_time":"2013-07-24T05:29:00+00:00","article_modified_time":"2017-04-13T14:08:50+00:00","og_image":[{"width":1024,"height":682,"url":"https:\/\/www.michael-krell.com\/wp-content\/uploads\/2013\/07\/L4Q3394Finale2011.jpg","type":"image\/jpeg"}],"author":"Michael Krell","twitter_card":"summary_large_image","twitter_misc":{"Verfasst von":"Michael Krell","Gesch\u00e4tzte Lesezeit":"1\u00a0Minute"},"schema":{"@context":"https:\/\/schema.org","@graph":[{"@type":"WebPage","@id":"https:\/\/www.michael-krell.com\/en\/mit-krelli-in-gefahr-triathlon-trainingslager-in-zypern-februarmaerz-2014\/","url":"https:\/\/www.michael-krell.com\/en\/mit-krelli-in-gefahr-triathlon-trainingslager-in-zypern-februarmaerz-2014\/","name":"Mit Krelli in Gefahr - Triathlon Trainingslager in Zypern Februar\/M\u00e4rz 2014 - Michael Krell Triathlon Coaching","isPartOf":{"@id":"https:\/\/www.michael-krell.com\/en\/#website"},"datePublished":"2013-07-24T05:29:00+00:00","dateModified":"2017-04-13T14:08:50+00:00","author":{"@id":"https:\/\/www.michael-krell.com\/en\/#\/schema\/person\/17d0c03cb1e15db7305e41b6170a4237"},"breadcrumb":{"@id":"https:\/\/www.michael-krell.com\/en\/mit-krelli-in-gefahr-triathlon-trainingslager-in-zypern-februarmaerz-2014\/#breadcrumb"},"inLanguage":"de","potentialAction":[{"@type":"ReadAction","target":["https:\/\/www.michael-krell.com\/en\/mit-krelli-in-gefahr-triathlon-trainingslager-in-zypern-februarmaerz-2014\/"]}]},{"@type":"BreadcrumbList","@id":"https:\/\/www.michael-krell.com\/en\/mit-krelli-in-gefahr-triathlon-trainingslager-in-zypern-februarmaerz-2014\/#breadcrumb","itemListElement":[{"@type":"ListItem","position":1,"name":"Startseite","item":"https:\/\/www.michael-krell.com\/en\/"},{"@type":"ListItem","position":2,"name":"Mit Krelli in Gefahr &#8211; Triathlon Trainingslager in Zypern Februar\/M\u00e4rz 2014"}]},{"@type":"WebSite","@id":"https:\/\/www.michael-krell.com\/en\/#website","url":"https:\/\/www.michael-krell.com\/en\/","name":"Michael Krell Triathlon Coaching","description":"","potentialAction":[{"@type":"SearchAction","target":{"@type":"EntryPoint","urlTemplate":"https:\/\/www.michael-krell.com\/en\/?s={search_term_string}"},"query-input":"required name=search_term_string"}],"inLanguage":"de"},{"@type":"Person","@id":"https:\/\/www.michael-krell.com\/en\/#\/schema\/person\/17d0c03cb1e15db7305e41b6170a4237","name":"Michael Krell","image":{"@type":"ImageObject","inLanguage":"de","@id":"https:\/\/www.michael-krell.com\/en\/#\/schema\/person\/image\/","url":"https:\/\/secure.gravatar.com\/avatar\/33e39b9fbaf6777afb9b8559d921c4d22f4fd87cba8562434fa169fa71aeb1b3?s=96&d=mm&r=g","contentUrl":"https:\/\/secure.gravatar.com\/avatar\/33e39b9fbaf6777afb9b8559d921c4d22f4fd87cba8562434fa169fa71aeb1b3?s=96&d=mm&r=g","caption":"Michael Krell"},"url":"https:\/\/www.michael-krell.com\/de\/author\/krelli\/"}]}},"_links":{"self":[{"href":"https:\/\/www.michael-krell.com\/de\/wp-json\/wp\/v2\/posts\/262","targetHints":{"allow":["GET"]}}],"collection":[{"href":"https:\/\/www.michael-krell.com\/de\/wp-json\/wp\/v2\/posts"}],"about":[{"href":"https:\/\/www.michael-krell.com\/de\/wp-json\/wp\/v2\/types\/post"}],"author":[{"embeddable":true,"href":"https:\/\/www.michael-krell.com\/de\/wp-json\/wp\/v2\/users\/2"}],"replies":[{"embeddable":true,"href":"https:\/\/www.michael-krell.com\/de\/wp-json\/wp\/v2\/comments?post=262"}],"version-history":[{"count":1,"href":"https:\/\/www.michael-krell.com\/de\/wp-json\/wp\/v2\/posts\/262\/revisions"}],"predecessor-version":[{"id":3360,"href":"https:\/\/www.michael-krell.com\/de\/wp-json\/wp\/v2\/posts\/262\/revisions\/3360"}],"wp:featuredmedia":[{"embeddable":true,"href":"https:\/\/www.michael-krell.com\/de\/wp-json\/wp\/v2\/media\/1254"}],"wp:attachment":[{"href":"https:\/\/www.michael-krell.com\/de\/wp-json\/wp\/v2\/media?parent=262"}],"wp:term":[{"taxonomy":"category","embeddable":true,"href":"https:\/\/www.michael-krell.com\/de\/wp-json\/wp\/v2\/categories?post=262"},{"taxonomy":"post_tag","embeddable":true,"href":"https:\/\/www.michael-krell.com\/de\/wp-json\/wp\/v2\/tags?post=262"}],"curies":[{"name":"wp","href":"https:\/\/api.w.org\/{rel}","templated":true}]}}