{"id":265,"date":"2013-07-19T08:26:00","date_gmt":"2013-07-19T06:26:00","guid":{"rendered":"http:\/\/www.michael-krell.com\/?p=265"},"modified":"2017-04-13T18:13:10","modified_gmt":"2017-04-13T16:13:10","slug":"auswirkungen-hoehenluft-auf-meine-performance","status":"publish","type":"post","link":"https:\/\/www.michael-krell.com\/de\/auswirkungen-hoehenluft-auf-meine-performance\/","title":{"rendered":"Auswirkungen H\u00f6henluft auf meine Performance"},"content":{"rendered":"<table style=\"margin-left: auto; margin-right: auto; text-align: center;\" cellspacing=\"0\" cellpadding=\"0\" align=\"center\">\n<tbody>\n<tr>\n<td style=\"text-align: center;\">\n<a style=\"margin-left: auto; margin-right: auto;\" href=\"http:\/\/www.michael-krell.com\/wp-content\/uploads\/2013\/07\/2VYyCyhmuIYTrr1z4_-aESDR_46RWiyduKNq1Qn05U0.jpeg\"><img loading=\"lazy\" decoding=\"async\" src=\"http:\/\/www.michael-krell.com\/wp-content\/uploads\/2013\/07\/2VYyCyhmuIYTrr1z4_-aESDR_46RWiyduKNq1Qn05U0-300x214.jpeg\" width=\"400\" height=\"285\" border=\"0\" \/><\/a><\/td>\n<\/tr>\n<tr>\n<td style=\"text-align: center;\">Bild: Matthias Grosser<\/td>\n<\/tr>\n<\/tbody>\n<\/table>\n<p>Wie bereits in einem Post vor zwei Monaten angek\u00fcndigt, habe ich vor dem Challenge regelm\u00e4\u00dfige H\u00f6henluftanwendungen durchgef\u00fchrt. Ich habe auch versprochen euch davon zu berichten. Das hole ich nat\u00fcrlich jetzt nach dem Rennen auch nach. Davor allerdings ein Wort der Warnung: jeder Athlet reagiert anders auf H\u00f6henluft, daher k\u00f6nnen nicht so ohne weiteres allgemeine Schl\u00fcsse gezogen werden. Hier beschreibe ich die Auswirkungen auf mich als Athlet. Ich bin kein Wissenschaftler, daher sind meine Einsch\u00e4tzungen in einem gewissen Ma\u00dfe nat\u00fcrlich auch subjektiv.<\/p>\n<p>Unten seht ihr die Ergebnisse meiner Spiroergometrie nach etlichen Anwendungen. Dank J\u00fcrgen Trapp vom triathlon.de Shop in N\u00fcrnberg habe ich mich 2-3mal die Woche an die Maske gesetzt und nebenbei gearbeitet, habe also kein aktives Training dabei bestritten, sondern es passiv angewendet. Dauer einer Session war meist eine Stunde auf ca. 4.500 Meter simulierter H\u00f6he. Die Sauerstoffs\u00e4ttigung lag dabei zwischen 75% und 80%, also deutlich niedriger als normal.<\/p>\n<p>Was hat es gebracht? Im Folgenden eine Auswertung auf dem Laufband.<\/p>\n<table style=\"margin-left: auto; margin-right: auto; text-align: center;\" cellspacing=\"0\" cellpadding=\"0\" align=\"center\">\n<tbody>\n<tr>\n<td style=\"text-align: center;\"><a style=\"margin-left: auto; margin-right: auto;\" href=\"http:\/\/www.michael-krell.com\/wp-content\/uploads\/2013\/07\/energiestoffwechsel.jpg\"><img loading=\"lazy\" decoding=\"async\" src=\"http:\/\/www.michael-krell.com\/wp-content\/uploads\/2013\/07\/energiestoffwechsel-300x266.jpg\" width=\"400\" height=\"352\" border=\"0\" \/><\/a><\/td>\n<\/tr>\n<tr>\n<td style=\"text-align: center;\">Anklicken zum Vergr\u00f6\u00dfern<\/td>\n<\/tr>\n<\/tbody>\n<\/table>\n<p>Wichtig ist die gr\u00fcne Linie, diese zeigt den Fettstoffwechsel an. Durch die regelm\u00e4\u00dfigen Anwendungen verbesserte sich meine Fettverbrennungsf\u00e4higkeit, und dass in allen Intensit\u00e4tsstufen. Zuallererst sieht man ganz rechts, dass sich meine anaerobe Schwelle (der Zeitpunkt bei dem ausschlie\u00dflich KH verbrannt werden, aber kein Fett mehr) bei maximaler Auslastung von 19km\/h befand. Denn selbst bei 18km\/h entnahm mein K\u00f6rper noch 5% seines Energiebedarfs aus den Fettreserven. In dieser Zeit war es f\u00fcr mich demnach sehr schwierig \u00fcber die anaerobe Schwelle zu kommen.<\/p>\n<p>Dadurch verschiebt sich auch der Grundlagenbereich. Ihr k\u00f6nnt erkennen dass mein Langdistanztempo ohne Probleme bis Puls 150 ging. Denn bis dahin ist die Fettverbrennung absolut stabil. Und je mehr Fett euer K\u00f6rper w\u00e4hrend des Rennens aus den eigenen (fast unersch\u00f6pflichen) Fettreserven verstoffwechseln kann, desto l\u00e4nger haltet ihr durch bzw. k\u00f6nnt ein h\u00f6heres Tempo gehen.<\/p>\n<div style=\"clear: both; text-align: center;\"><a style=\"margin-left: 1em; margin-right: 1em;\" href=\"http:\/\/www.michael-krell.com\/wp-content\/uploads\/2013\/07\/IMG_1037.jpg\"><img loading=\"lazy\" decoding=\"async\" src=\"http:\/\/www.michael-krell.com\/wp-content\/uploads\/2013\/07\/IMG_1037-300x296.jpg\" width=\"400\" height=\"395\" border=\"0\" \/><\/a><\/div>\n<p>Was bedeutete dies f\u00fcr mich im Rennen?<br \/>\n1. Bis Puls 150 war alles easy und mir konnte eigentlich nichts passieren. Wir beide hatten ausgerechnet, dass ich bei normaler Verpflegungstrategie auf der Strecke in diesem Pulsbereich maximal 10 bis 10,5 Stunden Wettkampfdauer tolerieren konnte, ohne dass meine Glykogenspeicher leer laufen.<br \/>\n2. In Kombination mit einer im Rennen fast nicht erreichbaren anaeroben Schwelle ergab sich dadurch die M\u00f6glichkeit dass ich Tempoversch\u00e4rfungen oder l\u00e4ngere Antritte im Wettkampf ohne Probleme durchziehen konnte, ohne Angst haben zu m\u00fcssen dass ich einbreche oder in einen Hungerast steuere.<br \/>\n3. Da nun die aerobe Leistungsf\u00e4higkeit und die Energiebilanz nicht mehr das riesige Problem darstellten, war allerdings eine sehr gut ausgepr\u00e4gte Kraftausdauer vonn\u00f6ten. Denn ansonsten kann kein h\u00f6heres Tempo realisiert werden, da ich es sonst auf Dauer muskul\u00e4r nicht durchgehalten h\u00e4tte. (Dazu geh\u00f6ren f\u00fcr mich in allererster Linie H\u00fcgell\u00e4ufe und lange Trainingsl\u00e4ufe im Wettkampftempo)<\/p>\n<p>Beim abschlie\u00dfenden Marathon trieb ich es dann f\u00fcr meine Verh\u00e4ltnisse auf die Spitze und lief ab Kilometer 20 was der K\u00f6rper hergab. Ich hatte eine permanent das Gef\u00fchl &#8222;Schei\u00dfe, du bricht gleich ein, das Tempo ist zu hoch&#8220;, aber nichts passierte und kein Einbruch kam. Bis ich dann im Ziel erstaunt feststellte dass ich meine LD-Marathonzeit um \u00fcber 10 Minuten auf genau 3:00 ger\u00fcckt hatte, trotz Hitze.<\/p>\n<p>Fazit: H\u00f6henluftanwendungen lohnen sich, meiner Meinung nach allerdings nur f\u00fcr die lange Strecke. Da in allererster Linie die Fettverbrennung verbessert wird. F\u00fcr die Erh\u00f6hung der Anzahl von roten Blutk\u00f6rperchen ist die Anwendungsdauer zu gering. Da m\u00fcsstet ihr wirklich ins H\u00f6hentrainingslager. Bevor man allerdings mit solchen Anwendungen beginnt, sollte man immer erst seine maximale Trainingskapazit\u00e4t aussch\u00f6pfen. Wenn dies der Fall ist, dann k\u00f6nnt ihr versuchen damit noch 1-2% mehr Leistung raus zu kitzeln \ud83d\ude42<\/p>\n<p>Sehr disziplinierte Athleten k\u00f6nnen ihre Fettverbrennung auch verbessern durch low-carb Training, dann passiert genau das Gleiche im K\u00f6rper.<\/p>\n<p>sch\u00f6nes Wochenende!<br \/>\nkrelli<\/p>\n","protected":false},"excerpt":{"rendered":"<p>Bild: Matthias Grosser Wie bereits in einem Post vor zwei Monaten angek\u00fcndigt, habe ich vor dem Challenge regelm\u00e4\u00dfige H\u00f6henluftanwendungen durchgef\u00fchrt. [&hellip;]<\/p>\n","protected":false},"author":2,"featured_media":1259,"comment_status":"open","ping_status":"open","sticky":false,"template":"","format":"standard","meta":{"footnotes":""},"categories":[1220],"tags":[],"class_list":["post-265","post","type-post","status-publish","format-standard","has-post-thumbnail","hentry","category-privates"],"yoast_head":"<!-- This site is optimized with the Yoast SEO plugin v19.8 - https:\/\/yoast.com\/wordpress\/plugins\/seo\/ -->\n<title>Auswirkungen H\u00f6henluft auf meine Performance - Michael Krell Triathlon Coaching<\/title>\n<meta name=\"robots\" content=\"index, follow, max-snippet:-1, max-image-preview:large, max-video-preview:-1\" \/>\n<link rel=\"canonical\" href=\"https:\/\/www.michael-krell.com\/de\/auswirkungen-hoehenluft-auf-meine-performance\/\" \/>\n<meta property=\"og:locale\" content=\"de_DE\" \/>\n<meta property=\"og:type\" content=\"article\" \/>\n<meta property=\"og:title\" content=\"Auswirkungen H\u00f6henluft auf meine Performance - Michael Krell Triathlon Coaching\" \/>\n<meta property=\"og:description\" content=\"Bild: Matthias Grosser Wie bereits in einem Post vor zwei Monaten angek\u00fcndigt, habe ich vor dem Challenge regelm\u00e4\u00dfige H\u00f6henluftanwendungen durchgef\u00fchrt. [&hellip;]\" \/>\n<meta property=\"og:url\" content=\"https:\/\/www.michael-krell.com\/de\/auswirkungen-hoehenluft-auf-meine-performance\/\" \/>\n<meta property=\"og:site_name\" content=\"Michael Krell Triathlon Coaching\" \/>\n<meta property=\"article:published_time\" content=\"2013-07-19T06:26:00+00:00\" \/>\n<meta property=\"article:modified_time\" content=\"2017-04-13T16:13:10+00:00\" \/>\n<meta property=\"og:image\" content=\"https:\/\/www.michael-krell.com\/wp-content\/uploads\/2013\/07\/2VYyCyhmuIYTrr1z4_-aESDR_46RWiyduKNq1Qn05U0.jpeg\" \/>\n\t<meta property=\"og:image:width\" content=\"960\" \/>\n\t<meta property=\"og:image:height\" content=\"686\" \/>\n\t<meta property=\"og:image:type\" content=\"image\/jpeg\" \/>\n<meta name=\"author\" content=\"Michael Krell\" \/>\n<meta name=\"twitter:card\" content=\"summary_large_image\" \/>\n<meta name=\"twitter:label1\" content=\"Verfasst von\" \/>\n\t<meta name=\"twitter:data1\" content=\"Michael Krell\" \/>\n\t<meta name=\"twitter:label2\" content=\"Gesch\u00e4tzte Lesezeit\" \/>\n\t<meta name=\"twitter:data2\" content=\"3\u00a0Minuten\" \/>\n<script type=\"application\/ld+json\" class=\"yoast-schema-graph\">{\"@context\":\"https:\/\/schema.org\",\"@graph\":[{\"@type\":\"WebPage\",\"@id\":\"https:\/\/www.michael-krell.com\/de\/auswirkungen-hoehenluft-auf-meine-performance\/\",\"url\":\"https:\/\/www.michael-krell.com\/de\/auswirkungen-hoehenluft-auf-meine-performance\/\",\"name\":\"Auswirkungen H\u00f6henluft auf meine Performance - Michael Krell Triathlon Coaching\",\"isPartOf\":{\"@id\":\"https:\/\/www.michael-krell.com\/en\/#website\"},\"datePublished\":\"2013-07-19T06:26:00+00:00\",\"dateModified\":\"2017-04-13T16:13:10+00:00\",\"author\":{\"@id\":\"https:\/\/www.michael-krell.com\/en\/#\/schema\/person\/17d0c03cb1e15db7305e41b6170a4237\"},\"breadcrumb\":{\"@id\":\"https:\/\/www.michael-krell.com\/de\/auswirkungen-hoehenluft-auf-meine-performance\/#breadcrumb\"},\"inLanguage\":\"de\",\"potentialAction\":[{\"@type\":\"ReadAction\",\"target\":[\"https:\/\/www.michael-krell.com\/de\/auswirkungen-hoehenluft-auf-meine-performance\/\"]}]},{\"@type\":\"BreadcrumbList\",\"@id\":\"https:\/\/www.michael-krell.com\/de\/auswirkungen-hoehenluft-auf-meine-performance\/#breadcrumb\",\"itemListElement\":[{\"@type\":\"ListItem\",\"position\":1,\"name\":\"Startseite\",\"item\":\"https:\/\/www.michael-krell.com\/en\/\"},{\"@type\":\"ListItem\",\"position\":2,\"name\":\"Auswirkungen H\u00f6henluft auf meine Performance\"}]},{\"@type\":\"WebSite\",\"@id\":\"https:\/\/www.michael-krell.com\/en\/#website\",\"url\":\"https:\/\/www.michael-krell.com\/en\/\",\"name\":\"Michael Krell Triathlon Coaching\",\"description\":\"\",\"potentialAction\":[{\"@type\":\"SearchAction\",\"target\":{\"@type\":\"EntryPoint\",\"urlTemplate\":\"https:\/\/www.michael-krell.com\/en\/?s={search_term_string}\"},\"query-input\":\"required name=search_term_string\"}],\"inLanguage\":\"de\"},{\"@type\":\"Person\",\"@id\":\"https:\/\/www.michael-krell.com\/en\/#\/schema\/person\/17d0c03cb1e15db7305e41b6170a4237\",\"name\":\"Michael Krell\",\"image\":{\"@type\":\"ImageObject\",\"inLanguage\":\"de\",\"@id\":\"https:\/\/www.michael-krell.com\/en\/#\/schema\/person\/image\/\",\"url\":\"https:\/\/secure.gravatar.com\/avatar\/33e39b9fbaf6777afb9b8559d921c4d22f4fd87cba8562434fa169fa71aeb1b3?s=96&d=mm&r=g\",\"contentUrl\":\"https:\/\/secure.gravatar.com\/avatar\/33e39b9fbaf6777afb9b8559d921c4d22f4fd87cba8562434fa169fa71aeb1b3?s=96&d=mm&r=g\",\"caption\":\"Michael Krell\"},\"url\":\"https:\/\/www.michael-krell.com\/de\/author\/krelli\/\"}]}<\/script>\n<!-- \/ Yoast SEO plugin. -->","yoast_head_json":{"title":"Auswirkungen H\u00f6henluft auf meine Performance - Michael Krell Triathlon Coaching","robots":{"index":"index","follow":"follow","max-snippet":"max-snippet:-1","max-image-preview":"max-image-preview:large","max-video-preview":"max-video-preview:-1"},"canonical":"https:\/\/www.michael-krell.com\/de\/auswirkungen-hoehenluft-auf-meine-performance\/","og_locale":"de_DE","og_type":"article","og_title":"Auswirkungen H\u00f6henluft auf meine Performance - Michael Krell Triathlon Coaching","og_description":"Bild: Matthias Grosser Wie bereits in einem Post vor zwei Monaten angek\u00fcndigt, habe ich vor dem Challenge regelm\u00e4\u00dfige H\u00f6henluftanwendungen durchgef\u00fchrt. [&hellip;]","og_url":"https:\/\/www.michael-krell.com\/de\/auswirkungen-hoehenluft-auf-meine-performance\/","og_site_name":"Michael Krell Triathlon Coaching","article_published_time":"2013-07-19T06:26:00+00:00","article_modified_time":"2017-04-13T16:13:10+00:00","og_image":[{"width":960,"height":686,"url":"https:\/\/www.michael-krell.com\/wp-content\/uploads\/2013\/07\/2VYyCyhmuIYTrr1z4_-aESDR_46RWiyduKNq1Qn05U0.jpeg","type":"image\/jpeg"}],"author":"Michael Krell","twitter_card":"summary_large_image","twitter_misc":{"Verfasst von":"Michael Krell","Gesch\u00e4tzte Lesezeit":"3\u00a0Minuten"},"schema":{"@context":"https:\/\/schema.org","@graph":[{"@type":"WebPage","@id":"https:\/\/www.michael-krell.com\/de\/auswirkungen-hoehenluft-auf-meine-performance\/","url":"https:\/\/www.michael-krell.com\/de\/auswirkungen-hoehenluft-auf-meine-performance\/","name":"Auswirkungen H\u00f6henluft auf meine Performance - Michael Krell Triathlon Coaching","isPartOf":{"@id":"https:\/\/www.michael-krell.com\/en\/#website"},"datePublished":"2013-07-19T06:26:00+00:00","dateModified":"2017-04-13T16:13:10+00:00","author":{"@id":"https:\/\/www.michael-krell.com\/en\/#\/schema\/person\/17d0c03cb1e15db7305e41b6170a4237"},"breadcrumb":{"@id":"https:\/\/www.michael-krell.com\/de\/auswirkungen-hoehenluft-auf-meine-performance\/#breadcrumb"},"inLanguage":"de","potentialAction":[{"@type":"ReadAction","target":["https:\/\/www.michael-krell.com\/de\/auswirkungen-hoehenluft-auf-meine-performance\/"]}]},{"@type":"BreadcrumbList","@id":"https:\/\/www.michael-krell.com\/de\/auswirkungen-hoehenluft-auf-meine-performance\/#breadcrumb","itemListElement":[{"@type":"ListItem","position":1,"name":"Startseite","item":"https:\/\/www.michael-krell.com\/en\/"},{"@type":"ListItem","position":2,"name":"Auswirkungen H\u00f6henluft auf meine Performance"}]},{"@type":"WebSite","@id":"https:\/\/www.michael-krell.com\/en\/#website","url":"https:\/\/www.michael-krell.com\/en\/","name":"Michael Krell Triathlon Coaching","description":"","potentialAction":[{"@type":"SearchAction","target":{"@type":"EntryPoint","urlTemplate":"https:\/\/www.michael-krell.com\/en\/?s={search_term_string}"},"query-input":"required name=search_term_string"}],"inLanguage":"de"},{"@type":"Person","@id":"https:\/\/www.michael-krell.com\/en\/#\/schema\/person\/17d0c03cb1e15db7305e41b6170a4237","name":"Michael Krell","image":{"@type":"ImageObject","inLanguage":"de","@id":"https:\/\/www.michael-krell.com\/en\/#\/schema\/person\/image\/","url":"https:\/\/secure.gravatar.com\/avatar\/33e39b9fbaf6777afb9b8559d921c4d22f4fd87cba8562434fa169fa71aeb1b3?s=96&d=mm&r=g","contentUrl":"https:\/\/secure.gravatar.com\/avatar\/33e39b9fbaf6777afb9b8559d921c4d22f4fd87cba8562434fa169fa71aeb1b3?s=96&d=mm&r=g","caption":"Michael Krell"},"url":"https:\/\/www.michael-krell.com\/de\/author\/krelli\/"}]}},"_links":{"self":[{"href":"https:\/\/www.michael-krell.com\/de\/wp-json\/wp\/v2\/posts\/265","targetHints":{"allow":["GET"]}}],"collection":[{"href":"https:\/\/www.michael-krell.com\/de\/wp-json\/wp\/v2\/posts"}],"about":[{"href":"https:\/\/www.michael-krell.com\/de\/wp-json\/wp\/v2\/types\/post"}],"author":[{"embeddable":true,"href":"https:\/\/www.michael-krell.com\/de\/wp-json\/wp\/v2\/users\/2"}],"replies":[{"embeddable":true,"href":"https:\/\/www.michael-krell.com\/de\/wp-json\/wp\/v2\/comments?post=265"}],"version-history":[{"count":1,"href":"https:\/\/www.michael-krell.com\/de\/wp-json\/wp\/v2\/posts\/265\/revisions"}],"predecessor-version":[{"id":3363,"href":"https:\/\/www.michael-krell.com\/de\/wp-json\/wp\/v2\/posts\/265\/revisions\/3363"}],"wp:featuredmedia":[{"embeddable":true,"href":"https:\/\/www.michael-krell.com\/de\/wp-json\/wp\/v2\/media\/1259"}],"wp:attachment":[{"href":"https:\/\/www.michael-krell.com\/de\/wp-json\/wp\/v2\/media?parent=265"}],"wp:term":[{"taxonomy":"category","embeddable":true,"href":"https:\/\/www.michael-krell.com\/de\/wp-json\/wp\/v2\/categories?post=265"},{"taxonomy":"post_tag","embeddable":true,"href":"https:\/\/www.michael-krell.com\/de\/wp-json\/wp\/v2\/tags?post=265"}],"curies":[{"name":"wp","href":"https:\/\/api.w.org\/{rel}","templated":true}]}}