{"id":266,"date":"2013-07-18T08:59:00","date_gmt":"2013-07-18T06:59:00","guid":{"rendered":"http:\/\/www.michael-krell.com\/?p=266"},"modified":"2017-04-13T18:17:08","modified_gmt":"2017-04-13T16:17:08","slug":"meine-athleten-beim-challenge-roth-bestzeiten-langdistanzpremieren-und-sub9","status":"publish","type":"post","link":"https:\/\/www.michael-krell.com\/de\/meine-athleten-beim-challenge-roth-bestzeiten-langdistanzpremieren-und-sub9\/","title":{"rendered":"meine Athleten beim Challenge Roth&#8230;Bestzeiten, Langdistanzpremieren und sub9"},"content":{"rendered":"<p>Meine Athleten waren wieder klasse unterwegs und ich m\u00e4chtig stolz auf jeden einzelnen! Diesmal konnte ich ja auch aus eigener Hand Ihre Erfahrungen und Erlebnisse am Sonntag teilen.<\/p>\n<div style=\"clear: both; text-align: center;\"><a style=\"margin-left: 1em; margin-right: 1em;\" href=\"http:\/\/www.michael-krell.com\/wp-content\/uploads\/2013\/07\/lirdy.com-C_PicaPica-c88c8ccb-6215-4c47-b8f4-a0b50f9988d3.jpg\"><img loading=\"lazy\" decoding=\"async\" src=\"http:\/\/www.michael-krell.com\/wp-content\/uploads\/2013\/07\/lirdy.com-C_PicaPica-c88c8ccb-6215-4c47-b8f4-a0b50f9988d3-200x300.jpg\" width=\"266\" height=\"400\" border=\"0\" \/><\/a><\/div>\n<p>Um Armin Atzlinger noch einzuholen musste ich meine letzten Kr\u00e4fte mobilisieren. Leider konnte er dann nicht mehr dranbleiben, sonst h\u00e4tten wir uns gemeinsam ins Ziel gezogen. Seine Zeit blieb stehen bei wahnsinnigen 8:52 Std., und damit erreichte er sein gro\u00dfes Ziel der sub9. Wie ich schon im Vorfeld erwartet habe war er so ganz weit vorn gelandet und auch meines Wissens nach schnellster \u00d6sterreicher \ud83d\ude42<\/p>\n<div style=\"clear: both; text-align: center;\"><a style=\"margin-left: 1em; margin-right: 1em;\" href=\"http:\/\/www.michael-krell.com\/wp-content\/uploads\/2013\/07\/treibi.jpg\"><img loading=\"lazy\" decoding=\"async\" src=\"http:\/\/www.michael-krell.com\/wp-content\/uploads\/2013\/07\/treibi-200x300.jpg\" width=\"266\" height=\"400\" border=\"0\" \/><\/a><\/div>\n<p>Stefan Treiber aka Treibi kam gleich danach. Mit einem 3:09er Lauf am Schluss schob er sich in neuer Bestzeit von 9:10 Std. \u00fcber die Ziellinie.<\/p>\n<table style=\"margin-left: auto; margin-right: auto; text-align: center;\" cellspacing=\"0\" cellpadding=\"0\" align=\"center\">\n<tbody>\n<tr>\n<td style=\"text-align: center;\"><a style=\"margin-left: auto; margin-right: auto;\" href=\"http:\/\/www.michael-krell.com\/wp-content\/uploads\/2013\/07\/holger.jpg\"><img loading=\"lazy\" decoding=\"async\" src=\"http:\/\/www.michael-krell.com\/wp-content\/uploads\/2013\/07\/holger-237x300.jpg\" width=\"315\" height=\"400\" border=\"0\" \/><\/a><\/td>\n<\/tr>\n<tr>\n<td style=\"text-align: center;\">Holger danach im Schatten \ud83d\ude42<\/td>\n<\/tr>\n<\/tbody>\n<\/table>\n<p>Daniel Br\u00e4unlein (9:37 Std.) bekam leider wie ich eine 8-Minuten-Penalty, kam aber genauso wie Holger Czujack (9:49 Std., neue Bestzeit) noch komfortabel unter 10 Stunden.<\/p>\n<table style=\"margin-left: auto; margin-right: auto; text-align: center;\" cellspacing=\"0\" cellpadding=\"0\" align=\"center\">\n<tbody>\n<tr>\n<td style=\"text-align: center;\"><a style=\"margin-left: auto; margin-right: auto;\" href=\"http:\/\/www.michael-krell.com\/wp-content\/uploads\/2013\/07\/daniEL.jpg\"><img loading=\"lazy\" decoding=\"async\" src=\"http:\/\/www.michael-krell.com\/wp-content\/uploads\/2013\/07\/daniEL-225x300.jpg\" width=\"300\" height=\"400\" border=\"0\" \/><\/a><\/td>\n<\/tr>\n<tr>\n<td style=\"text-align: center;\">Dani on the waayyyy<\/td>\n<\/tr>\n<\/tbody>\n<\/table>\n<p>Von nun an ging es Schlag auf Schlag! Dominique Thalhammer konnte sich bei seiner Premiere \u00fcber ein klasse Rennen freuen (10:01 Std.) und h\u00e4tte am Schluss ruhig nochmal die 1 Minute aufdrehen k\u00f6nnen \ud83d\ude09<\/p>\n<p>Vier Minuten sp\u00e4ter st\u00fcrmte Marc v. Bergh knapp an seinem Ziel unter 10 Std. vorbei, war aber trotzdem \u00fcbergl\u00fccklich, da er zwei Wochen vorher noch von einem Auto angefahren wurde und \u00fcberall mit St\u00fctzverb\u00e4nden umwickelt am Start stand. Absolut bemerkenswert ist, dass er es geschafft hat 18.000\u20ac f\u00fcr den guten Zweck zu sammeln (<a href=\"https:\/\/www.jeder-schritt-zaehlt.de\/\">https:\/\/www.jeder-schritt-zaehlt.de\/<\/a>) &#8211;&gt; schaut mal auf die Seite!<\/p>\n<p>Stefan Erdorf konnte seine Bestzeit am Sonntag leider nicht unterbieten, kann mit seiner Zeit von 10:16 Std. aber trotzdem sehr stolz sein. Wir greifen n\u00e4chstes Mal wieder an! Zwei Minuten sp\u00e4ter flog Marco Eckstein mit einem sehr guten Lauf und in neuer Bestzeit \u00fcber die Ziellinie.<\/p>\n<table style=\"margin-left: auto; margin-right: auto; text-align: center;\" cellspacing=\"0\" cellpadding=\"0\" align=\"center\">\n<tbody>\n<tr>\n<td style=\"text-align: center;\"><a style=\"margin-left: auto; margin-right: auto;\" href=\"http:\/\/www.michael-krell.com\/wp-content\/uploads\/2013\/07\/marco-eckstein.jpg\"><img loading=\"lazy\" decoding=\"async\" src=\"http:\/\/www.michael-krell.com\/wp-content\/uploads\/2013\/07\/marco-eckstein-300x198.jpg\" width=\"400\" height=\"263\" border=\"0\" \/><\/a><\/td>\n<\/tr>\n<tr>\n<td style=\"text-align: center;\">Marco im Wind<\/td>\n<\/tr>\n<\/tbody>\n<\/table>\n<p>Ebenfalls zum ersten Mal stand Stefan Leidenberger am Start. Das Wort gl\u00fccklich beschreibt es kaum, wie er nach 10:40 Std. ins Zielzelt eintrat. Er h\u00e4tte die ganze Welt umarmen k\u00f6nnen \ud83d\ude42<\/p>\n<div style=\"clear: both; text-align: center;\"><a style=\"margin-left: 1em; margin-right: 1em;\" href=\"http:\/\/www.michael-krell.com\/wp-content\/uploads\/2013\/07\/Stefan-Laufen.jpg\"><img loading=\"lazy\" decoding=\"async\" src=\"http:\/\/www.michael-krell.com\/wp-content\/uploads\/2013\/07\/Stefan-Laufen-300x237.jpg\" width=\"400\" height=\"316\" border=\"0\" \/><\/a><\/div>\n<p>Drei Minuten sp\u00e4ter beendete Bianca Schubert auf die gleiche Art und Weise ihre erste Langdistanz und kann mit der Zeit von 10:43 Std. m\u00e4chtig stolz auf sich sein. Meinen Gl\u00fcckwunsch!<\/p>\n<p>Eigentlich gesehen haben m\u00fcssen sich meine zwei Athleten Martin Bures und Akos Majzer, denn sie kamen zeitgleich nach 11:26 Std. im Ziel an. Beide verbesserten damit Ihre Bestzeiten um fast eine Stunde.<\/p>\n<p>Las but not least bin ich mindestens ebenso stolz auf Philip Kellner, der sich von nun an Ironman nennen darf. Sein gro\u00dfes Ziel vom Finish hat er sich nun endlich erf\u00fcllt und kann mit einer Zeit von 14:15 Std. wirklich zufrieden sein, auch wenn es nicht immer leicht war am Sonntag. Das ging aber nicht nur ihm, mir und meinen Athleten so, sondern allen die das Rennen hinter sich gebracht haben.<\/p>\n<p>viele Gr\u00fc\u00dfe<br \/>\nkrelli<\/p>\n","protected":false},"excerpt":{"rendered":"<p>Meine Athleten waren wieder klasse unterwegs und ich m\u00e4chtig stolz auf jeden einzelnen! Diesmal konnte ich ja auch aus eigener [&hellip;]<\/p>\n","protected":false},"author":2,"featured_media":1262,"comment_status":"open","ping_status":"open","sticky":false,"template":"","format":"standard","meta":{"footnotes":""},"categories":[1220],"tags":[],"class_list":["post-266","post","type-post","status-publish","format-standard","has-post-thumbnail","hentry","category-privates"],"yoast_head":"<!-- This site is optimized with the Yoast SEO plugin v19.8 - https:\/\/yoast.com\/wordpress\/plugins\/seo\/ -->\n<title>meine Athleten beim Challenge Roth...Bestzeiten, Langdistanzpremieren und sub9 - Michael Krell Triathlon Coaching<\/title>\n<meta name=\"robots\" content=\"index, follow, max-snippet:-1, max-image-preview:large, max-video-preview:-1\" \/>\n<link rel=\"canonical\" href=\"https:\/\/www.michael-krell.com\/de\/meine-athleten-beim-challenge-roth-bestzeiten-langdistanzpremieren-und-sub9\/\" \/>\n<meta property=\"og:locale\" content=\"de_DE\" \/>\n<meta property=\"og:type\" content=\"article\" \/>\n<meta property=\"og:title\" content=\"meine Athleten beim Challenge Roth...Bestzeiten, Langdistanzpremieren und sub9 - Michael Krell Triathlon Coaching\" \/>\n<meta property=\"og:description\" content=\"Meine Athleten waren wieder klasse unterwegs und ich m\u00e4chtig stolz auf jeden einzelnen! Diesmal konnte ich ja auch aus eigener [&hellip;]\" \/>\n<meta property=\"og:url\" content=\"https:\/\/www.michael-krell.com\/de\/meine-athleten-beim-challenge-roth-bestzeiten-langdistanzpremieren-und-sub9\/\" \/>\n<meta property=\"og:site_name\" content=\"Michael Krell Triathlon Coaching\" \/>\n<meta property=\"article:published_time\" content=\"2013-07-18T06:59:00+00:00\" \/>\n<meta property=\"article:modified_time\" content=\"2017-04-13T16:17:08+00:00\" \/>\n<meta property=\"og:image\" content=\"https:\/\/www.michael-krell.com\/wp-content\/uploads\/2013\/07\/lirdy.com-C_PicaPica-c88c8ccb-6215-4c47-b8f4-a0b50f9988d3.jpg\" \/>\n\t<meta property=\"og:image:width\" content=\"683\" \/>\n\t<meta property=\"og:image:height\" content=\"1024\" \/>\n\t<meta property=\"og:image:type\" content=\"image\/jpeg\" \/>\n<meta name=\"author\" content=\"Michael Krell\" \/>\n<meta name=\"twitter:card\" content=\"summary_large_image\" \/>\n<meta name=\"twitter:label1\" content=\"Verfasst von\" \/>\n\t<meta name=\"twitter:data1\" content=\"Michael Krell\" \/>\n\t<meta name=\"twitter:label2\" content=\"Gesch\u00e4tzte Lesezeit\" \/>\n\t<meta name=\"twitter:data2\" content=\"2\u00a0Minuten\" \/>\n<script type=\"application\/ld+json\" class=\"yoast-schema-graph\">{\"@context\":\"https:\/\/schema.org\",\"@graph\":[{\"@type\":\"WebPage\",\"@id\":\"https:\/\/www.michael-krell.com\/de\/meine-athleten-beim-challenge-roth-bestzeiten-langdistanzpremieren-und-sub9\/\",\"url\":\"https:\/\/www.michael-krell.com\/de\/meine-athleten-beim-challenge-roth-bestzeiten-langdistanzpremieren-und-sub9\/\",\"name\":\"meine Athleten beim Challenge Roth...Bestzeiten, Langdistanzpremieren und sub9 - Michael Krell Triathlon Coaching\",\"isPartOf\":{\"@id\":\"https:\/\/www.michael-krell.com\/en\/#website\"},\"datePublished\":\"2013-07-18T06:59:00+00:00\",\"dateModified\":\"2017-04-13T16:17:08+00:00\",\"author\":{\"@id\":\"https:\/\/www.michael-krell.com\/en\/#\/schema\/person\/17d0c03cb1e15db7305e41b6170a4237\"},\"breadcrumb\":{\"@id\":\"https:\/\/www.michael-krell.com\/de\/meine-athleten-beim-challenge-roth-bestzeiten-langdistanzpremieren-und-sub9\/#breadcrumb\"},\"inLanguage\":\"de\",\"potentialAction\":[{\"@type\":\"ReadAction\",\"target\":[\"https:\/\/www.michael-krell.com\/de\/meine-athleten-beim-challenge-roth-bestzeiten-langdistanzpremieren-und-sub9\/\"]}]},{\"@type\":\"BreadcrumbList\",\"@id\":\"https:\/\/www.michael-krell.com\/de\/meine-athleten-beim-challenge-roth-bestzeiten-langdistanzpremieren-und-sub9\/#breadcrumb\",\"itemListElement\":[{\"@type\":\"ListItem\",\"position\":1,\"name\":\"Startseite\",\"item\":\"https:\/\/www.michael-krell.com\/en\/\"},{\"@type\":\"ListItem\",\"position\":2,\"name\":\"meine Athleten beim Challenge Roth&#8230;Bestzeiten, Langdistanzpremieren und sub9\"}]},{\"@type\":\"WebSite\",\"@id\":\"https:\/\/www.michael-krell.com\/en\/#website\",\"url\":\"https:\/\/www.michael-krell.com\/en\/\",\"name\":\"Michael Krell Triathlon Coaching\",\"description\":\"\",\"potentialAction\":[{\"@type\":\"SearchAction\",\"target\":{\"@type\":\"EntryPoint\",\"urlTemplate\":\"https:\/\/www.michael-krell.com\/en\/?s={search_term_string}\"},\"query-input\":\"required name=search_term_string\"}],\"inLanguage\":\"de\"},{\"@type\":\"Person\",\"@id\":\"https:\/\/www.michael-krell.com\/en\/#\/schema\/person\/17d0c03cb1e15db7305e41b6170a4237\",\"name\":\"Michael Krell\",\"image\":{\"@type\":\"ImageObject\",\"inLanguage\":\"de\",\"@id\":\"https:\/\/www.michael-krell.com\/en\/#\/schema\/person\/image\/\",\"url\":\"https:\/\/secure.gravatar.com\/avatar\/33e39b9fbaf6777afb9b8559d921c4d22f4fd87cba8562434fa169fa71aeb1b3?s=96&d=mm&r=g\",\"contentUrl\":\"https:\/\/secure.gravatar.com\/avatar\/33e39b9fbaf6777afb9b8559d921c4d22f4fd87cba8562434fa169fa71aeb1b3?s=96&d=mm&r=g\",\"caption\":\"Michael Krell\"},\"url\":\"https:\/\/www.michael-krell.com\/de\/author\/krelli\/\"}]}<\/script>\n<!-- \/ Yoast SEO plugin. -->","yoast_head_json":{"title":"meine Athleten beim Challenge Roth...Bestzeiten, Langdistanzpremieren und sub9 - Michael Krell Triathlon Coaching","robots":{"index":"index","follow":"follow","max-snippet":"max-snippet:-1","max-image-preview":"max-image-preview:large","max-video-preview":"max-video-preview:-1"},"canonical":"https:\/\/www.michael-krell.com\/de\/meine-athleten-beim-challenge-roth-bestzeiten-langdistanzpremieren-und-sub9\/","og_locale":"de_DE","og_type":"article","og_title":"meine Athleten beim Challenge Roth...Bestzeiten, Langdistanzpremieren und sub9 - Michael Krell Triathlon Coaching","og_description":"Meine Athleten waren wieder klasse unterwegs und ich m\u00e4chtig stolz auf jeden einzelnen! Diesmal konnte ich ja auch aus eigener [&hellip;]","og_url":"https:\/\/www.michael-krell.com\/de\/meine-athleten-beim-challenge-roth-bestzeiten-langdistanzpremieren-und-sub9\/","og_site_name":"Michael Krell Triathlon Coaching","article_published_time":"2013-07-18T06:59:00+00:00","article_modified_time":"2017-04-13T16:17:08+00:00","og_image":[{"width":683,"height":1024,"url":"https:\/\/www.michael-krell.com\/wp-content\/uploads\/2013\/07\/lirdy.com-C_PicaPica-c88c8ccb-6215-4c47-b8f4-a0b50f9988d3.jpg","type":"image\/jpeg"}],"author":"Michael Krell","twitter_card":"summary_large_image","twitter_misc":{"Verfasst von":"Michael Krell","Gesch\u00e4tzte Lesezeit":"2\u00a0Minuten"},"schema":{"@context":"https:\/\/schema.org","@graph":[{"@type":"WebPage","@id":"https:\/\/www.michael-krell.com\/de\/meine-athleten-beim-challenge-roth-bestzeiten-langdistanzpremieren-und-sub9\/","url":"https:\/\/www.michael-krell.com\/de\/meine-athleten-beim-challenge-roth-bestzeiten-langdistanzpremieren-und-sub9\/","name":"meine Athleten beim Challenge Roth...Bestzeiten, Langdistanzpremieren und sub9 - Michael Krell Triathlon Coaching","isPartOf":{"@id":"https:\/\/www.michael-krell.com\/en\/#website"},"datePublished":"2013-07-18T06:59:00+00:00","dateModified":"2017-04-13T16:17:08+00:00","author":{"@id":"https:\/\/www.michael-krell.com\/en\/#\/schema\/person\/17d0c03cb1e15db7305e41b6170a4237"},"breadcrumb":{"@id":"https:\/\/www.michael-krell.com\/de\/meine-athleten-beim-challenge-roth-bestzeiten-langdistanzpremieren-und-sub9\/#breadcrumb"},"inLanguage":"de","potentialAction":[{"@type":"ReadAction","target":["https:\/\/www.michael-krell.com\/de\/meine-athleten-beim-challenge-roth-bestzeiten-langdistanzpremieren-und-sub9\/"]}]},{"@type":"BreadcrumbList","@id":"https:\/\/www.michael-krell.com\/de\/meine-athleten-beim-challenge-roth-bestzeiten-langdistanzpremieren-und-sub9\/#breadcrumb","itemListElement":[{"@type":"ListItem","position":1,"name":"Startseite","item":"https:\/\/www.michael-krell.com\/en\/"},{"@type":"ListItem","position":2,"name":"meine Athleten beim Challenge Roth&#8230;Bestzeiten, Langdistanzpremieren und sub9"}]},{"@type":"WebSite","@id":"https:\/\/www.michael-krell.com\/en\/#website","url":"https:\/\/www.michael-krell.com\/en\/","name":"Michael Krell Triathlon Coaching","description":"","potentialAction":[{"@type":"SearchAction","target":{"@type":"EntryPoint","urlTemplate":"https:\/\/www.michael-krell.com\/en\/?s={search_term_string}"},"query-input":"required name=search_term_string"}],"inLanguage":"de"},{"@type":"Person","@id":"https:\/\/www.michael-krell.com\/en\/#\/schema\/person\/17d0c03cb1e15db7305e41b6170a4237","name":"Michael Krell","image":{"@type":"ImageObject","inLanguage":"de","@id":"https:\/\/www.michael-krell.com\/en\/#\/schema\/person\/image\/","url":"https:\/\/secure.gravatar.com\/avatar\/33e39b9fbaf6777afb9b8559d921c4d22f4fd87cba8562434fa169fa71aeb1b3?s=96&d=mm&r=g","contentUrl":"https:\/\/secure.gravatar.com\/avatar\/33e39b9fbaf6777afb9b8559d921c4d22f4fd87cba8562434fa169fa71aeb1b3?s=96&d=mm&r=g","caption":"Michael Krell"},"url":"https:\/\/www.michael-krell.com\/de\/author\/krelli\/"}]}},"_links":{"self":[{"href":"https:\/\/www.michael-krell.com\/de\/wp-json\/wp\/v2\/posts\/266","targetHints":{"allow":["GET"]}}],"collection":[{"href":"https:\/\/www.michael-krell.com\/de\/wp-json\/wp\/v2\/posts"}],"about":[{"href":"https:\/\/www.michael-krell.com\/de\/wp-json\/wp\/v2\/types\/post"}],"author":[{"embeddable":true,"href":"https:\/\/www.michael-krell.com\/de\/wp-json\/wp\/v2\/users\/2"}],"replies":[{"embeddable":true,"href":"https:\/\/www.michael-krell.com\/de\/wp-json\/wp\/v2\/comments?post=266"}],"version-history":[{"count":1,"href":"https:\/\/www.michael-krell.com\/de\/wp-json\/wp\/v2\/posts\/266\/revisions"}],"predecessor-version":[{"id":3364,"href":"https:\/\/www.michael-krell.com\/de\/wp-json\/wp\/v2\/posts\/266\/revisions\/3364"}],"wp:featuredmedia":[{"embeddable":true,"href":"https:\/\/www.michael-krell.com\/de\/wp-json\/wp\/v2\/media\/1262"}],"wp:attachment":[{"href":"https:\/\/www.michael-krell.com\/de\/wp-json\/wp\/v2\/media?parent=266"}],"wp:term":[{"taxonomy":"category","embeddable":true,"href":"https:\/\/www.michael-krell.com\/de\/wp-json\/wp\/v2\/categories?post=266"},{"taxonomy":"post_tag","embeddable":true,"href":"https:\/\/www.michael-krell.com\/de\/wp-json\/wp\/v2\/tags?post=266"}],"curies":[{"name":"wp","href":"https:\/\/api.w.org\/{rel}","templated":true}]}}