{"id":273,"date":"2013-07-09T16:56:00","date_gmt":"2013-07-09T14:56:00","guid":{"rendered":"http:\/\/www.michael-krell.com\/?p=273"},"modified":"2017-04-13T18:22:47","modified_gmt":"2017-04-13T16:22:47","slug":"ironman-frankfurt","status":"publish","type":"post","link":"https:\/\/www.michael-krell.com\/de\/ironman-frankfurt\/","title":{"rendered":"Ironman Frankfurt"},"content":{"rendered":"<p>Was f\u00fcr ein spannendes Hitzerennen am Sonntag! Unterwegs waren auch wieder einige Athleten von mir, alle mit pers\u00f6nlicher Bestzeit oder dem allerersten Ironman-Finish \u00fcberhaupt, trotz des doch sehr hei\u00dfen Wetters.<\/p>\n<p>Michael Meisen kam nach 9:20 Std. mit neuer Bestzeit als erster ins Ziel gerannt, anschlie\u00dfend Sven Vandershot in 9:21 Std. (seine Bestzeit vom Vorjahr unterbot er um eine Stunde), und anschlie\u00dfend bildete Oliver Spurzem den Abschluss des schnellen Trios in 9:24 Std., ebenfalls in neuer pers\u00f6nlicher Bestzeit.<\/p>\n<table style=\"margin-left: auto; margin-right: auto; text-align: center;\" cellspacing=\"0\" cellpadding=\"0\" align=\"center\">\n<tbody>\n<tr>\n<td style=\"text-align: center;\"><a style=\"margin-left: auto; margin-right: auto;\" href=\"http:\/\/www.michael-krell.com\/wp-content\/uploads\/2013\/07\/SvenIMFR.jpg\"><img loading=\"lazy\" decoding=\"async\" src=\"http:\/\/www.michael-krell.com\/wp-content\/uploads\/2013\/07\/SvenIMFR-225x300.jpg\" width=\"300\" height=\"400\" border=\"0\" \/><\/a><\/td>\n<\/tr>\n<tr>\n<td style=\"text-align: center;\">Sven im Zielkanal<\/td>\n<\/tr>\n<\/tbody>\n<\/table>\n<p>Thorsten D\u00fcrr, Redakteur des Sportmagazin LOOX, beendete die Hitzeschlacht nach 9:40 Std. und war supergl\u00fccklich mit seiner erstmaligen Zeit unter 10 Std..<\/p>\n<table style=\"margin-left: auto; margin-right: auto; text-align: center;\" cellspacing=\"0\" cellpadding=\"0\" align=\"center\">\n<tbody>\n<tr>\n<td style=\"text-align: center;\"><a style=\"margin-left: auto; margin-right: auto;\" href=\"http:\/\/www.michael-krell.com\/wp-content\/uploads\/2013\/07\/ThIMFR.jpg\"><img loading=\"lazy\" decoding=\"async\" src=\"http:\/\/www.michael-krell.com\/wp-content\/uploads\/2013\/07\/ThIMFR-300x199.jpg\" width=\"400\" height=\"266\" border=\"0\" \/><\/a><\/td>\n<\/tr>\n<tr>\n<td style=\"text-align: center;\">Thorsten kurz vor der zweiten Wechselzone<\/td>\n<\/tr>\n<\/tbody>\n<\/table>\n<p>Christine Weiss absolvierte Ihren ersten Ironman \u00fcberhaupt, in einer tollen Zeit von 11:53 Std. Kurz danach kamen ebenfalls zum ersten Mal bei einer Langdistanz \u00fcber die Ziellinie Ingo Sch\u00fc\u00dfler, der leider aufgrund einer Laufverletzung die H\u00e4lfte der Strecke gehen musste (12:00:23 Std.) und Bodo Lange in 12:12 Std.<\/p>\n<p>Den Abschluss bildete Jochen Strack, der ebenfalss seine alte Bestzeit um eine Stunde unterbot (12:43 Std.)<\/p>\n<table style=\"margin-left: auto; margin-right: auto; text-align: center;\" cellspacing=\"0\" cellpadding=\"0\" align=\"center\">\n<tbody>\n<tr>\n<td style=\"text-align: center;\"><a style=\"margin-left: auto; margin-right: auto;\" href=\"http:\/\/www.michael-krell.com\/wp-content\/uploads\/2013\/07\/jochen.jpg\"><img loading=\"lazy\" decoding=\"async\" src=\"http:\/\/www.michael-krell.com\/wp-content\/uploads\/2013\/07\/jochen-225x300.jpg\" width=\"300\" height=\"400\" border=\"0\" \/><\/a><\/td>\n<\/tr>\n<tr>\n<td style=\"text-align: center;\">Jochen auf den letzten Metern<\/td>\n<\/tr>\n<\/tbody>\n<\/table>\n<p>Bine allerdings wurde leider nach der ersten Radrunde aufgrund \u00fcberschreiten der Karenzzeit aus dem Rennen genommen. Hier war das von Anfang an gesteckte Ziel dass Erreichen der Ziellinie im Zeitlimit. Leider hat dies nicht geklappt, aber Spa\u00df gemacht hat es ihr trotzdem und sie muss auch nicht traurig sein. Irgendwann kommt die Revanche.<\/p>\n<p>meinen herzlichen Gl\u00fcckwunsch au\u00dferdem an alle anderen Finisher des Ironman Frankfurt<br \/>\nsonnige Gr\u00fc\u00dfe<br \/>\nkrelli<\/p>\n","protected":false},"excerpt":{"rendered":"<p>Was f\u00fcr ein spannendes Hitzerennen am Sonntag! Unterwegs waren auch wieder einige Athleten von mir, alle mit pers\u00f6nlicher Bestzeit oder [&hellip;]<\/p>\n","protected":false},"author":2,"featured_media":1274,"comment_status":"open","ping_status":"open","sticky":false,"template":"","format":"standard","meta":{"footnotes":""},"categories":[1220],"tags":[],"class_list":["post-273","post","type-post","status-publish","format-standard","has-post-thumbnail","hentry","category-privates"],"yoast_head":"<!-- This site is optimized with the Yoast SEO plugin v19.8 - https:\/\/yoast.com\/wordpress\/plugins\/seo\/ -->\n<title>Ironman Frankfurt - Michael Krell Triathlon Coaching<\/title>\n<meta name=\"robots\" content=\"index, follow, max-snippet:-1, max-image-preview:large, max-video-preview:-1\" \/>\n<link rel=\"canonical\" href=\"https:\/\/www.michael-krell.com\/de\/ironman-frankfurt\/\" \/>\n<meta property=\"og:locale\" content=\"de_DE\" \/>\n<meta property=\"og:type\" content=\"article\" \/>\n<meta property=\"og:title\" content=\"Ironman Frankfurt - Michael Krell Triathlon Coaching\" \/>\n<meta property=\"og:description\" content=\"Was f\u00fcr ein spannendes Hitzerennen am Sonntag! Unterwegs waren auch wieder einige Athleten von mir, alle mit pers\u00f6nlicher Bestzeit oder [&hellip;]\" \/>\n<meta property=\"og:url\" content=\"https:\/\/www.michael-krell.com\/de\/ironman-frankfurt\/\" \/>\n<meta property=\"og:site_name\" content=\"Michael Krell Triathlon Coaching\" \/>\n<meta property=\"article:published_time\" content=\"2013-07-09T14:56:00+00:00\" \/>\n<meta property=\"article:modified_time\" content=\"2017-04-13T16:22:47+00:00\" \/>\n<meta property=\"og:image\" content=\"https:\/\/www.michael-krell.com\/wp-content\/uploads\/2013\/07\/SvenIMFR.jpg\" \/>\n\t<meta property=\"og:image:width\" content=\"768\" \/>\n\t<meta property=\"og:image:height\" content=\"1024\" \/>\n\t<meta property=\"og:image:type\" content=\"image\/jpeg\" \/>\n<meta name=\"author\" content=\"Michael Krell\" \/>\n<meta name=\"twitter:card\" content=\"summary_large_image\" \/>\n<meta name=\"twitter:label1\" content=\"Verfasst von\" \/>\n\t<meta name=\"twitter:data1\" content=\"Michael Krell\" \/>\n\t<meta name=\"twitter:label2\" content=\"Gesch\u00e4tzte Lesezeit\" \/>\n\t<meta name=\"twitter:data2\" content=\"1\u00a0Minute\" \/>\n<script type=\"application\/ld+json\" class=\"yoast-schema-graph\">{\"@context\":\"https:\/\/schema.org\",\"@graph\":[{\"@type\":\"WebPage\",\"@id\":\"https:\/\/www.michael-krell.com\/en\/ironman-frankfurt\/\",\"url\":\"https:\/\/www.michael-krell.com\/en\/ironman-frankfurt\/\",\"name\":\"Ironman Frankfurt - Michael Krell Triathlon Coaching\",\"isPartOf\":{\"@id\":\"https:\/\/www.michael-krell.com\/en\/#website\"},\"datePublished\":\"2013-07-09T14:56:00+00:00\",\"dateModified\":\"2017-04-13T16:22:47+00:00\",\"author\":{\"@id\":\"https:\/\/www.michael-krell.com\/en\/#\/schema\/person\/17d0c03cb1e15db7305e41b6170a4237\"},\"breadcrumb\":{\"@id\":\"https:\/\/www.michael-krell.com\/en\/ironman-frankfurt\/#breadcrumb\"},\"inLanguage\":\"de\",\"potentialAction\":[{\"@type\":\"ReadAction\",\"target\":[\"https:\/\/www.michael-krell.com\/en\/ironman-frankfurt\/\"]}]},{\"@type\":\"BreadcrumbList\",\"@id\":\"https:\/\/www.michael-krell.com\/en\/ironman-frankfurt\/#breadcrumb\",\"itemListElement\":[{\"@type\":\"ListItem\",\"position\":1,\"name\":\"Startseite\",\"item\":\"https:\/\/www.michael-krell.com\/en\/\"},{\"@type\":\"ListItem\",\"position\":2,\"name\":\"Ironman Frankfurt\"}]},{\"@type\":\"WebSite\",\"@id\":\"https:\/\/www.michael-krell.com\/en\/#website\",\"url\":\"https:\/\/www.michael-krell.com\/en\/\",\"name\":\"Michael Krell Triathlon Coaching\",\"description\":\"\",\"potentialAction\":[{\"@type\":\"SearchAction\",\"target\":{\"@type\":\"EntryPoint\",\"urlTemplate\":\"https:\/\/www.michael-krell.com\/en\/?s={search_term_string}\"},\"query-input\":\"required name=search_term_string\"}],\"inLanguage\":\"de\"},{\"@type\":\"Person\",\"@id\":\"https:\/\/www.michael-krell.com\/en\/#\/schema\/person\/17d0c03cb1e15db7305e41b6170a4237\",\"name\":\"Michael Krell\",\"image\":{\"@type\":\"ImageObject\",\"inLanguage\":\"de\",\"@id\":\"https:\/\/www.michael-krell.com\/en\/#\/schema\/person\/image\/\",\"url\":\"https:\/\/secure.gravatar.com\/avatar\/33e39b9fbaf6777afb9b8559d921c4d22f4fd87cba8562434fa169fa71aeb1b3?s=96&d=mm&r=g\",\"contentUrl\":\"https:\/\/secure.gravatar.com\/avatar\/33e39b9fbaf6777afb9b8559d921c4d22f4fd87cba8562434fa169fa71aeb1b3?s=96&d=mm&r=g\",\"caption\":\"Michael Krell\"},\"url\":\"https:\/\/www.michael-krell.com\/de\/author\/krelli\/\"}]}<\/script>\n<!-- \/ Yoast SEO plugin. -->","yoast_head_json":{"title":"Ironman Frankfurt - Michael Krell Triathlon Coaching","robots":{"index":"index","follow":"follow","max-snippet":"max-snippet:-1","max-image-preview":"max-image-preview:large","max-video-preview":"max-video-preview:-1"},"canonical":"https:\/\/www.michael-krell.com\/de\/ironman-frankfurt\/","og_locale":"de_DE","og_type":"article","og_title":"Ironman Frankfurt - Michael Krell Triathlon Coaching","og_description":"Was f\u00fcr ein spannendes Hitzerennen am Sonntag! Unterwegs waren auch wieder einige Athleten von mir, alle mit pers\u00f6nlicher Bestzeit oder [&hellip;]","og_url":"https:\/\/www.michael-krell.com\/de\/ironman-frankfurt\/","og_site_name":"Michael Krell Triathlon Coaching","article_published_time":"2013-07-09T14:56:00+00:00","article_modified_time":"2017-04-13T16:22:47+00:00","og_image":[{"width":768,"height":1024,"url":"https:\/\/www.michael-krell.com\/wp-content\/uploads\/2013\/07\/SvenIMFR.jpg","type":"image\/jpeg"}],"author":"Michael Krell","twitter_card":"summary_large_image","twitter_misc":{"Verfasst von":"Michael Krell","Gesch\u00e4tzte Lesezeit":"1\u00a0Minute"},"schema":{"@context":"https:\/\/schema.org","@graph":[{"@type":"WebPage","@id":"https:\/\/www.michael-krell.com\/en\/ironman-frankfurt\/","url":"https:\/\/www.michael-krell.com\/en\/ironman-frankfurt\/","name":"Ironman Frankfurt - Michael Krell Triathlon Coaching","isPartOf":{"@id":"https:\/\/www.michael-krell.com\/en\/#website"},"datePublished":"2013-07-09T14:56:00+00:00","dateModified":"2017-04-13T16:22:47+00:00","author":{"@id":"https:\/\/www.michael-krell.com\/en\/#\/schema\/person\/17d0c03cb1e15db7305e41b6170a4237"},"breadcrumb":{"@id":"https:\/\/www.michael-krell.com\/en\/ironman-frankfurt\/#breadcrumb"},"inLanguage":"de","potentialAction":[{"@type":"ReadAction","target":["https:\/\/www.michael-krell.com\/en\/ironman-frankfurt\/"]}]},{"@type":"BreadcrumbList","@id":"https:\/\/www.michael-krell.com\/en\/ironman-frankfurt\/#breadcrumb","itemListElement":[{"@type":"ListItem","position":1,"name":"Startseite","item":"https:\/\/www.michael-krell.com\/en\/"},{"@type":"ListItem","position":2,"name":"Ironman Frankfurt"}]},{"@type":"WebSite","@id":"https:\/\/www.michael-krell.com\/en\/#website","url":"https:\/\/www.michael-krell.com\/en\/","name":"Michael Krell Triathlon Coaching","description":"","potentialAction":[{"@type":"SearchAction","target":{"@type":"EntryPoint","urlTemplate":"https:\/\/www.michael-krell.com\/en\/?s={search_term_string}"},"query-input":"required name=search_term_string"}],"inLanguage":"de"},{"@type":"Person","@id":"https:\/\/www.michael-krell.com\/en\/#\/schema\/person\/17d0c03cb1e15db7305e41b6170a4237","name":"Michael Krell","image":{"@type":"ImageObject","inLanguage":"de","@id":"https:\/\/www.michael-krell.com\/en\/#\/schema\/person\/image\/","url":"https:\/\/secure.gravatar.com\/avatar\/33e39b9fbaf6777afb9b8559d921c4d22f4fd87cba8562434fa169fa71aeb1b3?s=96&d=mm&r=g","contentUrl":"https:\/\/secure.gravatar.com\/avatar\/33e39b9fbaf6777afb9b8559d921c4d22f4fd87cba8562434fa169fa71aeb1b3?s=96&d=mm&r=g","caption":"Michael Krell"},"url":"https:\/\/www.michael-krell.com\/de\/author\/krelli\/"}]}},"_links":{"self":[{"href":"https:\/\/www.michael-krell.com\/de\/wp-json\/wp\/v2\/posts\/273","targetHints":{"allow":["GET"]}}],"collection":[{"href":"https:\/\/www.michael-krell.com\/de\/wp-json\/wp\/v2\/posts"}],"about":[{"href":"https:\/\/www.michael-krell.com\/de\/wp-json\/wp\/v2\/types\/post"}],"author":[{"embeddable":true,"href":"https:\/\/www.michael-krell.com\/de\/wp-json\/wp\/v2\/users\/2"}],"replies":[{"embeddable":true,"href":"https:\/\/www.michael-krell.com\/de\/wp-json\/wp\/v2\/comments?post=273"}],"version-history":[{"count":1,"href":"https:\/\/www.michael-krell.com\/de\/wp-json\/wp\/v2\/posts\/273\/revisions"}],"predecessor-version":[{"id":3372,"href":"https:\/\/www.michael-krell.com\/de\/wp-json\/wp\/v2\/posts\/273\/revisions\/3372"}],"wp:featuredmedia":[{"embeddable":true,"href":"https:\/\/www.michael-krell.com\/de\/wp-json\/wp\/v2\/media\/1274"}],"wp:attachment":[{"href":"https:\/\/www.michael-krell.com\/de\/wp-json\/wp\/v2\/media?parent=273"}],"wp:term":[{"taxonomy":"category","embeddable":true,"href":"https:\/\/www.michael-krell.com\/de\/wp-json\/wp\/v2\/categories?post=273"},{"taxonomy":"post_tag","embeddable":true,"href":"https:\/\/www.michael-krell.com\/de\/wp-json\/wp\/v2\/tags?post=273"}],"curies":[{"name":"wp","href":"https:\/\/api.w.org\/{rel}","templated":true}]}}