{"id":277,"date":"2013-07-04T09:15:00","date_gmt":"2013-07-04T07:15:00","guid":{"rendered":"http:\/\/www.michael-krell.com\/?p=277"},"modified":"2017-04-13T18:27:46","modified_gmt":"2017-04-13T16:27:46","slug":"themenabend-wettkampfernaehrung-10-07-in-nuernberg","status":"publish","type":"post","link":"https:\/\/www.michael-krell.com\/de\/themenabend-wettkampfernaehrung-10-07-in-nuernberg\/","title":{"rendered":"Themenabend: Wettkampfern\u00e4hrung 10.07. in N\u00fcrnberg"},"content":{"rendered":"<div style=\"clear: both; text-align: center;\"><\/div>\n<div style=\"clear: both; text-align: center;\"><a style=\"margin-left: 1em; margin-right: 1em;\" href=\"http:\/\/www.michael-krell.com\/wp-content\/uploads\/2013\/07\/419864_461860827177804_173234353_n.jpg\"><img loading=\"lazy\" decoding=\"async\" src=\"http:\/\/www.michael-krell.com\/wp-content\/uploads\/2013\/07\/419864_461860827177804_173234353_n-199x300.jpg\" width=\"265\" height=\"400\" border=\"0\" \/><\/a><\/div>\n<p>\u00dcber die Jahre habe ich einiges zum Thema Wettkampfern\u00e4hrung gelernt. Je l\u00e4nger die Distanz, desto wichtiger wird die Verplegung und entscheidet letztlich \u00fcber Erfolg oder Entt\u00e4uschung. Inzwischen habe ich eine erfolgreiche Ern\u00e4hrungsstrategie gefunden, die ich nicht nur bei mir selber, sondern auch erfolgreich bei meinen Athleten anwende. Der ein oder andere Tipp ist auch dabei, von dem ihr sicherlich noch nie was geh\u00f6rt habt \ud83d\ude09<\/p>\n<p>Wer Interesse hat, einfach zum Themenabend am 10.07. vorbeischauen. Beginn ist 19 Uhr und stattfinden wird das Ganze im triathlon.de shop am Westtorgraben 17 in N\u00fcrnberg.<\/p>\n<p>haut rein!<br \/>\nkrelli<\/p>\n","protected":false},"excerpt":{"rendered":"<p>\u00dcber die Jahre habe ich einiges zum Thema Wettkampfern\u00e4hrung gelernt. Je l\u00e4nger die Distanz, desto wichtiger wird die Verplegung und [&hellip;]<\/p>\n","protected":false},"author":2,"featured_media":1280,"comment_status":"open","ping_status":"open","sticky":false,"template":"","format":"standard","meta":{"footnotes":""},"categories":[1220],"tags":[],"class_list":["post-277","post","type-post","status-publish","format-standard","has-post-thumbnail","hentry","category-privates"],"yoast_head":"<!-- This site is optimized with the Yoast SEO plugin v19.8 - https:\/\/yoast.com\/wordpress\/plugins\/seo\/ -->\n<title>Themenabend: Wettkampfern\u00e4hrung 10.07. in N\u00fcrnberg - Michael Krell Triathlon Coaching<\/title>\n<meta name=\"robots\" content=\"index, follow, max-snippet:-1, max-image-preview:large, max-video-preview:-1\" \/>\n<link rel=\"canonical\" href=\"https:\/\/www.michael-krell.com\/de\/themenabend-wettkampfernaehrung-10-07-in-nuernberg\/\" \/>\n<meta property=\"og:locale\" content=\"de_DE\" \/>\n<meta property=\"og:type\" content=\"article\" \/>\n<meta property=\"og:title\" content=\"Themenabend: Wettkampfern\u00e4hrung 10.07. in N\u00fcrnberg - Michael Krell Triathlon Coaching\" \/>\n<meta property=\"og:description\" content=\"\u00dcber die Jahre habe ich einiges zum Thema Wettkampfern\u00e4hrung gelernt. Je l\u00e4nger die Distanz, desto wichtiger wird die Verplegung und [&hellip;]\" \/>\n<meta property=\"og:url\" content=\"https:\/\/www.michael-krell.com\/de\/themenabend-wettkampfernaehrung-10-07-in-nuernberg\/\" \/>\n<meta property=\"og:site_name\" content=\"Michael Krell Triathlon Coaching\" \/>\n<meta property=\"article:published_time\" content=\"2013-07-04T07:15:00+00:00\" \/>\n<meta property=\"article:modified_time\" content=\"2017-04-13T16:27:46+00:00\" \/>\n<meta property=\"og:image\" content=\"https:\/\/www.michael-krell.com\/wp-content\/uploads\/2013\/07\/419864_461860827177804_173234353_n.jpg\" \/>\n\t<meta property=\"og:image:width\" content=\"638\" \/>\n\t<meta property=\"og:image:height\" content=\"960\" \/>\n\t<meta property=\"og:image:type\" content=\"image\/jpeg\" \/>\n<meta name=\"author\" content=\"Michael Krell\" \/>\n<meta name=\"twitter:card\" content=\"summary_large_image\" \/>\n<meta name=\"twitter:label1\" content=\"Verfasst von\" \/>\n\t<meta name=\"twitter:data1\" content=\"Michael Krell\" \/>\n<script type=\"application\/ld+json\" class=\"yoast-schema-graph\">{\"@context\":\"https:\/\/schema.org\",\"@graph\":[{\"@type\":\"WebPage\",\"@id\":\"https:\/\/www.michael-krell.com\/de\/themenabend-wettkampfernaehrung-10-07-in-nuernberg\/\",\"url\":\"https:\/\/www.michael-krell.com\/de\/themenabend-wettkampfernaehrung-10-07-in-nuernberg\/\",\"name\":\"Themenabend: Wettkampfern\u00e4hrung 10.07. in N\u00fcrnberg - Michael Krell Triathlon Coaching\",\"isPartOf\":{\"@id\":\"https:\/\/www.michael-krell.com\/en\/#website\"},\"datePublished\":\"2013-07-04T07:15:00+00:00\",\"dateModified\":\"2017-04-13T16:27:46+00:00\",\"author\":{\"@id\":\"https:\/\/www.michael-krell.com\/en\/#\/schema\/person\/17d0c03cb1e15db7305e41b6170a4237\"},\"breadcrumb\":{\"@id\":\"https:\/\/www.michael-krell.com\/de\/themenabend-wettkampfernaehrung-10-07-in-nuernberg\/#breadcrumb\"},\"inLanguage\":\"de\",\"potentialAction\":[{\"@type\":\"ReadAction\",\"target\":[\"https:\/\/www.michael-krell.com\/de\/themenabend-wettkampfernaehrung-10-07-in-nuernberg\/\"]}]},{\"@type\":\"BreadcrumbList\",\"@id\":\"https:\/\/www.michael-krell.com\/de\/themenabend-wettkampfernaehrung-10-07-in-nuernberg\/#breadcrumb\",\"itemListElement\":[{\"@type\":\"ListItem\",\"position\":1,\"name\":\"Startseite\",\"item\":\"https:\/\/www.michael-krell.com\/en\/\"},{\"@type\":\"ListItem\",\"position\":2,\"name\":\"Themenabend: Wettkampfern\u00e4hrung 10.07. in N\u00fcrnberg\"}]},{\"@type\":\"WebSite\",\"@id\":\"https:\/\/www.michael-krell.com\/en\/#website\",\"url\":\"https:\/\/www.michael-krell.com\/en\/\",\"name\":\"Michael Krell Triathlon Coaching\",\"description\":\"\",\"potentialAction\":[{\"@type\":\"SearchAction\",\"target\":{\"@type\":\"EntryPoint\",\"urlTemplate\":\"https:\/\/www.michael-krell.com\/en\/?s={search_term_string}\"},\"query-input\":\"required name=search_term_string\"}],\"inLanguage\":\"de\"},{\"@type\":\"Person\",\"@id\":\"https:\/\/www.michael-krell.com\/en\/#\/schema\/person\/17d0c03cb1e15db7305e41b6170a4237\",\"name\":\"Michael Krell\",\"image\":{\"@type\":\"ImageObject\",\"inLanguage\":\"de\",\"@id\":\"https:\/\/www.michael-krell.com\/en\/#\/schema\/person\/image\/\",\"url\":\"https:\/\/secure.gravatar.com\/avatar\/33e39b9fbaf6777afb9b8559d921c4d22f4fd87cba8562434fa169fa71aeb1b3?s=96&d=mm&r=g\",\"contentUrl\":\"https:\/\/secure.gravatar.com\/avatar\/33e39b9fbaf6777afb9b8559d921c4d22f4fd87cba8562434fa169fa71aeb1b3?s=96&d=mm&r=g\",\"caption\":\"Michael Krell\"},\"url\":\"https:\/\/www.michael-krell.com\/de\/author\/krelli\/\"}]}<\/script>\n<!-- \/ Yoast SEO plugin. -->","yoast_head_json":{"title":"Themenabend: Wettkampfern\u00e4hrung 10.07. in N\u00fcrnberg - Michael Krell Triathlon Coaching","robots":{"index":"index","follow":"follow","max-snippet":"max-snippet:-1","max-image-preview":"max-image-preview:large","max-video-preview":"max-video-preview:-1"},"canonical":"https:\/\/www.michael-krell.com\/de\/themenabend-wettkampfernaehrung-10-07-in-nuernberg\/","og_locale":"de_DE","og_type":"article","og_title":"Themenabend: Wettkampfern\u00e4hrung 10.07. in N\u00fcrnberg - Michael Krell Triathlon Coaching","og_description":"\u00dcber die Jahre habe ich einiges zum Thema Wettkampfern\u00e4hrung gelernt. Je l\u00e4nger die Distanz, desto wichtiger wird die Verplegung und [&hellip;]","og_url":"https:\/\/www.michael-krell.com\/de\/themenabend-wettkampfernaehrung-10-07-in-nuernberg\/","og_site_name":"Michael Krell Triathlon Coaching","article_published_time":"2013-07-04T07:15:00+00:00","article_modified_time":"2017-04-13T16:27:46+00:00","og_image":[{"width":638,"height":960,"url":"https:\/\/www.michael-krell.com\/wp-content\/uploads\/2013\/07\/419864_461860827177804_173234353_n.jpg","type":"image\/jpeg"}],"author":"Michael Krell","twitter_card":"summary_large_image","twitter_misc":{"Verfasst von":"Michael Krell"},"schema":{"@context":"https:\/\/schema.org","@graph":[{"@type":"WebPage","@id":"https:\/\/www.michael-krell.com\/de\/themenabend-wettkampfernaehrung-10-07-in-nuernberg\/","url":"https:\/\/www.michael-krell.com\/de\/themenabend-wettkampfernaehrung-10-07-in-nuernberg\/","name":"Themenabend: Wettkampfern\u00e4hrung 10.07. in N\u00fcrnberg - Michael Krell Triathlon Coaching","isPartOf":{"@id":"https:\/\/www.michael-krell.com\/en\/#website"},"datePublished":"2013-07-04T07:15:00+00:00","dateModified":"2017-04-13T16:27:46+00:00","author":{"@id":"https:\/\/www.michael-krell.com\/en\/#\/schema\/person\/17d0c03cb1e15db7305e41b6170a4237"},"breadcrumb":{"@id":"https:\/\/www.michael-krell.com\/de\/themenabend-wettkampfernaehrung-10-07-in-nuernberg\/#breadcrumb"},"inLanguage":"de","potentialAction":[{"@type":"ReadAction","target":["https:\/\/www.michael-krell.com\/de\/themenabend-wettkampfernaehrung-10-07-in-nuernberg\/"]}]},{"@type":"BreadcrumbList","@id":"https:\/\/www.michael-krell.com\/de\/themenabend-wettkampfernaehrung-10-07-in-nuernberg\/#breadcrumb","itemListElement":[{"@type":"ListItem","position":1,"name":"Startseite","item":"https:\/\/www.michael-krell.com\/en\/"},{"@type":"ListItem","position":2,"name":"Themenabend: Wettkampfern\u00e4hrung 10.07. in N\u00fcrnberg"}]},{"@type":"WebSite","@id":"https:\/\/www.michael-krell.com\/en\/#website","url":"https:\/\/www.michael-krell.com\/en\/","name":"Michael Krell Triathlon Coaching","description":"","potentialAction":[{"@type":"SearchAction","target":{"@type":"EntryPoint","urlTemplate":"https:\/\/www.michael-krell.com\/en\/?s={search_term_string}"},"query-input":"required name=search_term_string"}],"inLanguage":"de"},{"@type":"Person","@id":"https:\/\/www.michael-krell.com\/en\/#\/schema\/person\/17d0c03cb1e15db7305e41b6170a4237","name":"Michael Krell","image":{"@type":"ImageObject","inLanguage":"de","@id":"https:\/\/www.michael-krell.com\/en\/#\/schema\/person\/image\/","url":"https:\/\/secure.gravatar.com\/avatar\/33e39b9fbaf6777afb9b8559d921c4d22f4fd87cba8562434fa169fa71aeb1b3?s=96&d=mm&r=g","contentUrl":"https:\/\/secure.gravatar.com\/avatar\/33e39b9fbaf6777afb9b8559d921c4d22f4fd87cba8562434fa169fa71aeb1b3?s=96&d=mm&r=g","caption":"Michael Krell"},"url":"https:\/\/www.michael-krell.com\/de\/author\/krelli\/"}]}},"_links":{"self":[{"href":"https:\/\/www.michael-krell.com\/de\/wp-json\/wp\/v2\/posts\/277","targetHints":{"allow":["GET"]}}],"collection":[{"href":"https:\/\/www.michael-krell.com\/de\/wp-json\/wp\/v2\/posts"}],"about":[{"href":"https:\/\/www.michael-krell.com\/de\/wp-json\/wp\/v2\/types\/post"}],"author":[{"embeddable":true,"href":"https:\/\/www.michael-krell.com\/de\/wp-json\/wp\/v2\/users\/2"}],"replies":[{"embeddable":true,"href":"https:\/\/www.michael-krell.com\/de\/wp-json\/wp\/v2\/comments?post=277"}],"version-history":[{"count":1,"href":"https:\/\/www.michael-krell.com\/de\/wp-json\/wp\/v2\/posts\/277\/revisions"}],"predecessor-version":[{"id":3376,"href":"https:\/\/www.michael-krell.com\/de\/wp-json\/wp\/v2\/posts\/277\/revisions\/3376"}],"wp:featuredmedia":[{"embeddable":true,"href":"https:\/\/www.michael-krell.com\/de\/wp-json\/wp\/v2\/media\/1280"}],"wp:attachment":[{"href":"https:\/\/www.michael-krell.com\/de\/wp-json\/wp\/v2\/media?parent=277"}],"wp:term":[{"taxonomy":"category","embeddable":true,"href":"https:\/\/www.michael-krell.com\/de\/wp-json\/wp\/v2\/categories?post=277"},{"taxonomy":"post_tag","embeddable":true,"href":"https:\/\/www.michael-krell.com\/de\/wp-json\/wp\/v2\/tags?post=277"}],"curies":[{"name":"wp","href":"https:\/\/api.w.org\/{rel}","templated":true}]}}