{"id":2806,"date":"2016-04-11T20:49:33","date_gmt":"2016-04-11T18:49:33","guid":{"rendered":"http:\/\/www.michael-krell.com\/?p=2806"},"modified":"2017-04-13T14:36:52","modified_gmt":"2017-04-13T12:36:52","slug":"zu-gast-bei-triathlon-live-talk-am-donnerstag-14-04","status":"publish","type":"post","link":"https:\/\/www.michael-krell.com\/de\/zu-gast-bei-triathlon-live-talk-am-donnerstag-14-04\/","title":{"rendered":"zu Gast bei Triathlon Live Talk am Donnerstag 14.04."},"content":{"rendered":"<p><a href=\"http:\/\/www.michael-krell.com\/wp-content\/uploads\/2013\/12\/lirdy.com-C_PicaPica-9bd59249-92c7-4246-826b-1de72510768c.jpg\"><img loading=\"lazy\" decoding=\"async\" class=\"alignleft size-medium wp-image-1148\" src=\"http:\/\/www.michael-krell.com\/wp-content\/uploads\/2013\/12\/lirdy.com-C_PicaPica-9bd59249-92c7-4246-826b-1de72510768c-200x300.jpg\" alt=\"lirdy.com-C_PicaPica-9bd59249-92c7-4246-826b-1de72510768c\" width=\"200\" height=\"300\" srcset=\"https:\/\/www.michael-krell.com\/wp-content\/uploads\/2013\/12\/lirdy.com-C_PicaPica-9bd59249-92c7-4246-826b-1de72510768c-200x300.jpg 200w, https:\/\/www.michael-krell.com\/wp-content\/uploads\/2013\/12\/lirdy.com-C_PicaPica-9bd59249-92c7-4246-826b-1de72510768c.jpg 683w\" sizes=\"auto, (max-width: 200px) 100vw, 200px\" \/><\/a>Letztes Mal war die Triathlonlegende Dave Scott zu Gast im <a href=\"https:\/\/www.facebook.com\/groups\/191965007804109\/permalink\/264193463914596\/\" target=\"_blank\">Triathlon Live Talk<\/a> und nun bin ich an der Reihe \ud83d\ude42<\/p>\n<p>Schaltet gern am Donnerstag um 20:30Uhr mal rein. Nachdem ich zum gro\u00dfen Teil voll berufst\u00e4tige Athleten trainiere, gebe ich euch einen Einblick wie man das Training am besten in den Tagesablauf integriert. Au\u00dferdem gibt es jede Menge praktischer Tipps, auch anhand eigener Beispiele aus meinem fr\u00fcheren Leben als Angestellter.<\/p>\n<p>Kurzum: es geht um effektives Training bei wenig Zeit! Im Laufen reichen bspw. 38km\/Woche um einen Marathon in unter 3h zu finishen, wenn man wei\u00df wie es geht.<\/p>\n<p>Das gleiche gilt nat\u00fcrlich auch f\u00fcr den Triathlon. Ich freue mich und wir h\u00f6ren uns am Donnerstag. <a href=\"https:\/\/blab.im\/triathlon-live-talk-triathlon-live-talk-triathlontipps-fuer-berufstaetige-mit-michael-krell\" target=\"_blank\">Hier gehts am Donnerstag zum live talk, klicken!<\/a><\/p>\n<p>bis dahin, euer krelli<\/p>\n","protected":false},"excerpt":{"rendered":"<p>Letztes Mal war die Triathlonlegende Dave Scott zu Gast im Triathlon Live Talk und nun bin ich an der Reihe [&hellip;]<\/p>\n","protected":false},"author":2,"featured_media":1148,"comment_status":"closed","ping_status":"open","sticky":false,"template":"","format":"standard","meta":{"footnotes":""},"categories":[1221],"tags":[1088,1189,1174,1187,1081,1186,1173,1188,1080],"class_list":["post-2806","post","type-post","status-publish","format-standard","has-post-thumbnail","hentry","category-artikel","tag-asics-frontrunner-2","tag-krelli","tag-marco-sommer","tag-michael-krell","tag-triathlon-coach-2","tag-triathlon-coaching","tag-triathlon-live-talk","tag-triathlon-trainer","tag-triathlon-training-2"],"yoast_head":"<!-- This site is optimized with the Yoast SEO plugin v19.8 - https:\/\/yoast.com\/wordpress\/plugins\/seo\/ -->\n<title>zu Gast bei Triathlon Live Talk am Donnerstag 14.04. - Michael Krell Triathlon Coaching<\/title>\n<meta name=\"robots\" content=\"index, follow, max-snippet:-1, max-image-preview:large, max-video-preview:-1\" \/>\n<link rel=\"canonical\" href=\"https:\/\/www.michael-krell.com\/de\/zu-gast-bei-triathlon-live-talk-am-donnerstag-14-04\/\" \/>\n<meta property=\"og:locale\" content=\"de_DE\" \/>\n<meta property=\"og:type\" content=\"article\" \/>\n<meta property=\"og:title\" content=\"zu Gast bei Triathlon Live Talk am Donnerstag 14.04. - Michael Krell Triathlon Coaching\" \/>\n<meta property=\"og:description\" content=\"Letztes Mal war die Triathlonlegende Dave Scott zu Gast im Triathlon Live Talk und nun bin ich an der Reihe [&hellip;]\" \/>\n<meta property=\"og:url\" content=\"https:\/\/www.michael-krell.com\/de\/zu-gast-bei-triathlon-live-talk-am-donnerstag-14-04\/\" \/>\n<meta property=\"og:site_name\" content=\"Michael Krell Triathlon Coaching\" \/>\n<meta property=\"article:published_time\" content=\"2016-04-11T18:49:33+00:00\" \/>\n<meta property=\"article:modified_time\" content=\"2017-04-13T12:36:52+00:00\" \/>\n<meta property=\"og:image\" content=\"https:\/\/www.michael-krell.com\/wp-content\/uploads\/2013\/12\/lirdy.com-C_PicaPica-9bd59249-92c7-4246-826b-1de72510768c.jpg\" \/>\n\t<meta property=\"og:image:width\" content=\"683\" \/>\n\t<meta property=\"og:image:height\" content=\"1024\" \/>\n\t<meta property=\"og:image:type\" content=\"image\/jpeg\" \/>\n<meta name=\"author\" content=\"Michael Krell\" \/>\n<meta name=\"twitter:card\" content=\"summary_large_image\" \/>\n<meta name=\"twitter:label1\" content=\"Verfasst von\" \/>\n\t<meta name=\"twitter:data1\" content=\"Michael Krell\" \/>\n\t<meta name=\"twitter:label2\" content=\"Gesch\u00e4tzte Lesezeit\" \/>\n\t<meta name=\"twitter:data2\" content=\"1\u00a0Minute\" \/>\n<script type=\"application\/ld+json\" class=\"yoast-schema-graph\">{\"@context\":\"https:\/\/schema.org\",\"@graph\":[{\"@type\":\"WebPage\",\"@id\":\"https:\/\/www.michael-krell.com\/de\/zu-gast-bei-triathlon-live-talk-am-donnerstag-14-04\/\",\"url\":\"https:\/\/www.michael-krell.com\/de\/zu-gast-bei-triathlon-live-talk-am-donnerstag-14-04\/\",\"name\":\"zu Gast bei Triathlon Live Talk am Donnerstag 14.04. - Michael Krell Triathlon Coaching\",\"isPartOf\":{\"@id\":\"https:\/\/www.michael-krell.com\/en\/#website\"},\"datePublished\":\"2016-04-11T18:49:33+00:00\",\"dateModified\":\"2017-04-13T12:36:52+00:00\",\"author\":{\"@id\":\"https:\/\/www.michael-krell.com\/en\/#\/schema\/person\/17d0c03cb1e15db7305e41b6170a4237\"},\"breadcrumb\":{\"@id\":\"https:\/\/www.michael-krell.com\/de\/zu-gast-bei-triathlon-live-talk-am-donnerstag-14-04\/#breadcrumb\"},\"inLanguage\":\"de\",\"potentialAction\":[{\"@type\":\"ReadAction\",\"target\":[\"https:\/\/www.michael-krell.com\/de\/zu-gast-bei-triathlon-live-talk-am-donnerstag-14-04\/\"]}]},{\"@type\":\"BreadcrumbList\",\"@id\":\"https:\/\/www.michael-krell.com\/de\/zu-gast-bei-triathlon-live-talk-am-donnerstag-14-04\/#breadcrumb\",\"itemListElement\":[{\"@type\":\"ListItem\",\"position\":1,\"name\":\"Startseite\",\"item\":\"https:\/\/www.michael-krell.com\/en\/\"},{\"@type\":\"ListItem\",\"position\":2,\"name\":\"zu Gast bei Triathlon Live Talk am Donnerstag 14.04.\"}]},{\"@type\":\"WebSite\",\"@id\":\"https:\/\/www.michael-krell.com\/en\/#website\",\"url\":\"https:\/\/www.michael-krell.com\/en\/\",\"name\":\"Michael Krell Triathlon Coaching\",\"description\":\"\",\"potentialAction\":[{\"@type\":\"SearchAction\",\"target\":{\"@type\":\"EntryPoint\",\"urlTemplate\":\"https:\/\/www.michael-krell.com\/en\/?s={search_term_string}\"},\"query-input\":\"required name=search_term_string\"}],\"inLanguage\":\"de\"},{\"@type\":\"Person\",\"@id\":\"https:\/\/www.michael-krell.com\/en\/#\/schema\/person\/17d0c03cb1e15db7305e41b6170a4237\",\"name\":\"Michael Krell\",\"image\":{\"@type\":\"ImageObject\",\"inLanguage\":\"de\",\"@id\":\"https:\/\/www.michael-krell.com\/en\/#\/schema\/person\/image\/\",\"url\":\"https:\/\/secure.gravatar.com\/avatar\/33e39b9fbaf6777afb9b8559d921c4d22f4fd87cba8562434fa169fa71aeb1b3?s=96&d=mm&r=g\",\"contentUrl\":\"https:\/\/secure.gravatar.com\/avatar\/33e39b9fbaf6777afb9b8559d921c4d22f4fd87cba8562434fa169fa71aeb1b3?s=96&d=mm&r=g\",\"caption\":\"Michael Krell\"},\"url\":\"https:\/\/www.michael-krell.com\/de\/author\/krelli\/\"}]}<\/script>\n<!-- \/ Yoast SEO plugin. -->","yoast_head_json":{"title":"zu Gast bei Triathlon Live Talk am Donnerstag 14.04. - Michael Krell Triathlon Coaching","robots":{"index":"index","follow":"follow","max-snippet":"max-snippet:-1","max-image-preview":"max-image-preview:large","max-video-preview":"max-video-preview:-1"},"canonical":"https:\/\/www.michael-krell.com\/de\/zu-gast-bei-triathlon-live-talk-am-donnerstag-14-04\/","og_locale":"de_DE","og_type":"article","og_title":"zu Gast bei Triathlon Live Talk am Donnerstag 14.04. - Michael Krell Triathlon Coaching","og_description":"Letztes Mal war die Triathlonlegende Dave Scott zu Gast im Triathlon Live Talk und nun bin ich an der Reihe [&hellip;]","og_url":"https:\/\/www.michael-krell.com\/de\/zu-gast-bei-triathlon-live-talk-am-donnerstag-14-04\/","og_site_name":"Michael Krell Triathlon Coaching","article_published_time":"2016-04-11T18:49:33+00:00","article_modified_time":"2017-04-13T12:36:52+00:00","og_image":[{"width":683,"height":1024,"url":"https:\/\/www.michael-krell.com\/wp-content\/uploads\/2013\/12\/lirdy.com-C_PicaPica-9bd59249-92c7-4246-826b-1de72510768c.jpg","type":"image\/jpeg"}],"author":"Michael Krell","twitter_card":"summary_large_image","twitter_misc":{"Verfasst von":"Michael Krell","Gesch\u00e4tzte Lesezeit":"1\u00a0Minute"},"schema":{"@context":"https:\/\/schema.org","@graph":[{"@type":"WebPage","@id":"https:\/\/www.michael-krell.com\/de\/zu-gast-bei-triathlon-live-talk-am-donnerstag-14-04\/","url":"https:\/\/www.michael-krell.com\/de\/zu-gast-bei-triathlon-live-talk-am-donnerstag-14-04\/","name":"zu Gast bei Triathlon Live Talk am Donnerstag 14.04. - Michael Krell Triathlon Coaching","isPartOf":{"@id":"https:\/\/www.michael-krell.com\/en\/#website"},"datePublished":"2016-04-11T18:49:33+00:00","dateModified":"2017-04-13T12:36:52+00:00","author":{"@id":"https:\/\/www.michael-krell.com\/en\/#\/schema\/person\/17d0c03cb1e15db7305e41b6170a4237"},"breadcrumb":{"@id":"https:\/\/www.michael-krell.com\/de\/zu-gast-bei-triathlon-live-talk-am-donnerstag-14-04\/#breadcrumb"},"inLanguage":"de","potentialAction":[{"@type":"ReadAction","target":["https:\/\/www.michael-krell.com\/de\/zu-gast-bei-triathlon-live-talk-am-donnerstag-14-04\/"]}]},{"@type":"BreadcrumbList","@id":"https:\/\/www.michael-krell.com\/de\/zu-gast-bei-triathlon-live-talk-am-donnerstag-14-04\/#breadcrumb","itemListElement":[{"@type":"ListItem","position":1,"name":"Startseite","item":"https:\/\/www.michael-krell.com\/en\/"},{"@type":"ListItem","position":2,"name":"zu Gast bei Triathlon Live Talk am Donnerstag 14.04."}]},{"@type":"WebSite","@id":"https:\/\/www.michael-krell.com\/en\/#website","url":"https:\/\/www.michael-krell.com\/en\/","name":"Michael Krell Triathlon Coaching","description":"","potentialAction":[{"@type":"SearchAction","target":{"@type":"EntryPoint","urlTemplate":"https:\/\/www.michael-krell.com\/en\/?s={search_term_string}"},"query-input":"required name=search_term_string"}],"inLanguage":"de"},{"@type":"Person","@id":"https:\/\/www.michael-krell.com\/en\/#\/schema\/person\/17d0c03cb1e15db7305e41b6170a4237","name":"Michael Krell","image":{"@type":"ImageObject","inLanguage":"de","@id":"https:\/\/www.michael-krell.com\/en\/#\/schema\/person\/image\/","url":"https:\/\/secure.gravatar.com\/avatar\/33e39b9fbaf6777afb9b8559d921c4d22f4fd87cba8562434fa169fa71aeb1b3?s=96&d=mm&r=g","contentUrl":"https:\/\/secure.gravatar.com\/avatar\/33e39b9fbaf6777afb9b8559d921c4d22f4fd87cba8562434fa169fa71aeb1b3?s=96&d=mm&r=g","caption":"Michael Krell"},"url":"https:\/\/www.michael-krell.com\/de\/author\/krelli\/"}]}},"_links":{"self":[{"href":"https:\/\/www.michael-krell.com\/de\/wp-json\/wp\/v2\/posts\/2806","targetHints":{"allow":["GET"]}}],"collection":[{"href":"https:\/\/www.michael-krell.com\/de\/wp-json\/wp\/v2\/posts"}],"about":[{"href":"https:\/\/www.michael-krell.com\/de\/wp-json\/wp\/v2\/types\/post"}],"author":[{"embeddable":true,"href":"https:\/\/www.michael-krell.com\/de\/wp-json\/wp\/v2\/users\/2"}],"replies":[{"embeddable":true,"href":"https:\/\/www.michael-krell.com\/de\/wp-json\/wp\/v2\/comments?post=2806"}],"version-history":[{"count":4,"href":"https:\/\/www.michael-krell.com\/de\/wp-json\/wp\/v2\/posts\/2806\/revisions"}],"predecessor-version":[{"id":2811,"href":"https:\/\/www.michael-krell.com\/de\/wp-json\/wp\/v2\/posts\/2806\/revisions\/2811"}],"wp:featuredmedia":[{"embeddable":true,"href":"https:\/\/www.michael-krell.com\/de\/wp-json\/wp\/v2\/media\/1148"}],"wp:attachment":[{"href":"https:\/\/www.michael-krell.com\/de\/wp-json\/wp\/v2\/media?parent=2806"}],"wp:term":[{"taxonomy":"category","embeddable":true,"href":"https:\/\/www.michael-krell.com\/de\/wp-json\/wp\/v2\/categories?post=2806"},{"taxonomy":"post_tag","embeddable":true,"href":"https:\/\/www.michael-krell.com\/de\/wp-json\/wp\/v2\/tags?post=2806"}],"curies":[{"name":"wp","href":"https:\/\/api.w.org\/{rel}","templated":true}]}}