{"id":2850,"date":"2016-06-08T22:31:59","date_gmt":"2016-06-08T20:31:59","guid":{"rendered":"http:\/\/www.michael-krell.com\/?p=2850"},"modified":"2017-04-13T14:33:28","modified_gmt":"2017-04-13T12:33:28","slug":"was-laeuft","status":"publish","type":"post","link":"https:\/\/www.michael-krell.com\/de\/was-laeuft\/","title":{"rendered":"update Saison 2016"},"content":{"rendered":"<figure id=\"attachment_2854\" aria-describedby=\"caption-attachment-2854\" style=\"width: 300px\" class=\"wp-caption alignleft\"><a href=\"http:\/\/www.michael-krell.com\/wp-content\/uploads\/2016\/06\/ziel.jpg\"><img loading=\"lazy\" decoding=\"async\" class=\"wp-image-2854 size-medium\" src=\"http:\/\/www.michael-krell.com\/wp-content\/uploads\/2016\/06\/ziel-300x212.jpg\" alt=\"ziel\" width=\"300\" height=\"212\" srcset=\"https:\/\/www.michael-krell.com\/wp-content\/uploads\/2016\/06\/ziel-300x212.jpg 300w, https:\/\/www.michael-krell.com\/wp-content\/uploads\/2016\/06\/ziel.jpg 999w\" sizes=\"auto, (max-width: 300px) 100vw, 300px\" \/><\/a><figcaption id=\"caption-attachment-2854\" class=\"wp-caption-text\">Foto: ASICS Deutschland<\/figcaption><\/figure>\n<p>Hallo zusammen,<\/p>\n<p>anbei ein kleines update. Wie immer l\u00e4uft es gut, aber meist nat\u00fcrlich auch anders als gedacht. Nun denn, so ist das Leben nun mal! Bisher habe ich noch nicht ins Wettkampfgeschehen eingegriffen, habe es aber weiterhin vor. Ziel bleibt die Langdistanz beim Knappenmann Ende August. Und wenn ich vorher keinen einzigen Wettkampf mache, dann wird es gleichzeitig auch der erste sein in der Saison. Bin gespannt \ud83d\ude42<\/p>\n<p>Viel Arbeit\u00a0verhindert zurzeit ausgiebiges Training. Eine sch\u00f6ne davon ist aber zum Beispiel mein neues Buch, dass f\u00fcr Weihnachten geplant ist. Mein Verlag hat nat\u00fcrlich ebenfalls immer viele Projekte am Laufen und daher geht es nun erst ins Lektorat. Es wird der Nachfolger zu den Trainingseinheiten sein, allerdings diesmal mit speziellem Fokus auf die Langstrecke.<\/p>\n<p>Nichtsdestotrotz m\u00f6chte ich nat\u00fcrlich nicht nur beim Rennen dabei sein, sondern auch eine f\u00fcr mich befriedigendes Ergebnis erzielen. Was realistisch ist, das wird sich vorher zeigen. Ich kenne ja nun langsam meine Leistungswerte die ich f\u00fcr ein gutes Rennen brauche. Trainingsm\u00e4\u00dfig investiere ich derzeit ca. 10 Stunden die Woche. Schwimmen lasse ich komplett weg und ersetze es mit Kraft- und Zugseiltraining. Jeden Tag abwechselnd Radfahren oder Laufen, nat\u00fcrlich alles etwas intensiver.\u00a0Das wollte ich sowieso schon lange mal pers\u00f6nlich testen, mit minimalen Aufwand eine Langdistanz vorzubereiten.<\/p>\n<p><em>Eine Radeinheit schaut z.B. folgenderma\u00dfen aus: Dauer 80-90min &#8211; 10-15min einrollen, 3x5min Schwellentempo ca. 340W, dazwischen je 5min locker &#8211; 15min locker &amp; erholen und noch einmal 3x5min.<\/em><\/p>\n<p>Im Juli bin ich schlauer. Dann werde ich beim Challenge Roth den Schwimmpart in einer Team Arndt Staffel \u00fcbernehmen und kann direkt vergleichen wie hoch sich die Zeitverluste mit null geschwommenen Metern darstellen.<\/p>\n<p>Trotzdem trainiert es sich besser mit einem Ziel vor Augen und vielleicht gelingt mir eine kleine \u00dcberraschung. Dr\u00fcckt mir die Daumen.<\/p>\n<p>viele Gr\u00fc\u00dfe &amp; haut rein!<br \/>\nkrelli<\/p>\n","protected":false},"excerpt":{"rendered":"<p>Hallo zusammen, anbei ein kleines update. Wie immer l\u00e4uft es gut, aber meist nat\u00fcrlich auch anders als gedacht. Nun denn, [&hellip;]<\/p>\n","protected":false},"author":2,"featured_media":2854,"comment_status":"closed","ping_status":"open","sticky":false,"template":"","format":"standard","meta":{"footnotes":""},"categories":[1220],"tags":[1088,1146,1189,1201,1187,1081,1186,1188,1080],"class_list":["post-2850","post","type-post","status-publish","format-standard","has-post-thumbnail","hentry","category-privates","tag-asics-frontrunner-2","tag-knappenmann","tag-krelli","tag-langdistanz","tag-michael-krell","tag-triathlon-coach-2","tag-triathlon-coaching","tag-triathlon-trainer","tag-triathlon-training-2"],"yoast_head":"<!-- This site is optimized with the Yoast SEO plugin v19.8 - https:\/\/yoast.com\/wordpress\/plugins\/seo\/ -->\n<title>update Saison 2016 - Michael Krell Triathlon Coaching<\/title>\n<meta name=\"robots\" content=\"index, follow, max-snippet:-1, max-image-preview:large, max-video-preview:-1\" \/>\n<link rel=\"canonical\" href=\"https:\/\/www.michael-krell.com\/de\/was-laeuft\/\" \/>\n<meta property=\"og:locale\" content=\"de_DE\" \/>\n<meta property=\"og:type\" content=\"article\" \/>\n<meta property=\"og:title\" content=\"update Saison 2016 - Michael Krell Triathlon Coaching\" \/>\n<meta property=\"og:description\" content=\"Hallo zusammen, anbei ein kleines update. Wie immer l\u00e4uft es gut, aber meist nat\u00fcrlich auch anders als gedacht. Nun denn, [&hellip;]\" \/>\n<meta property=\"og:url\" content=\"https:\/\/www.michael-krell.com\/de\/was-laeuft\/\" \/>\n<meta property=\"og:site_name\" content=\"Michael Krell Triathlon Coaching\" \/>\n<meta property=\"article:published_time\" content=\"2016-06-08T20:31:59+00:00\" \/>\n<meta property=\"article:modified_time\" content=\"2017-04-13T12:33:28+00:00\" \/>\n<meta property=\"og:image\" content=\"https:\/\/www.michael-krell.com\/wp-content\/uploads\/2016\/06\/ziel.jpg\" \/>\n\t<meta property=\"og:image:width\" content=\"999\" \/>\n\t<meta property=\"og:image:height\" content=\"706\" \/>\n\t<meta property=\"og:image:type\" content=\"image\/jpeg\" \/>\n<meta name=\"author\" content=\"Michael Krell\" \/>\n<meta name=\"twitter:card\" content=\"summary_large_image\" \/>\n<meta name=\"twitter:label1\" content=\"Verfasst von\" \/>\n\t<meta name=\"twitter:data1\" content=\"Michael Krell\" \/>\n\t<meta name=\"twitter:label2\" content=\"Gesch\u00e4tzte Lesezeit\" \/>\n\t<meta name=\"twitter:data2\" content=\"2\u00a0Minuten\" \/>\n<script type=\"application\/ld+json\" class=\"yoast-schema-graph\">{\"@context\":\"https:\/\/schema.org\",\"@graph\":[{\"@type\":\"WebPage\",\"@id\":\"https:\/\/www.michael-krell.com\/en\/was-laeuft\/\",\"url\":\"https:\/\/www.michael-krell.com\/en\/was-laeuft\/\",\"name\":\"update Saison 2016 - Michael Krell Triathlon Coaching\",\"isPartOf\":{\"@id\":\"https:\/\/www.michael-krell.com\/en\/#website\"},\"datePublished\":\"2016-06-08T20:31:59+00:00\",\"dateModified\":\"2017-04-13T12:33:28+00:00\",\"author\":{\"@id\":\"https:\/\/www.michael-krell.com\/en\/#\/schema\/person\/17d0c03cb1e15db7305e41b6170a4237\"},\"breadcrumb\":{\"@id\":\"https:\/\/www.michael-krell.com\/en\/was-laeuft\/#breadcrumb\"},\"inLanguage\":\"de\",\"potentialAction\":[{\"@type\":\"ReadAction\",\"target\":[\"https:\/\/www.michael-krell.com\/en\/was-laeuft\/\"]}]},{\"@type\":\"BreadcrumbList\",\"@id\":\"https:\/\/www.michael-krell.com\/en\/was-laeuft\/#breadcrumb\",\"itemListElement\":[{\"@type\":\"ListItem\",\"position\":1,\"name\":\"Startseite\",\"item\":\"https:\/\/www.michael-krell.com\/en\/\"},{\"@type\":\"ListItem\",\"position\":2,\"name\":\"update Saison 2016\"}]},{\"@type\":\"WebSite\",\"@id\":\"https:\/\/www.michael-krell.com\/en\/#website\",\"url\":\"https:\/\/www.michael-krell.com\/en\/\",\"name\":\"Michael Krell Triathlon Coaching\",\"description\":\"\",\"potentialAction\":[{\"@type\":\"SearchAction\",\"target\":{\"@type\":\"EntryPoint\",\"urlTemplate\":\"https:\/\/www.michael-krell.com\/en\/?s={search_term_string}\"},\"query-input\":\"required name=search_term_string\"}],\"inLanguage\":\"de\"},{\"@type\":\"Person\",\"@id\":\"https:\/\/www.michael-krell.com\/en\/#\/schema\/person\/17d0c03cb1e15db7305e41b6170a4237\",\"name\":\"Michael Krell\",\"image\":{\"@type\":\"ImageObject\",\"inLanguage\":\"de\",\"@id\":\"https:\/\/www.michael-krell.com\/en\/#\/schema\/person\/image\/\",\"url\":\"https:\/\/secure.gravatar.com\/avatar\/33e39b9fbaf6777afb9b8559d921c4d22f4fd87cba8562434fa169fa71aeb1b3?s=96&d=mm&r=g\",\"contentUrl\":\"https:\/\/secure.gravatar.com\/avatar\/33e39b9fbaf6777afb9b8559d921c4d22f4fd87cba8562434fa169fa71aeb1b3?s=96&d=mm&r=g\",\"caption\":\"Michael Krell\"},\"url\":\"https:\/\/www.michael-krell.com\/de\/author\/krelli\/\"}]}<\/script>\n<!-- \/ Yoast SEO plugin. -->","yoast_head_json":{"title":"update Saison 2016 - Michael Krell Triathlon Coaching","robots":{"index":"index","follow":"follow","max-snippet":"max-snippet:-1","max-image-preview":"max-image-preview:large","max-video-preview":"max-video-preview:-1"},"canonical":"https:\/\/www.michael-krell.com\/de\/was-laeuft\/","og_locale":"de_DE","og_type":"article","og_title":"update Saison 2016 - Michael Krell Triathlon Coaching","og_description":"Hallo zusammen, anbei ein kleines update. Wie immer l\u00e4uft es gut, aber meist nat\u00fcrlich auch anders als gedacht. Nun denn, [&hellip;]","og_url":"https:\/\/www.michael-krell.com\/de\/was-laeuft\/","og_site_name":"Michael Krell Triathlon Coaching","article_published_time":"2016-06-08T20:31:59+00:00","article_modified_time":"2017-04-13T12:33:28+00:00","og_image":[{"width":999,"height":706,"url":"https:\/\/www.michael-krell.com\/wp-content\/uploads\/2016\/06\/ziel.jpg","type":"image\/jpeg"}],"author":"Michael Krell","twitter_card":"summary_large_image","twitter_misc":{"Verfasst von":"Michael Krell","Gesch\u00e4tzte Lesezeit":"2\u00a0Minuten"},"schema":{"@context":"https:\/\/schema.org","@graph":[{"@type":"WebPage","@id":"https:\/\/www.michael-krell.com\/en\/was-laeuft\/","url":"https:\/\/www.michael-krell.com\/en\/was-laeuft\/","name":"update Saison 2016 - Michael Krell Triathlon Coaching","isPartOf":{"@id":"https:\/\/www.michael-krell.com\/en\/#website"},"datePublished":"2016-06-08T20:31:59+00:00","dateModified":"2017-04-13T12:33:28+00:00","author":{"@id":"https:\/\/www.michael-krell.com\/en\/#\/schema\/person\/17d0c03cb1e15db7305e41b6170a4237"},"breadcrumb":{"@id":"https:\/\/www.michael-krell.com\/en\/was-laeuft\/#breadcrumb"},"inLanguage":"de","potentialAction":[{"@type":"ReadAction","target":["https:\/\/www.michael-krell.com\/en\/was-laeuft\/"]}]},{"@type":"BreadcrumbList","@id":"https:\/\/www.michael-krell.com\/en\/was-laeuft\/#breadcrumb","itemListElement":[{"@type":"ListItem","position":1,"name":"Startseite","item":"https:\/\/www.michael-krell.com\/en\/"},{"@type":"ListItem","position":2,"name":"update Saison 2016"}]},{"@type":"WebSite","@id":"https:\/\/www.michael-krell.com\/en\/#website","url":"https:\/\/www.michael-krell.com\/en\/","name":"Michael Krell Triathlon Coaching","description":"","potentialAction":[{"@type":"SearchAction","target":{"@type":"EntryPoint","urlTemplate":"https:\/\/www.michael-krell.com\/en\/?s={search_term_string}"},"query-input":"required name=search_term_string"}],"inLanguage":"de"},{"@type":"Person","@id":"https:\/\/www.michael-krell.com\/en\/#\/schema\/person\/17d0c03cb1e15db7305e41b6170a4237","name":"Michael Krell","image":{"@type":"ImageObject","inLanguage":"de","@id":"https:\/\/www.michael-krell.com\/en\/#\/schema\/person\/image\/","url":"https:\/\/secure.gravatar.com\/avatar\/33e39b9fbaf6777afb9b8559d921c4d22f4fd87cba8562434fa169fa71aeb1b3?s=96&d=mm&r=g","contentUrl":"https:\/\/secure.gravatar.com\/avatar\/33e39b9fbaf6777afb9b8559d921c4d22f4fd87cba8562434fa169fa71aeb1b3?s=96&d=mm&r=g","caption":"Michael Krell"},"url":"https:\/\/www.michael-krell.com\/de\/author\/krelli\/"}]}},"_links":{"self":[{"href":"https:\/\/www.michael-krell.com\/de\/wp-json\/wp\/v2\/posts\/2850","targetHints":{"allow":["GET"]}}],"collection":[{"href":"https:\/\/www.michael-krell.com\/de\/wp-json\/wp\/v2\/posts"}],"about":[{"href":"https:\/\/www.michael-krell.com\/de\/wp-json\/wp\/v2\/types\/post"}],"author":[{"embeddable":true,"href":"https:\/\/www.michael-krell.com\/de\/wp-json\/wp\/v2\/users\/2"}],"replies":[{"embeddable":true,"href":"https:\/\/www.michael-krell.com\/de\/wp-json\/wp\/v2\/comments?post=2850"}],"version-history":[{"count":13,"href":"https:\/\/www.michael-krell.com\/de\/wp-json\/wp\/v2\/posts\/2850\/revisions"}],"predecessor-version":[{"id":2866,"href":"https:\/\/www.michael-krell.com\/de\/wp-json\/wp\/v2\/posts\/2850\/revisions\/2866"}],"wp:featuredmedia":[{"embeddable":true,"href":"https:\/\/www.michael-krell.com\/de\/wp-json\/wp\/v2\/media\/2854"}],"wp:attachment":[{"href":"https:\/\/www.michael-krell.com\/de\/wp-json\/wp\/v2\/media?parent=2850"}],"wp:term":[{"taxonomy":"category","embeddable":true,"href":"https:\/\/www.michael-krell.com\/de\/wp-json\/wp\/v2\/categories?post=2850"},{"taxonomy":"post_tag","embeddable":true,"href":"https:\/\/www.michael-krell.com\/de\/wp-json\/wp\/v2\/tags?post=2850"}],"curies":[{"name":"wp","href":"https:\/\/api.w.org\/{rel}","templated":true}]}}