{"id":287,"date":"2013-06-18T08:19:00","date_gmt":"2013-06-18T06:19:00","guid":{"rendered":"http:\/\/www.michael-krell.com\/?p=287"},"modified":"2017-04-13T18:33:33","modified_gmt":"2017-04-13T16:33:33","slug":"veranstaltungstipp-stadttriathlon-forchheim-am-sonntag","status":"publish","type":"post","link":"https:\/\/www.michael-krell.com\/de\/veranstaltungstipp-stadttriathlon-forchheim-am-sonntag\/","title":{"rendered":"Veranstaltungstipp: Stadttriathlon Forchheim am Sonntag"},"content":{"rendered":"<table style=\"margin-left: auto; margin-right: auto; text-align: center;\" cellspacing=\"0\" cellpadding=\"0\" align=\"center\">\n<tbody>\n<tr>\n<td style=\"text-align: center;\"><a style=\"margin-left: auto; margin-right: auto;\" href=\"http:\/\/www.michael-krell.com\/wp-content\/uploads\/2013\/06\/DSC04329.jpg\"><img loading=\"lazy\" decoding=\"async\" src=\"http:\/\/www.michael-krell.com\/wp-content\/uploads\/2013\/06\/DSC04329-300x225.jpg\" width=\"400\" height=\"300\" border=\"0\" \/><\/a><\/td>\n<\/tr>\n<tr>\n<td style=\"text-align: center;\">das waren noch Zeiten damals in Forchheim, mal schauen wer mich mit meinem bunten Kinderhelm und blauem Top erkennt \ud83d\ude09<\/td>\n<\/tr>\n<\/tbody>\n<\/table>\n<p>Seit zwei Jahren deutlich attraktiver, da inzwischen ein kompletter Triathlon, ohne Pause nach dem Schwimmen. Au\u00dferdem mit cooler Radstrecke durch die Stadt und ein Rennen mit kurzen Wegen. Gerade auch f\u00fcr Anf\u00e4nger geeignet.<\/p>\n<p>Einige Pl\u00e4tze sind noch frei: <b><a href=\"http:\/\/www.stadttriathlon-forchheim.de\/\" target=\"_blank\"><u>hier gehts zur Veranstalterseite!<\/u><\/a><\/b><br \/>\n<b><br \/>\n<\/b>sonnige Gr\u00fc\u00dfe<b><br \/>\n<\/b><br \/>\nkrelli<\/p>\n","protected":false},"excerpt":{"rendered":"<p>das waren noch Zeiten damals in Forchheim, mal schauen wer mich mit meinem bunten Kinderhelm und blauem Top erkennt \ud83d\ude09 [&hellip;]<\/p>\n","protected":false},"author":2,"featured_media":1289,"comment_status":"open","ping_status":"open","sticky":false,"template":"","format":"standard","meta":{"footnotes":""},"categories":[1220],"tags":[],"class_list":["post-287","post","type-post","status-publish","format-standard","has-post-thumbnail","hentry","category-privates"],"yoast_head":"<!-- This site is optimized with the Yoast SEO plugin v19.8 - https:\/\/yoast.com\/wordpress\/plugins\/seo\/ -->\n<title>Veranstaltungstipp: Stadttriathlon Forchheim am Sonntag - Michael Krell Triathlon Coaching<\/title>\n<meta name=\"robots\" content=\"index, follow, max-snippet:-1, max-image-preview:large, max-video-preview:-1\" \/>\n<link rel=\"canonical\" href=\"https:\/\/www.michael-krell.com\/de\/veranstaltungstipp-stadttriathlon-forchheim-am-sonntag\/\" \/>\n<meta property=\"og:locale\" content=\"de_DE\" \/>\n<meta property=\"og:type\" content=\"article\" \/>\n<meta property=\"og:title\" content=\"Veranstaltungstipp: Stadttriathlon Forchheim am Sonntag - Michael Krell Triathlon Coaching\" \/>\n<meta property=\"og:description\" content=\"das waren noch Zeiten damals in Forchheim, mal schauen wer mich mit meinem bunten Kinderhelm und blauem Top erkennt \ud83d\ude09 [&hellip;]\" \/>\n<meta property=\"og:url\" content=\"https:\/\/www.michael-krell.com\/de\/veranstaltungstipp-stadttriathlon-forchheim-am-sonntag\/\" \/>\n<meta property=\"og:site_name\" content=\"Michael Krell Triathlon Coaching\" \/>\n<meta property=\"article:published_time\" content=\"2013-06-18T06:19:00+00:00\" \/>\n<meta property=\"article:modified_time\" content=\"2017-04-13T16:33:33+00:00\" \/>\n<meta property=\"og:image\" content=\"https:\/\/www.michael-krell.com\/wp-content\/uploads\/2013\/06\/DSC04329.jpg\" \/>\n\t<meta property=\"og:image:width\" content=\"1024\" \/>\n\t<meta property=\"og:image:height\" content=\"768\" \/>\n\t<meta property=\"og:image:type\" content=\"image\/jpeg\" \/>\n<meta name=\"author\" content=\"Michael Krell\" \/>\n<meta name=\"twitter:card\" content=\"summary_large_image\" \/>\n<meta name=\"twitter:label1\" content=\"Verfasst von\" \/>\n\t<meta name=\"twitter:data1\" content=\"Michael Krell\" \/>\n<script type=\"application\/ld+json\" class=\"yoast-schema-graph\">{\"@context\":\"https:\/\/schema.org\",\"@graph\":[{\"@type\":\"WebPage\",\"@id\":\"https:\/\/www.michael-krell.com\/en\/veranstaltungstipp-stadttriathlon-forchheim-am-sonntag\/\",\"url\":\"https:\/\/www.michael-krell.com\/en\/veranstaltungstipp-stadttriathlon-forchheim-am-sonntag\/\",\"name\":\"Veranstaltungstipp: Stadttriathlon Forchheim am Sonntag - Michael Krell Triathlon Coaching\",\"isPartOf\":{\"@id\":\"https:\/\/www.michael-krell.com\/en\/#website\"},\"datePublished\":\"2013-06-18T06:19:00+00:00\",\"dateModified\":\"2017-04-13T16:33:33+00:00\",\"author\":{\"@id\":\"https:\/\/www.michael-krell.com\/en\/#\/schema\/person\/17d0c03cb1e15db7305e41b6170a4237\"},\"breadcrumb\":{\"@id\":\"https:\/\/www.michael-krell.com\/en\/veranstaltungstipp-stadttriathlon-forchheim-am-sonntag\/#breadcrumb\"},\"inLanguage\":\"de\",\"potentialAction\":[{\"@type\":\"ReadAction\",\"target\":[\"https:\/\/www.michael-krell.com\/en\/veranstaltungstipp-stadttriathlon-forchheim-am-sonntag\/\"]}]},{\"@type\":\"BreadcrumbList\",\"@id\":\"https:\/\/www.michael-krell.com\/en\/veranstaltungstipp-stadttriathlon-forchheim-am-sonntag\/#breadcrumb\",\"itemListElement\":[{\"@type\":\"ListItem\",\"position\":1,\"name\":\"Startseite\",\"item\":\"https:\/\/www.michael-krell.com\/en\/\"},{\"@type\":\"ListItem\",\"position\":2,\"name\":\"Veranstaltungstipp: Stadttriathlon Forchheim am Sonntag\"}]},{\"@type\":\"WebSite\",\"@id\":\"https:\/\/www.michael-krell.com\/en\/#website\",\"url\":\"https:\/\/www.michael-krell.com\/en\/\",\"name\":\"Michael Krell Triathlon Coaching\",\"description\":\"\",\"potentialAction\":[{\"@type\":\"SearchAction\",\"target\":{\"@type\":\"EntryPoint\",\"urlTemplate\":\"https:\/\/www.michael-krell.com\/en\/?s={search_term_string}\"},\"query-input\":\"required name=search_term_string\"}],\"inLanguage\":\"de\"},{\"@type\":\"Person\",\"@id\":\"https:\/\/www.michael-krell.com\/en\/#\/schema\/person\/17d0c03cb1e15db7305e41b6170a4237\",\"name\":\"Michael Krell\",\"image\":{\"@type\":\"ImageObject\",\"inLanguage\":\"de\",\"@id\":\"https:\/\/www.michael-krell.com\/en\/#\/schema\/person\/image\/\",\"url\":\"https:\/\/secure.gravatar.com\/avatar\/33e39b9fbaf6777afb9b8559d921c4d22f4fd87cba8562434fa169fa71aeb1b3?s=96&d=mm&r=g\",\"contentUrl\":\"https:\/\/secure.gravatar.com\/avatar\/33e39b9fbaf6777afb9b8559d921c4d22f4fd87cba8562434fa169fa71aeb1b3?s=96&d=mm&r=g\",\"caption\":\"Michael Krell\"},\"url\":\"https:\/\/www.michael-krell.com\/de\/author\/krelli\/\"}]}<\/script>\n<!-- \/ Yoast SEO plugin. -->","yoast_head_json":{"title":"Veranstaltungstipp: Stadttriathlon Forchheim am Sonntag - Michael Krell Triathlon Coaching","robots":{"index":"index","follow":"follow","max-snippet":"max-snippet:-1","max-image-preview":"max-image-preview:large","max-video-preview":"max-video-preview:-1"},"canonical":"https:\/\/www.michael-krell.com\/de\/veranstaltungstipp-stadttriathlon-forchheim-am-sonntag\/","og_locale":"de_DE","og_type":"article","og_title":"Veranstaltungstipp: Stadttriathlon Forchheim am Sonntag - Michael Krell Triathlon Coaching","og_description":"das waren noch Zeiten damals in Forchheim, mal schauen wer mich mit meinem bunten Kinderhelm und blauem Top erkennt \ud83d\ude09 [&hellip;]","og_url":"https:\/\/www.michael-krell.com\/de\/veranstaltungstipp-stadttriathlon-forchheim-am-sonntag\/","og_site_name":"Michael Krell Triathlon Coaching","article_published_time":"2013-06-18T06:19:00+00:00","article_modified_time":"2017-04-13T16:33:33+00:00","og_image":[{"width":1024,"height":768,"url":"https:\/\/www.michael-krell.com\/wp-content\/uploads\/2013\/06\/DSC04329.jpg","type":"image\/jpeg"}],"author":"Michael Krell","twitter_card":"summary_large_image","twitter_misc":{"Verfasst von":"Michael Krell"},"schema":{"@context":"https:\/\/schema.org","@graph":[{"@type":"WebPage","@id":"https:\/\/www.michael-krell.com\/en\/veranstaltungstipp-stadttriathlon-forchheim-am-sonntag\/","url":"https:\/\/www.michael-krell.com\/en\/veranstaltungstipp-stadttriathlon-forchheim-am-sonntag\/","name":"Veranstaltungstipp: Stadttriathlon Forchheim am Sonntag - Michael Krell Triathlon Coaching","isPartOf":{"@id":"https:\/\/www.michael-krell.com\/en\/#website"},"datePublished":"2013-06-18T06:19:00+00:00","dateModified":"2017-04-13T16:33:33+00:00","author":{"@id":"https:\/\/www.michael-krell.com\/en\/#\/schema\/person\/17d0c03cb1e15db7305e41b6170a4237"},"breadcrumb":{"@id":"https:\/\/www.michael-krell.com\/en\/veranstaltungstipp-stadttriathlon-forchheim-am-sonntag\/#breadcrumb"},"inLanguage":"de","potentialAction":[{"@type":"ReadAction","target":["https:\/\/www.michael-krell.com\/en\/veranstaltungstipp-stadttriathlon-forchheim-am-sonntag\/"]}]},{"@type":"BreadcrumbList","@id":"https:\/\/www.michael-krell.com\/en\/veranstaltungstipp-stadttriathlon-forchheim-am-sonntag\/#breadcrumb","itemListElement":[{"@type":"ListItem","position":1,"name":"Startseite","item":"https:\/\/www.michael-krell.com\/en\/"},{"@type":"ListItem","position":2,"name":"Veranstaltungstipp: Stadttriathlon Forchheim am Sonntag"}]},{"@type":"WebSite","@id":"https:\/\/www.michael-krell.com\/en\/#website","url":"https:\/\/www.michael-krell.com\/en\/","name":"Michael Krell Triathlon Coaching","description":"","potentialAction":[{"@type":"SearchAction","target":{"@type":"EntryPoint","urlTemplate":"https:\/\/www.michael-krell.com\/en\/?s={search_term_string}"},"query-input":"required name=search_term_string"}],"inLanguage":"de"},{"@type":"Person","@id":"https:\/\/www.michael-krell.com\/en\/#\/schema\/person\/17d0c03cb1e15db7305e41b6170a4237","name":"Michael Krell","image":{"@type":"ImageObject","inLanguage":"de","@id":"https:\/\/www.michael-krell.com\/en\/#\/schema\/person\/image\/","url":"https:\/\/secure.gravatar.com\/avatar\/33e39b9fbaf6777afb9b8559d921c4d22f4fd87cba8562434fa169fa71aeb1b3?s=96&d=mm&r=g","contentUrl":"https:\/\/secure.gravatar.com\/avatar\/33e39b9fbaf6777afb9b8559d921c4d22f4fd87cba8562434fa169fa71aeb1b3?s=96&d=mm&r=g","caption":"Michael Krell"},"url":"https:\/\/www.michael-krell.com\/de\/author\/krelli\/"}]}},"_links":{"self":[{"href":"https:\/\/www.michael-krell.com\/de\/wp-json\/wp\/v2\/posts\/287","targetHints":{"allow":["GET"]}}],"collection":[{"href":"https:\/\/www.michael-krell.com\/de\/wp-json\/wp\/v2\/posts"}],"about":[{"href":"https:\/\/www.michael-krell.com\/de\/wp-json\/wp\/v2\/types\/post"}],"author":[{"embeddable":true,"href":"https:\/\/www.michael-krell.com\/de\/wp-json\/wp\/v2\/users\/2"}],"replies":[{"embeddable":true,"href":"https:\/\/www.michael-krell.com\/de\/wp-json\/wp\/v2\/comments?post=287"}],"version-history":[{"count":1,"href":"https:\/\/www.michael-krell.com\/de\/wp-json\/wp\/v2\/posts\/287\/revisions"}],"predecessor-version":[{"id":3386,"href":"https:\/\/www.michael-krell.com\/de\/wp-json\/wp\/v2\/posts\/287\/revisions\/3386"}],"wp:featuredmedia":[{"embeddable":true,"href":"https:\/\/www.michael-krell.com\/de\/wp-json\/wp\/v2\/media\/1289"}],"wp:attachment":[{"href":"https:\/\/www.michael-krell.com\/de\/wp-json\/wp\/v2\/media?parent=287"}],"wp:term":[{"taxonomy":"category","embeddable":true,"href":"https:\/\/www.michael-krell.com\/de\/wp-json\/wp\/v2\/categories?post=287"},{"taxonomy":"post_tag","embeddable":true,"href":"https:\/\/www.michael-krell.com\/de\/wp-json\/wp\/v2\/tags?post=287"}],"curies":[{"name":"wp","href":"https:\/\/api.w.org\/{rel}","templated":true}]}}