{"id":292,"date":"2013-06-06T08:39:00","date_gmt":"2013-06-06T06:39:00","guid":{"rendered":"http:\/\/www.michael-krell.com\/?p=292"},"modified":"2017-04-13T18:36:05","modified_gmt":"2017-04-13T16:36:05","slug":"testfahrt-mavic-cosmic-carbone-40","status":"publish","type":"post","link":"https:\/\/www.michael-krell.com\/de\/testfahrt-mavic-cosmic-carbone-40\/","title":{"rendered":"Testfahrt Mavic Cosmic Carbone 40"},"content":{"rendered":"<div style=\"clear: both; text-align: center;\"><a style=\"margin-left: 1em; margin-right: 1em;\" href=\"http:\/\/www.michael-krell.com\/wp-content\/uploads\/2013\/06\/image.jpeg\"><img loading=\"lazy\" decoding=\"async\" src=\"http:\/\/www.michael-krell.com\/wp-content\/uploads\/2013\/06\/image-300x225.jpeg\" width=\"400\" height=\"300\" border=\"0\" \/><\/a><\/div>\n<p>Gestern trafen wir uns an der Radrennbahn in N\u00fcrnberg f\u00fcr die Testfahrt der neuen Mavic CC 40.\u00a0Erste Regel: man sollte immer sein Rad putzen bevor man sich mit Radfahrern trifft. Meine Ausrede &#8222;ich bin eben durch Schlamm gefahren&#8220; zog nat\u00fcrlich nicht so wenn alles trocken ist und die Sonne scheint.<\/p>\n<p>Mein Bike wurde dann sogleich mit den neuen Laufr\u00e4dern ausger\u00fcstet, was ihm pl\u00f6tzlich ein v\u00f6llig neues und pfeilschnelles Antlitz bescherte. Also, dann konnte nichts mehr schiefgehen.<\/p>\n<div style=\"clear: both; text-align: center;\"><a style=\"margin-left: 1em; margin-right: 1em;\" href=\"http:\/\/www.michael-krell.com\/wp-content\/uploads\/2013\/06\/Foto.jpg\"><img loading=\"lazy\" decoding=\"async\" src=\"http:\/\/www.michael-krell.com\/wp-content\/uploads\/2013\/06\/Foto-224x300.jpg\" width=\"298\" height=\"400\" border=\"0\" \/><\/a><\/div>\n<p>In Erwartung einer gem\u00fctlichen Abendtour wurde ich eines Besseren belehrt. Mit Radfahrern zu fahren ist stressig! Nach jeder Kurve und an jedem H\u00fcgelchen wird angezogen als wenn dort vorn 500 Meter weiter an der Stra\u00dfe das gelbe Trikot vergeben wird. Zweite Regel: fahre nie deine Zeitfahrintervalle am Morgen wenn du dich sp\u00e4ter zu &#8222;einer gem\u00fctlichen Radrunde&#8220; verabredest.Schwerddis kleine Abendrunde nahm ungeahnte Ausma\u00dfe an. Nachdem wir s\u00e4mtliche Spalter Berge 3x hochfahren mussten, sa\u00df ich am Ende des Tages knapp 200 Kilometer im Sattel.<\/p>\n<p>Aber nun zum Testbericht: Das alles machte riesigen Spa\u00df mit den CC 40 Laufr\u00e4dern. Mir pers\u00f6nlich als recht gro\u00dfen und Schweren Athleten (1,91 &amp; 82kg) ist am Wichtigsten das die R\u00e4der steif sind. F\u00fcr schnelle Zeiten mind. genauso wichtig wie die Aerodynamik, weil ansonsten zu viel Energie verloren geht. Meine erste Carbonlaufr\u00e4der waren damals die Vuelta Carbon, die schon beim Wiegetritt derma\u00dfen geeiert haben dass ich die Bremsbacken immer weiter aufdrehen musste, weil sie sonst permanent geschliffen haben. Nun, kein Vergleich zu den CC 40. Selbst im Wiegetrittsprint am Berg und \u00fcber lange Pflastersteinpassagen haben sich die Laufr\u00e4der keinen Millimeter zur Seite bewegt. Irgendwann drehte ich meine Bremsbacken zu bis zum absoluten Minimum, ca. einen halben mm von der Flanke entfernt. Immer noch nichts, klasse! Mal abgesehen davon dass die Dinger wahrscheinlich 2kg leichter sind als meine normalen Stra\u00dfenlaufr\u00e4der.<\/p>\n<div style=\"clear: both; text-align: center;\"><a style=\"margin-left: 1em; margin-right: 1em;\" href=\"http:\/\/www.michael-krell.com\/wp-content\/uploads\/2013\/06\/image3.jpeg\"><img loading=\"lazy\" decoding=\"async\" src=\"http:\/\/www.michael-krell.com\/wp-content\/uploads\/2013\/06\/image3-300x225.jpeg\" width=\"400\" height=\"300\" border=\"0\" \/><\/a><\/div>\n<p>Fazit: sehr empfehlenswert!<\/p>\n<p>haut rein &amp; sonnige Gr\u00fc\u00dfe<br \/>\nkrelli<\/p>\n","protected":false},"excerpt":{"rendered":"<p>Gestern trafen wir uns an der Radrennbahn in N\u00fcrnberg f\u00fcr die Testfahrt der neuen Mavic CC 40.\u00a0Erste Regel: man sollte [&hellip;]<\/p>\n","protected":false},"author":2,"featured_media":1296,"comment_status":"open","ping_status":"open","sticky":false,"template":"","format":"standard","meta":{"footnotes":""},"categories":[1220],"tags":[],"class_list":["post-292","post","type-post","status-publish","format-standard","has-post-thumbnail","hentry","category-privates"],"yoast_head":"<!-- This site is optimized with the Yoast SEO plugin v19.8 - https:\/\/yoast.com\/wordpress\/plugins\/seo\/ -->\n<title>Testfahrt Mavic Cosmic Carbone 40 - Michael Krell Triathlon Coaching<\/title>\n<meta name=\"robots\" content=\"index, follow, max-snippet:-1, max-image-preview:large, max-video-preview:-1\" \/>\n<link rel=\"canonical\" href=\"https:\/\/www.michael-krell.com\/de\/testfahrt-mavic-cosmic-carbone-40\/\" \/>\n<meta property=\"og:locale\" content=\"de_DE\" \/>\n<meta property=\"og:type\" content=\"article\" \/>\n<meta property=\"og:title\" content=\"Testfahrt Mavic Cosmic Carbone 40 - Michael Krell Triathlon Coaching\" \/>\n<meta property=\"og:description\" content=\"Gestern trafen wir uns an der Radrennbahn in N\u00fcrnberg f\u00fcr die Testfahrt der neuen Mavic CC 40.\u00a0Erste Regel: man sollte [&hellip;]\" \/>\n<meta property=\"og:url\" content=\"https:\/\/www.michael-krell.com\/de\/testfahrt-mavic-cosmic-carbone-40\/\" \/>\n<meta property=\"og:site_name\" content=\"Michael Krell Triathlon Coaching\" \/>\n<meta property=\"article:published_time\" content=\"2013-06-06T06:39:00+00:00\" \/>\n<meta property=\"article:modified_time\" content=\"2017-04-13T16:36:05+00:00\" \/>\n<meta property=\"og:image\" content=\"https:\/\/www.michael-krell.com\/wp-content\/uploads\/2013\/06\/image.jpeg\" \/>\n\t<meta property=\"og:image:width\" content=\"1024\" \/>\n\t<meta property=\"og:image:height\" content=\"768\" \/>\n\t<meta property=\"og:image:type\" content=\"image\/jpeg\" \/>\n<meta name=\"author\" content=\"Michael Krell\" \/>\n<meta name=\"twitter:card\" content=\"summary_large_image\" \/>\n<meta name=\"twitter:label1\" content=\"Verfasst von\" \/>\n\t<meta name=\"twitter:data1\" content=\"Michael Krell\" \/>\n\t<meta name=\"twitter:label2\" content=\"Gesch\u00e4tzte Lesezeit\" \/>\n\t<meta name=\"twitter:data2\" content=\"2\u00a0Minuten\" \/>\n<script type=\"application\/ld+json\" class=\"yoast-schema-graph\">{\"@context\":\"https:\/\/schema.org\",\"@graph\":[{\"@type\":\"WebPage\",\"@id\":\"https:\/\/www.michael-krell.com\/en\/testfahrt-mavic-cosmic-carbone-40\/\",\"url\":\"https:\/\/www.michael-krell.com\/en\/testfahrt-mavic-cosmic-carbone-40\/\",\"name\":\"Testfahrt Mavic Cosmic Carbone 40 - Michael Krell Triathlon Coaching\",\"isPartOf\":{\"@id\":\"https:\/\/www.michael-krell.com\/en\/#website\"},\"datePublished\":\"2013-06-06T06:39:00+00:00\",\"dateModified\":\"2017-04-13T16:36:05+00:00\",\"author\":{\"@id\":\"https:\/\/www.michael-krell.com\/en\/#\/schema\/person\/17d0c03cb1e15db7305e41b6170a4237\"},\"breadcrumb\":{\"@id\":\"https:\/\/www.michael-krell.com\/en\/testfahrt-mavic-cosmic-carbone-40\/#breadcrumb\"},\"inLanguage\":\"de\",\"potentialAction\":[{\"@type\":\"ReadAction\",\"target\":[\"https:\/\/www.michael-krell.com\/en\/testfahrt-mavic-cosmic-carbone-40\/\"]}]},{\"@type\":\"BreadcrumbList\",\"@id\":\"https:\/\/www.michael-krell.com\/en\/testfahrt-mavic-cosmic-carbone-40\/#breadcrumb\",\"itemListElement\":[{\"@type\":\"ListItem\",\"position\":1,\"name\":\"Startseite\",\"item\":\"https:\/\/www.michael-krell.com\/en\/\"},{\"@type\":\"ListItem\",\"position\":2,\"name\":\"Testfahrt Mavic Cosmic Carbone 40\"}]},{\"@type\":\"WebSite\",\"@id\":\"https:\/\/www.michael-krell.com\/en\/#website\",\"url\":\"https:\/\/www.michael-krell.com\/en\/\",\"name\":\"Michael Krell Triathlon Coaching\",\"description\":\"\",\"potentialAction\":[{\"@type\":\"SearchAction\",\"target\":{\"@type\":\"EntryPoint\",\"urlTemplate\":\"https:\/\/www.michael-krell.com\/en\/?s={search_term_string}\"},\"query-input\":\"required name=search_term_string\"}],\"inLanguage\":\"de\"},{\"@type\":\"Person\",\"@id\":\"https:\/\/www.michael-krell.com\/en\/#\/schema\/person\/17d0c03cb1e15db7305e41b6170a4237\",\"name\":\"Michael Krell\",\"image\":{\"@type\":\"ImageObject\",\"inLanguage\":\"de\",\"@id\":\"https:\/\/www.michael-krell.com\/en\/#\/schema\/person\/image\/\",\"url\":\"https:\/\/secure.gravatar.com\/avatar\/33e39b9fbaf6777afb9b8559d921c4d22f4fd87cba8562434fa169fa71aeb1b3?s=96&d=mm&r=g\",\"contentUrl\":\"https:\/\/secure.gravatar.com\/avatar\/33e39b9fbaf6777afb9b8559d921c4d22f4fd87cba8562434fa169fa71aeb1b3?s=96&d=mm&r=g\",\"caption\":\"Michael Krell\"},\"url\":\"https:\/\/www.michael-krell.com\/de\/author\/krelli\/\"}]}<\/script>\n<!-- \/ Yoast SEO plugin. -->","yoast_head_json":{"title":"Testfahrt Mavic Cosmic Carbone 40 - Michael Krell Triathlon Coaching","robots":{"index":"index","follow":"follow","max-snippet":"max-snippet:-1","max-image-preview":"max-image-preview:large","max-video-preview":"max-video-preview:-1"},"canonical":"https:\/\/www.michael-krell.com\/de\/testfahrt-mavic-cosmic-carbone-40\/","og_locale":"de_DE","og_type":"article","og_title":"Testfahrt Mavic Cosmic Carbone 40 - Michael Krell Triathlon Coaching","og_description":"Gestern trafen wir uns an der Radrennbahn in N\u00fcrnberg f\u00fcr die Testfahrt der neuen Mavic CC 40.\u00a0Erste Regel: man sollte [&hellip;]","og_url":"https:\/\/www.michael-krell.com\/de\/testfahrt-mavic-cosmic-carbone-40\/","og_site_name":"Michael Krell Triathlon Coaching","article_published_time":"2013-06-06T06:39:00+00:00","article_modified_time":"2017-04-13T16:36:05+00:00","og_image":[{"width":1024,"height":768,"url":"https:\/\/www.michael-krell.com\/wp-content\/uploads\/2013\/06\/image.jpeg","type":"image\/jpeg"}],"author":"Michael Krell","twitter_card":"summary_large_image","twitter_misc":{"Verfasst von":"Michael Krell","Gesch\u00e4tzte Lesezeit":"2\u00a0Minuten"},"schema":{"@context":"https:\/\/schema.org","@graph":[{"@type":"WebPage","@id":"https:\/\/www.michael-krell.com\/en\/testfahrt-mavic-cosmic-carbone-40\/","url":"https:\/\/www.michael-krell.com\/en\/testfahrt-mavic-cosmic-carbone-40\/","name":"Testfahrt Mavic Cosmic Carbone 40 - Michael Krell Triathlon Coaching","isPartOf":{"@id":"https:\/\/www.michael-krell.com\/en\/#website"},"datePublished":"2013-06-06T06:39:00+00:00","dateModified":"2017-04-13T16:36:05+00:00","author":{"@id":"https:\/\/www.michael-krell.com\/en\/#\/schema\/person\/17d0c03cb1e15db7305e41b6170a4237"},"breadcrumb":{"@id":"https:\/\/www.michael-krell.com\/en\/testfahrt-mavic-cosmic-carbone-40\/#breadcrumb"},"inLanguage":"de","potentialAction":[{"@type":"ReadAction","target":["https:\/\/www.michael-krell.com\/en\/testfahrt-mavic-cosmic-carbone-40\/"]}]},{"@type":"BreadcrumbList","@id":"https:\/\/www.michael-krell.com\/en\/testfahrt-mavic-cosmic-carbone-40\/#breadcrumb","itemListElement":[{"@type":"ListItem","position":1,"name":"Startseite","item":"https:\/\/www.michael-krell.com\/en\/"},{"@type":"ListItem","position":2,"name":"Testfahrt Mavic Cosmic Carbone 40"}]},{"@type":"WebSite","@id":"https:\/\/www.michael-krell.com\/en\/#website","url":"https:\/\/www.michael-krell.com\/en\/","name":"Michael Krell Triathlon Coaching","description":"","potentialAction":[{"@type":"SearchAction","target":{"@type":"EntryPoint","urlTemplate":"https:\/\/www.michael-krell.com\/en\/?s={search_term_string}"},"query-input":"required name=search_term_string"}],"inLanguage":"de"},{"@type":"Person","@id":"https:\/\/www.michael-krell.com\/en\/#\/schema\/person\/17d0c03cb1e15db7305e41b6170a4237","name":"Michael Krell","image":{"@type":"ImageObject","inLanguage":"de","@id":"https:\/\/www.michael-krell.com\/en\/#\/schema\/person\/image\/","url":"https:\/\/secure.gravatar.com\/avatar\/33e39b9fbaf6777afb9b8559d921c4d22f4fd87cba8562434fa169fa71aeb1b3?s=96&d=mm&r=g","contentUrl":"https:\/\/secure.gravatar.com\/avatar\/33e39b9fbaf6777afb9b8559d921c4d22f4fd87cba8562434fa169fa71aeb1b3?s=96&d=mm&r=g","caption":"Michael Krell"},"url":"https:\/\/www.michael-krell.com\/de\/author\/krelli\/"}]}},"_links":{"self":[{"href":"https:\/\/www.michael-krell.com\/de\/wp-json\/wp\/v2\/posts\/292","targetHints":{"allow":["GET"]}}],"collection":[{"href":"https:\/\/www.michael-krell.com\/de\/wp-json\/wp\/v2\/posts"}],"about":[{"href":"https:\/\/www.michael-krell.com\/de\/wp-json\/wp\/v2\/types\/post"}],"author":[{"embeddable":true,"href":"https:\/\/www.michael-krell.com\/de\/wp-json\/wp\/v2\/users\/2"}],"replies":[{"embeddable":true,"href":"https:\/\/www.michael-krell.com\/de\/wp-json\/wp\/v2\/comments?post=292"}],"version-history":[{"count":1,"href":"https:\/\/www.michael-krell.com\/de\/wp-json\/wp\/v2\/posts\/292\/revisions"}],"predecessor-version":[{"id":3392,"href":"https:\/\/www.michael-krell.com\/de\/wp-json\/wp\/v2\/posts\/292\/revisions\/3392"}],"wp:featuredmedia":[{"embeddable":true,"href":"https:\/\/www.michael-krell.com\/de\/wp-json\/wp\/v2\/media\/1296"}],"wp:attachment":[{"href":"https:\/\/www.michael-krell.com\/de\/wp-json\/wp\/v2\/media?parent=292"}],"wp:term":[{"taxonomy":"category","embeddable":true,"href":"https:\/\/www.michael-krell.com\/de\/wp-json\/wp\/v2\/categories?post=292"},{"taxonomy":"post_tag","embeddable":true,"href":"https:\/\/www.michael-krell.com\/de\/wp-json\/wp\/v2\/tags?post=292"}],"curies":[{"name":"wp","href":"https:\/\/api.w.org\/{rel}","templated":true}]}}