{"id":316,"date":"2013-04-29T08:12:00","date_gmt":"2013-04-29T06:12:00","guid":{"rendered":"http:\/\/www.michael-krell.com\/?p=316"},"modified":"2017-04-18T10:54:29","modified_gmt":"2017-04-18T08:54:29","slug":"grundlagenperiode-beendet","status":"publish","type":"post","link":"https:\/\/www.michael-krell.com\/de\/grundlagenperiode-beendet\/","title":{"rendered":"Grundlagenperiode beendet&#8230;"},"content":{"rendered":"<p>&#8230;und ich freue mich \u00fcber ein paar lockere Tage zum Erholen \ud83d\ude42 Nun kann ich endlich mal wieder am neuen Buch arbeiten.<\/p>\n<table style=\"margin-left: auto; margin-right: auto; text-align: center;\" cellspacing=\"0\" cellpadding=\"0\" align=\"center\">\n<tbody>\n<tr>\n<td style=\"text-align: center;\"><a style=\"margin-left: auto; margin-right: auto;\" href=\"http:\/\/www.michael-krell.com\/wp-content\/uploads\/2013\/04\/Training.jpg\"><img loading=\"lazy\" decoding=\"async\" src=\"http:\/\/www.michael-krell.com\/wp-content\/uploads\/2013\/04\/Training-300x217.jpg\" width=\"400\" height=\"288\" border=\"0\" \/><\/a><\/td>\n<\/tr>\n<tr>\n<td style=\"text-align: center;\">zum Vergr\u00f6\u00dfern anklicken<\/td>\n<\/tr>\n<\/tbody>\n<\/table>\n<p>Schwimmen war diese Woche\u00a0eher locker, wor\u00fcber ich auch ganz froh war. Weil abends ging da sowieso nicht mehr alllzu viel. Jetzt \u00f6ffnen auch langsam die Freib\u00e4der, endlich!!!<\/p>\n<p>Beim Radfahren habe ich dieses Jahr inzwischen so viele Kilometer, wie sonst immer kurz vor Roth hatte. Also ich denke hier liege ich ganz gut f\u00fcr die Jahreszeit. An mein Zeitfahrrad habe ich mich nun auch schon gew\u00f6hnt, keine R\u00fcckenschmerzen, rein gar nichts. Was wahrscheinlich daran liegt, dass ich so viel Rumpfstabi wie noch nie absolviere.<\/p>\n<p>Im Laufen komme ich auch langsam in Form. Mein kleiner Test-Schwellen-Lauf den ich fast jede Woche durchf\u00fchre, liegt nun bei 4:10\/km. Das entspricht zwar theoretisch dem Langdistanz-Tempo, um dieses auch genauso abrufen zu k\u00f6nnen, muss man allerdings auch relativ entspannt vom Rad kommen. Hier kann ich erfahrungsgem\u00e4\u00df f\u00fcr mich nochmal 15 Sek pro km draufrechnen. Meine realistische LD-Pace sollte demnach derzeit bei ca. 4:25\/km liegen.<\/p>\n<p>Nun die good news: Grundlagenphase beendet. Ab jetzt beginnt das richtige Training f\u00fcr Roth!<\/p>\n<p>sch\u00f6nen Start in die Woche!<br \/>\nkrelli<\/p>\n","protected":false},"excerpt":{"rendered":"<p>&#8230;und ich freue mich \u00fcber ein paar lockere Tage zum Erholen \ud83d\ude42 Nun kann ich endlich mal wieder am neuen [&hellip;]<\/p>\n","protected":false},"author":2,"featured_media":1324,"comment_status":"open","ping_status":"open","sticky":false,"template":"","format":"standard","meta":{"footnotes":""},"categories":[1221],"tags":[],"class_list":["post-316","post","type-post","status-publish","format-standard","has-post-thumbnail","hentry","category-artikel"],"yoast_head":"<!-- This site is optimized with the Yoast SEO plugin v19.8 - https:\/\/yoast.com\/wordpress\/plugins\/seo\/ -->\n<title>Grundlagenperiode beendet... - Michael Krell Triathlon Coaching<\/title>\n<meta name=\"robots\" content=\"index, follow, max-snippet:-1, max-image-preview:large, max-video-preview:-1\" \/>\n<link rel=\"canonical\" href=\"https:\/\/www.michael-krell.com\/de\/grundlagenperiode-beendet\/\" \/>\n<meta property=\"og:locale\" content=\"de_DE\" \/>\n<meta property=\"og:type\" content=\"article\" \/>\n<meta property=\"og:title\" content=\"Grundlagenperiode beendet... - Michael Krell Triathlon Coaching\" \/>\n<meta property=\"og:description\" content=\"&#8230;und ich freue mich \u00fcber ein paar lockere Tage zum Erholen \ud83d\ude42 Nun kann ich endlich mal wieder am neuen [&hellip;]\" \/>\n<meta property=\"og:url\" content=\"https:\/\/www.michael-krell.com\/de\/grundlagenperiode-beendet\/\" \/>\n<meta property=\"og:site_name\" content=\"Michael Krell Triathlon Coaching\" \/>\n<meta property=\"article:published_time\" content=\"2013-04-29T06:12:00+00:00\" \/>\n<meta property=\"article:modified_time\" content=\"2017-04-18T08:54:29+00:00\" \/>\n<meta property=\"og:image\" content=\"https:\/\/www.michael-krell.com\/wp-content\/uploads\/2013\/04\/Training.jpg\" \/>\n\t<meta property=\"og:image:width\" content=\"893\" \/>\n\t<meta property=\"og:image:height\" content=\"646\" \/>\n\t<meta property=\"og:image:type\" content=\"image\/jpeg\" \/>\n<meta name=\"author\" content=\"Michael Krell\" \/>\n<meta name=\"twitter:card\" content=\"summary_large_image\" \/>\n<meta name=\"twitter:label1\" content=\"Verfasst von\" \/>\n\t<meta name=\"twitter:data1\" content=\"Michael Krell\" \/>\n\t<meta name=\"twitter:label2\" content=\"Gesch\u00e4tzte Lesezeit\" \/>\n\t<meta name=\"twitter:data2\" content=\"1\u00a0Minute\" \/>\n<script type=\"application\/ld+json\" class=\"yoast-schema-graph\">{\"@context\":\"https:\/\/schema.org\",\"@graph\":[{\"@type\":\"WebPage\",\"@id\":\"https:\/\/www.michael-krell.com\/en\/grundlagenperiode-beendet\/\",\"url\":\"https:\/\/www.michael-krell.com\/en\/grundlagenperiode-beendet\/\",\"name\":\"Grundlagenperiode beendet... - Michael Krell Triathlon Coaching\",\"isPartOf\":{\"@id\":\"https:\/\/www.michael-krell.com\/en\/#website\"},\"datePublished\":\"2013-04-29T06:12:00+00:00\",\"dateModified\":\"2017-04-18T08:54:29+00:00\",\"author\":{\"@id\":\"https:\/\/www.michael-krell.com\/en\/#\/schema\/person\/17d0c03cb1e15db7305e41b6170a4237\"},\"breadcrumb\":{\"@id\":\"https:\/\/www.michael-krell.com\/en\/grundlagenperiode-beendet\/#breadcrumb\"},\"inLanguage\":\"de\",\"potentialAction\":[{\"@type\":\"ReadAction\",\"target\":[\"https:\/\/www.michael-krell.com\/en\/grundlagenperiode-beendet\/\"]}]},{\"@type\":\"BreadcrumbList\",\"@id\":\"https:\/\/www.michael-krell.com\/en\/grundlagenperiode-beendet\/#breadcrumb\",\"itemListElement\":[{\"@type\":\"ListItem\",\"position\":1,\"name\":\"Startseite\",\"item\":\"https:\/\/www.michael-krell.com\/en\/\"},{\"@type\":\"ListItem\",\"position\":2,\"name\":\"Grundlagenperiode beendet&#8230;\"}]},{\"@type\":\"WebSite\",\"@id\":\"https:\/\/www.michael-krell.com\/en\/#website\",\"url\":\"https:\/\/www.michael-krell.com\/en\/\",\"name\":\"Michael Krell Triathlon Coaching\",\"description\":\"\",\"potentialAction\":[{\"@type\":\"SearchAction\",\"target\":{\"@type\":\"EntryPoint\",\"urlTemplate\":\"https:\/\/www.michael-krell.com\/en\/?s={search_term_string}\"},\"query-input\":\"required name=search_term_string\"}],\"inLanguage\":\"de\"},{\"@type\":\"Person\",\"@id\":\"https:\/\/www.michael-krell.com\/en\/#\/schema\/person\/17d0c03cb1e15db7305e41b6170a4237\",\"name\":\"Michael Krell\",\"image\":{\"@type\":\"ImageObject\",\"inLanguage\":\"de\",\"@id\":\"https:\/\/www.michael-krell.com\/en\/#\/schema\/person\/image\/\",\"url\":\"https:\/\/secure.gravatar.com\/avatar\/33e39b9fbaf6777afb9b8559d921c4d22f4fd87cba8562434fa169fa71aeb1b3?s=96&d=mm&r=g\",\"contentUrl\":\"https:\/\/secure.gravatar.com\/avatar\/33e39b9fbaf6777afb9b8559d921c4d22f4fd87cba8562434fa169fa71aeb1b3?s=96&d=mm&r=g\",\"caption\":\"Michael Krell\"},\"url\":\"https:\/\/www.michael-krell.com\/de\/author\/krelli\/\"}]}<\/script>\n<!-- \/ Yoast SEO plugin. -->","yoast_head_json":{"title":"Grundlagenperiode beendet... - Michael Krell Triathlon Coaching","robots":{"index":"index","follow":"follow","max-snippet":"max-snippet:-1","max-image-preview":"max-image-preview:large","max-video-preview":"max-video-preview:-1"},"canonical":"https:\/\/www.michael-krell.com\/de\/grundlagenperiode-beendet\/","og_locale":"de_DE","og_type":"article","og_title":"Grundlagenperiode beendet... - Michael Krell Triathlon Coaching","og_description":"&#8230;und ich freue mich \u00fcber ein paar lockere Tage zum Erholen \ud83d\ude42 Nun kann ich endlich mal wieder am neuen [&hellip;]","og_url":"https:\/\/www.michael-krell.com\/de\/grundlagenperiode-beendet\/","og_site_name":"Michael Krell Triathlon Coaching","article_published_time":"2013-04-29T06:12:00+00:00","article_modified_time":"2017-04-18T08:54:29+00:00","og_image":[{"width":893,"height":646,"url":"https:\/\/www.michael-krell.com\/wp-content\/uploads\/2013\/04\/Training.jpg","type":"image\/jpeg"}],"author":"Michael Krell","twitter_card":"summary_large_image","twitter_misc":{"Verfasst von":"Michael Krell","Gesch\u00e4tzte Lesezeit":"1\u00a0Minute"},"schema":{"@context":"https:\/\/schema.org","@graph":[{"@type":"WebPage","@id":"https:\/\/www.michael-krell.com\/en\/grundlagenperiode-beendet\/","url":"https:\/\/www.michael-krell.com\/en\/grundlagenperiode-beendet\/","name":"Grundlagenperiode beendet... - Michael Krell Triathlon Coaching","isPartOf":{"@id":"https:\/\/www.michael-krell.com\/en\/#website"},"datePublished":"2013-04-29T06:12:00+00:00","dateModified":"2017-04-18T08:54:29+00:00","author":{"@id":"https:\/\/www.michael-krell.com\/en\/#\/schema\/person\/17d0c03cb1e15db7305e41b6170a4237"},"breadcrumb":{"@id":"https:\/\/www.michael-krell.com\/en\/grundlagenperiode-beendet\/#breadcrumb"},"inLanguage":"de","potentialAction":[{"@type":"ReadAction","target":["https:\/\/www.michael-krell.com\/en\/grundlagenperiode-beendet\/"]}]},{"@type":"BreadcrumbList","@id":"https:\/\/www.michael-krell.com\/en\/grundlagenperiode-beendet\/#breadcrumb","itemListElement":[{"@type":"ListItem","position":1,"name":"Startseite","item":"https:\/\/www.michael-krell.com\/en\/"},{"@type":"ListItem","position":2,"name":"Grundlagenperiode beendet&#8230;"}]},{"@type":"WebSite","@id":"https:\/\/www.michael-krell.com\/en\/#website","url":"https:\/\/www.michael-krell.com\/en\/","name":"Michael Krell Triathlon Coaching","description":"","potentialAction":[{"@type":"SearchAction","target":{"@type":"EntryPoint","urlTemplate":"https:\/\/www.michael-krell.com\/en\/?s={search_term_string}"},"query-input":"required name=search_term_string"}],"inLanguage":"de"},{"@type":"Person","@id":"https:\/\/www.michael-krell.com\/en\/#\/schema\/person\/17d0c03cb1e15db7305e41b6170a4237","name":"Michael Krell","image":{"@type":"ImageObject","inLanguage":"de","@id":"https:\/\/www.michael-krell.com\/en\/#\/schema\/person\/image\/","url":"https:\/\/secure.gravatar.com\/avatar\/33e39b9fbaf6777afb9b8559d921c4d22f4fd87cba8562434fa169fa71aeb1b3?s=96&d=mm&r=g","contentUrl":"https:\/\/secure.gravatar.com\/avatar\/33e39b9fbaf6777afb9b8559d921c4d22f4fd87cba8562434fa169fa71aeb1b3?s=96&d=mm&r=g","caption":"Michael Krell"},"url":"https:\/\/www.michael-krell.com\/de\/author\/krelli\/"}]}},"_links":{"self":[{"href":"https:\/\/www.michael-krell.com\/de\/wp-json\/wp\/v2\/posts\/316","targetHints":{"allow":["GET"]}}],"collection":[{"href":"https:\/\/www.michael-krell.com\/de\/wp-json\/wp\/v2\/posts"}],"about":[{"href":"https:\/\/www.michael-krell.com\/de\/wp-json\/wp\/v2\/types\/post"}],"author":[{"embeddable":true,"href":"https:\/\/www.michael-krell.com\/de\/wp-json\/wp\/v2\/users\/2"}],"replies":[{"embeddable":true,"href":"https:\/\/www.michael-krell.com\/de\/wp-json\/wp\/v2\/comments?post=316"}],"version-history":[{"count":1,"href":"https:\/\/www.michael-krell.com\/de\/wp-json\/wp\/v2\/posts\/316\/revisions"}],"predecessor-version":[{"id":3418,"href":"https:\/\/www.michael-krell.com\/de\/wp-json\/wp\/v2\/posts\/316\/revisions\/3418"}],"wp:featuredmedia":[{"embeddable":true,"href":"https:\/\/www.michael-krell.com\/de\/wp-json\/wp\/v2\/media\/1324"}],"wp:attachment":[{"href":"https:\/\/www.michael-krell.com\/de\/wp-json\/wp\/v2\/media?parent=316"}],"wp:term":[{"taxonomy":"category","embeddable":true,"href":"https:\/\/www.michael-krell.com\/de\/wp-json\/wp\/v2\/categories?post=316"},{"taxonomy":"post_tag","embeddable":true,"href":"https:\/\/www.michael-krell.com\/de\/wp-json\/wp\/v2\/tags?post=316"}],"curies":[{"name":"wp","href":"https:\/\/api.w.org\/{rel}","templated":true}]}}