{"id":323,"date":"2013-04-14T21:03:00","date_gmt":"2013-04-14T19:03:00","guid":{"rendered":"http:\/\/www.michael-krell.com\/?p=323"},"modified":"2017-04-18T10:56:41","modified_gmt":"2017-04-18T08:56:41","slug":"wettkampfbericht-duathlon-ansbach","status":"publish","type":"post","link":"https:\/\/www.michael-krell.com\/de\/wettkampfbericht-duathlon-ansbach\/","title":{"rendered":"Wettkampfbericht Duathlon Ansbach"},"content":{"rendered":"<p>Heute ging es bei wirklich traumhaften Bedingungen zum Duathlon nach Ansbach. Ein top organisiertes Rennen mit einer Strecke die es in sich hat! Duathlon ist schon deutlich h\u00e4rter als ein Triathlon der gleichen Distanz.<\/p>\n<p>Hier die <a href=\"http:\/\/www.duathlon-ansbach.de\/\" target=\"_blank\">Ergebnisse! <\/a><\/p>\n<div style=\"clear: both; text-align: center;\"><a style=\"margin-left: 1em; margin-right: 1em;\" href=\"http:\/\/www.michael-krell.com\/wp-content\/uploads\/2013\/04\/535802_473802756021341_1980639573_n.jpg\"><img loading=\"lazy\" decoding=\"async\" src=\"http:\/\/www.michael-krell.com\/wp-content\/uploads\/2013\/04\/535802_473802756021341_1980639573_n-300x225.jpg\" width=\"400\" height=\"300\" border=\"0\" \/><\/a><\/div>\n<p>Der erste Lauf \u00fcber knapp 10km war noch recht angenehm. Ich lief zusammen mit zwei meiner Athleten Michael Seitz und Marco Krischdat. Nach ca. 35min wechselten wir auf Rang 14-16 liegend aufs Rad Dort ging es sogleich zur Sache. Nach einem km bereits der Hausberg, den wir im weiteren Verlauf insgesamt f\u00fcnf Mal hochfuhren. Zwar nur ein kleiner Stich von 70 HM, aber jedesmal nach 8km kam er schon wieder.<\/p>\n<div style=\"clear: both; text-align: center;\"><a style=\"margin-left: 1em; margin-right: 1em;\" href=\"http:\/\/www.michael-krell.com\/wp-content\/uploads\/2013\/04\/58017_473803099354640_589767738_n.jpg\"><img loading=\"lazy\" decoding=\"async\" src=\"http:\/\/www.michael-krell.com\/wp-content\/uploads\/2013\/04\/58017_473803099354640_589767738_n-225x300.jpg\" width=\"300\" height=\"400\" border=\"0\" \/><\/a><\/div>\n<p>Irgendwann so auf der vierten Runde \u00fcberholte mich doch glatt mein Kumpel Christoph Schwerdt, eigentlich &#8222;lediglich&#8220; Radfahrer. Mit seinem \u00dcberbike h\u00e4mmerte er den schnellsten Radsplit des Tages auf den Asphalt und lie\u00df mich keuchend am Berg zur\u00fcck. Nach 41km und f\u00fcnf Runden wechselte ich als 10. auf die letzten f\u00fcnf Laufkilometer.<\/p>\n<div style=\"clear: both; text-align: center;\"><a style=\"margin-left: 1em; margin-right: 1em;\" href=\"http:\/\/www.michael-krell.com\/wp-content\/uploads\/2013\/04\/548973_473803809354569_154200804_n.jpg\"><img loading=\"lazy\" decoding=\"async\" src=\"http:\/\/www.michael-krell.com\/wp-content\/uploads\/2013\/04\/548973_473803809354569_154200804_n-225x300.jpg\" width=\"300\" height=\"400\" border=\"0\" \/><\/a><\/div>\n<p>Bei der Platzierung blieb es bis zum Schluss, und nach getaner Arbeit konnte ich mich endlich dem Buffet widmen.<\/p>\n<div style=\"clear: both; text-align: center;\"><a style=\"margin-left: 1em; margin-right: 1em;\" href=\"http:\/\/www.michael-krell.com\/wp-content\/uploads\/2013\/04\/532188_473803919354558_698404736_n.jpg\"><img loading=\"lazy\" decoding=\"async\" src=\"http:\/\/www.michael-krell.com\/wp-content\/uploads\/2013\/04\/532188_473803919354558_698404736_n-225x300.jpg\" width=\"300\" height=\"400\" border=\"0\" \/><\/a><\/div>\n<p>Alles in allem bin ich mit dem Ergebnis zufrieden, da ich auch nicht ganz unbelastet in das Rennen bin. Noch mehr gefreut hat es mich nat\u00fcrlich zu sehen dass drei meiner Athleten in den Top 10 lagen, und zwar alle vor mir! ich sollte sie vielleicht nicht so schnell machen, sonst habe ich bald gar keine Chance mehr \ud83d\ude09<\/p>\n<p>Gl\u00fcckwunsch also an Michael Seitz 3., Marco Krischdat 9. und Daniel Br\u00e4unlein 8.(SD), au\u00dferdem haben sich super geschlagen Marco Eckstein, Dominique Thalhammer, Patrick Hupka und Stefan Zessinger.<\/p>\n<p>sch\u00f6nen Wochenstart!<br \/>\nkrelli<\/p>\n","protected":false},"excerpt":{"rendered":"<p>Heute ging es bei wirklich traumhaften Bedingungen zum Duathlon nach Ansbach. Ein top organisiertes Rennen mit einer Strecke die es [&hellip;]<\/p>\n","protected":false},"author":2,"featured_media":1333,"comment_status":"open","ping_status":"open","sticky":false,"template":"","format":"standard","meta":{"footnotes":""},"categories":[1220],"tags":[],"class_list":["post-323","post","type-post","status-publish","format-standard","has-post-thumbnail","hentry","category-privates"],"yoast_head":"<!-- This site is optimized with the Yoast SEO plugin v19.8 - https:\/\/yoast.com\/wordpress\/plugins\/seo\/ -->\n<title>Wettkampfbericht Duathlon Ansbach - Michael Krell Triathlon Coaching<\/title>\n<meta name=\"robots\" content=\"index, follow, max-snippet:-1, max-image-preview:large, max-video-preview:-1\" \/>\n<link rel=\"canonical\" href=\"https:\/\/www.michael-krell.com\/de\/wettkampfbericht-duathlon-ansbach\/\" \/>\n<meta property=\"og:locale\" content=\"de_DE\" \/>\n<meta property=\"og:type\" content=\"article\" \/>\n<meta property=\"og:title\" content=\"Wettkampfbericht Duathlon Ansbach - Michael Krell Triathlon Coaching\" \/>\n<meta property=\"og:description\" content=\"Heute ging es bei wirklich traumhaften Bedingungen zum Duathlon nach Ansbach. Ein top organisiertes Rennen mit einer Strecke die es [&hellip;]\" \/>\n<meta property=\"og:url\" content=\"https:\/\/www.michael-krell.com\/de\/wettkampfbericht-duathlon-ansbach\/\" \/>\n<meta property=\"og:site_name\" content=\"Michael Krell Triathlon Coaching\" \/>\n<meta property=\"article:published_time\" content=\"2013-04-14T19:03:00+00:00\" \/>\n<meta property=\"article:modified_time\" content=\"2017-04-18T08:56:41+00:00\" \/>\n<meta property=\"og:image\" content=\"https:\/\/www.michael-krell.com\/wp-content\/uploads\/2013\/04\/535802_473802756021341_1980639573_n.jpg\" \/>\n\t<meta property=\"og:image:width\" content=\"960\" \/>\n\t<meta property=\"og:image:height\" content=\"720\" \/>\n\t<meta property=\"og:image:type\" content=\"image\/jpeg\" \/>\n<meta name=\"author\" content=\"Michael Krell\" \/>\n<meta name=\"twitter:card\" content=\"summary_large_image\" \/>\n<meta name=\"twitter:label1\" content=\"Verfasst von\" \/>\n\t<meta name=\"twitter:data1\" content=\"Michael Krell\" \/>\n\t<meta name=\"twitter:label2\" content=\"Gesch\u00e4tzte Lesezeit\" \/>\n\t<meta name=\"twitter:data2\" content=\"1\u00a0Minute\" \/>\n<script type=\"application\/ld+json\" class=\"yoast-schema-graph\">{\"@context\":\"https:\/\/schema.org\",\"@graph\":[{\"@type\":\"WebPage\",\"@id\":\"https:\/\/www.michael-krell.com\/de\/wettkampfbericht-duathlon-ansbach\/\",\"url\":\"https:\/\/www.michael-krell.com\/de\/wettkampfbericht-duathlon-ansbach\/\",\"name\":\"Wettkampfbericht Duathlon Ansbach - Michael Krell Triathlon Coaching\",\"isPartOf\":{\"@id\":\"https:\/\/www.michael-krell.com\/en\/#website\"},\"datePublished\":\"2013-04-14T19:03:00+00:00\",\"dateModified\":\"2017-04-18T08:56:41+00:00\",\"author\":{\"@id\":\"https:\/\/www.michael-krell.com\/en\/#\/schema\/person\/17d0c03cb1e15db7305e41b6170a4237\"},\"breadcrumb\":{\"@id\":\"https:\/\/www.michael-krell.com\/de\/wettkampfbericht-duathlon-ansbach\/#breadcrumb\"},\"inLanguage\":\"de\",\"potentialAction\":[{\"@type\":\"ReadAction\",\"target\":[\"https:\/\/www.michael-krell.com\/de\/wettkampfbericht-duathlon-ansbach\/\"]}]},{\"@type\":\"BreadcrumbList\",\"@id\":\"https:\/\/www.michael-krell.com\/de\/wettkampfbericht-duathlon-ansbach\/#breadcrumb\",\"itemListElement\":[{\"@type\":\"ListItem\",\"position\":1,\"name\":\"Startseite\",\"item\":\"https:\/\/www.michael-krell.com\/en\/\"},{\"@type\":\"ListItem\",\"position\":2,\"name\":\"Wettkampfbericht Duathlon Ansbach\"}]},{\"@type\":\"WebSite\",\"@id\":\"https:\/\/www.michael-krell.com\/en\/#website\",\"url\":\"https:\/\/www.michael-krell.com\/en\/\",\"name\":\"Michael Krell Triathlon Coaching\",\"description\":\"\",\"potentialAction\":[{\"@type\":\"SearchAction\",\"target\":{\"@type\":\"EntryPoint\",\"urlTemplate\":\"https:\/\/www.michael-krell.com\/en\/?s={search_term_string}\"},\"query-input\":\"required name=search_term_string\"}],\"inLanguage\":\"de\"},{\"@type\":\"Person\",\"@id\":\"https:\/\/www.michael-krell.com\/en\/#\/schema\/person\/17d0c03cb1e15db7305e41b6170a4237\",\"name\":\"Michael Krell\",\"image\":{\"@type\":\"ImageObject\",\"inLanguage\":\"de\",\"@id\":\"https:\/\/www.michael-krell.com\/en\/#\/schema\/person\/image\/\",\"url\":\"https:\/\/secure.gravatar.com\/avatar\/33e39b9fbaf6777afb9b8559d921c4d22f4fd87cba8562434fa169fa71aeb1b3?s=96&d=mm&r=g\",\"contentUrl\":\"https:\/\/secure.gravatar.com\/avatar\/33e39b9fbaf6777afb9b8559d921c4d22f4fd87cba8562434fa169fa71aeb1b3?s=96&d=mm&r=g\",\"caption\":\"Michael Krell\"},\"url\":\"https:\/\/www.michael-krell.com\/de\/author\/krelli\/\"}]}<\/script>\n<!-- \/ Yoast SEO plugin. -->","yoast_head_json":{"title":"Wettkampfbericht Duathlon Ansbach - Michael Krell Triathlon Coaching","robots":{"index":"index","follow":"follow","max-snippet":"max-snippet:-1","max-image-preview":"max-image-preview:large","max-video-preview":"max-video-preview:-1"},"canonical":"https:\/\/www.michael-krell.com\/de\/wettkampfbericht-duathlon-ansbach\/","og_locale":"de_DE","og_type":"article","og_title":"Wettkampfbericht Duathlon Ansbach - Michael Krell Triathlon Coaching","og_description":"Heute ging es bei wirklich traumhaften Bedingungen zum Duathlon nach Ansbach. Ein top organisiertes Rennen mit einer Strecke die es [&hellip;]","og_url":"https:\/\/www.michael-krell.com\/de\/wettkampfbericht-duathlon-ansbach\/","og_site_name":"Michael Krell Triathlon Coaching","article_published_time":"2013-04-14T19:03:00+00:00","article_modified_time":"2017-04-18T08:56:41+00:00","og_image":[{"width":960,"height":720,"url":"https:\/\/www.michael-krell.com\/wp-content\/uploads\/2013\/04\/535802_473802756021341_1980639573_n.jpg","type":"image\/jpeg"}],"author":"Michael Krell","twitter_card":"summary_large_image","twitter_misc":{"Verfasst von":"Michael Krell","Gesch\u00e4tzte Lesezeit":"1\u00a0Minute"},"schema":{"@context":"https:\/\/schema.org","@graph":[{"@type":"WebPage","@id":"https:\/\/www.michael-krell.com\/de\/wettkampfbericht-duathlon-ansbach\/","url":"https:\/\/www.michael-krell.com\/de\/wettkampfbericht-duathlon-ansbach\/","name":"Wettkampfbericht Duathlon Ansbach - Michael Krell Triathlon Coaching","isPartOf":{"@id":"https:\/\/www.michael-krell.com\/en\/#website"},"datePublished":"2013-04-14T19:03:00+00:00","dateModified":"2017-04-18T08:56:41+00:00","author":{"@id":"https:\/\/www.michael-krell.com\/en\/#\/schema\/person\/17d0c03cb1e15db7305e41b6170a4237"},"breadcrumb":{"@id":"https:\/\/www.michael-krell.com\/de\/wettkampfbericht-duathlon-ansbach\/#breadcrumb"},"inLanguage":"de","potentialAction":[{"@type":"ReadAction","target":["https:\/\/www.michael-krell.com\/de\/wettkampfbericht-duathlon-ansbach\/"]}]},{"@type":"BreadcrumbList","@id":"https:\/\/www.michael-krell.com\/de\/wettkampfbericht-duathlon-ansbach\/#breadcrumb","itemListElement":[{"@type":"ListItem","position":1,"name":"Startseite","item":"https:\/\/www.michael-krell.com\/en\/"},{"@type":"ListItem","position":2,"name":"Wettkampfbericht Duathlon Ansbach"}]},{"@type":"WebSite","@id":"https:\/\/www.michael-krell.com\/en\/#website","url":"https:\/\/www.michael-krell.com\/en\/","name":"Michael Krell Triathlon Coaching","description":"","potentialAction":[{"@type":"SearchAction","target":{"@type":"EntryPoint","urlTemplate":"https:\/\/www.michael-krell.com\/en\/?s={search_term_string}"},"query-input":"required name=search_term_string"}],"inLanguage":"de"},{"@type":"Person","@id":"https:\/\/www.michael-krell.com\/en\/#\/schema\/person\/17d0c03cb1e15db7305e41b6170a4237","name":"Michael Krell","image":{"@type":"ImageObject","inLanguage":"de","@id":"https:\/\/www.michael-krell.com\/en\/#\/schema\/person\/image\/","url":"https:\/\/secure.gravatar.com\/avatar\/33e39b9fbaf6777afb9b8559d921c4d22f4fd87cba8562434fa169fa71aeb1b3?s=96&d=mm&r=g","contentUrl":"https:\/\/secure.gravatar.com\/avatar\/33e39b9fbaf6777afb9b8559d921c4d22f4fd87cba8562434fa169fa71aeb1b3?s=96&d=mm&r=g","caption":"Michael Krell"},"url":"https:\/\/www.michael-krell.com\/de\/author\/krelli\/"}]}},"_links":{"self":[{"href":"https:\/\/www.michael-krell.com\/de\/wp-json\/wp\/v2\/posts\/323","targetHints":{"allow":["GET"]}}],"collection":[{"href":"https:\/\/www.michael-krell.com\/de\/wp-json\/wp\/v2\/posts"}],"about":[{"href":"https:\/\/www.michael-krell.com\/de\/wp-json\/wp\/v2\/types\/post"}],"author":[{"embeddable":true,"href":"https:\/\/www.michael-krell.com\/de\/wp-json\/wp\/v2\/users\/2"}],"replies":[{"embeddable":true,"href":"https:\/\/www.michael-krell.com\/de\/wp-json\/wp\/v2\/comments?post=323"}],"version-history":[{"count":1,"href":"https:\/\/www.michael-krell.com\/de\/wp-json\/wp\/v2\/posts\/323\/revisions"}],"predecessor-version":[{"id":3426,"href":"https:\/\/www.michael-krell.com\/de\/wp-json\/wp\/v2\/posts\/323\/revisions\/3426"}],"wp:featuredmedia":[{"embeddable":true,"href":"https:\/\/www.michael-krell.com\/de\/wp-json\/wp\/v2\/media\/1333"}],"wp:attachment":[{"href":"https:\/\/www.michael-krell.com\/de\/wp-json\/wp\/v2\/media?parent=323"}],"wp:term":[{"taxonomy":"category","embeddable":true,"href":"https:\/\/www.michael-krell.com\/de\/wp-json\/wp\/v2\/categories?post=323"},{"taxonomy":"post_tag","embeddable":true,"href":"https:\/\/www.michael-krell.com\/de\/wp-json\/wp\/v2\/tags?post=323"}],"curies":[{"name":"wp","href":"https:\/\/api.w.org\/{rel}","templated":true}]}}