{"id":353,"date":"2013-01-27T23:54:00","date_gmt":"2013-01-27T22:54:00","guid":{"rendered":"http:\/\/www.michael-krell.com\/?p=353"},"modified":"2017-05-16T14:23:38","modified_gmt":"2017-05-16T12:23:38","slug":"ruhewoche-im-orient","status":"publish","type":"post","link":"https:\/\/www.michael-krell.com\/de\/ruhewoche-im-orient\/","title":{"rendered":"Ruhewoche im Orient"},"content":{"rendered":"<p><\/p>\n<table align=\"center\" cellpadding=\"0\" cellspacing=\"0\" style=\"margin-left: auto; margin-right: auto; text-align: center;\">\n<tbody>\n<tr>\n<td style=\"text-align: center;\"><a href=\"http:\/\/www.michael-krell.com\/wp-content\/uploads\/2013\/01\/P1220231.jpg\" style=\"margin-left: auto; margin-right: auto;\"><img loading=\"lazy\" decoding=\"async\" border=\"0\" height=\"300\" src=\"http:\/\/www.michael-krell.com\/wp-content\/uploads\/2013\/01\/P1220231-300x225.jpg\" width=\"400\" \/><\/a><\/td>\n<\/tr>\n<tr>\n<td style=\"text-align: center;\">Thomas bei der Arbeit<\/td>\n<\/tr>\n<\/tbody>\n<\/table>\n<p>Letzte Woche legte ich eine kleine Trainingspause ein und besuchte mit Julia zusammen meinen Bruder Thomas auf einem Kreuzfahrtschiff im Orient. Er arbeitet dort als Radguide. W\u00e4hrend wir jeden Tag woanders anlegten, durfte ich Thomas immer begleiten und lernte ich so alle interessanten St\u00e4dte auf dem Rad kennen, Muscat (Oman), Abu Dhabi, Bahrain und Dubai.<\/p>\n<table align=\"center\" cellpadding=\"0\" cellspacing=\"0\" style=\"margin-left: auto; margin-right: auto; text-align: center;\">\n<tbody>\n<tr>\n<td style=\"text-align: center;\"><a href=\"http:\/\/www.michael-krell.com\/wp-content\/uploads\/2013\/01\/Training.jpg\" style=\"margin-left: auto; margin-right: auto;\"><img loading=\"lazy\" decoding=\"async\" border=\"0\" height=\"233\" src=\"http:\/\/www.michael-krell.com\/wp-content\/uploads\/2013\/01\/Training-300x176.jpg\" width=\"400\" \/><\/a><\/td>\n<\/tr>\n<tr>\n<td style=\"text-align: center;\">Zum Vergr\u00f6\u00dfern anklicken<\/td>\n<\/tr>\n<\/tbody>\n<\/table>\n<p>Au\u00dfer etwas Bewegungstherapie lie\u00dfen wir uns haupts\u00e4chlich die Sonne auf den Bauch scheinen. Und der wurde aufgrund des leckeren Essens an Bord auch immer runder. Diese Woche Salatwoche!!!<\/p>\n<table align=\"center\" cellpadding=\"0\" cellspacing=\"0\" style=\"margin-left: auto; margin-right: auto; text-align: center;\">\n<tbody>\n<tr>\n<td style=\"text-align: center;\"><a href=\"http:\/\/www.michael-krell.com\/wp-content\/uploads\/2013\/01\/P1220249.jpg\" style=\"margin-left: auto; margin-right: auto;\"><img loading=\"lazy\" decoding=\"async\" border=\"0\" height=\"300\" src=\"http:\/\/www.michael-krell.com\/wp-content\/uploads\/2013\/01\/P1220249-300x225.jpg\" width=\"400\" \/><\/a><\/td>\n<\/tr>\n<tr>\n<td style=\"text-align: center;\">in Muscat, vor einem Teil des Palastes, der eigentlich die halbe Stadt bedeckt<\/td>\n<\/tr>\n<\/tbody>\n<\/table>\n<p><\/p>\n<table align=\"center\" cellpadding=\"0\" cellspacing=\"0\" style=\"margin-left: auto; margin-right: auto; text-align: center;\">\n<tbody>\n<tr>\n<td style=\"text-align: center;\"><a href=\"http:\/\/www.michael-krell.com\/wp-content\/uploads\/2013\/01\/P1240276.jpg\" style=\"margin-left: auto; margin-right: auto;\"><img loading=\"lazy\" decoding=\"async\" border=\"0\" height=\"400\" src=\"http:\/\/www.michael-krell.com\/wp-content\/uploads\/2013\/01\/P1240276-225x300.jpg\" width=\"300\" \/><\/a><\/td>\n<\/tr>\n<tr>\n<td style=\"text-align: center;\">Abu Dhabi<\/td>\n<\/tr>\n<\/tbody>\n<\/table>\n<p>Richtig interessant wurde die Tour in Bahrain, mitten am Feier- und Gebetstag zu Ehren Mohammeds. Hier wurden wir von der Polizei eskortiert, die dann auch gleich immer alle Ampeln vor uns auf gr\u00fcn schaltete.<\/p>\n<div style=\"clear: both; text-align: center;\"><a href=\"http:\/\/www.michael-krell.com\/wp-content\/uploads\/2013\/01\/P1250292.jpg\" style=\"margin-left: 1em; margin-right: 1em;\"><img loading=\"lazy\" decoding=\"async\" border=\"0\" height=\"300\" src=\"http:\/\/www.michael-krell.com\/wp-content\/uploads\/2013\/01\/P1250292-300x225.jpg\" width=\"400\" \/><\/a><\/div>\n<p><\/p>\n<div style=\"clear: both; text-align: center;\"><a href=\"http:\/\/www.michael-krell.com\/wp-content\/uploads\/2013\/01\/CIMG4085.jpg\" style=\"margin-left: 1em; margin-right: 1em;\"><img loading=\"lazy\" decoding=\"async\" border=\"0\" height=\"300\" src=\"http:\/\/www.michael-krell.com\/wp-content\/uploads\/2013\/01\/CIMG4085-300x225.jpg\" width=\"400\" \/><\/a><\/div>\n<p>In Dubai kamen wir dann aus den Superlativen nicht mehr raus. Auf dem h\u00f6chsten Geb\u00e4ude der Welt, vor dem teuersten Hotel der Welt und abends shoppen in der gr\u00f6\u00dften Mall der Welt. Gottseidank waren die Preise da drin auch nicht die saftigsten der Welt, zumindest nicht in allen L\u00e4den, so dass ich mir auch ein kleines Andenken mitnehmen konnte \ud83d\ude09<\/p>\n<table align=\"center\" cellpadding=\"0\" cellspacing=\"0\" style=\"margin-left: auto; margin-right: auto; text-align: center;\">\n<tbody>\n<tr>\n<td style=\"text-align: center;\"><a href=\"http:\/\/www.michael-krell.com\/wp-content\/uploads\/2013\/01\/P1260337.jpg\" style=\"margin-left: auto; margin-right: auto;\"><img loading=\"lazy\" decoding=\"async\" border=\"0\" height=\"400\" src=\"http:\/\/www.michael-krell.com\/wp-content\/uploads\/2013\/01\/P1260337-225x300.jpg\" width=\"300\" \/><\/a><\/td>\n<\/tr>\n<tr>\n<td style=\"text-align: center;\">Burj Khalifa \u00fcber 800m hoch!<\/td>\n<\/tr>\n<\/tbody>\n<\/table>\n<p><\/p>\n<table align=\"center\" cellpadding=\"0\" cellspacing=\"0\" style=\"margin-left: auto; margin-right: auto; text-align: center;\">\n<tbody>\n<tr>\n<td style=\"text-align: center;\"><a href=\"http:\/\/www.michael-krell.com\/wp-content\/uploads\/2013\/01\/CIMG4155.jpg\" style=\"margin-left: auto; margin-right: auto;\"><img loading=\"lazy\" decoding=\"async\" border=\"0\" height=\"300\" src=\"http:\/\/www.michael-krell.com\/wp-content\/uploads\/2013\/01\/CIMG4155-300x225.jpg\" width=\"400\" \/><\/a><\/td>\n<\/tr>\n<tr>\n<td style=\"text-align: center;\">&#8230;und hier die Aussicht von oben, kaum in der Digicam festzuhalten<\/td>\n<\/tr>\n<\/tbody>\n<\/table>\n<table align=\"center\" cellpadding=\"0\" cellspacing=\"0\" style=\"margin-left: auto; margin-right: auto; text-align: center;\">\n<tbody>\n<tr>\n<td style=\"text-align: center;\"><a href=\"http:\/\/www.michael-krell.com\/wp-content\/uploads\/2013\/01\/P1260306.jpg\" style=\"margin-left: auto; margin-right: auto;\"><img loading=\"lazy\" decoding=\"async\" border=\"0\" height=\"300\" src=\"http:\/\/www.michael-krell.com\/wp-content\/uploads\/2013\/01\/P1260306-300x225.jpg\" width=\"400\" \/><\/a><\/td>\n<\/tr>\n<tr>\n<td style=\"text-align: center;\">F\u00fcr eine kleine Schwimmeinheit war aber immer noch Zeit<\/td>\n<\/tr>\n<\/tbody>\n<\/table>\n<p>sch\u00f6nen Start in die Woche!<br \/>krelli<\/p>\n","protected":false},"excerpt":{"rendered":"<p>Thomas bei der Arbeit Letzte Woche legte ich eine kleine Trainingspause ein und besuchte mit Julia zusammen meinen Bruder Thomas [&hellip;]<\/p>\n","protected":false},"author":2,"featured_media":1367,"comment_status":"open","ping_status":"open","sticky":false,"template":"","format":"standard","meta":{"footnotes":""},"categories":[1220],"tags":[],"class_list":["post-353","post","type-post","status-publish","format-standard","has-post-thumbnail","hentry","category-privates"],"yoast_head":"<!-- This site is optimized with the Yoast SEO plugin v19.8 - https:\/\/yoast.com\/wordpress\/plugins\/seo\/ -->\n<title>Ruhewoche im Orient - Michael Krell Triathlon Coaching<\/title>\n<meta name=\"robots\" content=\"index, follow, max-snippet:-1, max-image-preview:large, max-video-preview:-1\" \/>\n<link rel=\"canonical\" href=\"https:\/\/www.michael-krell.com\/de\/ruhewoche-im-orient\/\" \/>\n<meta property=\"og:locale\" content=\"de_DE\" \/>\n<meta property=\"og:type\" content=\"article\" \/>\n<meta property=\"og:title\" content=\"Ruhewoche im Orient - Michael Krell Triathlon Coaching\" \/>\n<meta property=\"og:description\" content=\"Thomas bei der Arbeit Letzte Woche legte ich eine kleine Trainingspause ein und besuchte mit Julia zusammen meinen Bruder Thomas [&hellip;]\" \/>\n<meta property=\"og:url\" content=\"https:\/\/www.michael-krell.com\/de\/ruhewoche-im-orient\/\" \/>\n<meta property=\"og:site_name\" content=\"Michael Krell Triathlon Coaching\" \/>\n<meta property=\"article:published_time\" content=\"2013-01-27T22:54:00+00:00\" \/>\n<meta property=\"article:modified_time\" content=\"2017-05-16T12:23:38+00:00\" \/>\n<meta property=\"og:image\" content=\"https:\/\/www.michael-krell.com\/wp-content\/uploads\/2013\/01\/P1220231.jpg\" \/>\n\t<meta property=\"og:image:width\" content=\"1024\" \/>\n\t<meta property=\"og:image:height\" content=\"768\" \/>\n\t<meta property=\"og:image:type\" content=\"image\/jpeg\" \/>\n<meta name=\"author\" content=\"Michael Krell\" \/>\n<meta name=\"twitter:card\" content=\"summary_large_image\" \/>\n<meta name=\"twitter:label1\" content=\"Verfasst von\" \/>\n\t<meta name=\"twitter:data1\" content=\"Michael Krell\" \/>\n\t<meta name=\"twitter:label2\" content=\"Gesch\u00e4tzte Lesezeit\" \/>\n\t<meta name=\"twitter:data2\" content=\"1\u00a0Minute\" \/>\n<script type=\"application\/ld+json\" class=\"yoast-schema-graph\">{\"@context\":\"https:\/\/schema.org\",\"@graph\":[{\"@type\":\"WebPage\",\"@id\":\"https:\/\/www.michael-krell.com\/de\/ruhewoche-im-orient\/\",\"url\":\"https:\/\/www.michael-krell.com\/de\/ruhewoche-im-orient\/\",\"name\":\"Ruhewoche im Orient - Michael Krell Triathlon Coaching\",\"isPartOf\":{\"@id\":\"https:\/\/www.michael-krell.com\/en\/#website\"},\"datePublished\":\"2013-01-27T22:54:00+00:00\",\"dateModified\":\"2017-05-16T12:23:38+00:00\",\"author\":{\"@id\":\"https:\/\/www.michael-krell.com\/en\/#\/schema\/person\/17d0c03cb1e15db7305e41b6170a4237\"},\"breadcrumb\":{\"@id\":\"https:\/\/www.michael-krell.com\/de\/ruhewoche-im-orient\/#breadcrumb\"},\"inLanguage\":\"de\",\"potentialAction\":[{\"@type\":\"ReadAction\",\"target\":[\"https:\/\/www.michael-krell.com\/de\/ruhewoche-im-orient\/\"]}]},{\"@type\":\"BreadcrumbList\",\"@id\":\"https:\/\/www.michael-krell.com\/de\/ruhewoche-im-orient\/#breadcrumb\",\"itemListElement\":[{\"@type\":\"ListItem\",\"position\":1,\"name\":\"Startseite\",\"item\":\"https:\/\/www.michael-krell.com\/en\/\"},{\"@type\":\"ListItem\",\"position\":2,\"name\":\"Ruhewoche im Orient\"}]},{\"@type\":\"WebSite\",\"@id\":\"https:\/\/www.michael-krell.com\/en\/#website\",\"url\":\"https:\/\/www.michael-krell.com\/en\/\",\"name\":\"Michael Krell Triathlon Coaching\",\"description\":\"\",\"potentialAction\":[{\"@type\":\"SearchAction\",\"target\":{\"@type\":\"EntryPoint\",\"urlTemplate\":\"https:\/\/www.michael-krell.com\/en\/?s={search_term_string}\"},\"query-input\":\"required name=search_term_string\"}],\"inLanguage\":\"de\"},{\"@type\":\"Person\",\"@id\":\"https:\/\/www.michael-krell.com\/en\/#\/schema\/person\/17d0c03cb1e15db7305e41b6170a4237\",\"name\":\"Michael Krell\",\"image\":{\"@type\":\"ImageObject\",\"inLanguage\":\"de\",\"@id\":\"https:\/\/www.michael-krell.com\/en\/#\/schema\/person\/image\/\",\"url\":\"https:\/\/secure.gravatar.com\/avatar\/33e39b9fbaf6777afb9b8559d921c4d22f4fd87cba8562434fa169fa71aeb1b3?s=96&d=mm&r=g\",\"contentUrl\":\"https:\/\/secure.gravatar.com\/avatar\/33e39b9fbaf6777afb9b8559d921c4d22f4fd87cba8562434fa169fa71aeb1b3?s=96&d=mm&r=g\",\"caption\":\"Michael Krell\"},\"url\":\"https:\/\/www.michael-krell.com\/de\/author\/krelli\/\"}]}<\/script>\n<!-- \/ Yoast SEO plugin. -->","yoast_head_json":{"title":"Ruhewoche im Orient - Michael Krell Triathlon Coaching","robots":{"index":"index","follow":"follow","max-snippet":"max-snippet:-1","max-image-preview":"max-image-preview:large","max-video-preview":"max-video-preview:-1"},"canonical":"https:\/\/www.michael-krell.com\/de\/ruhewoche-im-orient\/","og_locale":"de_DE","og_type":"article","og_title":"Ruhewoche im Orient - Michael Krell Triathlon Coaching","og_description":"Thomas bei der Arbeit Letzte Woche legte ich eine kleine Trainingspause ein und besuchte mit Julia zusammen meinen Bruder Thomas [&hellip;]","og_url":"https:\/\/www.michael-krell.com\/de\/ruhewoche-im-orient\/","og_site_name":"Michael Krell Triathlon Coaching","article_published_time":"2013-01-27T22:54:00+00:00","article_modified_time":"2017-05-16T12:23:38+00:00","og_image":[{"width":1024,"height":768,"url":"https:\/\/www.michael-krell.com\/wp-content\/uploads\/2013\/01\/P1220231.jpg","type":"image\/jpeg"}],"author":"Michael Krell","twitter_card":"summary_large_image","twitter_misc":{"Verfasst von":"Michael Krell","Gesch\u00e4tzte Lesezeit":"1\u00a0Minute"},"schema":{"@context":"https:\/\/schema.org","@graph":[{"@type":"WebPage","@id":"https:\/\/www.michael-krell.com\/de\/ruhewoche-im-orient\/","url":"https:\/\/www.michael-krell.com\/de\/ruhewoche-im-orient\/","name":"Ruhewoche im Orient - Michael Krell Triathlon Coaching","isPartOf":{"@id":"https:\/\/www.michael-krell.com\/en\/#website"},"datePublished":"2013-01-27T22:54:00+00:00","dateModified":"2017-05-16T12:23:38+00:00","author":{"@id":"https:\/\/www.michael-krell.com\/en\/#\/schema\/person\/17d0c03cb1e15db7305e41b6170a4237"},"breadcrumb":{"@id":"https:\/\/www.michael-krell.com\/de\/ruhewoche-im-orient\/#breadcrumb"},"inLanguage":"de","potentialAction":[{"@type":"ReadAction","target":["https:\/\/www.michael-krell.com\/de\/ruhewoche-im-orient\/"]}]},{"@type":"BreadcrumbList","@id":"https:\/\/www.michael-krell.com\/de\/ruhewoche-im-orient\/#breadcrumb","itemListElement":[{"@type":"ListItem","position":1,"name":"Startseite","item":"https:\/\/www.michael-krell.com\/en\/"},{"@type":"ListItem","position":2,"name":"Ruhewoche im Orient"}]},{"@type":"WebSite","@id":"https:\/\/www.michael-krell.com\/en\/#website","url":"https:\/\/www.michael-krell.com\/en\/","name":"Michael Krell Triathlon Coaching","description":"","potentialAction":[{"@type":"SearchAction","target":{"@type":"EntryPoint","urlTemplate":"https:\/\/www.michael-krell.com\/en\/?s={search_term_string}"},"query-input":"required name=search_term_string"}],"inLanguage":"de"},{"@type":"Person","@id":"https:\/\/www.michael-krell.com\/en\/#\/schema\/person\/17d0c03cb1e15db7305e41b6170a4237","name":"Michael Krell","image":{"@type":"ImageObject","inLanguage":"de","@id":"https:\/\/www.michael-krell.com\/en\/#\/schema\/person\/image\/","url":"https:\/\/secure.gravatar.com\/avatar\/33e39b9fbaf6777afb9b8559d921c4d22f4fd87cba8562434fa169fa71aeb1b3?s=96&d=mm&r=g","contentUrl":"https:\/\/secure.gravatar.com\/avatar\/33e39b9fbaf6777afb9b8559d921c4d22f4fd87cba8562434fa169fa71aeb1b3?s=96&d=mm&r=g","caption":"Michael Krell"},"url":"https:\/\/www.michael-krell.com\/de\/author\/krelli\/"}]}},"_links":{"self":[{"href":"https:\/\/www.michael-krell.com\/de\/wp-json\/wp\/v2\/posts\/353","targetHints":{"allow":["GET"]}}],"collection":[{"href":"https:\/\/www.michael-krell.com\/de\/wp-json\/wp\/v2\/posts"}],"about":[{"href":"https:\/\/www.michael-krell.com\/de\/wp-json\/wp\/v2\/types\/post"}],"author":[{"embeddable":true,"href":"https:\/\/www.michael-krell.com\/de\/wp-json\/wp\/v2\/users\/2"}],"replies":[{"embeddable":true,"href":"https:\/\/www.michael-krell.com\/de\/wp-json\/wp\/v2\/comments?post=353"}],"version-history":[{"count":1,"href":"https:\/\/www.michael-krell.com\/de\/wp-json\/wp\/v2\/posts\/353\/revisions"}],"predecessor-version":[{"id":4153,"href":"https:\/\/www.michael-krell.com\/de\/wp-json\/wp\/v2\/posts\/353\/revisions\/4153"}],"wp:featuredmedia":[{"embeddable":true,"href":"https:\/\/www.michael-krell.com\/de\/wp-json\/wp\/v2\/media\/1367"}],"wp:attachment":[{"href":"https:\/\/www.michael-krell.com\/de\/wp-json\/wp\/v2\/media?parent=353"}],"wp:term":[{"taxonomy":"category","embeddable":true,"href":"https:\/\/www.michael-krell.com\/de\/wp-json\/wp\/v2\/categories?post=353"},{"taxonomy":"post_tag","embeddable":true,"href":"https:\/\/www.michael-krell.com\/de\/wp-json\/wp\/v2\/tags?post=353"}],"curies":[{"name":"wp","href":"https:\/\/api.w.org\/{rel}","templated":true}]}}