{"id":395,"date":"2012-11-01T09:27:00","date_gmt":"2012-11-01T08:27:00","guid":{"rendered":"http:\/\/www.michael-krell.com\/?p=395"},"modified":"2017-04-18T11:58:46","modified_gmt":"2017-04-18T09:58:46","slug":"krelli-in-gefahr-neues-arbeitsgeraet","status":"publish","type":"post","link":"https:\/\/www.michael-krell.com\/de\/krelli-in-gefahr-neues-arbeitsgeraet\/","title":{"rendered":"krelli in Gefahr &#8211; neues Arbeitsger\u00e4t"},"content":{"rendered":"<p>&nbsp;<\/p>\n<table style=\"margin-left: auto; margin-right: auto; text-align: center;\" cellspacing=\"0\" cellpadding=\"0\" align=\"center\">\n<tbody>\n<tr>\n<td style=\"text-align: center;\"><a style=\"margin-left: auto; margin-right: auto;\" href=\"http:\/\/www.michael-krell.com\/wp-content\/uploads\/2012\/11\/IMG_0242.jpg\"><img loading=\"lazy\" decoding=\"async\" src=\"http:\/\/www.michael-krell.com\/wp-content\/uploads\/2012\/11\/IMG_0242-224x300.jpg\" width=\"239\" height=\"320\" border=\"0\" \/><\/a><\/td>\n<\/tr>\n<tr>\n<td style=\"text-align: center;\">Danke an Christoph von Radsport Duschl f\u00fcrs Zusammenbauen<\/td>\n<\/tr>\n<\/tbody>\n<\/table>\n<div style=\"clear: both; text-align: center;\"><\/div>\n<p>Nach reiflicher \u00dcberlegung habe ich mich entschlossen mir einen Crosser zuzulegen. Als Mix zwischen Rennrad und MTB ist es sehr vielseitig einsetzbar. Es ist leichter als ein MTB, fahrtauglich auf fast jedem Belag und schult eine gute Fahrtechnik die sich dann sp\u00e4ter fast eins zu eins aufs Rennradfahren \u00fcbertr\u00e4gt. Damit sind selbst Treppenabs\u00e4tze und steile Rampen kein Problem mehr.<\/p>\n<p>Die Farbe habe ich so gew\u00e4hlt dass es auff\u00e4llt. Also wenn ihr es von nun an am Tiergarten irgendwo allein herum liegen seht, dann sucht ein paar Meter weiter hinten nach mir. Dann hat es mich wahrscheinlich abgeworfen \ud83d\ude09<\/p>\n<p>sch\u00f6nen Feiertag!<br \/>\nkrelli<\/p>\n","protected":false},"excerpt":{"rendered":"<p>&nbsp; Danke an Christoph von Radsport Duschl f\u00fcrs Zusammenbauen Nach reiflicher \u00dcberlegung habe ich mich entschlossen mir einen Crosser zuzulegen. [&hellip;]<\/p>\n","protected":false},"author":2,"featured_media":1418,"comment_status":"open","ping_status":"open","sticky":false,"template":"","format":"standard","meta":{"footnotes":""},"categories":[1220],"tags":[],"class_list":["post-395","post","type-post","status-publish","format-standard","has-post-thumbnail","hentry","category-privates"],"yoast_head":"<!-- This site is optimized with the Yoast SEO plugin v19.8 - https:\/\/yoast.com\/wordpress\/plugins\/seo\/ -->\n<title>krelli in Gefahr - neues Arbeitsger\u00e4t - Michael Krell Triathlon Coaching<\/title>\n<meta name=\"robots\" content=\"index, follow, max-snippet:-1, max-image-preview:large, max-video-preview:-1\" \/>\n<link rel=\"canonical\" href=\"https:\/\/www.michael-krell.com\/de\/krelli-in-gefahr-neues-arbeitsgeraet\/\" \/>\n<meta property=\"og:locale\" content=\"de_DE\" \/>\n<meta property=\"og:type\" content=\"article\" \/>\n<meta property=\"og:title\" content=\"krelli in Gefahr - neues Arbeitsger\u00e4t - Michael Krell Triathlon Coaching\" \/>\n<meta property=\"og:description\" content=\"&nbsp; Danke an Christoph von Radsport Duschl f\u00fcrs Zusammenbauen Nach reiflicher \u00dcberlegung habe ich mich entschlossen mir einen Crosser zuzulegen. [&hellip;]\" \/>\n<meta property=\"og:url\" content=\"https:\/\/www.michael-krell.com\/de\/krelli-in-gefahr-neues-arbeitsgeraet\/\" \/>\n<meta property=\"og:site_name\" content=\"Michael Krell Triathlon Coaching\" \/>\n<meta property=\"article:published_time\" content=\"2012-11-01T08:27:00+00:00\" \/>\n<meta property=\"article:modified_time\" content=\"2017-04-18T09:58:46+00:00\" \/>\n<meta property=\"og:image\" content=\"https:\/\/www.michael-krell.com\/wp-content\/uploads\/2012\/11\/IMG_0242.jpg\" \/>\n\t<meta property=\"og:image:width\" content=\"765\" \/>\n\t<meta property=\"og:image:height\" content=\"1024\" \/>\n\t<meta property=\"og:image:type\" content=\"image\/jpeg\" \/>\n<meta name=\"author\" content=\"Michael Krell\" \/>\n<meta name=\"twitter:card\" content=\"summary_large_image\" \/>\n<meta name=\"twitter:label1\" content=\"Verfasst von\" \/>\n\t<meta name=\"twitter:data1\" content=\"Michael Krell\" \/>\n\t<meta name=\"twitter:label2\" content=\"Gesch\u00e4tzte Lesezeit\" \/>\n\t<meta name=\"twitter:data2\" content=\"1\u00a0Minute\" \/>\n<script type=\"application\/ld+json\" class=\"yoast-schema-graph\">{\"@context\":\"https:\/\/schema.org\",\"@graph\":[{\"@type\":\"WebPage\",\"@id\":\"https:\/\/www.michael-krell.com\/en\/krelli-in-gefahr-neues-arbeitsgeraet\/\",\"url\":\"https:\/\/www.michael-krell.com\/en\/krelli-in-gefahr-neues-arbeitsgeraet\/\",\"name\":\"krelli in Gefahr - neues Arbeitsger\u00e4t - Michael Krell Triathlon Coaching\",\"isPartOf\":{\"@id\":\"https:\/\/www.michael-krell.com\/en\/#website\"},\"datePublished\":\"2012-11-01T08:27:00+00:00\",\"dateModified\":\"2017-04-18T09:58:46+00:00\",\"author\":{\"@id\":\"https:\/\/www.michael-krell.com\/en\/#\/schema\/person\/17d0c03cb1e15db7305e41b6170a4237\"},\"breadcrumb\":{\"@id\":\"https:\/\/www.michael-krell.com\/en\/krelli-in-gefahr-neues-arbeitsgeraet\/#breadcrumb\"},\"inLanguage\":\"de\",\"potentialAction\":[{\"@type\":\"ReadAction\",\"target\":[\"https:\/\/www.michael-krell.com\/en\/krelli-in-gefahr-neues-arbeitsgeraet\/\"]}]},{\"@type\":\"BreadcrumbList\",\"@id\":\"https:\/\/www.michael-krell.com\/en\/krelli-in-gefahr-neues-arbeitsgeraet\/#breadcrumb\",\"itemListElement\":[{\"@type\":\"ListItem\",\"position\":1,\"name\":\"Startseite\",\"item\":\"https:\/\/www.michael-krell.com\/en\/\"},{\"@type\":\"ListItem\",\"position\":2,\"name\":\"krelli in Gefahr &#8211; neues Arbeitsger\u00e4t\"}]},{\"@type\":\"WebSite\",\"@id\":\"https:\/\/www.michael-krell.com\/en\/#website\",\"url\":\"https:\/\/www.michael-krell.com\/en\/\",\"name\":\"Michael Krell Triathlon Coaching\",\"description\":\"\",\"potentialAction\":[{\"@type\":\"SearchAction\",\"target\":{\"@type\":\"EntryPoint\",\"urlTemplate\":\"https:\/\/www.michael-krell.com\/en\/?s={search_term_string}\"},\"query-input\":\"required name=search_term_string\"}],\"inLanguage\":\"de\"},{\"@type\":\"Person\",\"@id\":\"https:\/\/www.michael-krell.com\/en\/#\/schema\/person\/17d0c03cb1e15db7305e41b6170a4237\",\"name\":\"Michael Krell\",\"image\":{\"@type\":\"ImageObject\",\"inLanguage\":\"de\",\"@id\":\"https:\/\/www.michael-krell.com\/en\/#\/schema\/person\/image\/\",\"url\":\"https:\/\/secure.gravatar.com\/avatar\/33e39b9fbaf6777afb9b8559d921c4d22f4fd87cba8562434fa169fa71aeb1b3?s=96&d=mm&r=g\",\"contentUrl\":\"https:\/\/secure.gravatar.com\/avatar\/33e39b9fbaf6777afb9b8559d921c4d22f4fd87cba8562434fa169fa71aeb1b3?s=96&d=mm&r=g\",\"caption\":\"Michael Krell\"},\"url\":\"https:\/\/www.michael-krell.com\/de\/author\/krelli\/\"}]}<\/script>\n<!-- \/ Yoast SEO plugin. -->","yoast_head_json":{"title":"krelli in Gefahr - neues Arbeitsger\u00e4t - Michael Krell Triathlon Coaching","robots":{"index":"index","follow":"follow","max-snippet":"max-snippet:-1","max-image-preview":"max-image-preview:large","max-video-preview":"max-video-preview:-1"},"canonical":"https:\/\/www.michael-krell.com\/de\/krelli-in-gefahr-neues-arbeitsgeraet\/","og_locale":"de_DE","og_type":"article","og_title":"krelli in Gefahr - neues Arbeitsger\u00e4t - Michael Krell Triathlon Coaching","og_description":"&nbsp; Danke an Christoph von Radsport Duschl f\u00fcrs Zusammenbauen Nach reiflicher \u00dcberlegung habe ich mich entschlossen mir einen Crosser zuzulegen. [&hellip;]","og_url":"https:\/\/www.michael-krell.com\/de\/krelli-in-gefahr-neues-arbeitsgeraet\/","og_site_name":"Michael Krell Triathlon Coaching","article_published_time":"2012-11-01T08:27:00+00:00","article_modified_time":"2017-04-18T09:58:46+00:00","og_image":[{"width":765,"height":1024,"url":"https:\/\/www.michael-krell.com\/wp-content\/uploads\/2012\/11\/IMG_0242.jpg","type":"image\/jpeg"}],"author":"Michael Krell","twitter_card":"summary_large_image","twitter_misc":{"Verfasst von":"Michael Krell","Gesch\u00e4tzte Lesezeit":"1\u00a0Minute"},"schema":{"@context":"https:\/\/schema.org","@graph":[{"@type":"WebPage","@id":"https:\/\/www.michael-krell.com\/en\/krelli-in-gefahr-neues-arbeitsgeraet\/","url":"https:\/\/www.michael-krell.com\/en\/krelli-in-gefahr-neues-arbeitsgeraet\/","name":"krelli in Gefahr - neues Arbeitsger\u00e4t - Michael Krell Triathlon Coaching","isPartOf":{"@id":"https:\/\/www.michael-krell.com\/en\/#website"},"datePublished":"2012-11-01T08:27:00+00:00","dateModified":"2017-04-18T09:58:46+00:00","author":{"@id":"https:\/\/www.michael-krell.com\/en\/#\/schema\/person\/17d0c03cb1e15db7305e41b6170a4237"},"breadcrumb":{"@id":"https:\/\/www.michael-krell.com\/en\/krelli-in-gefahr-neues-arbeitsgeraet\/#breadcrumb"},"inLanguage":"de","potentialAction":[{"@type":"ReadAction","target":["https:\/\/www.michael-krell.com\/en\/krelli-in-gefahr-neues-arbeitsgeraet\/"]}]},{"@type":"BreadcrumbList","@id":"https:\/\/www.michael-krell.com\/en\/krelli-in-gefahr-neues-arbeitsgeraet\/#breadcrumb","itemListElement":[{"@type":"ListItem","position":1,"name":"Startseite","item":"https:\/\/www.michael-krell.com\/en\/"},{"@type":"ListItem","position":2,"name":"krelli in Gefahr &#8211; neues Arbeitsger\u00e4t"}]},{"@type":"WebSite","@id":"https:\/\/www.michael-krell.com\/en\/#website","url":"https:\/\/www.michael-krell.com\/en\/","name":"Michael Krell Triathlon Coaching","description":"","potentialAction":[{"@type":"SearchAction","target":{"@type":"EntryPoint","urlTemplate":"https:\/\/www.michael-krell.com\/en\/?s={search_term_string}"},"query-input":"required name=search_term_string"}],"inLanguage":"de"},{"@type":"Person","@id":"https:\/\/www.michael-krell.com\/en\/#\/schema\/person\/17d0c03cb1e15db7305e41b6170a4237","name":"Michael Krell","image":{"@type":"ImageObject","inLanguage":"de","@id":"https:\/\/www.michael-krell.com\/en\/#\/schema\/person\/image\/","url":"https:\/\/secure.gravatar.com\/avatar\/33e39b9fbaf6777afb9b8559d921c4d22f4fd87cba8562434fa169fa71aeb1b3?s=96&d=mm&r=g","contentUrl":"https:\/\/secure.gravatar.com\/avatar\/33e39b9fbaf6777afb9b8559d921c4d22f4fd87cba8562434fa169fa71aeb1b3?s=96&d=mm&r=g","caption":"Michael Krell"},"url":"https:\/\/www.michael-krell.com\/de\/author\/krelli\/"}]}},"_links":{"self":[{"href":"https:\/\/www.michael-krell.com\/de\/wp-json\/wp\/v2\/posts\/395","targetHints":{"allow":["GET"]}}],"collection":[{"href":"https:\/\/www.michael-krell.com\/de\/wp-json\/wp\/v2\/posts"}],"about":[{"href":"https:\/\/www.michael-krell.com\/de\/wp-json\/wp\/v2\/types\/post"}],"author":[{"embeddable":true,"href":"https:\/\/www.michael-krell.com\/de\/wp-json\/wp\/v2\/users\/2"}],"replies":[{"embeddable":true,"href":"https:\/\/www.michael-krell.com\/de\/wp-json\/wp\/v2\/comments?post=395"}],"version-history":[{"count":1,"href":"https:\/\/www.michael-krell.com\/de\/wp-json\/wp\/v2\/posts\/395\/revisions"}],"predecessor-version":[{"id":3505,"href":"https:\/\/www.michael-krell.com\/de\/wp-json\/wp\/v2\/posts\/395\/revisions\/3505"}],"wp:featuredmedia":[{"embeddable":true,"href":"https:\/\/www.michael-krell.com\/de\/wp-json\/wp\/v2\/media\/1418"}],"wp:attachment":[{"href":"https:\/\/www.michael-krell.com\/de\/wp-json\/wp\/v2\/media?parent=395"}],"wp:term":[{"taxonomy":"category","embeddable":true,"href":"https:\/\/www.michael-krell.com\/de\/wp-json\/wp\/v2\/categories?post=395"},{"taxonomy":"post_tag","embeddable":true,"href":"https:\/\/www.michael-krell.com\/de\/wp-json\/wp\/v2\/tags?post=395"}],"curies":[{"name":"wp","href":"https:\/\/api.w.org\/{rel}","templated":true}]}}