{"id":418,"date":"2012-09-13T21:22:00","date_gmt":"2012-09-13T19:22:00","guid":{"rendered":"http:\/\/www.michael-krell.com\/?p=418"},"modified":"2017-04-18T12:15:27","modified_gmt":"2017-04-18T10:15:27","slug":"winter-sale","status":"publish","type":"post","link":"https:\/\/www.michael-krell.com\/de\/winter-sale\/","title":{"rendered":"Winter Sale!!"},"content":{"rendered":"<p>Heute versammelt haben wir drei Rennr\u00e4der die alle neue Besitzerinnen oder Besitzer suchen. Lasst sie nicht im herbstlichen Regen stehen, sondern nehmt sie mit heim in eure kuschelige Garage. Bei Interesse schreibt mir einfach: info (at) michael-krell.com, ich vermittle euch dann an die Verk\u00e4ufer weiter. Grund f\u00fcr den Verkauf ist der Erwerb von neuen R\u00e4dern, und ihr wisst wie das ist, irgendwann ist halt kein Platz mehr in der Wohnung.<\/p>\n<p>+++++++<\/p>\n<p>Zuerst zwei R\u00e4der von Scrane, einmal in Gr\u00f6\u00dfe S und einmal in L<\/p>\n<p>Hersteller; Scrane &#8211; Aero Carbon Rahmen<\/p>\n<div>Ausstattung: SRAM Force Komplett<\/div>\n<div>Kurbel: <b>Rotor 3D mit Power2Max Wattmesseinheit<\/b><\/div>\n<div>Anbauteile &#8211; Cinelli und Bontrager<\/div>\n<div>Felgen: Mavic Ksyrium Equipe<\/div>\n<p>Gewicht: &lt; 8kg mit Rennfelgen<\/p>\n<p>Neupreis 4800\u20ac\/ Rad<\/p>\n<div><b>VHB: 2500\u20ac\/ Rad<\/b><\/div>\n<p>Alter: 8 Monate<\/p>\n<div>Laufleistung: ca 3000km, sturzfrei<\/div>\n<p>1 A Scheckheft gepflegt<\/p>\n<p>Kleines Rad f\u00fcr K\u00f6rpergr\u00f6\u00dfe 160cm &#8211; 180cm<br \/>\nGro\u00dfes Rad f\u00fcr K\u00f6rpergr\u00f6\u00dfe 170cm &#8211; 190cm<\/p>\n<div style=\"clear: both; text-align: center;\"><a style=\"margin-left: 1em; margin-right: 1em;\" href=\"http:\/\/www.michael-krell.com\/wp-content\/uploads\/2012\/09\/wwwIMG_7605.jpg\"><img loading=\"lazy\" decoding=\"async\" src=\"http:\/\/www.michael-krell.com\/wp-content\/uploads\/2012\/09\/wwwIMG_7605-300x200.jpg\" width=\"400\" height=\"266\" border=\"0\" \/><\/a><\/div>\n<div><\/div>\n<div style=\"clear: both; text-align: center;\"><a style=\"margin-left: 1em; margin-right: 1em;\" href=\"http:\/\/www.michael-krell.com\/wp-content\/uploads\/2012\/09\/wwwIMG_7606.jpg\"><img loading=\"lazy\" decoding=\"async\" src=\"http:\/\/www.michael-krell.com\/wp-content\/uploads\/2012\/09\/wwwIMG_7606-300x200.jpg\" width=\"400\" height=\"266\" border=\"0\" \/><\/a><\/div>\n<div><\/div>\n<div><\/div>\n<div style=\"clear: both; text-align: center;\"><a style=\"margin-left: 1em; margin-right: 1em;\" href=\"http:\/\/www.michael-krell.com\/wp-content\/uploads\/2012\/09\/wwwIMG_7608.jpg\"><img loading=\"lazy\" decoding=\"async\" src=\"http:\/\/www.michael-krell.com\/wp-content\/uploads\/2012\/09\/wwwIMG_7608-300x200.jpg\" width=\"400\" height=\"266\" border=\"0\" \/><\/a><\/div>\n<div><\/div>\n<div><\/div>\n<div><\/div>\n<div><\/div>\n<div style=\"clear: both; text-align: center;\"><a style=\"margin-left: 1em; margin-right: 1em;\" href=\"http:\/\/www.michael-krell.com\/wp-content\/uploads\/2012\/09\/wwwIMG_7610.jpg\"><img loading=\"lazy\" decoding=\"async\" src=\"http:\/\/www.michael-krell.com\/wp-content\/uploads\/2012\/09\/wwwIMG_7610-300x200.jpg\" width=\"400\" height=\"266\" border=\"0\" \/><\/a><\/div>\n<div style=\"clear: both; text-align: center;\"><a style=\"margin-left: 1em; margin-right: 1em;\" href=\"http:\/\/www.michael-krell.com\/wp-content\/uploads\/2012\/09\/wwwIMG_7609.jpg\"><img loading=\"lazy\" decoding=\"async\" src=\"http:\/\/www.michael-krell.com\/wp-content\/uploads\/2012\/09\/wwwIMG_7609-300x200.jpg\" width=\"400\" height=\"266\" border=\"0\" \/><\/a><a style=\"margin-left: 1em; margin-right: 1em;\" href=\"http:\/\/www.michael-krell.com\/wp-content\/uploads\/2012\/09\/wwwIMG_7611.jpg\"><img loading=\"lazy\" decoding=\"async\" src=\"http:\/\/www.michael-krell.com\/wp-content\/uploads\/2012\/09\/wwwIMG_7611-200x300.jpg\" width=\"266\" height=\"400\" border=\"0\" \/><\/a><\/div>\n<div><\/div>\n<p>+++++++<\/p>\n<div style=\"color: white; font-family: inherit;\">Au\u00dferdem ein Canyon Damen Rad, Rahmengr\u00f6\u00dfe 52 m<\/p>\n<div style=\"color: white; font-family: inherit;\">Das Rad ist 5 Jahre alt (unfallfrei) und befindet sich in einem sehr guten Zustand.<\/div>\n<div style=\"color: white; font-family: inherit;\">Falls jemand Interesse haben sollte, kann das Rad nat\u00fcrlich auch gerne probe gefahren werden.<\/div>\n<div style=\"color: white; font-family: inherit;\">VHB 450 Euro<\/div>\n<p>Mit Shimano Ultegra Ausstattung und Mavic Cosmic Elite Laufr\u00e4dern.<\/p>\n<\/div>\n<div style=\"clear: both; text-align: center;\"><a style=\"margin-left: 1em; margin-right: 1em;\" href=\"http:\/\/www.michael-krell.com\/wp-content\/uploads\/2012\/09\/rad2.jpg\"><img loading=\"lazy\" decoding=\"async\" src=\"http:\/\/www.michael-krell.com\/wp-content\/uploads\/2012\/09\/rad2-300x224.jpg\" width=\"400\" height=\"298\" border=\"0\" \/><\/a><\/div>\n<div style=\"clear: both; text-align: center;\"><a style=\"margin-left: 1em; margin-right: 1em;\" href=\"http:\/\/www.michael-krell.com\/wp-content\/uploads\/2012\/09\/4.jpg\"><img loading=\"lazy\" decoding=\"async\" src=\"http:\/\/www.michael-krell.com\/wp-content\/uploads\/2012\/09\/4-300x224.jpg\" width=\"400\" height=\"298\" border=\"0\" \/><\/a><a style=\"margin-left: 1em; margin-right: 1em;\" href=\"http:\/\/www.michael-krell.com\/wp-content\/uploads\/2012\/09\/3.jpg\"><img loading=\"lazy\" decoding=\"async\" src=\"http:\/\/www.michael-krell.com\/wp-content\/uploads\/2012\/09\/3-224x300.jpg\" width=\"298\" height=\"400\" border=\"0\" \/><\/a><\/div>\n","protected":false},"excerpt":{"rendered":"<p>Heute versammelt haben wir drei Rennr\u00e4der die alle neue Besitzerinnen oder Besitzer suchen. Lasst sie nicht im herbstlichen Regen stehen, [&hellip;]<\/p>\n","protected":false},"author":2,"featured_media":1449,"comment_status":"open","ping_status":"open","sticky":false,"template":"","format":"standard","meta":{"footnotes":""},"categories":[1220],"tags":[],"class_list":["post-418","post","type-post","status-publish","format-standard","has-post-thumbnail","hentry","category-privates"],"yoast_head":"<!-- This site is optimized with the Yoast SEO plugin v19.8 - https:\/\/yoast.com\/wordpress\/plugins\/seo\/ -->\n<title>Winter Sale!! - Michael Krell Triathlon Coaching<\/title>\n<meta name=\"robots\" content=\"index, follow, max-snippet:-1, max-image-preview:large, max-video-preview:-1\" \/>\n<link rel=\"canonical\" href=\"https:\/\/www.michael-krell.com\/de\/winter-sale\/\" \/>\n<meta property=\"og:locale\" content=\"de_DE\" \/>\n<meta property=\"og:type\" content=\"article\" \/>\n<meta property=\"og:title\" content=\"Winter Sale!! - Michael Krell Triathlon Coaching\" \/>\n<meta property=\"og:description\" content=\"Heute versammelt haben wir drei Rennr\u00e4der die alle neue Besitzerinnen oder Besitzer suchen. Lasst sie nicht im herbstlichen Regen stehen, [&hellip;]\" \/>\n<meta property=\"og:url\" content=\"https:\/\/www.michael-krell.com\/de\/winter-sale\/\" \/>\n<meta property=\"og:site_name\" content=\"Michael Krell Triathlon Coaching\" \/>\n<meta property=\"article:published_time\" content=\"2012-09-13T19:22:00+00:00\" \/>\n<meta property=\"article:modified_time\" content=\"2017-04-18T10:15:27+00:00\" \/>\n<meta property=\"og:image\" content=\"https:\/\/www.michael-krell.com\/wp-content\/uploads\/2012\/09\/wwwIMG_7605.jpg\" \/>\n\t<meta property=\"og:image:width\" content=\"448\" \/>\n\t<meta property=\"og:image:height\" content=\"299\" \/>\n\t<meta property=\"og:image:type\" content=\"image\/jpeg\" \/>\n<meta name=\"author\" content=\"Michael Krell\" \/>\n<meta name=\"twitter:card\" content=\"summary_large_image\" \/>\n<meta name=\"twitter:label1\" content=\"Verfasst von\" \/>\n\t<meta name=\"twitter:data1\" content=\"Michael Krell\" \/>\n\t<meta name=\"twitter:label2\" content=\"Gesch\u00e4tzte Lesezeit\" \/>\n\t<meta name=\"twitter:data2\" content=\"1\u00a0Minute\" \/>\n<script type=\"application\/ld+json\" class=\"yoast-schema-graph\">{\"@context\":\"https:\/\/schema.org\",\"@graph\":[{\"@type\":\"WebPage\",\"@id\":\"https:\/\/www.michael-krell.com\/en\/winter-sale\/\",\"url\":\"https:\/\/www.michael-krell.com\/en\/winter-sale\/\",\"name\":\"Winter Sale!! - Michael Krell Triathlon Coaching\",\"isPartOf\":{\"@id\":\"https:\/\/www.michael-krell.com\/en\/#website\"},\"datePublished\":\"2012-09-13T19:22:00+00:00\",\"dateModified\":\"2017-04-18T10:15:27+00:00\",\"author\":{\"@id\":\"https:\/\/www.michael-krell.com\/en\/#\/schema\/person\/17d0c03cb1e15db7305e41b6170a4237\"},\"breadcrumb\":{\"@id\":\"https:\/\/www.michael-krell.com\/en\/winter-sale\/#breadcrumb\"},\"inLanguage\":\"de\",\"potentialAction\":[{\"@type\":\"ReadAction\",\"target\":[\"https:\/\/www.michael-krell.com\/en\/winter-sale\/\"]}]},{\"@type\":\"BreadcrumbList\",\"@id\":\"https:\/\/www.michael-krell.com\/en\/winter-sale\/#breadcrumb\",\"itemListElement\":[{\"@type\":\"ListItem\",\"position\":1,\"name\":\"Startseite\",\"item\":\"https:\/\/www.michael-krell.com\/en\/\"},{\"@type\":\"ListItem\",\"position\":2,\"name\":\"Winter Sale!!\"}]},{\"@type\":\"WebSite\",\"@id\":\"https:\/\/www.michael-krell.com\/en\/#website\",\"url\":\"https:\/\/www.michael-krell.com\/en\/\",\"name\":\"Michael Krell Triathlon Coaching\",\"description\":\"\",\"potentialAction\":[{\"@type\":\"SearchAction\",\"target\":{\"@type\":\"EntryPoint\",\"urlTemplate\":\"https:\/\/www.michael-krell.com\/en\/?s={search_term_string}\"},\"query-input\":\"required name=search_term_string\"}],\"inLanguage\":\"de\"},{\"@type\":\"Person\",\"@id\":\"https:\/\/www.michael-krell.com\/en\/#\/schema\/person\/17d0c03cb1e15db7305e41b6170a4237\",\"name\":\"Michael Krell\",\"image\":{\"@type\":\"ImageObject\",\"inLanguage\":\"de\",\"@id\":\"https:\/\/www.michael-krell.com\/en\/#\/schema\/person\/image\/\",\"url\":\"https:\/\/secure.gravatar.com\/avatar\/33e39b9fbaf6777afb9b8559d921c4d22f4fd87cba8562434fa169fa71aeb1b3?s=96&d=mm&r=g\",\"contentUrl\":\"https:\/\/secure.gravatar.com\/avatar\/33e39b9fbaf6777afb9b8559d921c4d22f4fd87cba8562434fa169fa71aeb1b3?s=96&d=mm&r=g\",\"caption\":\"Michael Krell\"},\"url\":\"https:\/\/www.michael-krell.com\/de\/author\/krelli\/\"}]}<\/script>\n<!-- \/ Yoast SEO plugin. -->","yoast_head_json":{"title":"Winter Sale!! - Michael Krell Triathlon Coaching","robots":{"index":"index","follow":"follow","max-snippet":"max-snippet:-1","max-image-preview":"max-image-preview:large","max-video-preview":"max-video-preview:-1"},"canonical":"https:\/\/www.michael-krell.com\/de\/winter-sale\/","og_locale":"de_DE","og_type":"article","og_title":"Winter Sale!! - Michael Krell Triathlon Coaching","og_description":"Heute versammelt haben wir drei Rennr\u00e4der die alle neue Besitzerinnen oder Besitzer suchen. Lasst sie nicht im herbstlichen Regen stehen, [&hellip;]","og_url":"https:\/\/www.michael-krell.com\/de\/winter-sale\/","og_site_name":"Michael Krell Triathlon Coaching","article_published_time":"2012-09-13T19:22:00+00:00","article_modified_time":"2017-04-18T10:15:27+00:00","og_image":[{"width":448,"height":299,"url":"https:\/\/www.michael-krell.com\/wp-content\/uploads\/2012\/09\/wwwIMG_7605.jpg","type":"image\/jpeg"}],"author":"Michael Krell","twitter_card":"summary_large_image","twitter_misc":{"Verfasst von":"Michael Krell","Gesch\u00e4tzte Lesezeit":"1\u00a0Minute"},"schema":{"@context":"https:\/\/schema.org","@graph":[{"@type":"WebPage","@id":"https:\/\/www.michael-krell.com\/en\/winter-sale\/","url":"https:\/\/www.michael-krell.com\/en\/winter-sale\/","name":"Winter Sale!! - Michael Krell Triathlon Coaching","isPartOf":{"@id":"https:\/\/www.michael-krell.com\/en\/#website"},"datePublished":"2012-09-13T19:22:00+00:00","dateModified":"2017-04-18T10:15:27+00:00","author":{"@id":"https:\/\/www.michael-krell.com\/en\/#\/schema\/person\/17d0c03cb1e15db7305e41b6170a4237"},"breadcrumb":{"@id":"https:\/\/www.michael-krell.com\/en\/winter-sale\/#breadcrumb"},"inLanguage":"de","potentialAction":[{"@type":"ReadAction","target":["https:\/\/www.michael-krell.com\/en\/winter-sale\/"]}]},{"@type":"BreadcrumbList","@id":"https:\/\/www.michael-krell.com\/en\/winter-sale\/#breadcrumb","itemListElement":[{"@type":"ListItem","position":1,"name":"Startseite","item":"https:\/\/www.michael-krell.com\/en\/"},{"@type":"ListItem","position":2,"name":"Winter Sale!!"}]},{"@type":"WebSite","@id":"https:\/\/www.michael-krell.com\/en\/#website","url":"https:\/\/www.michael-krell.com\/en\/","name":"Michael Krell Triathlon Coaching","description":"","potentialAction":[{"@type":"SearchAction","target":{"@type":"EntryPoint","urlTemplate":"https:\/\/www.michael-krell.com\/en\/?s={search_term_string}"},"query-input":"required name=search_term_string"}],"inLanguage":"de"},{"@type":"Person","@id":"https:\/\/www.michael-krell.com\/en\/#\/schema\/person\/17d0c03cb1e15db7305e41b6170a4237","name":"Michael Krell","image":{"@type":"ImageObject","inLanguage":"de","@id":"https:\/\/www.michael-krell.com\/en\/#\/schema\/person\/image\/","url":"https:\/\/secure.gravatar.com\/avatar\/33e39b9fbaf6777afb9b8559d921c4d22f4fd87cba8562434fa169fa71aeb1b3?s=96&d=mm&r=g","contentUrl":"https:\/\/secure.gravatar.com\/avatar\/33e39b9fbaf6777afb9b8559d921c4d22f4fd87cba8562434fa169fa71aeb1b3?s=96&d=mm&r=g","caption":"Michael Krell"},"url":"https:\/\/www.michael-krell.com\/de\/author\/krelli\/"}]}},"_links":{"self":[{"href":"https:\/\/www.michael-krell.com\/de\/wp-json\/wp\/v2\/posts\/418","targetHints":{"allow":["GET"]}}],"collection":[{"href":"https:\/\/www.michael-krell.com\/de\/wp-json\/wp\/v2\/posts"}],"about":[{"href":"https:\/\/www.michael-krell.com\/de\/wp-json\/wp\/v2\/types\/post"}],"author":[{"embeddable":true,"href":"https:\/\/www.michael-krell.com\/de\/wp-json\/wp\/v2\/users\/2"}],"replies":[{"embeddable":true,"href":"https:\/\/www.michael-krell.com\/de\/wp-json\/wp\/v2\/comments?post=418"}],"version-history":[{"count":1,"href":"https:\/\/www.michael-krell.com\/de\/wp-json\/wp\/v2\/posts\/418\/revisions"}],"predecessor-version":[{"id":3530,"href":"https:\/\/www.michael-krell.com\/de\/wp-json\/wp\/v2\/posts\/418\/revisions\/3530"}],"wp:featuredmedia":[{"embeddable":true,"href":"https:\/\/www.michael-krell.com\/de\/wp-json\/wp\/v2\/media\/1449"}],"wp:attachment":[{"href":"https:\/\/www.michael-krell.com\/de\/wp-json\/wp\/v2\/media?parent=418"}],"wp:term":[{"taxonomy":"category","embeddable":true,"href":"https:\/\/www.michael-krell.com\/de\/wp-json\/wp\/v2\/categories?post=418"},{"taxonomy":"post_tag","embeddable":true,"href":"https:\/\/www.michael-krell.com\/de\/wp-json\/wp\/v2\/tags?post=418"}],"curies":[{"name":"wp","href":"https:\/\/api.w.org\/{rel}","templated":true}]}}