{"id":434,"date":"2012-07-28T16:33:00","date_gmt":"2012-07-28T14:33:00","guid":{"rendered":"http:\/\/www.michael-krell.com\/?p=434"},"modified":"2017-04-18T12:40:44","modified_gmt":"2017-04-18T10:40:44","slug":"erlebnisbericht-24-std-radrennen-thorsten-eckert","status":"publish","type":"post","link":"https:\/\/www.michael-krell.com\/de\/erlebnisbericht-24-std-radrennen-thorsten-eckert\/","title":{"rendered":"Erlebnisbericht 24-Std. Radrennen Thorsten Eckert"},"content":{"rendered":"<p>&nbsp;<\/p>\n<div style=\"clear: both; text-align: center;\"><a style=\"margin-left: 1em; margin-right: 1em;\" href=\"http:\/\/www.michael-krell.com\/wp-content\/uploads\/2012\/07\/thorsten.jpg\"><img loading=\"lazy\" decoding=\"async\" src=\"http:\/\/www.michael-krell.com\/wp-content\/uploads\/2012\/07\/thorsten-225x300.jpg\" width=\"300\" height=\"400\" border=\"0\" \/><\/a><\/div>\n<p>Wer schon immer mal wissen wollte, wie es sich anf\u00fchlt ein 24-Std. Radrennen zu bestreiten, hier der Erlebnisbericht von Thorsten:<\/p>\n<div>Vorletztes Wochenende fand das 24h-Rennen in Kelheim statt. Ich sag&#8217;s euch, das war ne harte Nummer. Die Wettervorhersage war ja nicht so prickelnd, es hie\u00df morgens noch Regen, dauerhaft kalt, aber ab mittag dann trocken; um 13h kam ne fette Wolke, um 13:30h fing es dann so richtig an zu k\u00fcbeln, Start war 14h. Ich bin dann die ersten 3h im Regen gefahren, es hat dann zwar aufgeh\u00f6rt, aber die Stra\u00dfen waren halt trotzdem nass; nach knapp 7h, also um 20:45h bin ich dann das erste Mal ins Fahrerlagen, total durchn\u00e4sst und verfroren; aber witzigerweise lief&#8217;s bis dahin echt gut, jede Runde (offiziell 17,2km, in echt 16,5km) in 30-32min, also rund ein 33er-Schnitt, wobei jede Runde 180HM hat. Um 21:30h bin ich dann mit Licht wieder weitergefahren, um 22h fing es wieder zu regnen an, ich war wieder tropfnass, arschkalt war es; gegen 24h (16.Runde) musste ich anhalten weil ich einen Sch\u00fcttelfrost hatte, da wollte ich schon direkt zur\u00fcck ins Fahrerlager und mich einfach hinlegen, na ja, ich bin trotzdem weitergefahren und habe mich von Runde zu Runde geschleppt, bitterer K\u00e4lte, nassen Stra\u00dfen, nassen Klamotten, Nebel, Nacht, sehr kalten Wind und meine Beine waren auch im Arsch, aber um 2:30h ging es einfach nicht mehr (da hatte ich dann schon 21 Runden), ich konnte kaum noch schalten so tiefgefroren waren die H\u00e4nde; ich bin ins Fahrerlager, habe alles an Klamotten angezogen was ich mit hatte, ne Suppe geschl\u00fcrft und habe mich (auch auf Anraten der anderen) f\u00fcr 2,5h ins Auto gelegt.<\/div>\n<div><\/div>\n<div>Geschlafen habe ich nicht, aber einfach nur liegen und etwas d\u00f6sen&#8230; Um 5:30h habe ich mich dann im Auto umgezogen (Winterklamotten, Neoprensocken, \u00dcberschuhe, Winterhandschuhe etc.!!), bin aufgestanden und habe mich verh\u00e4ltnism\u00e4\u00dfig gut gef\u00fchlt; habe was gegessen und bin kurz vor 6h wieder los gefahren. Es war arschkalt, aber meine Beine haben sich verh\u00e4ltnism\u00e4\u00dfig gut angef\u00fchlt; bis auf zwei drei kleineren Stopps um Getr\u00e4nke aufzuf\u00fcllen konnte ich dann bis 14h fahren, na ja 13:40h, die letzten beiden Runde habe ich es dann ausklingen lassen, vielleicht w\u00e4re noch eine mehr gegangen, aber ich wollte das dann einfach noch geniesen&#8230;<\/div>\n<div><\/div>\n<div>In Summe war es trotz Schrottwetters ein super Erlebnis, mit H\u00f6hen und einen Tiefpunkt, mit vielen vielen kleinen Gegebenheiten auf der Strecke, gute Stimmung, eine super Erfahrung&#8230; Im Nachhinein war es vielleicht sogar gut, dass ich nachts eine Pause machen musste, da ich mich dann ab 6h echt gut gef\u00fchlt habe und sogar nach 14h noch h\u00e4tte weiterfahren k\u00f6nnen&#8230;<\/div>\n<div>Was mich auch wundert ist, dass sich meine Beine und so heute nach dem Rennen wirklich ganz gut anf\u00fchlen, ich merke kaum etwas, ein bisschen M\u00fcdigkeit, klar, aber sonst f\u00fchle ich mich gut; einzig, die letzten 3-4h am Sonntag, da hat mir der R\u00fccken tierisch geschmerzt, aber das geht heute auch wieder&#8230;<\/div>\n<div><\/div>\n<div>Ich kann mir vorstellen so etwas nochmals zu machen, aber nie wieder bei Regen, Regen und K\u00e4lte vertrage ich einfach \u00fcberhaupt nicht\u2026<\/div>\n<div>Ansonsten ist das Rennen wirklich zu empfehlen, von den Top5 Einzelstarter und Staffeln mal abgesehen, ist das wirklich eine Spa\u00dfveranstaltung, bei dem man sich gegenseitig hilft, das Startgeld wird zu 100% gespendet, diese extreme Ernsthaftigkeit fehlt zum Gl\u00fcck auch; so sieht man dann hin und wieder welche mit Trachtenkleidung umher fahren oder mit Kinderr\u00e4dern und Rucksack\u2026 oder man sieht den 82j\u00e4hrigen, der mit Hornbrille, Baumwoll-Shirt, Stadtrad, Plastikt\u00fcten an den F\u00fc\u00dfen gegen den Regen 19 Runden f\u00e4hrt, also \u00fcber 300km!!!!!!<\/div>\n<div>Ach ja, ich selbst bin 34 Runden gefahren, sprich rund 560km, Nettofahrzeit 18:40h, dh 30er-Schnitt, ist glaube ich ganz gut :-)\u2026 und davon waren in Summe rund 25km Kopfsteinpflaster dabei!!!<\/div>\n<div><\/div>\n<div>Gr\u00fc\u00dfe<\/div>\n<div>Thorsten<\/div>\n","protected":false},"excerpt":{"rendered":"<p>&nbsp; Wer schon immer mal wissen wollte, wie es sich anf\u00fchlt ein 24-Std. Radrennen zu bestreiten, hier der Erlebnisbericht von [&hellip;]<\/p>\n","protected":false},"author":2,"featured_media":0,"comment_status":"open","ping_status":"open","sticky":false,"template":"","format":"standard","meta":{"footnotes":""},"categories":[1220],"tags":[],"class_list":["post-434","post","type-post","status-publish","format-standard","hentry","category-privates"],"yoast_head":"<!-- This site is optimized with the Yoast SEO plugin v19.8 - https:\/\/yoast.com\/wordpress\/plugins\/seo\/ -->\n<title>Erlebnisbericht 24-Std. Radrennen Thorsten Eckert - Michael Krell Triathlon Coaching<\/title>\n<meta name=\"robots\" content=\"index, follow, max-snippet:-1, max-image-preview:large, max-video-preview:-1\" \/>\n<link rel=\"canonical\" href=\"https:\/\/www.michael-krell.com\/de\/erlebnisbericht-24-std-radrennen-thorsten-eckert\/\" \/>\n<meta property=\"og:locale\" content=\"de_DE\" \/>\n<meta property=\"og:type\" content=\"article\" \/>\n<meta property=\"og:title\" content=\"Erlebnisbericht 24-Std. Radrennen Thorsten Eckert - Michael Krell Triathlon Coaching\" \/>\n<meta property=\"og:description\" content=\"&nbsp; Wer schon immer mal wissen wollte, wie es sich anf\u00fchlt ein 24-Std. Radrennen zu bestreiten, hier der Erlebnisbericht von [&hellip;]\" \/>\n<meta property=\"og:url\" content=\"https:\/\/www.michael-krell.com\/de\/erlebnisbericht-24-std-radrennen-thorsten-eckert\/\" \/>\n<meta property=\"og:site_name\" content=\"Michael Krell Triathlon Coaching\" \/>\n<meta property=\"article:published_time\" content=\"2012-07-28T14:33:00+00:00\" \/>\n<meta property=\"article:modified_time\" content=\"2017-04-18T10:40:44+00:00\" \/>\n<meta property=\"og:image\" content=\"http:\/\/www.michael-krell.com\/wp-content\/uploads\/2012\/07\/thorsten-225x300.jpg\" \/>\n<meta name=\"author\" content=\"Michael Krell\" \/>\n<meta name=\"twitter:card\" content=\"summary_large_image\" \/>\n<meta name=\"twitter:label1\" content=\"Verfasst von\" \/>\n\t<meta name=\"twitter:data1\" content=\"Michael Krell\" \/>\n\t<meta name=\"twitter:label2\" content=\"Gesch\u00e4tzte Lesezeit\" \/>\n\t<meta name=\"twitter:data2\" content=\"3\u00a0Minuten\" \/>\n<script type=\"application\/ld+json\" class=\"yoast-schema-graph\">{\"@context\":\"https:\/\/schema.org\",\"@graph\":[{\"@type\":\"WebPage\",\"@id\":\"https:\/\/www.michael-krell.com\/en\/erlebnisbericht-24-std-radrennen-thorsten-eckert\/\",\"url\":\"https:\/\/www.michael-krell.com\/en\/erlebnisbericht-24-std-radrennen-thorsten-eckert\/\",\"name\":\"Erlebnisbericht 24-Std. Radrennen Thorsten Eckert - Michael Krell Triathlon Coaching\",\"isPartOf\":{\"@id\":\"https:\/\/www.michael-krell.com\/en\/#website\"},\"datePublished\":\"2012-07-28T14:33:00+00:00\",\"dateModified\":\"2017-04-18T10:40:44+00:00\",\"author\":{\"@id\":\"https:\/\/www.michael-krell.com\/en\/#\/schema\/person\/17d0c03cb1e15db7305e41b6170a4237\"},\"breadcrumb\":{\"@id\":\"https:\/\/www.michael-krell.com\/en\/erlebnisbericht-24-std-radrennen-thorsten-eckert\/#breadcrumb\"},\"inLanguage\":\"de\",\"potentialAction\":[{\"@type\":\"ReadAction\",\"target\":[\"https:\/\/www.michael-krell.com\/en\/erlebnisbericht-24-std-radrennen-thorsten-eckert\/\"]}]},{\"@type\":\"BreadcrumbList\",\"@id\":\"https:\/\/www.michael-krell.com\/en\/erlebnisbericht-24-std-radrennen-thorsten-eckert\/#breadcrumb\",\"itemListElement\":[{\"@type\":\"ListItem\",\"position\":1,\"name\":\"Startseite\",\"item\":\"https:\/\/www.michael-krell.com\/en\/\"},{\"@type\":\"ListItem\",\"position\":2,\"name\":\"Erlebnisbericht 24-Std. Radrennen Thorsten Eckert\"}]},{\"@type\":\"WebSite\",\"@id\":\"https:\/\/www.michael-krell.com\/en\/#website\",\"url\":\"https:\/\/www.michael-krell.com\/en\/\",\"name\":\"Michael Krell Triathlon Coaching\",\"description\":\"\",\"potentialAction\":[{\"@type\":\"SearchAction\",\"target\":{\"@type\":\"EntryPoint\",\"urlTemplate\":\"https:\/\/www.michael-krell.com\/en\/?s={search_term_string}\"},\"query-input\":\"required name=search_term_string\"}],\"inLanguage\":\"de\"},{\"@type\":\"Person\",\"@id\":\"https:\/\/www.michael-krell.com\/en\/#\/schema\/person\/17d0c03cb1e15db7305e41b6170a4237\",\"name\":\"Michael Krell\",\"image\":{\"@type\":\"ImageObject\",\"inLanguage\":\"de\",\"@id\":\"https:\/\/www.michael-krell.com\/en\/#\/schema\/person\/image\/\",\"url\":\"https:\/\/secure.gravatar.com\/avatar\/33e39b9fbaf6777afb9b8559d921c4d22f4fd87cba8562434fa169fa71aeb1b3?s=96&d=mm&r=g\",\"contentUrl\":\"https:\/\/secure.gravatar.com\/avatar\/33e39b9fbaf6777afb9b8559d921c4d22f4fd87cba8562434fa169fa71aeb1b3?s=96&d=mm&r=g\",\"caption\":\"Michael Krell\"},\"url\":\"https:\/\/www.michael-krell.com\/de\/author\/krelli\/\"}]}<\/script>\n<!-- \/ Yoast SEO plugin. -->","yoast_head_json":{"title":"Erlebnisbericht 24-Std. Radrennen Thorsten Eckert - Michael Krell Triathlon Coaching","robots":{"index":"index","follow":"follow","max-snippet":"max-snippet:-1","max-image-preview":"max-image-preview:large","max-video-preview":"max-video-preview:-1"},"canonical":"https:\/\/www.michael-krell.com\/de\/erlebnisbericht-24-std-radrennen-thorsten-eckert\/","og_locale":"de_DE","og_type":"article","og_title":"Erlebnisbericht 24-Std. Radrennen Thorsten Eckert - Michael Krell Triathlon Coaching","og_description":"&nbsp; Wer schon immer mal wissen wollte, wie es sich anf\u00fchlt ein 24-Std. Radrennen zu bestreiten, hier der Erlebnisbericht von [&hellip;]","og_url":"https:\/\/www.michael-krell.com\/de\/erlebnisbericht-24-std-radrennen-thorsten-eckert\/","og_site_name":"Michael Krell Triathlon Coaching","article_published_time":"2012-07-28T14:33:00+00:00","article_modified_time":"2017-04-18T10:40:44+00:00","og_image":[{"url":"http:\/\/www.michael-krell.com\/wp-content\/uploads\/2012\/07\/thorsten-225x300.jpg"}],"author":"Michael Krell","twitter_card":"summary_large_image","twitter_misc":{"Verfasst von":"Michael Krell","Gesch\u00e4tzte Lesezeit":"3\u00a0Minuten"},"schema":{"@context":"https:\/\/schema.org","@graph":[{"@type":"WebPage","@id":"https:\/\/www.michael-krell.com\/en\/erlebnisbericht-24-std-radrennen-thorsten-eckert\/","url":"https:\/\/www.michael-krell.com\/en\/erlebnisbericht-24-std-radrennen-thorsten-eckert\/","name":"Erlebnisbericht 24-Std. Radrennen Thorsten Eckert - Michael Krell Triathlon Coaching","isPartOf":{"@id":"https:\/\/www.michael-krell.com\/en\/#website"},"datePublished":"2012-07-28T14:33:00+00:00","dateModified":"2017-04-18T10:40:44+00:00","author":{"@id":"https:\/\/www.michael-krell.com\/en\/#\/schema\/person\/17d0c03cb1e15db7305e41b6170a4237"},"breadcrumb":{"@id":"https:\/\/www.michael-krell.com\/en\/erlebnisbericht-24-std-radrennen-thorsten-eckert\/#breadcrumb"},"inLanguage":"de","potentialAction":[{"@type":"ReadAction","target":["https:\/\/www.michael-krell.com\/en\/erlebnisbericht-24-std-radrennen-thorsten-eckert\/"]}]},{"@type":"BreadcrumbList","@id":"https:\/\/www.michael-krell.com\/en\/erlebnisbericht-24-std-radrennen-thorsten-eckert\/#breadcrumb","itemListElement":[{"@type":"ListItem","position":1,"name":"Startseite","item":"https:\/\/www.michael-krell.com\/en\/"},{"@type":"ListItem","position":2,"name":"Erlebnisbericht 24-Std. Radrennen Thorsten Eckert"}]},{"@type":"WebSite","@id":"https:\/\/www.michael-krell.com\/en\/#website","url":"https:\/\/www.michael-krell.com\/en\/","name":"Michael Krell Triathlon Coaching","description":"","potentialAction":[{"@type":"SearchAction","target":{"@type":"EntryPoint","urlTemplate":"https:\/\/www.michael-krell.com\/en\/?s={search_term_string}"},"query-input":"required name=search_term_string"}],"inLanguage":"de"},{"@type":"Person","@id":"https:\/\/www.michael-krell.com\/en\/#\/schema\/person\/17d0c03cb1e15db7305e41b6170a4237","name":"Michael Krell","image":{"@type":"ImageObject","inLanguage":"de","@id":"https:\/\/www.michael-krell.com\/en\/#\/schema\/person\/image\/","url":"https:\/\/secure.gravatar.com\/avatar\/33e39b9fbaf6777afb9b8559d921c4d22f4fd87cba8562434fa169fa71aeb1b3?s=96&d=mm&r=g","contentUrl":"https:\/\/secure.gravatar.com\/avatar\/33e39b9fbaf6777afb9b8559d921c4d22f4fd87cba8562434fa169fa71aeb1b3?s=96&d=mm&r=g","caption":"Michael Krell"},"url":"https:\/\/www.michael-krell.com\/de\/author\/krelli\/"}]}},"_links":{"self":[{"href":"https:\/\/www.michael-krell.com\/de\/wp-json\/wp\/v2\/posts\/434","targetHints":{"allow":["GET"]}}],"collection":[{"href":"https:\/\/www.michael-krell.com\/de\/wp-json\/wp\/v2\/posts"}],"about":[{"href":"https:\/\/www.michael-krell.com\/de\/wp-json\/wp\/v2\/types\/post"}],"author":[{"embeddable":true,"href":"https:\/\/www.michael-krell.com\/de\/wp-json\/wp\/v2\/users\/2"}],"replies":[{"embeddable":true,"href":"https:\/\/www.michael-krell.com\/de\/wp-json\/wp\/v2\/comments?post=434"}],"version-history":[{"count":1,"href":"https:\/\/www.michael-krell.com\/de\/wp-json\/wp\/v2\/posts\/434\/revisions"}],"predecessor-version":[{"id":3554,"href":"https:\/\/www.michael-krell.com\/de\/wp-json\/wp\/v2\/posts\/434\/revisions\/3554"}],"wp:attachment":[{"href":"https:\/\/www.michael-krell.com\/de\/wp-json\/wp\/v2\/media?parent=434"}],"wp:term":[{"taxonomy":"category","embeddable":true,"href":"https:\/\/www.michael-krell.com\/de\/wp-json\/wp\/v2\/categories?post=434"},{"taxonomy":"post_tag","embeddable":true,"href":"https:\/\/www.michael-krell.com\/de\/wp-json\/wp\/v2\/tags?post=434"}],"curies":[{"name":"wp","href":"https:\/\/api.w.org\/{rel}","templated":true}]}}