{"id":437,"date":"2012-07-22T07:51:00","date_gmt":"2012-07-22T05:51:00","guid":{"rendered":"http:\/\/www.michael-krell.com\/?p=437"},"modified":"2017-05-16T14:26:08","modified_gmt":"2017-05-16T12:26:08","slug":"krelli-in-gefahr-3","status":"publish","type":"post","link":"https:\/\/www.michael-krell.com\/de\/krelli-in-gefahr-3\/","title":{"rendered":"krelli in Gefahr&#8230;"},"content":{"rendered":"<p>&#8230;bei Anitas Swim and Run am Birkensee. Julia und ich gingen dieses Jahr als Team an den Start. Julia schwamm die 400m und ich lief die abschlie\u00dfenden 5km. Seit langer Zeit mal wieder ein Wettkampf. Die Strecke war etwas wellig, aber meine 18:45 zeigten mir trotzdem dass ich nun wirklich wieder mal trainieren muss \ud83d\ude09<\/p>\n<table style=\"margin-left: auto; margin-right: auto; text-align: center;\" cellspacing=\"0\" cellpadding=\"0\" align=\"center\">\n<tbody>\n<tr>\n<td style=\"text-align: center;\"><a style=\"margin-left: auto; margin-right: auto;\" href=\"http:\/\/www.michael-krell.com\/wp-content\/uploads\/2012\/07\/krelli-birkensee.png\"><img loading=\"lazy\" decoding=\"async\" src=\"http:\/\/www.michael-krell.com\/wp-content\/uploads\/2012\/07\/krelli-birkensee-300x225.png\" width=\"400\" height=\"300\" border=\"0\" \/><\/a><\/td>\n<\/tr>\n<tr>\n<td style=\"text-align: center;\">Foto: lirdy.com<\/td>\n<\/tr>\n<\/tbody>\n<\/table>\n<p>Die Platzierungen waren gestern zweitrangig da die Startgelder f\u00fcr einen guten Zweck gespendet wurden &#8211; den M\u00e4dchentreff in N\u00fcrnberg (<a href=\"http:\/\/www.maedchentreff.de\/\">www.maedchentreff.de<\/a>). Aber wenn ich richtig mitgez\u00e4hlt habe, dann waren wir auf dem 5. Platz bei den Teams. Ein gro\u00dfes Lob an die Veranstalter Sabine und Werner vom <a href=\"http:\/\/www.team-klinikum-nuernberg.de\/v03\/pub\/index.html\" target=\"_blank\">Team Klinikum N\u00fcrnberg<\/a>, die damit jedes Jahr an ihre verstorbene Teamkollegin Anita Wiedemann gedenken.<\/p>\n<p><a href=\"https:\/\/www.lirdy.com\/event\/show\/-62085377\" target=\"_blank\">Alle Bilder gibt es hier, bei lirdy.com<\/a><\/p>\n<p>Gr\u00fc\u00dfe<br \/>\nkrelli<\/p>\n","protected":false},"excerpt":{"rendered":"<p>&#8230;bei Anitas Swim and Run am Birkensee. Julia und ich gingen dieses Jahr als Team an den Start. Julia schwamm [&hellip;]<\/p>\n","protected":false},"author":2,"featured_media":0,"comment_status":"open","ping_status":"open","sticky":false,"template":"","format":"standard","meta":{"footnotes":""},"categories":[1220],"tags":[],"class_list":["post-437","post","type-post","status-publish","format-standard","hentry","category-privates"],"yoast_head":"<!-- This site is optimized with the Yoast SEO plugin v19.8 - https:\/\/yoast.com\/wordpress\/plugins\/seo\/ -->\n<title>krelli in Gefahr... - Michael Krell Triathlon Coaching<\/title>\n<meta name=\"robots\" content=\"index, follow, max-snippet:-1, max-image-preview:large, max-video-preview:-1\" \/>\n<link rel=\"canonical\" href=\"https:\/\/www.michael-krell.com\/de\/krelli-in-gefahr-3\/\" \/>\n<meta property=\"og:locale\" content=\"de_DE\" \/>\n<meta property=\"og:type\" content=\"article\" \/>\n<meta property=\"og:title\" content=\"krelli in Gefahr... - Michael Krell Triathlon Coaching\" \/>\n<meta property=\"og:description\" content=\"&#8230;bei Anitas Swim and Run am Birkensee. Julia und ich gingen dieses Jahr als Team an den Start. Julia schwamm [&hellip;]\" \/>\n<meta property=\"og:url\" content=\"https:\/\/www.michael-krell.com\/de\/krelli-in-gefahr-3\/\" \/>\n<meta property=\"og:site_name\" content=\"Michael Krell Triathlon Coaching\" \/>\n<meta property=\"article:published_time\" content=\"2012-07-22T05:51:00+00:00\" \/>\n<meta property=\"article:modified_time\" content=\"2017-05-16T12:26:08+00:00\" \/>\n<meta property=\"og:image\" content=\"http:\/\/www.michael-krell.com\/wp-content\/uploads\/2012\/07\/krelli-birkensee-300x225.png\" \/>\n<meta name=\"author\" content=\"Michael Krell\" \/>\n<meta name=\"twitter:card\" content=\"summary_large_image\" \/>\n<meta name=\"twitter:label1\" content=\"Verfasst von\" \/>\n\t<meta name=\"twitter:data1\" content=\"Michael Krell\" \/>\n\t<meta name=\"twitter:label2\" content=\"Gesch\u00e4tzte Lesezeit\" \/>\n\t<meta name=\"twitter:data2\" content=\"1\u00a0Minute\" \/>\n<script type=\"application\/ld+json\" class=\"yoast-schema-graph\">{\"@context\":\"https:\/\/schema.org\",\"@graph\":[{\"@type\":\"WebPage\",\"@id\":\"https:\/\/www.michael-krell.com\/de\/krelli-in-gefahr-3\/\",\"url\":\"https:\/\/www.michael-krell.com\/de\/krelli-in-gefahr-3\/\",\"name\":\"krelli in Gefahr... - Michael Krell Triathlon Coaching\",\"isPartOf\":{\"@id\":\"https:\/\/www.michael-krell.com\/en\/#website\"},\"datePublished\":\"2012-07-22T05:51:00+00:00\",\"dateModified\":\"2017-05-16T12:26:08+00:00\",\"author\":{\"@id\":\"https:\/\/www.michael-krell.com\/en\/#\/schema\/person\/17d0c03cb1e15db7305e41b6170a4237\"},\"breadcrumb\":{\"@id\":\"https:\/\/www.michael-krell.com\/de\/krelli-in-gefahr-3\/#breadcrumb\"},\"inLanguage\":\"de\",\"potentialAction\":[{\"@type\":\"ReadAction\",\"target\":[\"https:\/\/www.michael-krell.com\/de\/krelli-in-gefahr-3\/\"]}]},{\"@type\":\"BreadcrumbList\",\"@id\":\"https:\/\/www.michael-krell.com\/de\/krelli-in-gefahr-3\/#breadcrumb\",\"itemListElement\":[{\"@type\":\"ListItem\",\"position\":1,\"name\":\"Startseite\",\"item\":\"https:\/\/www.michael-krell.com\/en\/\"},{\"@type\":\"ListItem\",\"position\":2,\"name\":\"krelli in Gefahr&#8230;\"}]},{\"@type\":\"WebSite\",\"@id\":\"https:\/\/www.michael-krell.com\/en\/#website\",\"url\":\"https:\/\/www.michael-krell.com\/en\/\",\"name\":\"Michael Krell Triathlon Coaching\",\"description\":\"\",\"potentialAction\":[{\"@type\":\"SearchAction\",\"target\":{\"@type\":\"EntryPoint\",\"urlTemplate\":\"https:\/\/www.michael-krell.com\/en\/?s={search_term_string}\"},\"query-input\":\"required name=search_term_string\"}],\"inLanguage\":\"de\"},{\"@type\":\"Person\",\"@id\":\"https:\/\/www.michael-krell.com\/en\/#\/schema\/person\/17d0c03cb1e15db7305e41b6170a4237\",\"name\":\"Michael Krell\",\"image\":{\"@type\":\"ImageObject\",\"inLanguage\":\"de\",\"@id\":\"https:\/\/www.michael-krell.com\/en\/#\/schema\/person\/image\/\",\"url\":\"https:\/\/secure.gravatar.com\/avatar\/33e39b9fbaf6777afb9b8559d921c4d22f4fd87cba8562434fa169fa71aeb1b3?s=96&d=mm&r=g\",\"contentUrl\":\"https:\/\/secure.gravatar.com\/avatar\/33e39b9fbaf6777afb9b8559d921c4d22f4fd87cba8562434fa169fa71aeb1b3?s=96&d=mm&r=g\",\"caption\":\"Michael Krell\"},\"url\":\"https:\/\/www.michael-krell.com\/de\/author\/krelli\/\"}]}<\/script>\n<!-- \/ Yoast SEO plugin. -->","yoast_head_json":{"title":"krelli in Gefahr... - Michael Krell Triathlon Coaching","robots":{"index":"index","follow":"follow","max-snippet":"max-snippet:-1","max-image-preview":"max-image-preview:large","max-video-preview":"max-video-preview:-1"},"canonical":"https:\/\/www.michael-krell.com\/de\/krelli-in-gefahr-3\/","og_locale":"de_DE","og_type":"article","og_title":"krelli in Gefahr... - Michael Krell Triathlon Coaching","og_description":"&#8230;bei Anitas Swim and Run am Birkensee. Julia und ich gingen dieses Jahr als Team an den Start. Julia schwamm [&hellip;]","og_url":"https:\/\/www.michael-krell.com\/de\/krelli-in-gefahr-3\/","og_site_name":"Michael Krell Triathlon Coaching","article_published_time":"2012-07-22T05:51:00+00:00","article_modified_time":"2017-05-16T12:26:08+00:00","og_image":[{"url":"http:\/\/www.michael-krell.com\/wp-content\/uploads\/2012\/07\/krelli-birkensee-300x225.png"}],"author":"Michael Krell","twitter_card":"summary_large_image","twitter_misc":{"Verfasst von":"Michael Krell","Gesch\u00e4tzte Lesezeit":"1\u00a0Minute"},"schema":{"@context":"https:\/\/schema.org","@graph":[{"@type":"WebPage","@id":"https:\/\/www.michael-krell.com\/de\/krelli-in-gefahr-3\/","url":"https:\/\/www.michael-krell.com\/de\/krelli-in-gefahr-3\/","name":"krelli in Gefahr... - Michael Krell Triathlon Coaching","isPartOf":{"@id":"https:\/\/www.michael-krell.com\/en\/#website"},"datePublished":"2012-07-22T05:51:00+00:00","dateModified":"2017-05-16T12:26:08+00:00","author":{"@id":"https:\/\/www.michael-krell.com\/en\/#\/schema\/person\/17d0c03cb1e15db7305e41b6170a4237"},"breadcrumb":{"@id":"https:\/\/www.michael-krell.com\/de\/krelli-in-gefahr-3\/#breadcrumb"},"inLanguage":"de","potentialAction":[{"@type":"ReadAction","target":["https:\/\/www.michael-krell.com\/de\/krelli-in-gefahr-3\/"]}]},{"@type":"BreadcrumbList","@id":"https:\/\/www.michael-krell.com\/de\/krelli-in-gefahr-3\/#breadcrumb","itemListElement":[{"@type":"ListItem","position":1,"name":"Startseite","item":"https:\/\/www.michael-krell.com\/en\/"},{"@type":"ListItem","position":2,"name":"krelli in Gefahr&#8230;"}]},{"@type":"WebSite","@id":"https:\/\/www.michael-krell.com\/en\/#website","url":"https:\/\/www.michael-krell.com\/en\/","name":"Michael Krell Triathlon Coaching","description":"","potentialAction":[{"@type":"SearchAction","target":{"@type":"EntryPoint","urlTemplate":"https:\/\/www.michael-krell.com\/en\/?s={search_term_string}"},"query-input":"required name=search_term_string"}],"inLanguage":"de"},{"@type":"Person","@id":"https:\/\/www.michael-krell.com\/en\/#\/schema\/person\/17d0c03cb1e15db7305e41b6170a4237","name":"Michael Krell","image":{"@type":"ImageObject","inLanguage":"de","@id":"https:\/\/www.michael-krell.com\/en\/#\/schema\/person\/image\/","url":"https:\/\/secure.gravatar.com\/avatar\/33e39b9fbaf6777afb9b8559d921c4d22f4fd87cba8562434fa169fa71aeb1b3?s=96&d=mm&r=g","contentUrl":"https:\/\/secure.gravatar.com\/avatar\/33e39b9fbaf6777afb9b8559d921c4d22f4fd87cba8562434fa169fa71aeb1b3?s=96&d=mm&r=g","caption":"Michael Krell"},"url":"https:\/\/www.michael-krell.com\/de\/author\/krelli\/"}]}},"_links":{"self":[{"href":"https:\/\/www.michael-krell.com\/de\/wp-json\/wp\/v2\/posts\/437","targetHints":{"allow":["GET"]}}],"collection":[{"href":"https:\/\/www.michael-krell.com\/de\/wp-json\/wp\/v2\/posts"}],"about":[{"href":"https:\/\/www.michael-krell.com\/de\/wp-json\/wp\/v2\/types\/post"}],"author":[{"embeddable":true,"href":"https:\/\/www.michael-krell.com\/de\/wp-json\/wp\/v2\/users\/2"}],"replies":[{"embeddable":true,"href":"https:\/\/www.michael-krell.com\/de\/wp-json\/wp\/v2\/comments?post=437"}],"version-history":[{"count":1,"href":"https:\/\/www.michael-krell.com\/de\/wp-json\/wp\/v2\/posts\/437\/revisions"}],"predecessor-version":[{"id":3557,"href":"https:\/\/www.michael-krell.com\/de\/wp-json\/wp\/v2\/posts\/437\/revisions\/3557"}],"wp:attachment":[{"href":"https:\/\/www.michael-krell.com\/de\/wp-json\/wp\/v2\/media?parent=437"}],"wp:term":[{"taxonomy":"category","embeddable":true,"href":"https:\/\/www.michael-krell.com\/de\/wp-json\/wp\/v2\/categories?post=437"},{"taxonomy":"post_tag","embeddable":true,"href":"https:\/\/www.michael-krell.com\/de\/wp-json\/wp\/v2\/tags?post=437"}],"curies":[{"name":"wp","href":"https:\/\/api.w.org\/{rel}","templated":true}]}}