{"id":461,"date":"2012-05-15T11:34:00","date_gmt":"2012-05-15T09:34:00","guid":{"rendered":"http:\/\/www.michael-krell.com\/?p=461"},"modified":"2017-05-16T14:27:21","modified_gmt":"2017-05-16T12:27:21","slug":"helferinnen-gesucht-fuer-samstag-vormittag","status":"publish","type":"post","link":"https:\/\/www.michael-krell.com\/de\/helferinnen-gesucht-fuer-samstag-vormittag\/","title":{"rendered":"Helfer\/innen gesucht f\u00fcr Samstag vormittag!!"},"content":{"rendered":"<div style=\"clear: both; text-align: center;\"><\/div>\n<div style=\"clear: both; text-align: center;\"><a style=\"margin-left: 1em; margin-right: 1em;\" href=\"http:\/\/www.michael-krell.com\/wp-content\/uploads\/2012\/05\/DSC_8250.jpg\"><img loading=\"lazy\" decoding=\"async\" src=\"http:\/\/www.michael-krell.com\/wp-content\/uploads\/2012\/05\/DSC_8250-300x199.jpg\" width=\"400\" height=\"266\" border=\"0\" \/><\/a><\/div>\n<div style=\"clear: both; text-align: center;\"><\/div>\n<table style=\"margin-left: auto; margin-right: auto; text-align: center;\" cellspacing=\"0\" cellpadding=\"0\" align=\"center\">\n<tbody>\n<tr>\n<td style=\"text-align: center;\"><a style=\"margin-left: auto; margin-right: auto;\" href=\"http:\/\/www.michael-krell.com\/wp-content\/uploads\/2012\/05\/startliste.jpg\"><img loading=\"lazy\" decoding=\"async\" src=\"http:\/\/www.michael-krell.com\/wp-content\/uploads\/2012\/05\/startliste-300x163.jpg\" width=\"400\" height=\"217\" border=\"0\" \/><\/a><\/td>\n<\/tr>\n<tr>\n<td style=\"text-align: center;\">Startliste<\/td>\n<\/tr>\n<\/tbody>\n<\/table>\n<p>Ich suche f\u00fcr das Hirschbachtalzeitfahren (Eschenbach bei Hersbruck) Samstag vormittag (9-11:30 Uhr) noch tatkr\u00e4ftige Helferinnen und Helfer! Transport von Nbg und zur\u00fcck wird organisiert. Verpflegung und kleines Pr\u00e4sent inbegriffen. UND RUHM UND EHRE nat\u00fcrlich!!!<\/p>\n<p>Die bayerische Zeitfahrelite ist am Start und wird mit 50km\/h Durchschnittsgeschwindigkeit \u00fcber die Strecke rauschen, das zu sehen ist schon ein Spektakel, und als Helfer steht ihr in der ersten Reihe. Einfach Nachricht an mich, wir freuen uns \u00fcber jede Unterst\u00fctzung (mkrell(at)gmx.de)<\/p>\n<p>Vielleicht nimmt der ein oder andere Starter einfach seinen Partner mit, welcher etwas mit anpackt. Ansonsten k\u00f6nnt ihr es auch mit einer Radausfahrt verbinden. Ohne Helfer gibt es nat\u00fcrlich keine Sportveranstaltungen, daher gebt euch einfach einen Ruck, w\u00e4r super \ud83d\ude42<\/p>\n<p>viele Gr\u00fc\u00dfe<br \/>\nkrelli<\/p>\n","protected":false},"excerpt":{"rendered":"<p>Startliste Ich suche f\u00fcr das Hirschbachtalzeitfahren (Eschenbach bei Hersbruck) Samstag vormittag (9-11:30 Uhr) noch tatkr\u00e4ftige Helferinnen und Helfer! Transport von [&hellip;]<\/p>\n","protected":false},"author":2,"featured_media":0,"comment_status":"open","ping_status":"open","sticky":false,"template":"","format":"standard","meta":{"footnotes":""},"categories":[1220],"tags":[],"class_list":["post-461","post","type-post","status-publish","format-standard","hentry","category-privates"],"yoast_head":"<!-- This site is optimized with the Yoast SEO plugin v19.8 - https:\/\/yoast.com\/wordpress\/plugins\/seo\/ -->\n<title>Helfer\/innen gesucht f\u00fcr Samstag vormittag!! - Michael Krell Triathlon Coaching<\/title>\n<meta name=\"robots\" content=\"index, follow, max-snippet:-1, max-image-preview:large, max-video-preview:-1\" \/>\n<link rel=\"canonical\" href=\"https:\/\/www.michael-krell.com\/de\/helferinnen-gesucht-fuer-samstag-vormittag\/\" \/>\n<meta property=\"og:locale\" content=\"de_DE\" \/>\n<meta property=\"og:type\" content=\"article\" \/>\n<meta property=\"og:title\" content=\"Helfer\/innen gesucht f\u00fcr Samstag vormittag!! - Michael Krell Triathlon Coaching\" \/>\n<meta property=\"og:description\" content=\"Startliste Ich suche f\u00fcr das Hirschbachtalzeitfahren (Eschenbach bei Hersbruck) Samstag vormittag (9-11:30 Uhr) noch tatkr\u00e4ftige Helferinnen und Helfer! Transport von [&hellip;]\" \/>\n<meta property=\"og:url\" content=\"https:\/\/www.michael-krell.com\/de\/helferinnen-gesucht-fuer-samstag-vormittag\/\" \/>\n<meta property=\"og:site_name\" content=\"Michael Krell Triathlon Coaching\" \/>\n<meta property=\"article:published_time\" content=\"2012-05-15T09:34:00+00:00\" \/>\n<meta property=\"article:modified_time\" content=\"2017-05-16T12:27:21+00:00\" \/>\n<meta property=\"og:image\" content=\"http:\/\/www.michael-krell.com\/wp-content\/uploads\/2012\/05\/DSC_8250-300x199.jpg\" \/>\n<meta name=\"author\" content=\"Michael Krell\" \/>\n<meta name=\"twitter:card\" content=\"summary_large_image\" \/>\n<meta name=\"twitter:label1\" content=\"Verfasst von\" \/>\n\t<meta name=\"twitter:data1\" content=\"Michael Krell\" \/>\n\t<meta name=\"twitter:label2\" content=\"Gesch\u00e4tzte Lesezeit\" \/>\n\t<meta name=\"twitter:data2\" content=\"1\u00a0Minute\" \/>\n<script type=\"application\/ld+json\" class=\"yoast-schema-graph\">{\"@context\":\"https:\/\/schema.org\",\"@graph\":[{\"@type\":\"WebPage\",\"@id\":\"https:\/\/www.michael-krell.com\/de\/helferinnen-gesucht-fuer-samstag-vormittag\/\",\"url\":\"https:\/\/www.michael-krell.com\/de\/helferinnen-gesucht-fuer-samstag-vormittag\/\",\"name\":\"Helfer\/innen gesucht f\u00fcr Samstag vormittag!! - Michael Krell Triathlon Coaching\",\"isPartOf\":{\"@id\":\"https:\/\/www.michael-krell.com\/en\/#website\"},\"datePublished\":\"2012-05-15T09:34:00+00:00\",\"dateModified\":\"2017-05-16T12:27:21+00:00\",\"author\":{\"@id\":\"https:\/\/www.michael-krell.com\/en\/#\/schema\/person\/17d0c03cb1e15db7305e41b6170a4237\"},\"breadcrumb\":{\"@id\":\"https:\/\/www.michael-krell.com\/de\/helferinnen-gesucht-fuer-samstag-vormittag\/#breadcrumb\"},\"inLanguage\":\"de\",\"potentialAction\":[{\"@type\":\"ReadAction\",\"target\":[\"https:\/\/www.michael-krell.com\/de\/helferinnen-gesucht-fuer-samstag-vormittag\/\"]}]},{\"@type\":\"BreadcrumbList\",\"@id\":\"https:\/\/www.michael-krell.com\/de\/helferinnen-gesucht-fuer-samstag-vormittag\/#breadcrumb\",\"itemListElement\":[{\"@type\":\"ListItem\",\"position\":1,\"name\":\"Startseite\",\"item\":\"https:\/\/www.michael-krell.com\/en\/\"},{\"@type\":\"ListItem\",\"position\":2,\"name\":\"Helfer\/innen gesucht f\u00fcr Samstag vormittag!!\"}]},{\"@type\":\"WebSite\",\"@id\":\"https:\/\/www.michael-krell.com\/en\/#website\",\"url\":\"https:\/\/www.michael-krell.com\/en\/\",\"name\":\"Michael Krell Triathlon Coaching\",\"description\":\"\",\"potentialAction\":[{\"@type\":\"SearchAction\",\"target\":{\"@type\":\"EntryPoint\",\"urlTemplate\":\"https:\/\/www.michael-krell.com\/en\/?s={search_term_string}\"},\"query-input\":\"required name=search_term_string\"}],\"inLanguage\":\"de\"},{\"@type\":\"Person\",\"@id\":\"https:\/\/www.michael-krell.com\/en\/#\/schema\/person\/17d0c03cb1e15db7305e41b6170a4237\",\"name\":\"Michael Krell\",\"image\":{\"@type\":\"ImageObject\",\"inLanguage\":\"de\",\"@id\":\"https:\/\/www.michael-krell.com\/en\/#\/schema\/person\/image\/\",\"url\":\"https:\/\/secure.gravatar.com\/avatar\/33e39b9fbaf6777afb9b8559d921c4d22f4fd87cba8562434fa169fa71aeb1b3?s=96&d=mm&r=g\",\"contentUrl\":\"https:\/\/secure.gravatar.com\/avatar\/33e39b9fbaf6777afb9b8559d921c4d22f4fd87cba8562434fa169fa71aeb1b3?s=96&d=mm&r=g\",\"caption\":\"Michael Krell\"},\"url\":\"https:\/\/www.michael-krell.com\/de\/author\/krelli\/\"}]}<\/script>\n<!-- \/ Yoast SEO plugin. -->","yoast_head_json":{"title":"Helfer\/innen gesucht f\u00fcr Samstag vormittag!! - Michael Krell Triathlon Coaching","robots":{"index":"index","follow":"follow","max-snippet":"max-snippet:-1","max-image-preview":"max-image-preview:large","max-video-preview":"max-video-preview:-1"},"canonical":"https:\/\/www.michael-krell.com\/de\/helferinnen-gesucht-fuer-samstag-vormittag\/","og_locale":"de_DE","og_type":"article","og_title":"Helfer\/innen gesucht f\u00fcr Samstag vormittag!! - Michael Krell Triathlon Coaching","og_description":"Startliste Ich suche f\u00fcr das Hirschbachtalzeitfahren (Eschenbach bei Hersbruck) Samstag vormittag (9-11:30 Uhr) noch tatkr\u00e4ftige Helferinnen und Helfer! Transport von [&hellip;]","og_url":"https:\/\/www.michael-krell.com\/de\/helferinnen-gesucht-fuer-samstag-vormittag\/","og_site_name":"Michael Krell Triathlon Coaching","article_published_time":"2012-05-15T09:34:00+00:00","article_modified_time":"2017-05-16T12:27:21+00:00","og_image":[{"url":"http:\/\/www.michael-krell.com\/wp-content\/uploads\/2012\/05\/DSC_8250-300x199.jpg"}],"author":"Michael Krell","twitter_card":"summary_large_image","twitter_misc":{"Verfasst von":"Michael Krell","Gesch\u00e4tzte Lesezeit":"1\u00a0Minute"},"schema":{"@context":"https:\/\/schema.org","@graph":[{"@type":"WebPage","@id":"https:\/\/www.michael-krell.com\/de\/helferinnen-gesucht-fuer-samstag-vormittag\/","url":"https:\/\/www.michael-krell.com\/de\/helferinnen-gesucht-fuer-samstag-vormittag\/","name":"Helfer\/innen gesucht f\u00fcr Samstag vormittag!! - Michael Krell Triathlon Coaching","isPartOf":{"@id":"https:\/\/www.michael-krell.com\/en\/#website"},"datePublished":"2012-05-15T09:34:00+00:00","dateModified":"2017-05-16T12:27:21+00:00","author":{"@id":"https:\/\/www.michael-krell.com\/en\/#\/schema\/person\/17d0c03cb1e15db7305e41b6170a4237"},"breadcrumb":{"@id":"https:\/\/www.michael-krell.com\/de\/helferinnen-gesucht-fuer-samstag-vormittag\/#breadcrumb"},"inLanguage":"de","potentialAction":[{"@type":"ReadAction","target":["https:\/\/www.michael-krell.com\/de\/helferinnen-gesucht-fuer-samstag-vormittag\/"]}]},{"@type":"BreadcrumbList","@id":"https:\/\/www.michael-krell.com\/de\/helferinnen-gesucht-fuer-samstag-vormittag\/#breadcrumb","itemListElement":[{"@type":"ListItem","position":1,"name":"Startseite","item":"https:\/\/www.michael-krell.com\/en\/"},{"@type":"ListItem","position":2,"name":"Helfer\/innen gesucht f\u00fcr Samstag vormittag!!"}]},{"@type":"WebSite","@id":"https:\/\/www.michael-krell.com\/en\/#website","url":"https:\/\/www.michael-krell.com\/en\/","name":"Michael Krell Triathlon Coaching","description":"","potentialAction":[{"@type":"SearchAction","target":{"@type":"EntryPoint","urlTemplate":"https:\/\/www.michael-krell.com\/en\/?s={search_term_string}"},"query-input":"required name=search_term_string"}],"inLanguage":"de"},{"@type":"Person","@id":"https:\/\/www.michael-krell.com\/en\/#\/schema\/person\/17d0c03cb1e15db7305e41b6170a4237","name":"Michael Krell","image":{"@type":"ImageObject","inLanguage":"de","@id":"https:\/\/www.michael-krell.com\/en\/#\/schema\/person\/image\/","url":"https:\/\/secure.gravatar.com\/avatar\/33e39b9fbaf6777afb9b8559d921c4d22f4fd87cba8562434fa169fa71aeb1b3?s=96&d=mm&r=g","contentUrl":"https:\/\/secure.gravatar.com\/avatar\/33e39b9fbaf6777afb9b8559d921c4d22f4fd87cba8562434fa169fa71aeb1b3?s=96&d=mm&r=g","caption":"Michael Krell"},"url":"https:\/\/www.michael-krell.com\/de\/author\/krelli\/"}]}},"_links":{"self":[{"href":"https:\/\/www.michael-krell.com\/de\/wp-json\/wp\/v2\/posts\/461","targetHints":{"allow":["GET"]}}],"collection":[{"href":"https:\/\/www.michael-krell.com\/de\/wp-json\/wp\/v2\/posts"}],"about":[{"href":"https:\/\/www.michael-krell.com\/de\/wp-json\/wp\/v2\/types\/post"}],"author":[{"embeddable":true,"href":"https:\/\/www.michael-krell.com\/de\/wp-json\/wp\/v2\/users\/2"}],"replies":[{"embeddable":true,"href":"https:\/\/www.michael-krell.com\/de\/wp-json\/wp\/v2\/comments?post=461"}],"version-history":[{"count":1,"href":"https:\/\/www.michael-krell.com\/de\/wp-json\/wp\/v2\/posts\/461\/revisions"}],"predecessor-version":[{"id":3594,"href":"https:\/\/www.michael-krell.com\/de\/wp-json\/wp\/v2\/posts\/461\/revisions\/3594"}],"wp:attachment":[{"href":"https:\/\/www.michael-krell.com\/de\/wp-json\/wp\/v2\/media?parent=461"}],"wp:term":[{"taxonomy":"category","embeddable":true,"href":"https:\/\/www.michael-krell.com\/de\/wp-json\/wp\/v2\/categories?post=461"},{"taxonomy":"post_tag","embeddable":true,"href":"https:\/\/www.michael-krell.com\/de\/wp-json\/wp\/v2\/tags?post=461"}],"curies":[{"name":"wp","href":"https:\/\/api.w.org\/{rel}","templated":true}]}}