{"id":4651,"date":"2018-08-09T12:03:17","date_gmt":"2018-08-09T10:03:17","guid":{"rendered":"http:\/\/www.michael-krell.com\/?p=4651"},"modified":"2018-08-09T12:38:04","modified_gmt":"2018-08-09T10:38:04","slug":"motivation-fuer-den-coach-849-std","status":"publish","type":"post","link":"https:\/\/www.michael-krell.com\/de\/motivation-fuer-den-coach-849-std\/","title":{"rendered":"Motivation f\u00fcr den Coach &#8211; 8:49"},"content":{"rendered":"<p><a href=\"http:\/\/www.michael-krell.com\/wp-content\/uploads\/2018\/08\/38696036_10212105485341077_3217128494106411008_n.jpg\"><img loading=\"lazy\" decoding=\"async\" class=\"alignleft wp-image-4650 size-medium\" src=\"http:\/\/www.michael-krell.com\/wp-content\/uploads\/2018\/08\/38696036_10212105485341077_3217128494106411008_n-200x300.jpg\" alt=\"\" width=\"200\" height=\"300\" srcset=\"https:\/\/www.michael-krell.com\/wp-content\/uploads\/2018\/08\/38696036_10212105485341077_3217128494106411008_n-200x300.jpg 200w, https:\/\/www.michael-krell.com\/wp-content\/uploads\/2018\/08\/38696036_10212105485341077_3217128494106411008_n.jpg 639w\" sizes=\"auto, (max-width: 200px) 100vw, 200px\" \/><\/a>Da hat Philipp am Wochenende richtig einen rausgehauen in Tallinn! Gl\u00fcckwunsch zur neuen Bestzeit. Philipp ist seit 2010 selber erfolgreicher Triathlon Trainer mit <a href=\"http:\/\/www.personal-peak.com\/\" target=\"_blank\" rel=\"noopener noreferrer\">Personal Peak <\/a>und au\u00dferdem ein supersympathischer Typ. Also wer aus \u00d6sterreich kommt und einen Trainer sucht, Philipp ist euer Mann! Seit einem Jahr trainiere ich ihn, und dass es fruchtet, das hat er am Wochenende eindrucksvoll unter Beweis gestellt!<\/p>\n<p>Gerade als Trainer k\u00fcmmert man sich mit der Zeit, wenn es einem ernst ist, und man es nicht nur nebenbei betreibt, mehr um die sportlichen Belange seiner Athleten als um seine eigenen. Deswegen profitieren auch Trainer von externen Vorgaben. Zum einen um den Trott zu druchbrechen, aber auch vor allem zur Motivation. Denn es ist komplett was anderes wenn dir jemand im Nacken sitzt der regelm\u00e4\u00dfig dein Training kontrolliert, Vorgaben anpasst, und wissen will wie es l\u00e4uft, als wenn man allein vor sich hintrainiert. Da f\u00e4llt es deutlich schwerer Ausreden zu finden \ud83d\ude09<\/p>\n<p>in dem Sinne, no excuses!<\/p>\n<p>Michael<\/p>\n<p>&nbsp;<\/p>\n<p>&nbsp;<\/p>\n","protected":false},"excerpt":{"rendered":"<p>Da hat Philipp am Wochenende richtig einen rausgehauen in Tallinn! Gl\u00fcckwunsch zur neuen Bestzeit. Philipp ist seit 2010 selber erfolgreicher [&hellip;]<\/p>\n","protected":false},"author":2,"featured_media":4650,"comment_status":"closed","ping_status":"open","sticky":false,"template":"","format":"standard","meta":{"footnotes":""},"categories":[1219],"tags":[1252,1189,1187,1251,1250,1081,1186,1188,1080],"class_list":["post-4651","post","type-post","status-publish","format-standard","has-post-thumbnail","hentry","category-coaching","tag-ironman-estland","tag-krelli","tag-michael-krell","tag-personal-peak","tag-philipp-reiner","tag-triathlon-coach-2","tag-triathlon-coaching","tag-triathlon-trainer","tag-triathlon-training-2"],"yoast_head":"<!-- This site is optimized with the Yoast SEO plugin v19.8 - https:\/\/yoast.com\/wordpress\/plugins\/seo\/ -->\n<title>Motivation f\u00fcr den Coach - 8:49 - Michael Krell Triathlon Coaching<\/title>\n<meta name=\"robots\" content=\"index, follow, max-snippet:-1, max-image-preview:large, max-video-preview:-1\" \/>\n<link rel=\"canonical\" href=\"https:\/\/www.michael-krell.com\/de\/motivation-fuer-den-coach-849-std\/\" \/>\n<meta property=\"og:locale\" content=\"de_DE\" \/>\n<meta property=\"og:type\" content=\"article\" \/>\n<meta property=\"og:title\" content=\"Motivation f\u00fcr den Coach - 8:49 - Michael Krell Triathlon Coaching\" \/>\n<meta property=\"og:description\" content=\"Da hat Philipp am Wochenende richtig einen rausgehauen in Tallinn! Gl\u00fcckwunsch zur neuen Bestzeit. Philipp ist seit 2010 selber erfolgreicher [&hellip;]\" \/>\n<meta property=\"og:url\" content=\"https:\/\/www.michael-krell.com\/de\/motivation-fuer-den-coach-849-std\/\" \/>\n<meta property=\"og:site_name\" content=\"Michael Krell Triathlon Coaching\" \/>\n<meta property=\"article:published_time\" content=\"2018-08-09T10:03:17+00:00\" \/>\n<meta property=\"article:modified_time\" content=\"2018-08-09T10:38:04+00:00\" \/>\n<meta property=\"og:image\" content=\"https:\/\/www.michael-krell.com\/wp-content\/uploads\/2018\/08\/38696036_10212105485341077_3217128494106411008_n.jpg\" \/>\n\t<meta property=\"og:image:width\" content=\"639\" \/>\n\t<meta property=\"og:image:height\" content=\"960\" \/>\n\t<meta property=\"og:image:type\" content=\"image\/jpeg\" \/>\n<meta name=\"author\" content=\"Michael Krell\" \/>\n<meta name=\"twitter:card\" content=\"summary_large_image\" \/>\n<meta name=\"twitter:label1\" content=\"Verfasst von\" \/>\n\t<meta name=\"twitter:data1\" content=\"Michael Krell\" \/>\n\t<meta name=\"twitter:label2\" content=\"Gesch\u00e4tzte Lesezeit\" \/>\n\t<meta name=\"twitter:data2\" content=\"1\u00a0Minute\" \/>\n<script type=\"application\/ld+json\" class=\"yoast-schema-graph\">{\"@context\":\"https:\/\/schema.org\",\"@graph\":[{\"@type\":\"WebPage\",\"@id\":\"https:\/\/www.michael-krell.com\/de\/motivation-fuer-den-coach-849-std\/\",\"url\":\"https:\/\/www.michael-krell.com\/de\/motivation-fuer-den-coach-849-std\/\",\"name\":\"Motivation f\u00fcr den Coach - 8:49 - Michael Krell Triathlon Coaching\",\"isPartOf\":{\"@id\":\"https:\/\/www.michael-krell.com\/en\/#website\"},\"datePublished\":\"2018-08-09T10:03:17+00:00\",\"dateModified\":\"2018-08-09T10:38:04+00:00\",\"author\":{\"@id\":\"https:\/\/www.michael-krell.com\/en\/#\/schema\/person\/17d0c03cb1e15db7305e41b6170a4237\"},\"breadcrumb\":{\"@id\":\"https:\/\/www.michael-krell.com\/de\/motivation-fuer-den-coach-849-std\/#breadcrumb\"},\"inLanguage\":\"de\",\"potentialAction\":[{\"@type\":\"ReadAction\",\"target\":[\"https:\/\/www.michael-krell.com\/de\/motivation-fuer-den-coach-849-std\/\"]}]},{\"@type\":\"BreadcrumbList\",\"@id\":\"https:\/\/www.michael-krell.com\/de\/motivation-fuer-den-coach-849-std\/#breadcrumb\",\"itemListElement\":[{\"@type\":\"ListItem\",\"position\":1,\"name\":\"Startseite\",\"item\":\"https:\/\/www.michael-krell.com\/en\/\"},{\"@type\":\"ListItem\",\"position\":2,\"name\":\"Motivation f\u00fcr den Coach &#8211; 8:49\"}]},{\"@type\":\"WebSite\",\"@id\":\"https:\/\/www.michael-krell.com\/en\/#website\",\"url\":\"https:\/\/www.michael-krell.com\/en\/\",\"name\":\"Michael Krell Triathlon Coaching\",\"description\":\"\",\"potentialAction\":[{\"@type\":\"SearchAction\",\"target\":{\"@type\":\"EntryPoint\",\"urlTemplate\":\"https:\/\/www.michael-krell.com\/en\/?s={search_term_string}\"},\"query-input\":\"required name=search_term_string\"}],\"inLanguage\":\"de\"},{\"@type\":\"Person\",\"@id\":\"https:\/\/www.michael-krell.com\/en\/#\/schema\/person\/17d0c03cb1e15db7305e41b6170a4237\",\"name\":\"Michael Krell\",\"image\":{\"@type\":\"ImageObject\",\"inLanguage\":\"de\",\"@id\":\"https:\/\/www.michael-krell.com\/en\/#\/schema\/person\/image\/\",\"url\":\"https:\/\/secure.gravatar.com\/avatar\/33e39b9fbaf6777afb9b8559d921c4d22f4fd87cba8562434fa169fa71aeb1b3?s=96&d=mm&r=g\",\"contentUrl\":\"https:\/\/secure.gravatar.com\/avatar\/33e39b9fbaf6777afb9b8559d921c4d22f4fd87cba8562434fa169fa71aeb1b3?s=96&d=mm&r=g\",\"caption\":\"Michael Krell\"},\"url\":\"https:\/\/www.michael-krell.com\/de\/author\/krelli\/\"}]}<\/script>\n<!-- \/ Yoast SEO plugin. -->","yoast_head_json":{"title":"Motivation f\u00fcr den Coach - 8:49 - Michael Krell Triathlon Coaching","robots":{"index":"index","follow":"follow","max-snippet":"max-snippet:-1","max-image-preview":"max-image-preview:large","max-video-preview":"max-video-preview:-1"},"canonical":"https:\/\/www.michael-krell.com\/de\/motivation-fuer-den-coach-849-std\/","og_locale":"de_DE","og_type":"article","og_title":"Motivation f\u00fcr den Coach - 8:49 - Michael Krell Triathlon Coaching","og_description":"Da hat Philipp am Wochenende richtig einen rausgehauen in Tallinn! Gl\u00fcckwunsch zur neuen Bestzeit. Philipp ist seit 2010 selber erfolgreicher [&hellip;]","og_url":"https:\/\/www.michael-krell.com\/de\/motivation-fuer-den-coach-849-std\/","og_site_name":"Michael Krell Triathlon Coaching","article_published_time":"2018-08-09T10:03:17+00:00","article_modified_time":"2018-08-09T10:38:04+00:00","og_image":[{"width":639,"height":960,"url":"https:\/\/www.michael-krell.com\/wp-content\/uploads\/2018\/08\/38696036_10212105485341077_3217128494106411008_n.jpg","type":"image\/jpeg"}],"author":"Michael Krell","twitter_card":"summary_large_image","twitter_misc":{"Verfasst von":"Michael Krell","Gesch\u00e4tzte Lesezeit":"1\u00a0Minute"},"schema":{"@context":"https:\/\/schema.org","@graph":[{"@type":"WebPage","@id":"https:\/\/www.michael-krell.com\/de\/motivation-fuer-den-coach-849-std\/","url":"https:\/\/www.michael-krell.com\/de\/motivation-fuer-den-coach-849-std\/","name":"Motivation f\u00fcr den Coach - 8:49 - Michael Krell Triathlon Coaching","isPartOf":{"@id":"https:\/\/www.michael-krell.com\/en\/#website"},"datePublished":"2018-08-09T10:03:17+00:00","dateModified":"2018-08-09T10:38:04+00:00","author":{"@id":"https:\/\/www.michael-krell.com\/en\/#\/schema\/person\/17d0c03cb1e15db7305e41b6170a4237"},"breadcrumb":{"@id":"https:\/\/www.michael-krell.com\/de\/motivation-fuer-den-coach-849-std\/#breadcrumb"},"inLanguage":"de","potentialAction":[{"@type":"ReadAction","target":["https:\/\/www.michael-krell.com\/de\/motivation-fuer-den-coach-849-std\/"]}]},{"@type":"BreadcrumbList","@id":"https:\/\/www.michael-krell.com\/de\/motivation-fuer-den-coach-849-std\/#breadcrumb","itemListElement":[{"@type":"ListItem","position":1,"name":"Startseite","item":"https:\/\/www.michael-krell.com\/en\/"},{"@type":"ListItem","position":2,"name":"Motivation f\u00fcr den Coach &#8211; 8:49"}]},{"@type":"WebSite","@id":"https:\/\/www.michael-krell.com\/en\/#website","url":"https:\/\/www.michael-krell.com\/en\/","name":"Michael Krell Triathlon Coaching","description":"","potentialAction":[{"@type":"SearchAction","target":{"@type":"EntryPoint","urlTemplate":"https:\/\/www.michael-krell.com\/en\/?s={search_term_string}"},"query-input":"required name=search_term_string"}],"inLanguage":"de"},{"@type":"Person","@id":"https:\/\/www.michael-krell.com\/en\/#\/schema\/person\/17d0c03cb1e15db7305e41b6170a4237","name":"Michael Krell","image":{"@type":"ImageObject","inLanguage":"de","@id":"https:\/\/www.michael-krell.com\/en\/#\/schema\/person\/image\/","url":"https:\/\/secure.gravatar.com\/avatar\/33e39b9fbaf6777afb9b8559d921c4d22f4fd87cba8562434fa169fa71aeb1b3?s=96&d=mm&r=g","contentUrl":"https:\/\/secure.gravatar.com\/avatar\/33e39b9fbaf6777afb9b8559d921c4d22f4fd87cba8562434fa169fa71aeb1b3?s=96&d=mm&r=g","caption":"Michael Krell"},"url":"https:\/\/www.michael-krell.com\/de\/author\/krelli\/"}]}},"_links":{"self":[{"href":"https:\/\/www.michael-krell.com\/de\/wp-json\/wp\/v2\/posts\/4651","targetHints":{"allow":["GET"]}}],"collection":[{"href":"https:\/\/www.michael-krell.com\/de\/wp-json\/wp\/v2\/posts"}],"about":[{"href":"https:\/\/www.michael-krell.com\/de\/wp-json\/wp\/v2\/types\/post"}],"author":[{"embeddable":true,"href":"https:\/\/www.michael-krell.com\/de\/wp-json\/wp\/v2\/users\/2"}],"replies":[{"embeddable":true,"href":"https:\/\/www.michael-krell.com\/de\/wp-json\/wp\/v2\/comments?post=4651"}],"version-history":[{"count":7,"href":"https:\/\/www.michael-krell.com\/de\/wp-json\/wp\/v2\/posts\/4651\/revisions"}],"predecessor-version":[{"id":4658,"href":"https:\/\/www.michael-krell.com\/de\/wp-json\/wp\/v2\/posts\/4651\/revisions\/4658"}],"wp:featuredmedia":[{"embeddable":true,"href":"https:\/\/www.michael-krell.com\/de\/wp-json\/wp\/v2\/media\/4650"}],"wp:attachment":[{"href":"https:\/\/www.michael-krell.com\/de\/wp-json\/wp\/v2\/media?parent=4651"}],"wp:term":[{"taxonomy":"category","embeddable":true,"href":"https:\/\/www.michael-krell.com\/de\/wp-json\/wp\/v2\/categories?post=4651"},{"taxonomy":"post_tag","embeddable":true,"href":"https:\/\/www.michael-krell.com\/de\/wp-json\/wp\/v2\/tags?post=4651"}],"curies":[{"name":"wp","href":"https:\/\/api.w.org\/{rel}","templated":true}]}}