{"id":467,"date":"2012-05-01T23:08:00","date_gmt":"2012-05-01T21:08:00","guid":{"rendered":"http:\/\/www.michael-krell.com\/?p=467"},"modified":"2017-04-18T13:05:02","modified_gmt":"2017-04-18T11:05:02","slug":"wettkampftag","status":"publish","type":"post","link":"https:\/\/www.michael-krell.com\/de\/wettkampftag\/","title":{"rendered":"Wettkampftag"},"content":{"rendered":"<p>F\u00fcr ziemlich viele meiner Athleten war heute Wettkampftag&#8230;und um das vorweg zu nehmen, ich bin echt stolz auf die Jungs. Da macht es richtig Spa\u00df nur am Streckenrand zu stehen und mir die Seele aus dem Leib zu br\u00fcllen<\/p>\n<p>Zum einen beim Amberg Triathlon, den ich mir selber angeschaut habe. Dort lieferte<a href=\"http:\/\/neumannfrank.blogspot.de\/\" target=\"_blank\"> Frank<\/a> nicht nur ein super Rennen, sondern gewann es auch in sover\u00e4ner Manier vor Ralf Preissl. Ab Radkilometer 3 \u00fcbernahm er die F\u00fchrung und gab sie bis zum Schluss nicht mehr aus den H\u00e4nden. Ebenfalls gut unterwegs war Andi, der es auf dem Rad hat krachen lassen. Nat\u00fcrlich l\u00e4uft es auch nicht immer perfekt, das w\u00e4re utopisch. Dementsprechend hart wurde es f\u00fcr Jan und Philip, die sich allerdings bis zum Schluss durchgebissen haben!<\/p>\n<div style=\"clear: both; text-align: center;\"><a style=\"margin-left: 1em; margin-right: 1em;\" href=\"http:\/\/www.michael-krell.com\/wp-content\/uploads\/2012\/05\/neumann1.jpg\"><img loading=\"lazy\" decoding=\"async\" src=\"http:\/\/www.michael-krell.com\/wp-content\/uploads\/2012\/05\/neumann1-225x300.jpg\" width=\"298\" height=\"400\" border=\"0\" \/><\/a><\/div>\n<div style=\"text-align: center;\">\u00a0<span style=\"font-size: x-small;\">Frank Neumann (Bild J\u00f6rg-Christoph Schaal)<\/span><\/div>\n<p>Etwas weiter weg, n\u00e4mlich in \u00d6sterreich lief mein &#8222;J\u00fcngster&#8220; Christian Mayer, zur Hochform auf und gewann mit unheimlichen Raddruck die Junioren Landesmeisterschaften im Duathlon.<\/p>\n<div style=\"clear: both; text-align: center;\"><a style=\"margin-left: 1em; margin-right: 1em;\" href=\"http:\/\/www.michael-krell.com\/wp-content\/uploads\/2012\/05\/duathlon.jpg\"><img loading=\"lazy\" decoding=\"async\" src=\"http:\/\/www.michael-krell.com\/wp-content\/uploads\/2012\/05\/duathlon-152x300.jpg\" width=\"202\" height=\"400\" border=\"0\" \/><\/a><\/div>\n<p>Und last but not least fand wiederum ganz in der N\u00e4he der Hilpoltsteiner Duathlon statt. Dort schlugen sich Michael (7.), Stefan (9.), Stephan (24.) und Daniel (25.) allesamt tapfer und belegten nicht nur gute Platzierungen, sondern verbesserten sich auch deutlich im Vergleich zur Vorjahreszeit. Und das obwohl drei von Ihnen schon vor zwei Tagen in M\u00fcnchen beim Ligatriathlon am Start waren. Wenn man die Reize gut platziert, dann sind auch Doppelstarts kein gro\u00dfes Problem. Anschlie\u00dfend sollte es dann aber schon ein kompletter Ruhetag sein.<\/p>\n<div style=\"clear: both; text-align: center;\"><a style=\"margin-left: 1em; margin-right: 1em;\" href=\"http:\/\/www.michael-krell.com\/wp-content\/uploads\/2012\/05\/Bild-f-C3-BCr-Krelli2.jpg\"><img loading=\"lazy\" decoding=\"async\" src=\"http:\/\/www.michael-krell.com\/wp-content\/uploads\/2012\/05\/Bild-f-C3-BCr-Krelli2-288x300.jpg\" width=\"383\" height=\"400\" border=\"0\" \/><\/a><\/div>\n<div style=\"text-align: center;\">\u00a0<span style=\"font-size: x-small;\">Graxi und Dani<\/span><\/div>\n<p>Hoffentlich habe ich jetzt keinen vergessen, der heute ebenfalls im Rennen unterwegs war&#8230;<\/p>\n<p>In diesem Sinne w\u00fcnsche ich euch allen gutes Training und hoffe das dies den ein oder anderen f\u00fcr diese Woche motiviert. Training zahlt sich aus!<\/p>\n<p>Gr\u00fc\u00dfe<br \/>\nkrelli<\/p>\n","protected":false},"excerpt":{"rendered":"<p>F\u00fcr ziemlich viele meiner Athleten war heute Wettkampftag&#8230;und um das vorweg zu nehmen, ich bin echt stolz auf die Jungs. [&hellip;]<\/p>\n","protected":false},"author":2,"featured_media":1546,"comment_status":"open","ping_status":"open","sticky":false,"template":"","format":"standard","meta":{"footnotes":""},"categories":[1220],"tags":[],"class_list":["post-467","post","type-post","status-publish","format-standard","has-post-thumbnail","hentry","category-privates"],"yoast_head":"<!-- This site is optimized with the Yoast SEO plugin v19.8 - https:\/\/yoast.com\/wordpress\/plugins\/seo\/ -->\n<title>Wettkampftag - Michael Krell Triathlon Coaching<\/title>\n<meta name=\"robots\" content=\"index, follow, max-snippet:-1, max-image-preview:large, max-video-preview:-1\" \/>\n<link rel=\"canonical\" href=\"https:\/\/www.michael-krell.com\/de\/wettkampftag\/\" \/>\n<meta property=\"og:locale\" content=\"de_DE\" \/>\n<meta property=\"og:type\" content=\"article\" \/>\n<meta property=\"og:title\" content=\"Wettkampftag - Michael Krell Triathlon Coaching\" \/>\n<meta property=\"og:description\" content=\"F\u00fcr ziemlich viele meiner Athleten war heute Wettkampftag&#8230;und um das vorweg zu nehmen, ich bin echt stolz auf die Jungs. [&hellip;]\" \/>\n<meta property=\"og:url\" content=\"https:\/\/www.michael-krell.com\/de\/wettkampftag\/\" \/>\n<meta property=\"og:site_name\" content=\"Michael Krell Triathlon Coaching\" \/>\n<meta property=\"article:published_time\" content=\"2012-05-01T21:08:00+00:00\" \/>\n<meta property=\"article:modified_time\" content=\"2017-04-18T11:05:02+00:00\" \/>\n<meta property=\"og:image\" content=\"https:\/\/www.michael-krell.com\/wp-content\/uploads\/2012\/05\/neumann1.jpg\" \/>\n\t<meta property=\"og:image:width\" content=\"768\" \/>\n\t<meta property=\"og:image:height\" content=\"1024\" \/>\n\t<meta property=\"og:image:type\" content=\"image\/jpeg\" \/>\n<meta name=\"author\" content=\"Michael Krell\" \/>\n<meta name=\"twitter:card\" content=\"summary_large_image\" \/>\n<meta name=\"twitter:label1\" content=\"Verfasst von\" \/>\n\t<meta name=\"twitter:data1\" content=\"Michael Krell\" \/>\n\t<meta name=\"twitter:label2\" content=\"Gesch\u00e4tzte Lesezeit\" \/>\n\t<meta name=\"twitter:data2\" content=\"1\u00a0Minute\" \/>\n<script type=\"application\/ld+json\" class=\"yoast-schema-graph\">{\"@context\":\"https:\/\/schema.org\",\"@graph\":[{\"@type\":\"WebPage\",\"@id\":\"https:\/\/www.michael-krell.com\/de\/wettkampftag\/\",\"url\":\"https:\/\/www.michael-krell.com\/de\/wettkampftag\/\",\"name\":\"Wettkampftag - Michael Krell Triathlon Coaching\",\"isPartOf\":{\"@id\":\"https:\/\/www.michael-krell.com\/en\/#website\"},\"datePublished\":\"2012-05-01T21:08:00+00:00\",\"dateModified\":\"2017-04-18T11:05:02+00:00\",\"author\":{\"@id\":\"https:\/\/www.michael-krell.com\/en\/#\/schema\/person\/17d0c03cb1e15db7305e41b6170a4237\"},\"breadcrumb\":{\"@id\":\"https:\/\/www.michael-krell.com\/de\/wettkampftag\/#breadcrumb\"},\"inLanguage\":\"de\",\"potentialAction\":[{\"@type\":\"ReadAction\",\"target\":[\"https:\/\/www.michael-krell.com\/de\/wettkampftag\/\"]}]},{\"@type\":\"BreadcrumbList\",\"@id\":\"https:\/\/www.michael-krell.com\/de\/wettkampftag\/#breadcrumb\",\"itemListElement\":[{\"@type\":\"ListItem\",\"position\":1,\"name\":\"Startseite\",\"item\":\"https:\/\/www.michael-krell.com\/en\/\"},{\"@type\":\"ListItem\",\"position\":2,\"name\":\"Wettkampftag\"}]},{\"@type\":\"WebSite\",\"@id\":\"https:\/\/www.michael-krell.com\/en\/#website\",\"url\":\"https:\/\/www.michael-krell.com\/en\/\",\"name\":\"Michael Krell Triathlon Coaching\",\"description\":\"\",\"potentialAction\":[{\"@type\":\"SearchAction\",\"target\":{\"@type\":\"EntryPoint\",\"urlTemplate\":\"https:\/\/www.michael-krell.com\/en\/?s={search_term_string}\"},\"query-input\":\"required name=search_term_string\"}],\"inLanguage\":\"de\"},{\"@type\":\"Person\",\"@id\":\"https:\/\/www.michael-krell.com\/en\/#\/schema\/person\/17d0c03cb1e15db7305e41b6170a4237\",\"name\":\"Michael Krell\",\"image\":{\"@type\":\"ImageObject\",\"inLanguage\":\"de\",\"@id\":\"https:\/\/www.michael-krell.com\/en\/#\/schema\/person\/image\/\",\"url\":\"https:\/\/secure.gravatar.com\/avatar\/33e39b9fbaf6777afb9b8559d921c4d22f4fd87cba8562434fa169fa71aeb1b3?s=96&d=mm&r=g\",\"contentUrl\":\"https:\/\/secure.gravatar.com\/avatar\/33e39b9fbaf6777afb9b8559d921c4d22f4fd87cba8562434fa169fa71aeb1b3?s=96&d=mm&r=g\",\"caption\":\"Michael Krell\"},\"url\":\"https:\/\/www.michael-krell.com\/de\/author\/krelli\/\"}]}<\/script>\n<!-- \/ Yoast SEO plugin. -->","yoast_head_json":{"title":"Wettkampftag - Michael Krell Triathlon Coaching","robots":{"index":"index","follow":"follow","max-snippet":"max-snippet:-1","max-image-preview":"max-image-preview:large","max-video-preview":"max-video-preview:-1"},"canonical":"https:\/\/www.michael-krell.com\/de\/wettkampftag\/","og_locale":"de_DE","og_type":"article","og_title":"Wettkampftag - Michael Krell Triathlon Coaching","og_description":"F\u00fcr ziemlich viele meiner Athleten war heute Wettkampftag&#8230;und um das vorweg zu nehmen, ich bin echt stolz auf die Jungs. [&hellip;]","og_url":"https:\/\/www.michael-krell.com\/de\/wettkampftag\/","og_site_name":"Michael Krell Triathlon Coaching","article_published_time":"2012-05-01T21:08:00+00:00","article_modified_time":"2017-04-18T11:05:02+00:00","og_image":[{"width":768,"height":1024,"url":"https:\/\/www.michael-krell.com\/wp-content\/uploads\/2012\/05\/neumann1.jpg","type":"image\/jpeg"}],"author":"Michael Krell","twitter_card":"summary_large_image","twitter_misc":{"Verfasst von":"Michael Krell","Gesch\u00e4tzte Lesezeit":"1\u00a0Minute"},"schema":{"@context":"https:\/\/schema.org","@graph":[{"@type":"WebPage","@id":"https:\/\/www.michael-krell.com\/de\/wettkampftag\/","url":"https:\/\/www.michael-krell.com\/de\/wettkampftag\/","name":"Wettkampftag - Michael Krell Triathlon Coaching","isPartOf":{"@id":"https:\/\/www.michael-krell.com\/en\/#website"},"datePublished":"2012-05-01T21:08:00+00:00","dateModified":"2017-04-18T11:05:02+00:00","author":{"@id":"https:\/\/www.michael-krell.com\/en\/#\/schema\/person\/17d0c03cb1e15db7305e41b6170a4237"},"breadcrumb":{"@id":"https:\/\/www.michael-krell.com\/de\/wettkampftag\/#breadcrumb"},"inLanguage":"de","potentialAction":[{"@type":"ReadAction","target":["https:\/\/www.michael-krell.com\/de\/wettkampftag\/"]}]},{"@type":"BreadcrumbList","@id":"https:\/\/www.michael-krell.com\/de\/wettkampftag\/#breadcrumb","itemListElement":[{"@type":"ListItem","position":1,"name":"Startseite","item":"https:\/\/www.michael-krell.com\/en\/"},{"@type":"ListItem","position":2,"name":"Wettkampftag"}]},{"@type":"WebSite","@id":"https:\/\/www.michael-krell.com\/en\/#website","url":"https:\/\/www.michael-krell.com\/en\/","name":"Michael Krell Triathlon Coaching","description":"","potentialAction":[{"@type":"SearchAction","target":{"@type":"EntryPoint","urlTemplate":"https:\/\/www.michael-krell.com\/en\/?s={search_term_string}"},"query-input":"required name=search_term_string"}],"inLanguage":"de"},{"@type":"Person","@id":"https:\/\/www.michael-krell.com\/en\/#\/schema\/person\/17d0c03cb1e15db7305e41b6170a4237","name":"Michael Krell","image":{"@type":"ImageObject","inLanguage":"de","@id":"https:\/\/www.michael-krell.com\/en\/#\/schema\/person\/image\/","url":"https:\/\/secure.gravatar.com\/avatar\/33e39b9fbaf6777afb9b8559d921c4d22f4fd87cba8562434fa169fa71aeb1b3?s=96&d=mm&r=g","contentUrl":"https:\/\/secure.gravatar.com\/avatar\/33e39b9fbaf6777afb9b8559d921c4d22f4fd87cba8562434fa169fa71aeb1b3?s=96&d=mm&r=g","caption":"Michael Krell"},"url":"https:\/\/www.michael-krell.com\/de\/author\/krelli\/"}]}},"_links":{"self":[{"href":"https:\/\/www.michael-krell.com\/de\/wp-json\/wp\/v2\/posts\/467","targetHints":{"allow":["GET"]}}],"collection":[{"href":"https:\/\/www.michael-krell.com\/de\/wp-json\/wp\/v2\/posts"}],"about":[{"href":"https:\/\/www.michael-krell.com\/de\/wp-json\/wp\/v2\/types\/post"}],"author":[{"embeddable":true,"href":"https:\/\/www.michael-krell.com\/de\/wp-json\/wp\/v2\/users\/2"}],"replies":[{"embeddable":true,"href":"https:\/\/www.michael-krell.com\/de\/wp-json\/wp\/v2\/comments?post=467"}],"version-history":[{"count":1,"href":"https:\/\/www.michael-krell.com\/de\/wp-json\/wp\/v2\/posts\/467\/revisions"}],"predecessor-version":[{"id":3602,"href":"https:\/\/www.michael-krell.com\/de\/wp-json\/wp\/v2\/posts\/467\/revisions\/3602"}],"wp:featuredmedia":[{"embeddable":true,"href":"https:\/\/www.michael-krell.com\/de\/wp-json\/wp\/v2\/media\/1546"}],"wp:attachment":[{"href":"https:\/\/www.michael-krell.com\/de\/wp-json\/wp\/v2\/media?parent=467"}],"wp:term":[{"taxonomy":"category","embeddable":true,"href":"https:\/\/www.michael-krell.com\/de\/wp-json\/wp\/v2\/categories?post=467"},{"taxonomy":"post_tag","embeddable":true,"href":"https:\/\/www.michael-krell.com\/de\/wp-json\/wp\/v2\/tags?post=467"}],"curies":[{"name":"wp","href":"https:\/\/api.w.org\/{rel}","templated":true}]}}