{"id":476,"date":"2012-04-15T17:24:00","date_gmt":"2012-04-15T15:24:00","guid":{"rendered":"http:\/\/www.michael-krell.com\/?p=476"},"modified":"2017-04-18T13:23:36","modified_gmt":"2017-04-18T11:23:36","slug":"duathlon-ansbach","status":"publish","type":"post","link":"https:\/\/www.michael-krell.com\/de\/duathlon-ansbach\/","title":{"rendered":"Duathlon Ansbach"},"content":{"rendered":"<div style=\"clear: both; text-align: left;\">Einer flog \u00fcber die Amselstra\u00dfe&#8230;<\/div>\n<div style=\"clear: both; text-align: center;\"><\/div>\n<div style=\"clear: both; text-align: center;\"><a style=\"margin-left: 1em; margin-right: 1em;\" href=\"http:\/\/www.michael-krell.com\/wp-content\/uploads\/2012\/04\/IMG_0079.jpg\"><img loading=\"lazy\" decoding=\"async\" src=\"http:\/\/www.michael-krell.com\/wp-content\/uploads\/2012\/04\/IMG_0079-224x300.jpg\" width=\"299\" height=\"400\" border=\"0\" \/><\/a><\/div>\n<p>Super Organisation, leider bescheidenes Wetter und nach 8km auf der Radstrecke war Schluss f\u00fcr mich. Und dass nachdem ich mit meinem neuen Radl gerade \u00fcber den Asphalt flog, als mich pl\u00f6tzlich eine zu optimistisch genommene Kurve in der Amselstra\u00dfe (das Stra\u00dfenschild konnte ich irgendwie noch erkennen) zum Abwurf zwang. Aber die gute Nachricht, dass Radl hat nix abbekommen \ud83d\ude09<\/p>\n<p>Ich hoffe dass ich ab morgen wieder was trainieren kann, jetzt bin ich wieder voll motiviert \ud83d\ude09<\/p>\n<p>sch\u00f6nen Sonntag noch und Gl\u00fcckw\u00fcnsche an alle die mitgemacht haben!!<br \/>\nkrelli<\/p>\n","protected":false},"excerpt":{"rendered":"<p>Einer flog \u00fcber die Amselstra\u00dfe&#8230; Super Organisation, leider bescheidenes Wetter und nach 8km auf der Radstrecke war Schluss f\u00fcr mich. [&hellip;]<\/p>\n","protected":false},"author":2,"featured_media":1557,"comment_status":"open","ping_status":"open","sticky":false,"template":"","format":"standard","meta":{"footnotes":""},"categories":[1220],"tags":[],"class_list":["post-476","post","type-post","status-publish","format-standard","has-post-thumbnail","hentry","category-privates"],"yoast_head":"<!-- This site is optimized with the Yoast SEO plugin v19.8 - https:\/\/yoast.com\/wordpress\/plugins\/seo\/ -->\n<title>Duathlon Ansbach - Michael Krell Triathlon Coaching<\/title>\n<meta name=\"robots\" content=\"index, follow, max-snippet:-1, max-image-preview:large, max-video-preview:-1\" \/>\n<link rel=\"canonical\" href=\"https:\/\/www.michael-krell.com\/de\/duathlon-ansbach\/\" \/>\n<meta property=\"og:locale\" content=\"de_DE\" \/>\n<meta property=\"og:type\" content=\"article\" \/>\n<meta property=\"og:title\" content=\"Duathlon Ansbach - Michael Krell Triathlon Coaching\" \/>\n<meta property=\"og:description\" content=\"Einer flog \u00fcber die Amselstra\u00dfe&#8230; Super Organisation, leider bescheidenes Wetter und nach 8km auf der Radstrecke war Schluss f\u00fcr mich. [&hellip;]\" \/>\n<meta property=\"og:url\" content=\"https:\/\/www.michael-krell.com\/de\/duathlon-ansbach\/\" \/>\n<meta property=\"og:site_name\" content=\"Michael Krell Triathlon Coaching\" \/>\n<meta property=\"article:published_time\" content=\"2012-04-15T15:24:00+00:00\" \/>\n<meta property=\"article:modified_time\" content=\"2017-04-18T11:23:36+00:00\" \/>\n<meta property=\"og:image\" content=\"https:\/\/www.michael-krell.com\/wp-content\/uploads\/2012\/04\/IMG_0079.jpg\" \/>\n\t<meta property=\"og:image:width\" content=\"765\" \/>\n\t<meta property=\"og:image:height\" content=\"1024\" \/>\n\t<meta property=\"og:image:type\" content=\"image\/jpeg\" \/>\n<meta name=\"author\" content=\"Michael Krell\" \/>\n<meta name=\"twitter:card\" content=\"summary_large_image\" \/>\n<meta name=\"twitter:label1\" content=\"Verfasst von\" \/>\n\t<meta name=\"twitter:data1\" content=\"Michael Krell\" \/>\n<script type=\"application\/ld+json\" class=\"yoast-schema-graph\">{\"@context\":\"https:\/\/schema.org\",\"@graph\":[{\"@type\":\"WebPage\",\"@id\":\"https:\/\/www.michael-krell.com\/en\/duathlon-ansbach\/\",\"url\":\"https:\/\/www.michael-krell.com\/en\/duathlon-ansbach\/\",\"name\":\"Duathlon Ansbach - Michael Krell Triathlon Coaching\",\"isPartOf\":{\"@id\":\"https:\/\/www.michael-krell.com\/en\/#website\"},\"datePublished\":\"2012-04-15T15:24:00+00:00\",\"dateModified\":\"2017-04-18T11:23:36+00:00\",\"author\":{\"@id\":\"https:\/\/www.michael-krell.com\/en\/#\/schema\/person\/17d0c03cb1e15db7305e41b6170a4237\"},\"breadcrumb\":{\"@id\":\"https:\/\/www.michael-krell.com\/en\/duathlon-ansbach\/#breadcrumb\"},\"inLanguage\":\"de\",\"potentialAction\":[{\"@type\":\"ReadAction\",\"target\":[\"https:\/\/www.michael-krell.com\/en\/duathlon-ansbach\/\"]}]},{\"@type\":\"BreadcrumbList\",\"@id\":\"https:\/\/www.michael-krell.com\/en\/duathlon-ansbach\/#breadcrumb\",\"itemListElement\":[{\"@type\":\"ListItem\",\"position\":1,\"name\":\"Startseite\",\"item\":\"https:\/\/www.michael-krell.com\/en\/\"},{\"@type\":\"ListItem\",\"position\":2,\"name\":\"Duathlon Ansbach\"}]},{\"@type\":\"WebSite\",\"@id\":\"https:\/\/www.michael-krell.com\/en\/#website\",\"url\":\"https:\/\/www.michael-krell.com\/en\/\",\"name\":\"Michael Krell Triathlon Coaching\",\"description\":\"\",\"potentialAction\":[{\"@type\":\"SearchAction\",\"target\":{\"@type\":\"EntryPoint\",\"urlTemplate\":\"https:\/\/www.michael-krell.com\/en\/?s={search_term_string}\"},\"query-input\":\"required name=search_term_string\"}],\"inLanguage\":\"de\"},{\"@type\":\"Person\",\"@id\":\"https:\/\/www.michael-krell.com\/en\/#\/schema\/person\/17d0c03cb1e15db7305e41b6170a4237\",\"name\":\"Michael Krell\",\"image\":{\"@type\":\"ImageObject\",\"inLanguage\":\"de\",\"@id\":\"https:\/\/www.michael-krell.com\/en\/#\/schema\/person\/image\/\",\"url\":\"https:\/\/secure.gravatar.com\/avatar\/33e39b9fbaf6777afb9b8559d921c4d22f4fd87cba8562434fa169fa71aeb1b3?s=96&d=mm&r=g\",\"contentUrl\":\"https:\/\/secure.gravatar.com\/avatar\/33e39b9fbaf6777afb9b8559d921c4d22f4fd87cba8562434fa169fa71aeb1b3?s=96&d=mm&r=g\",\"caption\":\"Michael Krell\"},\"url\":\"https:\/\/www.michael-krell.com\/de\/author\/krelli\/\"}]}<\/script>\n<!-- \/ Yoast SEO plugin. -->","yoast_head_json":{"title":"Duathlon Ansbach - Michael Krell Triathlon Coaching","robots":{"index":"index","follow":"follow","max-snippet":"max-snippet:-1","max-image-preview":"max-image-preview:large","max-video-preview":"max-video-preview:-1"},"canonical":"https:\/\/www.michael-krell.com\/de\/duathlon-ansbach\/","og_locale":"de_DE","og_type":"article","og_title":"Duathlon Ansbach - Michael Krell Triathlon Coaching","og_description":"Einer flog \u00fcber die Amselstra\u00dfe&#8230; Super Organisation, leider bescheidenes Wetter und nach 8km auf der Radstrecke war Schluss f\u00fcr mich. [&hellip;]","og_url":"https:\/\/www.michael-krell.com\/de\/duathlon-ansbach\/","og_site_name":"Michael Krell Triathlon Coaching","article_published_time":"2012-04-15T15:24:00+00:00","article_modified_time":"2017-04-18T11:23:36+00:00","og_image":[{"width":765,"height":1024,"url":"https:\/\/www.michael-krell.com\/wp-content\/uploads\/2012\/04\/IMG_0079.jpg","type":"image\/jpeg"}],"author":"Michael Krell","twitter_card":"summary_large_image","twitter_misc":{"Verfasst von":"Michael Krell"},"schema":{"@context":"https:\/\/schema.org","@graph":[{"@type":"WebPage","@id":"https:\/\/www.michael-krell.com\/en\/duathlon-ansbach\/","url":"https:\/\/www.michael-krell.com\/en\/duathlon-ansbach\/","name":"Duathlon Ansbach - Michael Krell Triathlon Coaching","isPartOf":{"@id":"https:\/\/www.michael-krell.com\/en\/#website"},"datePublished":"2012-04-15T15:24:00+00:00","dateModified":"2017-04-18T11:23:36+00:00","author":{"@id":"https:\/\/www.michael-krell.com\/en\/#\/schema\/person\/17d0c03cb1e15db7305e41b6170a4237"},"breadcrumb":{"@id":"https:\/\/www.michael-krell.com\/en\/duathlon-ansbach\/#breadcrumb"},"inLanguage":"de","potentialAction":[{"@type":"ReadAction","target":["https:\/\/www.michael-krell.com\/en\/duathlon-ansbach\/"]}]},{"@type":"BreadcrumbList","@id":"https:\/\/www.michael-krell.com\/en\/duathlon-ansbach\/#breadcrumb","itemListElement":[{"@type":"ListItem","position":1,"name":"Startseite","item":"https:\/\/www.michael-krell.com\/en\/"},{"@type":"ListItem","position":2,"name":"Duathlon Ansbach"}]},{"@type":"WebSite","@id":"https:\/\/www.michael-krell.com\/en\/#website","url":"https:\/\/www.michael-krell.com\/en\/","name":"Michael Krell Triathlon Coaching","description":"","potentialAction":[{"@type":"SearchAction","target":{"@type":"EntryPoint","urlTemplate":"https:\/\/www.michael-krell.com\/en\/?s={search_term_string}"},"query-input":"required name=search_term_string"}],"inLanguage":"de"},{"@type":"Person","@id":"https:\/\/www.michael-krell.com\/en\/#\/schema\/person\/17d0c03cb1e15db7305e41b6170a4237","name":"Michael Krell","image":{"@type":"ImageObject","inLanguage":"de","@id":"https:\/\/www.michael-krell.com\/en\/#\/schema\/person\/image\/","url":"https:\/\/secure.gravatar.com\/avatar\/33e39b9fbaf6777afb9b8559d921c4d22f4fd87cba8562434fa169fa71aeb1b3?s=96&d=mm&r=g","contentUrl":"https:\/\/secure.gravatar.com\/avatar\/33e39b9fbaf6777afb9b8559d921c4d22f4fd87cba8562434fa169fa71aeb1b3?s=96&d=mm&r=g","caption":"Michael Krell"},"url":"https:\/\/www.michael-krell.com\/de\/author\/krelli\/"}]}},"_links":{"self":[{"href":"https:\/\/www.michael-krell.com\/de\/wp-json\/wp\/v2\/posts\/476","targetHints":{"allow":["GET"]}}],"collection":[{"href":"https:\/\/www.michael-krell.com\/de\/wp-json\/wp\/v2\/posts"}],"about":[{"href":"https:\/\/www.michael-krell.com\/de\/wp-json\/wp\/v2\/types\/post"}],"author":[{"embeddable":true,"href":"https:\/\/www.michael-krell.com\/de\/wp-json\/wp\/v2\/users\/2"}],"replies":[{"embeddable":true,"href":"https:\/\/www.michael-krell.com\/de\/wp-json\/wp\/v2\/comments?post=476"}],"version-history":[{"count":1,"href":"https:\/\/www.michael-krell.com\/de\/wp-json\/wp\/v2\/posts\/476\/revisions"}],"predecessor-version":[{"id":3631,"href":"https:\/\/www.michael-krell.com\/de\/wp-json\/wp\/v2\/posts\/476\/revisions\/3631"}],"wp:featuredmedia":[{"embeddable":true,"href":"https:\/\/www.michael-krell.com\/de\/wp-json\/wp\/v2\/media\/1557"}],"wp:attachment":[{"href":"https:\/\/www.michael-krell.com\/de\/wp-json\/wp\/v2\/media?parent=476"}],"wp:term":[{"taxonomy":"category","embeddable":true,"href":"https:\/\/www.michael-krell.com\/de\/wp-json\/wp\/v2\/categories?post=476"},{"taxonomy":"post_tag","embeddable":true,"href":"https:\/\/www.michael-krell.com\/de\/wp-json\/wp\/v2\/tags?post=476"}],"curies":[{"name":"wp","href":"https:\/\/api.w.org\/{rel}","templated":true}]}}