{"id":4768,"date":"2018-10-31T09:42:24","date_gmt":"2018-10-31T08:42:24","guid":{"rendered":"http:\/\/www.michael-krell.com\/?p=4768"},"modified":"2019-01-23T09:54:14","modified_gmt":"2019-01-23T08:54:14","slug":"neues-camptrikot-fuer-zypern","status":"publish","type":"post","link":"https:\/\/www.michael-krell.com\/de\/neues-camptrikot-fuer-zypern\/","title":{"rendered":"neues Camptrikot f\u00fcr Zypern"},"content":{"rendered":"<p><a href=\"http:\/\/www.michael-krell.com\/wp-content\/uploads\/2018\/10\/Camptrikot_web_gr\u00f6\u00dfe.jpg\"><img loading=\"lazy\" decoding=\"async\" class=\"alignleft size-medium wp-image-4767\" src=\"http:\/\/www.michael-krell.com\/wp-content\/uploads\/2018\/10\/Camptrikot_web_gr\u00f6\u00dfe-225x300.jpg\" alt=\"\" width=\"225\" height=\"300\" srcset=\"https:\/\/www.michael-krell.com\/wp-content\/uploads\/2018\/10\/Camptrikot_web_gr\u00f6\u00dfe-225x300.jpg 225w, https:\/\/www.michael-krell.com\/wp-content\/uploads\/2018\/10\/Camptrikot_web_gr\u00f6\u00dfe.jpg 696w\" sizes=\"auto, (max-width: 225px) 100vw, 225px\" \/><\/a>et voil\u00e1, ich pr\u00e4sentiere das neue Camptrikot f\u00fcr unser Triathloncamp im M\u00e4rz auf Zypern!<\/p>\n<p>Vielen Dank an unsere Unterst\u00fctzer, die es den Teilnehmern erm\u00f6glichen dieses sch\u00f6ne Trikot auf der Insel in Empfang nehmen zu k\u00f6nnen. Die ersten 60 Teilnehmer erhalten es gratis dazu. Inzwischen sind es auch nur noch eine Handvoll, die wir \u00fcbrig haben. F\u00fcr die sp\u00e4teren Anmelder bieten wir es allerdings auch zum kleinen Preis an. Es ist auf jeden Fall sch\u00f6n geworden und macht nat\u00fcrlich auch was her, wenn die gesamte Radgruppe damit f\u00e4hrt.<\/p>\n<p>sonnige Gr\u00fc\u00dfe aus N\u00fcrnberg<\/p>\n<p>euer Michael<\/p>\n","protected":false},"excerpt":{"rendered":"<p>et voil\u00e1, ich pr\u00e4sentiere das neue Camptrikot f\u00fcr unser Triathloncamp im M\u00e4rz auf Zypern! Vielen Dank an unsere Unterst\u00fctzer, die [&hellip;]<\/p>\n","protected":false},"author":2,"featured_media":4767,"comment_status":"closed","ping_status":"open","sticky":false,"template":"","format":"standard","meta":{"footnotes":""},"categories":[1219],"tags":[1123,1189,1187,1266,1215,1122,1081,1186,1188,1080],"class_list":["post-4768","post","type-post","status-publish","format-standard","has-post-thumbnail","hentry","category-coaching","tag-camp-zypern","tag-krelli","tag-michael-krell","tag-radtrikot","tag-trainingscamp","tag-trainingslager-zypern","tag-triathlon-coach-2","tag-triathlon-coaching","tag-triathlon-trainer","tag-triathlon-training-2"],"yoast_head":"<!-- This site is optimized with the Yoast SEO plugin v19.8 - https:\/\/yoast.com\/wordpress\/plugins\/seo\/ -->\n<title>neues Camptrikot f\u00fcr Zypern - Michael Krell Triathlon Coaching<\/title>\n<meta name=\"robots\" content=\"index, follow, max-snippet:-1, max-image-preview:large, max-video-preview:-1\" \/>\n<link rel=\"canonical\" href=\"https:\/\/www.michael-krell.com\/de\/neues-camptrikot-fuer-zypern\/\" \/>\n<meta property=\"og:locale\" content=\"de_DE\" \/>\n<meta property=\"og:type\" content=\"article\" \/>\n<meta property=\"og:title\" content=\"neues Camptrikot f\u00fcr Zypern - Michael Krell Triathlon Coaching\" \/>\n<meta property=\"og:description\" content=\"et voil\u00e1, ich pr\u00e4sentiere das neue Camptrikot f\u00fcr unser Triathloncamp im M\u00e4rz auf Zypern! Vielen Dank an unsere Unterst\u00fctzer, die [&hellip;]\" \/>\n<meta property=\"og:url\" content=\"https:\/\/www.michael-krell.com\/de\/neues-camptrikot-fuer-zypern\/\" \/>\n<meta property=\"og:site_name\" content=\"Michael Krell Triathlon Coaching\" \/>\n<meta property=\"article:published_time\" content=\"2018-10-31T08:42:24+00:00\" \/>\n<meta property=\"article:modified_time\" content=\"2019-01-23T08:54:14+00:00\" \/>\n<meta property=\"og:image\" content=\"https:\/\/www.michael-krell.com\/wp-content\/uploads\/2018\/10\/Camptrikot_web_gr\u00f6\u00dfe.jpg\" \/>\n\t<meta property=\"og:image:width\" content=\"696\" \/>\n\t<meta property=\"og:image:height\" content=\"929\" \/>\n\t<meta property=\"og:image:type\" content=\"image\/jpeg\" \/>\n<meta name=\"author\" content=\"Michael Krell\" \/>\n<meta name=\"twitter:card\" content=\"summary_large_image\" \/>\n<meta name=\"twitter:label1\" content=\"Verfasst von\" \/>\n\t<meta name=\"twitter:data1\" content=\"Michael Krell\" \/>\n\t<meta name=\"twitter:label2\" content=\"Gesch\u00e4tzte Lesezeit\" \/>\n\t<meta name=\"twitter:data2\" content=\"1\u00a0Minute\" \/>\n<script type=\"application\/ld+json\" class=\"yoast-schema-graph\">{\"@context\":\"https:\/\/schema.org\",\"@graph\":[{\"@type\":\"WebPage\",\"@id\":\"https:\/\/www.michael-krell.com\/de\/neues-camptrikot-fuer-zypern\/\",\"url\":\"https:\/\/www.michael-krell.com\/de\/neues-camptrikot-fuer-zypern\/\",\"name\":\"neues Camptrikot f\u00fcr Zypern - Michael Krell Triathlon Coaching\",\"isPartOf\":{\"@id\":\"https:\/\/www.michael-krell.com\/en\/#website\"},\"datePublished\":\"2018-10-31T08:42:24+00:00\",\"dateModified\":\"2019-01-23T08:54:14+00:00\",\"author\":{\"@id\":\"https:\/\/www.michael-krell.com\/en\/#\/schema\/person\/17d0c03cb1e15db7305e41b6170a4237\"},\"breadcrumb\":{\"@id\":\"https:\/\/www.michael-krell.com\/de\/neues-camptrikot-fuer-zypern\/#breadcrumb\"},\"inLanguage\":\"de\",\"potentialAction\":[{\"@type\":\"ReadAction\",\"target\":[\"https:\/\/www.michael-krell.com\/de\/neues-camptrikot-fuer-zypern\/\"]}]},{\"@type\":\"BreadcrumbList\",\"@id\":\"https:\/\/www.michael-krell.com\/de\/neues-camptrikot-fuer-zypern\/#breadcrumb\",\"itemListElement\":[{\"@type\":\"ListItem\",\"position\":1,\"name\":\"Startseite\",\"item\":\"https:\/\/www.michael-krell.com\/en\/\"},{\"@type\":\"ListItem\",\"position\":2,\"name\":\"neues Camptrikot f\u00fcr Zypern\"}]},{\"@type\":\"WebSite\",\"@id\":\"https:\/\/www.michael-krell.com\/en\/#website\",\"url\":\"https:\/\/www.michael-krell.com\/en\/\",\"name\":\"Michael Krell Triathlon Coaching\",\"description\":\"\",\"potentialAction\":[{\"@type\":\"SearchAction\",\"target\":{\"@type\":\"EntryPoint\",\"urlTemplate\":\"https:\/\/www.michael-krell.com\/en\/?s={search_term_string}\"},\"query-input\":\"required name=search_term_string\"}],\"inLanguage\":\"de\"},{\"@type\":\"Person\",\"@id\":\"https:\/\/www.michael-krell.com\/en\/#\/schema\/person\/17d0c03cb1e15db7305e41b6170a4237\",\"name\":\"Michael Krell\",\"image\":{\"@type\":\"ImageObject\",\"inLanguage\":\"de\",\"@id\":\"https:\/\/www.michael-krell.com\/en\/#\/schema\/person\/image\/\",\"url\":\"https:\/\/secure.gravatar.com\/avatar\/33e39b9fbaf6777afb9b8559d921c4d22f4fd87cba8562434fa169fa71aeb1b3?s=96&d=mm&r=g\",\"contentUrl\":\"https:\/\/secure.gravatar.com\/avatar\/33e39b9fbaf6777afb9b8559d921c4d22f4fd87cba8562434fa169fa71aeb1b3?s=96&d=mm&r=g\",\"caption\":\"Michael Krell\"},\"url\":\"https:\/\/www.michael-krell.com\/de\/author\/krelli\/\"}]}<\/script>\n<!-- \/ Yoast SEO plugin. -->","yoast_head_json":{"title":"neues Camptrikot f\u00fcr Zypern - Michael Krell Triathlon Coaching","robots":{"index":"index","follow":"follow","max-snippet":"max-snippet:-1","max-image-preview":"max-image-preview:large","max-video-preview":"max-video-preview:-1"},"canonical":"https:\/\/www.michael-krell.com\/de\/neues-camptrikot-fuer-zypern\/","og_locale":"de_DE","og_type":"article","og_title":"neues Camptrikot f\u00fcr Zypern - Michael Krell Triathlon Coaching","og_description":"et voil\u00e1, ich pr\u00e4sentiere das neue Camptrikot f\u00fcr unser Triathloncamp im M\u00e4rz auf Zypern! Vielen Dank an unsere Unterst\u00fctzer, die [&hellip;]","og_url":"https:\/\/www.michael-krell.com\/de\/neues-camptrikot-fuer-zypern\/","og_site_name":"Michael Krell Triathlon Coaching","article_published_time":"2018-10-31T08:42:24+00:00","article_modified_time":"2019-01-23T08:54:14+00:00","og_image":[{"width":696,"height":929,"url":"https:\/\/www.michael-krell.com\/wp-content\/uploads\/2018\/10\/Camptrikot_web_gr\u00f6\u00dfe.jpg","type":"image\/jpeg"}],"author":"Michael Krell","twitter_card":"summary_large_image","twitter_misc":{"Verfasst von":"Michael Krell","Gesch\u00e4tzte Lesezeit":"1\u00a0Minute"},"schema":{"@context":"https:\/\/schema.org","@graph":[{"@type":"WebPage","@id":"https:\/\/www.michael-krell.com\/de\/neues-camptrikot-fuer-zypern\/","url":"https:\/\/www.michael-krell.com\/de\/neues-camptrikot-fuer-zypern\/","name":"neues Camptrikot f\u00fcr Zypern - Michael Krell Triathlon Coaching","isPartOf":{"@id":"https:\/\/www.michael-krell.com\/en\/#website"},"datePublished":"2018-10-31T08:42:24+00:00","dateModified":"2019-01-23T08:54:14+00:00","author":{"@id":"https:\/\/www.michael-krell.com\/en\/#\/schema\/person\/17d0c03cb1e15db7305e41b6170a4237"},"breadcrumb":{"@id":"https:\/\/www.michael-krell.com\/de\/neues-camptrikot-fuer-zypern\/#breadcrumb"},"inLanguage":"de","potentialAction":[{"@type":"ReadAction","target":["https:\/\/www.michael-krell.com\/de\/neues-camptrikot-fuer-zypern\/"]}]},{"@type":"BreadcrumbList","@id":"https:\/\/www.michael-krell.com\/de\/neues-camptrikot-fuer-zypern\/#breadcrumb","itemListElement":[{"@type":"ListItem","position":1,"name":"Startseite","item":"https:\/\/www.michael-krell.com\/en\/"},{"@type":"ListItem","position":2,"name":"neues Camptrikot f\u00fcr Zypern"}]},{"@type":"WebSite","@id":"https:\/\/www.michael-krell.com\/en\/#website","url":"https:\/\/www.michael-krell.com\/en\/","name":"Michael Krell Triathlon Coaching","description":"","potentialAction":[{"@type":"SearchAction","target":{"@type":"EntryPoint","urlTemplate":"https:\/\/www.michael-krell.com\/en\/?s={search_term_string}"},"query-input":"required name=search_term_string"}],"inLanguage":"de"},{"@type":"Person","@id":"https:\/\/www.michael-krell.com\/en\/#\/schema\/person\/17d0c03cb1e15db7305e41b6170a4237","name":"Michael Krell","image":{"@type":"ImageObject","inLanguage":"de","@id":"https:\/\/www.michael-krell.com\/en\/#\/schema\/person\/image\/","url":"https:\/\/secure.gravatar.com\/avatar\/33e39b9fbaf6777afb9b8559d921c4d22f4fd87cba8562434fa169fa71aeb1b3?s=96&d=mm&r=g","contentUrl":"https:\/\/secure.gravatar.com\/avatar\/33e39b9fbaf6777afb9b8559d921c4d22f4fd87cba8562434fa169fa71aeb1b3?s=96&d=mm&r=g","caption":"Michael Krell"},"url":"https:\/\/www.michael-krell.com\/de\/author\/krelli\/"}]}},"_links":{"self":[{"href":"https:\/\/www.michael-krell.com\/de\/wp-json\/wp\/v2\/posts\/4768","targetHints":{"allow":["GET"]}}],"collection":[{"href":"https:\/\/www.michael-krell.com\/de\/wp-json\/wp\/v2\/posts"}],"about":[{"href":"https:\/\/www.michael-krell.com\/de\/wp-json\/wp\/v2\/types\/post"}],"author":[{"embeddable":true,"href":"https:\/\/www.michael-krell.com\/de\/wp-json\/wp\/v2\/users\/2"}],"replies":[{"embeddable":true,"href":"https:\/\/www.michael-krell.com\/de\/wp-json\/wp\/v2\/comments?post=4768"}],"version-history":[{"count":2,"href":"https:\/\/www.michael-krell.com\/de\/wp-json\/wp\/v2\/posts\/4768\/revisions"}],"predecessor-version":[{"id":4770,"href":"https:\/\/www.michael-krell.com\/de\/wp-json\/wp\/v2\/posts\/4768\/revisions\/4770"}],"wp:featuredmedia":[{"embeddable":true,"href":"https:\/\/www.michael-krell.com\/de\/wp-json\/wp\/v2\/media\/4767"}],"wp:attachment":[{"href":"https:\/\/www.michael-krell.com\/de\/wp-json\/wp\/v2\/media?parent=4768"}],"wp:term":[{"taxonomy":"category","embeddable":true,"href":"https:\/\/www.michael-krell.com\/de\/wp-json\/wp\/v2\/categories?post=4768"},{"taxonomy":"post_tag","embeddable":true,"href":"https:\/\/www.michael-krell.com\/de\/wp-json\/wp\/v2\/tags?post=4768"}],"curies":[{"name":"wp","href":"https:\/\/api.w.org\/{rel}","templated":true}]}}