{"id":5073,"date":"2020-09-03T12:12:44","date_gmt":"2020-09-03T10:12:44","guid":{"rendered":"http:\/\/www.michael-krell.com\/?p=5073"},"modified":"2020-09-03T12:15:10","modified_gmt":"2020-09-03T10:15:10","slug":"ab-nach-zypern-fuer-60e-sommer-verlaengern-im-november-trainingscamp","status":"publish","type":"post","link":"https:\/\/www.michael-krell.com\/de\/ab-nach-zypern-fuer-60e-sommer-verlaengern-im-november-trainingscamp\/","title":{"rendered":"ab nach Zypern f\u00fcr 60\u20ac &#8211; Sommer verl\u00e4ngern im November-Trainingscamp"},"content":{"rendered":"<p><a href=\"http:\/\/www.michael-krell.com\/wp-content\/uploads\/2020\/09\/easyjet.jpg\"><img loading=\"lazy\" decoding=\"async\" class=\"alignleft wp-image-5072 size-full\" src=\"http:\/\/www.michael-krell.com\/wp-content\/uploads\/2020\/09\/easyjet.jpg\" alt=\"\" width=\"663\" height=\"362\" srcset=\"https:\/\/www.michael-krell.com\/wp-content\/uploads\/2020\/09\/easyjet.jpg 663w, https:\/\/www.michael-krell.com\/wp-content\/uploads\/2020\/09\/easyjet-300x164.jpg 300w\" sizes=\"auto, (max-width: 663px) 100vw, 663px\" \/><\/a>Eben gesehen: bei easyjet k\u00f6nnt ihr von Berlin nach Paphos hin- und zur\u00fcck f\u00fcr sagenhafte 60\u20ac fliegen!<\/p>\n<p>Besser geht`s kaum. Besucht mich gern in unserem <a href=\"https:\/\/www.trainingcamps-zypern.de\/herbstcamp\" target=\"_blank\" rel=\"noopener noreferrer\">Novembercamp<\/a> in Paphos und wir drehen eine gemeinsame Radrunde \ud83d\ude42<\/p>\n<p>Sommer verl\u00e4ngern und Spa\u00df haben am Training<\/p>\n<p>viele Gr\u00fc\u00dfe &amp; bis bald!<\/p>\n<p>euer Michael<\/p>\n","protected":false},"excerpt":{"rendered":"<p>Eben gesehen: bei easyjet k\u00f6nnt ihr von Berlin nach Paphos hin- und zur\u00fcck f\u00fcr sagenhafte 60\u20ac fliegen! Besser geht`s kaum. [&hellip;]<\/p>\n","protected":false},"author":2,"featured_media":4925,"comment_status":"closed","ping_status":"open","sticky":false,"template":"","format":"standard","meta":{"footnotes":""},"categories":[1219],"tags":[1123,1189,1187,1237,1215,1122,1282,1081,1186,1188,1080],"class_list":["post-5073","post","type-post","status-publish","format-standard","has-post-thumbnail","hentry","category-coaching","tag-camp-zypern","tag-krelli","tag-michael-krell","tag-paphos","tag-trainingscamp","tag-trainingslager-zypern","tag-triathlon-camp","tag-triathlon-coach-2","tag-triathlon-coaching","tag-triathlon-trainer","tag-triathlon-training-2"],"yoast_head":"<!-- This site is optimized with the Yoast SEO plugin v28.4 - https:\/\/yoast.com\/product\/yoast-seo-wordpress\/ -->\n<title>ab nach Zypern f\u00fcr 60\u20ac - Sommer verl\u00e4ngern im November-Trainingscamp - Michael Krell Triathlon Coaching<\/title>\n<meta name=\"robots\" content=\"index, follow, max-snippet:-1, max-image-preview:large, max-video-preview:-1\" \/>\n<link rel=\"canonical\" href=\"https:\/\/www.michael-krell.com\/de\/ab-nach-zypern-fuer-60e-sommer-verlaengern-im-november-trainingscamp\/\" \/>\n<meta property=\"og:locale\" content=\"de_DE\" \/>\n<meta property=\"og:type\" content=\"article\" \/>\n<meta property=\"og:title\" content=\"ab nach Zypern f\u00fcr 60\u20ac - Sommer verl\u00e4ngern im November-Trainingscamp - Michael Krell Triathlon Coaching\" \/>\n<meta property=\"og:description\" content=\"Eben gesehen: bei easyjet k\u00f6nnt ihr von Berlin nach Paphos hin- und zur\u00fcck f\u00fcr sagenhafte 60\u20ac fliegen! Besser geht`s kaum. [&hellip;]\" \/>\n<meta property=\"og:url\" content=\"https:\/\/www.michael-krell.com\/de\/ab-nach-zypern-fuer-60e-sommer-verlaengern-im-november-trainingscamp\/\" \/>\n<meta property=\"og:site_name\" content=\"Michael Krell Triathlon Coaching\" \/>\n<meta property=\"article:published_time\" content=\"2020-09-03T10:12:44+00:00\" \/>\n<meta property=\"article:modified_time\" content=\"2020-09-03T10:15:10+00:00\" \/>\n<meta property=\"og:image\" content=\"https:\/\/www.michael-krell.com\/wp-content\/uploads\/2019\/08\/WhatsApp-Image-2018-11-26-at-20.49.32.jpeg\" \/>\n\t<meta property=\"og:image:width\" content=\"1352\" \/>\n\t<meta property=\"og:image:height\" content=\"760\" \/>\n\t<meta property=\"og:image:type\" content=\"image\/jpeg\" \/>\n<meta name=\"author\" content=\"Michael Krell\" \/>\n<meta name=\"twitter:card\" content=\"summary_large_image\" \/>\n<meta name=\"twitter:label1\" content=\"Verfasst von\" \/>\n\t<meta name=\"twitter:data1\" content=\"Michael Krell\" \/>\n<script type=\"application\/ld+json\" class=\"yoast-schema-graph\">{\"@context\":\"https:\\\/\\\/schema.org\",\"@graph\":[{\"@type\":\"Article\",\"@id\":\"https:\\\/\\\/www.michael-krell.com\\\/de\\\/ab-nach-zypern-fuer-60e-sommer-verlaengern-im-november-trainingscamp\\\/#article\",\"isPartOf\":{\"@id\":\"https:\\\/\\\/www.michael-krell.com\\\/de\\\/ab-nach-zypern-fuer-60e-sommer-verlaengern-im-november-trainingscamp\\\/\"},\"author\":{\"name\":\"Michael Krell\",\"@id\":\"https:\\\/\\\/www.michael-krell.com\\\/en\\\/#\\\/schema\\\/person\\\/e5b466996ad26538a3241fcdb2d393d2\"},\"headline\":\"ab nach Zypern f\u00fcr 60\u20ac &#8211; Sommer verl\u00e4ngern im November-Trainingscamp\",\"datePublished\":\"2020-09-03T10:12:44+00:00\",\"dateModified\":\"2020-09-03T10:15:10+00:00\",\"mainEntityOfPage\":{\"@id\":\"https:\\\/\\\/www.michael-krell.com\\\/de\\\/ab-nach-zypern-fuer-60e-sommer-verlaengern-im-november-trainingscamp\\\/\"},\"wordCount\":64,\"image\":{\"@id\":\"https:\\\/\\\/www.michael-krell.com\\\/de\\\/ab-nach-zypern-fuer-60e-sommer-verlaengern-im-november-trainingscamp\\\/#primaryimage\"},\"thumbnailUrl\":\"https:\\\/\\\/www.michael-krell.com\\\/wp-content\\\/uploads\\\/2019\\\/08\\\/WhatsApp-Image-2018-11-26-at-20.49.32.jpeg\",\"keywords\":[\"Camp Zypern\",\"krelli\",\"Michael Krell\",\"Paphos\",\"Trainingscamp\",\"Trainingslager Zypern\",\"Triathlon Camp\",\"triathlon coach\",\"triathlon coaching\",\"triathlon trainer\",\"triathlon training\"],\"articleSection\":[\"Coaching\"],\"inLanguage\":\"de\"},{\"@type\":\"WebPage\",\"@id\":\"https:\\\/\\\/www.michael-krell.com\\\/de\\\/ab-nach-zypern-fuer-60e-sommer-verlaengern-im-november-trainingscamp\\\/\",\"url\":\"https:\\\/\\\/www.michael-krell.com\\\/de\\\/ab-nach-zypern-fuer-60e-sommer-verlaengern-im-november-trainingscamp\\\/\",\"name\":\"ab nach Zypern f\u00fcr 60\u20ac - Sommer verl\u00e4ngern im November-Trainingscamp - Michael Krell Triathlon Coaching\",\"isPartOf\":{\"@id\":\"https:\\\/\\\/www.michael-krell.com\\\/en\\\/#website\"},\"primaryImageOfPage\":{\"@id\":\"https:\\\/\\\/www.michael-krell.com\\\/de\\\/ab-nach-zypern-fuer-60e-sommer-verlaengern-im-november-trainingscamp\\\/#primaryimage\"},\"image\":{\"@id\":\"https:\\\/\\\/www.michael-krell.com\\\/de\\\/ab-nach-zypern-fuer-60e-sommer-verlaengern-im-november-trainingscamp\\\/#primaryimage\"},\"thumbnailUrl\":\"https:\\\/\\\/www.michael-krell.com\\\/wp-content\\\/uploads\\\/2019\\\/08\\\/WhatsApp-Image-2018-11-26-at-20.49.32.jpeg\",\"datePublished\":\"2020-09-03T10:12:44+00:00\",\"dateModified\":\"2020-09-03T10:15:10+00:00\",\"author\":{\"@id\":\"https:\\\/\\\/www.michael-krell.com\\\/en\\\/#\\\/schema\\\/person\\\/e5b466996ad26538a3241fcdb2d393d2\"},\"breadcrumb\":{\"@id\":\"https:\\\/\\\/www.michael-krell.com\\\/de\\\/ab-nach-zypern-fuer-60e-sommer-verlaengern-im-november-trainingscamp\\\/#breadcrumb\"},\"inLanguage\":\"de\",\"potentialAction\":[{\"@type\":\"ReadAction\",\"target\":[\"https:\\\/\\\/www.michael-krell.com\\\/de\\\/ab-nach-zypern-fuer-60e-sommer-verlaengern-im-november-trainingscamp\\\/\"]}]},{\"@type\":\"ImageObject\",\"inLanguage\":\"de\",\"@id\":\"https:\\\/\\\/www.michael-krell.com\\\/de\\\/ab-nach-zypern-fuer-60e-sommer-verlaengern-im-november-trainingscamp\\\/#primaryimage\",\"url\":\"https:\\\/\\\/www.michael-krell.com\\\/wp-content\\\/uploads\\\/2019\\\/08\\\/WhatsApp-Image-2018-11-26-at-20.49.32.jpeg\",\"contentUrl\":\"https:\\\/\\\/www.michael-krell.com\\\/wp-content\\\/uploads\\\/2019\\\/08\\\/WhatsApp-Image-2018-11-26-at-20.49.32.jpeg\",\"width\":1352,\"height\":760},{\"@type\":\"BreadcrumbList\",\"@id\":\"https:\\\/\\\/www.michael-krell.com\\\/de\\\/ab-nach-zypern-fuer-60e-sommer-verlaengern-im-november-trainingscamp\\\/#breadcrumb\",\"itemListElement\":[{\"@type\":\"ListItem\",\"position\":1,\"name\":\"Startseite\",\"item\":\"https:\\\/\\\/www.michael-krell.com\\\/\"},{\"@type\":\"ListItem\",\"position\":2,\"name\":\"ab nach Zypern f\u00fcr 60\u20ac &#8211; Sommer verl\u00e4ngern im November-Trainingscamp\"}]},{\"@type\":\"WebSite\",\"@id\":\"https:\\\/\\\/www.michael-krell.com\\\/en\\\/#website\",\"url\":\"https:\\\/\\\/www.michael-krell.com\\\/en\\\/\",\"name\":\"Michael Krell Triathlon Coaching\",\"description\":\"\",\"potentialAction\":[{\"@type\":\"SearchAction\",\"target\":{\"@type\":\"EntryPoint\",\"urlTemplate\":\"https:\\\/\\\/www.michael-krell.com\\\/en\\\/?s={search_term_string}\"},\"query-input\":{\"@type\":\"PropertyValueSpecification\",\"valueRequired\":true,\"valueName\":\"search_term_string\"}}],\"inLanguage\":\"de\"},{\"@type\":\"Person\",\"@id\":\"https:\\\/\\\/www.michael-krell.com\\\/en\\\/#\\\/schema\\\/person\\\/e5b466996ad26538a3241fcdb2d393d2\",\"name\":\"Michael Krell\",\"image\":{\"@type\":\"ImageObject\",\"inLanguage\":\"de\",\"@id\":\"https:\\\/\\\/secure.gravatar.com\\\/avatar\\\/33e39b9fbaf6777afb9b8559d921c4d22f4fd87cba8562434fa169fa71aeb1b3?s=96&d=mm&r=g\",\"url\":\"https:\\\/\\\/secure.gravatar.com\\\/avatar\\\/33e39b9fbaf6777afb9b8559d921c4d22f4fd87cba8562434fa169fa71aeb1b3?s=96&d=mm&r=g\",\"contentUrl\":\"https:\\\/\\\/secure.gravatar.com\\\/avatar\\\/33e39b9fbaf6777afb9b8559d921c4d22f4fd87cba8562434fa169fa71aeb1b3?s=96&d=mm&r=g\",\"caption\":\"Michael Krell\"},\"url\":\"https:\\\/\\\/www.michael-krell.com\\\/de\\\/author\\\/krelli\\\/\"}]}<\/script>\n<!-- \/ Yoast SEO plugin. -->","yoast_head_json":{"title":"ab nach Zypern f\u00fcr 60\u20ac - Sommer verl\u00e4ngern im November-Trainingscamp - Michael Krell Triathlon Coaching","robots":{"index":"index","follow":"follow","max-snippet":"max-snippet:-1","max-image-preview":"max-image-preview:large","max-video-preview":"max-video-preview:-1"},"canonical":"https:\/\/www.michael-krell.com\/de\/ab-nach-zypern-fuer-60e-sommer-verlaengern-im-november-trainingscamp\/","og_locale":"de_DE","og_type":"article","og_title":"ab nach Zypern f\u00fcr 60\u20ac - Sommer verl\u00e4ngern im November-Trainingscamp - Michael Krell Triathlon Coaching","og_description":"Eben gesehen: bei easyjet k\u00f6nnt ihr von Berlin nach Paphos hin- und zur\u00fcck f\u00fcr sagenhafte 60\u20ac fliegen! Besser geht`s kaum. [&hellip;]","og_url":"https:\/\/www.michael-krell.com\/de\/ab-nach-zypern-fuer-60e-sommer-verlaengern-im-november-trainingscamp\/","og_site_name":"Michael Krell Triathlon Coaching","article_published_time":"2020-09-03T10:12:44+00:00","article_modified_time":"2020-09-03T10:15:10+00:00","og_image":[{"width":1352,"height":760,"url":"https:\/\/www.michael-krell.com\/wp-content\/uploads\/2019\/08\/WhatsApp-Image-2018-11-26-at-20.49.32.jpeg","type":"image\/jpeg"}],"author":"Michael Krell","twitter_card":"summary_large_image","twitter_misc":{"Verfasst von":"Michael Krell"},"schema":{"@context":"https:\/\/schema.org","@graph":[{"@type":"Article","@id":"https:\/\/www.michael-krell.com\/de\/ab-nach-zypern-fuer-60e-sommer-verlaengern-im-november-trainingscamp\/#article","isPartOf":{"@id":"https:\/\/www.michael-krell.com\/de\/ab-nach-zypern-fuer-60e-sommer-verlaengern-im-november-trainingscamp\/"},"author":{"name":"Michael Krell","@id":"https:\/\/www.michael-krell.com\/en\/#\/schema\/person\/e5b466996ad26538a3241fcdb2d393d2"},"headline":"ab nach Zypern f\u00fcr 60\u20ac &#8211; Sommer verl\u00e4ngern im November-Trainingscamp","datePublished":"2020-09-03T10:12:44+00:00","dateModified":"2020-09-03T10:15:10+00:00","mainEntityOfPage":{"@id":"https:\/\/www.michael-krell.com\/de\/ab-nach-zypern-fuer-60e-sommer-verlaengern-im-november-trainingscamp\/"},"wordCount":64,"image":{"@id":"https:\/\/www.michael-krell.com\/de\/ab-nach-zypern-fuer-60e-sommer-verlaengern-im-november-trainingscamp\/#primaryimage"},"thumbnailUrl":"https:\/\/www.michael-krell.com\/wp-content\/uploads\/2019\/08\/WhatsApp-Image-2018-11-26-at-20.49.32.jpeg","keywords":["Camp Zypern","krelli","Michael Krell","Paphos","Trainingscamp","Trainingslager Zypern","Triathlon Camp","triathlon coach","triathlon coaching","triathlon trainer","triathlon training"],"articleSection":["Coaching"],"inLanguage":"de"},{"@type":"WebPage","@id":"https:\/\/www.michael-krell.com\/de\/ab-nach-zypern-fuer-60e-sommer-verlaengern-im-november-trainingscamp\/","url":"https:\/\/www.michael-krell.com\/de\/ab-nach-zypern-fuer-60e-sommer-verlaengern-im-november-trainingscamp\/","name":"ab nach Zypern f\u00fcr 60\u20ac - Sommer verl\u00e4ngern im November-Trainingscamp - Michael Krell Triathlon Coaching","isPartOf":{"@id":"https:\/\/www.michael-krell.com\/en\/#website"},"primaryImageOfPage":{"@id":"https:\/\/www.michael-krell.com\/de\/ab-nach-zypern-fuer-60e-sommer-verlaengern-im-november-trainingscamp\/#primaryimage"},"image":{"@id":"https:\/\/www.michael-krell.com\/de\/ab-nach-zypern-fuer-60e-sommer-verlaengern-im-november-trainingscamp\/#primaryimage"},"thumbnailUrl":"https:\/\/www.michael-krell.com\/wp-content\/uploads\/2019\/08\/WhatsApp-Image-2018-11-26-at-20.49.32.jpeg","datePublished":"2020-09-03T10:12:44+00:00","dateModified":"2020-09-03T10:15:10+00:00","author":{"@id":"https:\/\/www.michael-krell.com\/en\/#\/schema\/person\/e5b466996ad26538a3241fcdb2d393d2"},"breadcrumb":{"@id":"https:\/\/www.michael-krell.com\/de\/ab-nach-zypern-fuer-60e-sommer-verlaengern-im-november-trainingscamp\/#breadcrumb"},"inLanguage":"de","potentialAction":[{"@type":"ReadAction","target":["https:\/\/www.michael-krell.com\/de\/ab-nach-zypern-fuer-60e-sommer-verlaengern-im-november-trainingscamp\/"]}]},{"@type":"ImageObject","inLanguage":"de","@id":"https:\/\/www.michael-krell.com\/de\/ab-nach-zypern-fuer-60e-sommer-verlaengern-im-november-trainingscamp\/#primaryimage","url":"https:\/\/www.michael-krell.com\/wp-content\/uploads\/2019\/08\/WhatsApp-Image-2018-11-26-at-20.49.32.jpeg","contentUrl":"https:\/\/www.michael-krell.com\/wp-content\/uploads\/2019\/08\/WhatsApp-Image-2018-11-26-at-20.49.32.jpeg","width":1352,"height":760},{"@type":"BreadcrumbList","@id":"https:\/\/www.michael-krell.com\/de\/ab-nach-zypern-fuer-60e-sommer-verlaengern-im-november-trainingscamp\/#breadcrumb","itemListElement":[{"@type":"ListItem","position":1,"name":"Startseite","item":"https:\/\/www.michael-krell.com\/"},{"@type":"ListItem","position":2,"name":"ab nach Zypern f\u00fcr 60\u20ac &#8211; Sommer verl\u00e4ngern im November-Trainingscamp"}]},{"@type":"WebSite","@id":"https:\/\/www.michael-krell.com\/en\/#website","url":"https:\/\/www.michael-krell.com\/en\/","name":"Michael Krell Triathlon Coaching","description":"","potentialAction":[{"@type":"SearchAction","target":{"@type":"EntryPoint","urlTemplate":"https:\/\/www.michael-krell.com\/en\/?s={search_term_string}"},"query-input":{"@type":"PropertyValueSpecification","valueRequired":true,"valueName":"search_term_string"}}],"inLanguage":"de"},{"@type":"Person","@id":"https:\/\/www.michael-krell.com\/en\/#\/schema\/person\/e5b466996ad26538a3241fcdb2d393d2","name":"Michael Krell","image":{"@type":"ImageObject","inLanguage":"de","@id":"https:\/\/secure.gravatar.com\/avatar\/33e39b9fbaf6777afb9b8559d921c4d22f4fd87cba8562434fa169fa71aeb1b3?s=96&d=mm&r=g","url":"https:\/\/secure.gravatar.com\/avatar\/33e39b9fbaf6777afb9b8559d921c4d22f4fd87cba8562434fa169fa71aeb1b3?s=96&d=mm&r=g","contentUrl":"https:\/\/secure.gravatar.com\/avatar\/33e39b9fbaf6777afb9b8559d921c4d22f4fd87cba8562434fa169fa71aeb1b3?s=96&d=mm&r=g","caption":"Michael Krell"},"url":"https:\/\/www.michael-krell.com\/de\/author\/krelli\/"}]}},"_links":{"self":[{"href":"https:\/\/www.michael-krell.com\/de\/wp-json\/wp\/v2\/posts\/5073","targetHints":{"allow":["GET"]}}],"collection":[{"href":"https:\/\/www.michael-krell.com\/de\/wp-json\/wp\/v2\/posts"}],"about":[{"href":"https:\/\/www.michael-krell.com\/de\/wp-json\/wp\/v2\/types\/post"}],"author":[{"embeddable":true,"href":"https:\/\/www.michael-krell.com\/de\/wp-json\/wp\/v2\/users\/2"}],"replies":[{"embeddable":true,"href":"https:\/\/www.michael-krell.com\/de\/wp-json\/wp\/v2\/comments?post=5073"}],"version-history":[{"count":6,"href":"https:\/\/www.michael-krell.com\/de\/wp-json\/wp\/v2\/posts\/5073\/revisions"}],"predecessor-version":[{"id":5079,"href":"https:\/\/www.michael-krell.com\/de\/wp-json\/wp\/v2\/posts\/5073\/revisions\/5079"}],"wp:featuredmedia":[{"embeddable":true,"href":"https:\/\/www.michael-krell.com\/de\/wp-json\/wp\/v2\/media\/4925"}],"wp:attachment":[{"href":"https:\/\/www.michael-krell.com\/de\/wp-json\/wp\/v2\/media?parent=5073"}],"wp:term":[{"taxonomy":"category","embeddable":true,"href":"https:\/\/www.michael-krell.com\/de\/wp-json\/wp\/v2\/categories?post=5073"},{"taxonomy":"post_tag","embeddable":true,"href":"https:\/\/www.michael-krell.com\/de\/wp-json\/wp\/v2\/tags?post=5073"}],"curies":[{"name":"wp","href":"https:\/\/api.w.org\/{rel}","templated":true}]}}