{"id":514,"date":"2012-01-29T23:15:00","date_gmt":"2012-01-29T22:15:00","guid":{"rendered":"http:\/\/www.michael-krell.com\/?p=514"},"modified":"2017-05-16T14:29:07","modified_gmt":"2017-05-16T12:29:07","slug":"radsport-duschl-und-rennrad-camp","status":"publish","type":"post","link":"https:\/\/www.michael-krell.com\/de\/radsport-duschl-und-rennrad-camp\/","title":{"rendered":"Radsport Duschl und Rennrad Camp"},"content":{"rendered":"<div style=\"clear: both; text-align: left;\">Heute m\u00f6chte ich meinen neuen Partner Radsport Duschl aus N\u00fcrnberg vorstellen. Der Besitzer Christoph Schwerdt kommt aus dem Profiradsport und unterst\u00fctzt mich beim Altstadtrennen im September.<\/div>\n<div style=\"clear: both; text-align: left;\"><\/div>\n<div style=\"clear: both; text-align: left;\">Aufgrund seiner Erfahrung im Radsport ist er der ideale Ansprechpartner f\u00fcr Rennr\u00e4der aller Art im Raum N\u00fcrnberg. Eine seiner Spezialdisziplinen war das Zeitfahren. Daher empfehle ich vor allem bereits Fortgeschrittenen einmal bei Christoph vorbei zu schauen. Er kennt jeden kleinen Kniff f\u00fcr eine aggressive Einstellung auf dem Wettkampfrad. Von der richtigen Pedalplatten- einstellung, Vorbauoptimierung (ist eine freie Bauchatmung noch gew\u00e4hrleistet, wie eng m\u00fcssen die Auflieger liegen dass die Windfl\u00e4che des Athleten kleiner wird, usw.) bis hin zu klassischer Vermessung. Nat\u00fcrlich wei\u00df er auch jede Menge dar\u00fcber wie professionelles Radtraining gestaltet wird. Dar\u00fcber hinaus bietet Radsport Duschl nat\u00fcrlich sehr gutes Equipment und Service. Wenn ihr sagt, dass ihr es bei mir gelesen habt, gibts auch einen kleinen Rabatt beim Einkauf \ud83d\ude09<\/div>\n<div style=\"clear: both; text-align: left;\"><\/div>\n<div style=\"clear: both; text-align: left;\">Wer noch ein Trainingslager sucht, hier gibt es noch vier Pl\u00e4tze, inkl. Tipps und Tricks von richtig guten Radfahrern und jede Menge Spa\u00df!!&nbsp;<\/div>\n<div style=\"clear: both; text-align: left;\"><\/div>\n<div style=\"clear: both; text-align: center;\"><a href=\"http:\/\/www.michael-krell.com\/wp-content\/uploads\/2012\/01\/Radsport_Duschl.jpg\" style=\"margin-left: 1em; margin-right: 1em;\"><img loading=\"lazy\" decoding=\"async\" border=\"0\" height=\"640\" src=\"http:\/\/www.michael-krell.com\/wp-content\/uploads\/2012\/01\/Radsport_Duschl-219x300.jpg\" width=\"467\" \/><\/a><\/div>\n<p><\/p>\n<div style=\"clear: both; text-align: left;\">Radsport Duschl<\/div>\n<p>Inh. Christoph Schwerdt e.Kfm.<br \/>Euckenweg 15 &#8211; 17<br \/>90471 N\u00fcrnberg<\/p>\n<p>Tel 0911 86 92 92<br \/>&nbsp;info@radsport-duschl.de<br \/>www.radsport-duschl.de<\/p>\n<p>\u00d6ffnungszeiten<br \/>Mo.-Fr. 10 &#8211; 18 Uhr<br \/>Sa. 9 &#8211; 14 Uhr<\/p>\n<p>sch\u00f6nen Start in die Woche!<br \/>krelli<\/p>\n","protected":false},"excerpt":{"rendered":"<p>Heute m\u00f6chte ich meinen neuen Partner Radsport Duschl aus N\u00fcrnberg vorstellen. Der Besitzer Christoph Schwerdt kommt aus dem Profiradsport und [&hellip;]<\/p>\n","protected":false},"author":2,"featured_media":0,"comment_status":"open","ping_status":"open","sticky":false,"template":"","format":"standard","meta":{"footnotes":""},"categories":[1219,1220],"tags":[],"class_list":["post-514","post","type-post","status-publish","format-standard","hentry","category-coaching","category-privates"],"yoast_head":"<!-- This site is optimized with the Yoast SEO plugin v19.8 - https:\/\/yoast.com\/wordpress\/plugins\/seo\/ -->\n<title>Radsport Duschl und Rennrad Camp - Michael Krell Triathlon Coaching<\/title>\n<meta name=\"robots\" content=\"index, follow, max-snippet:-1, max-image-preview:large, max-video-preview:-1\" \/>\n<link rel=\"canonical\" href=\"https:\/\/www.michael-krell.com\/de\/radsport-duschl-und-rennrad-camp\/\" \/>\n<meta property=\"og:locale\" content=\"de_DE\" \/>\n<meta property=\"og:type\" content=\"article\" \/>\n<meta property=\"og:title\" content=\"Radsport Duschl und Rennrad Camp - Michael Krell Triathlon Coaching\" \/>\n<meta property=\"og:description\" content=\"Heute m\u00f6chte ich meinen neuen Partner Radsport Duschl aus N\u00fcrnberg vorstellen. Der Besitzer Christoph Schwerdt kommt aus dem Profiradsport und [&hellip;]\" \/>\n<meta property=\"og:url\" content=\"https:\/\/www.michael-krell.com\/de\/radsport-duschl-und-rennrad-camp\/\" \/>\n<meta property=\"og:site_name\" content=\"Michael Krell Triathlon Coaching\" \/>\n<meta property=\"article:published_time\" content=\"2012-01-29T22:15:00+00:00\" \/>\n<meta property=\"article:modified_time\" content=\"2017-05-16T12:29:07+00:00\" \/>\n<meta property=\"og:image\" content=\"http:\/\/www.michael-krell.com\/wp-content\/uploads\/2012\/01\/Radsport_Duschl-219x300.jpg\" \/>\n<meta name=\"author\" content=\"Michael Krell\" \/>\n<meta name=\"twitter:card\" content=\"summary_large_image\" \/>\n<meta name=\"twitter:label1\" content=\"Verfasst von\" \/>\n\t<meta name=\"twitter:data1\" content=\"Michael Krell\" \/>\n\t<meta name=\"twitter:label2\" content=\"Gesch\u00e4tzte Lesezeit\" \/>\n\t<meta name=\"twitter:data2\" content=\"1\u00a0Minute\" \/>\n<script type=\"application\/ld+json\" class=\"yoast-schema-graph\">{\"@context\":\"https:\/\/schema.org\",\"@graph\":[{\"@type\":\"WebPage\",\"@id\":\"https:\/\/www.michael-krell.com\/en\/radsport-duschl-und-rennrad-camp\/\",\"url\":\"https:\/\/www.michael-krell.com\/en\/radsport-duschl-und-rennrad-camp\/\",\"name\":\"Radsport Duschl und Rennrad Camp - Michael Krell Triathlon Coaching\",\"isPartOf\":{\"@id\":\"https:\/\/www.michael-krell.com\/en\/#website\"},\"datePublished\":\"2012-01-29T22:15:00+00:00\",\"dateModified\":\"2017-05-16T12:29:07+00:00\",\"author\":{\"@id\":\"https:\/\/www.michael-krell.com\/en\/#\/schema\/person\/17d0c03cb1e15db7305e41b6170a4237\"},\"breadcrumb\":{\"@id\":\"https:\/\/www.michael-krell.com\/en\/radsport-duschl-und-rennrad-camp\/#breadcrumb\"},\"inLanguage\":\"de\",\"potentialAction\":[{\"@type\":\"ReadAction\",\"target\":[\"https:\/\/www.michael-krell.com\/en\/radsport-duschl-und-rennrad-camp\/\"]}]},{\"@type\":\"BreadcrumbList\",\"@id\":\"https:\/\/www.michael-krell.com\/en\/radsport-duschl-und-rennrad-camp\/#breadcrumb\",\"itemListElement\":[{\"@type\":\"ListItem\",\"position\":1,\"name\":\"Startseite\",\"item\":\"https:\/\/www.michael-krell.com\/en\/\"},{\"@type\":\"ListItem\",\"position\":2,\"name\":\"Radsport Duschl und Rennrad Camp\"}]},{\"@type\":\"WebSite\",\"@id\":\"https:\/\/www.michael-krell.com\/en\/#website\",\"url\":\"https:\/\/www.michael-krell.com\/en\/\",\"name\":\"Michael Krell Triathlon Coaching\",\"description\":\"\",\"potentialAction\":[{\"@type\":\"SearchAction\",\"target\":{\"@type\":\"EntryPoint\",\"urlTemplate\":\"https:\/\/www.michael-krell.com\/en\/?s={search_term_string}\"},\"query-input\":\"required name=search_term_string\"}],\"inLanguage\":\"de\"},{\"@type\":\"Person\",\"@id\":\"https:\/\/www.michael-krell.com\/en\/#\/schema\/person\/17d0c03cb1e15db7305e41b6170a4237\",\"name\":\"Michael Krell\",\"image\":{\"@type\":\"ImageObject\",\"inLanguage\":\"de\",\"@id\":\"https:\/\/www.michael-krell.com\/en\/#\/schema\/person\/image\/\",\"url\":\"https:\/\/secure.gravatar.com\/avatar\/33e39b9fbaf6777afb9b8559d921c4d22f4fd87cba8562434fa169fa71aeb1b3?s=96&d=mm&r=g\",\"contentUrl\":\"https:\/\/secure.gravatar.com\/avatar\/33e39b9fbaf6777afb9b8559d921c4d22f4fd87cba8562434fa169fa71aeb1b3?s=96&d=mm&r=g\",\"caption\":\"Michael Krell\"},\"url\":\"https:\/\/www.michael-krell.com\/de\/author\/krelli\/\"}]}<\/script>\n<!-- \/ Yoast SEO plugin. -->","yoast_head_json":{"title":"Radsport Duschl und Rennrad Camp - Michael Krell Triathlon Coaching","robots":{"index":"index","follow":"follow","max-snippet":"max-snippet:-1","max-image-preview":"max-image-preview:large","max-video-preview":"max-video-preview:-1"},"canonical":"https:\/\/www.michael-krell.com\/de\/radsport-duschl-und-rennrad-camp\/","og_locale":"de_DE","og_type":"article","og_title":"Radsport Duschl und Rennrad Camp - Michael Krell Triathlon Coaching","og_description":"Heute m\u00f6chte ich meinen neuen Partner Radsport Duschl aus N\u00fcrnberg vorstellen. Der Besitzer Christoph Schwerdt kommt aus dem Profiradsport und [&hellip;]","og_url":"https:\/\/www.michael-krell.com\/de\/radsport-duschl-und-rennrad-camp\/","og_site_name":"Michael Krell Triathlon Coaching","article_published_time":"2012-01-29T22:15:00+00:00","article_modified_time":"2017-05-16T12:29:07+00:00","og_image":[{"url":"http:\/\/www.michael-krell.com\/wp-content\/uploads\/2012\/01\/Radsport_Duschl-219x300.jpg"}],"author":"Michael Krell","twitter_card":"summary_large_image","twitter_misc":{"Verfasst von":"Michael Krell","Gesch\u00e4tzte Lesezeit":"1\u00a0Minute"},"schema":{"@context":"https:\/\/schema.org","@graph":[{"@type":"WebPage","@id":"https:\/\/www.michael-krell.com\/en\/radsport-duschl-und-rennrad-camp\/","url":"https:\/\/www.michael-krell.com\/en\/radsport-duschl-und-rennrad-camp\/","name":"Radsport Duschl und Rennrad Camp - Michael Krell Triathlon Coaching","isPartOf":{"@id":"https:\/\/www.michael-krell.com\/en\/#website"},"datePublished":"2012-01-29T22:15:00+00:00","dateModified":"2017-05-16T12:29:07+00:00","author":{"@id":"https:\/\/www.michael-krell.com\/en\/#\/schema\/person\/17d0c03cb1e15db7305e41b6170a4237"},"breadcrumb":{"@id":"https:\/\/www.michael-krell.com\/en\/radsport-duschl-und-rennrad-camp\/#breadcrumb"},"inLanguage":"de","potentialAction":[{"@type":"ReadAction","target":["https:\/\/www.michael-krell.com\/en\/radsport-duschl-und-rennrad-camp\/"]}]},{"@type":"BreadcrumbList","@id":"https:\/\/www.michael-krell.com\/en\/radsport-duschl-und-rennrad-camp\/#breadcrumb","itemListElement":[{"@type":"ListItem","position":1,"name":"Startseite","item":"https:\/\/www.michael-krell.com\/en\/"},{"@type":"ListItem","position":2,"name":"Radsport Duschl und Rennrad Camp"}]},{"@type":"WebSite","@id":"https:\/\/www.michael-krell.com\/en\/#website","url":"https:\/\/www.michael-krell.com\/en\/","name":"Michael Krell Triathlon Coaching","description":"","potentialAction":[{"@type":"SearchAction","target":{"@type":"EntryPoint","urlTemplate":"https:\/\/www.michael-krell.com\/en\/?s={search_term_string}"},"query-input":"required name=search_term_string"}],"inLanguage":"de"},{"@type":"Person","@id":"https:\/\/www.michael-krell.com\/en\/#\/schema\/person\/17d0c03cb1e15db7305e41b6170a4237","name":"Michael Krell","image":{"@type":"ImageObject","inLanguage":"de","@id":"https:\/\/www.michael-krell.com\/en\/#\/schema\/person\/image\/","url":"https:\/\/secure.gravatar.com\/avatar\/33e39b9fbaf6777afb9b8559d921c4d22f4fd87cba8562434fa169fa71aeb1b3?s=96&d=mm&r=g","contentUrl":"https:\/\/secure.gravatar.com\/avatar\/33e39b9fbaf6777afb9b8559d921c4d22f4fd87cba8562434fa169fa71aeb1b3?s=96&d=mm&r=g","caption":"Michael Krell"},"url":"https:\/\/www.michael-krell.com\/de\/author\/krelli\/"}]}},"_links":{"self":[{"href":"https:\/\/www.michael-krell.com\/de\/wp-json\/wp\/v2\/posts\/514","targetHints":{"allow":["GET"]}}],"collection":[{"href":"https:\/\/www.michael-krell.com\/de\/wp-json\/wp\/v2\/posts"}],"about":[{"href":"https:\/\/www.michael-krell.com\/de\/wp-json\/wp\/v2\/types\/post"}],"author":[{"embeddable":true,"href":"https:\/\/www.michael-krell.com\/de\/wp-json\/wp\/v2\/users\/2"}],"replies":[{"embeddable":true,"href":"https:\/\/www.michael-krell.com\/de\/wp-json\/wp\/v2\/comments?post=514"}],"version-history":[{"count":2,"href":"https:\/\/www.michael-krell.com\/de\/wp-json\/wp\/v2\/posts\/514\/revisions"}],"predecessor-version":[{"id":4161,"href":"https:\/\/www.michael-krell.com\/de\/wp-json\/wp\/v2\/posts\/514\/revisions\/4161"}],"wp:attachment":[{"href":"https:\/\/www.michael-krell.com\/de\/wp-json\/wp\/v2\/media?parent=514"}],"wp:term":[{"taxonomy":"category","embeddable":true,"href":"https:\/\/www.michael-krell.com\/de\/wp-json\/wp\/v2\/categories?post=514"},{"taxonomy":"post_tag","embeddable":true,"href":"https:\/\/www.michael-krell.com\/de\/wp-json\/wp\/v2\/tags?post=514"}],"curies":[{"name":"wp","href":"https:\/\/api.w.org\/{rel}","templated":true}]}}