{"id":517,"date":"2012-01-22T19:56:00","date_gmt":"2012-01-22T18:56:00","guid":{"rendered":"http:\/\/www.michael-krell.com\/?p=517"},"modified":"2017-04-18T13:52:06","modified_gmt":"2017-04-18T11:52:06","slug":"sitzpositionsanalyse-bei-joerg-brummer","status":"publish","type":"post","link":"https:\/\/www.michael-krell.com\/de\/sitzpositionsanalyse-bei-joerg-brummer\/","title":{"rendered":"Sitzpositionsanalyse bei J\u00f6rg Brummer"},"content":{"rendered":"<div style=\"clear: both; text-align: left;\">++++ update ++++<\/div>\n<div style=\"clear: both; text-align: left;\">Hier noch ein paar Bilder von meiner Vermessung:<\/div>\n<div style=\"clear: both; text-align: left;\"><\/div>\n<div style=\"clear: both; text-align: left;\">Anbei die Druckverteilung linkes und rechtes Bein, in etwa ausgewogen bei mir: 49 zu 51. Je glatter der Bogen (hier ist ein deutlicher Knick zu sehen), desto besser beherrscht der Fahrer den runden Tritt, kann also den Druck gleichm\u00e4\u00dfig aufrechterhalten.<\/div>\n<div style=\"clear: both; text-align: left;\"><\/div>\n<div style=\"clear: both; text-align: center;\"><a style=\"margin-left: 1em; margin-right: 1em;\" href=\"http:\/\/www.michael-krell.com\/wp-content\/uploads\/2012\/01\/Krell-FD-1.jpg\"><img loading=\"lazy\" decoding=\"async\" src=\"http:\/\/www.michael-krell.com\/wp-content\/uploads\/2012\/01\/Krell-FD-1-300x225.jpg\" width=\"400\" height=\"300\" border=\"0\" \/><\/a><\/div>\n<div style=\"clear: both; text-align: left;\"><\/div>\n<div style=\"clear: both; text-align: left;\">Und hier nochmal meine Satteldruckverteilung. F\u00fcr einen Triathleten typischerweise eher im vordern Satteldrittel und vom Druck her, gerade noch ok. Ich \u00fcberlege mir aber auch einen anderen Sattel zu probieren.<\/div>\n<div style=\"clear: both; text-align: left;\"><\/div>\n<div style=\"clear: both; text-align: center;\"><a style=\"margin-left: 1em; margin-right: 1em;\" href=\"http:\/\/www.michael-krell.com\/wp-content\/uploads\/2012\/01\/Krell-SD-2.jpg\"><img loading=\"lazy\" decoding=\"async\" src=\"http:\/\/www.michael-krell.com\/wp-content\/uploads\/2012\/01\/Krell-SD-2-300x225.jpg\" width=\"400\" height=\"300\" border=\"0\" \/><\/a><\/div>\n<div style=\"clear: both; text-align: left;\"><\/div>\n<div style=\"clear: both; text-align: left;\">Last but not least, die Druckverteilung auf die Pedale. Bei mir kommt der Druck rechts eher von au\u00dfen nach innen. Normalerweise kommt er, wie links, von innen. Auf der rechten Seite war meine Pedalplatte am Schuh eine lange Zeit lang verschoben, ich bin mir fast sicher dass daher auch die unterschiedliche Druckverteilung kommt. Also \u00fcberpr\u00fcft mal, ob die richtige und vor allem konforme Einstellung eurer Pedalplatten!<\/div>\n<div style=\"clear: both; text-align: left;\"><\/div>\n<div style=\"clear: both; text-align: center;\"><a style=\"margin-left: 1em; margin-right: 1em;\" href=\"http:\/\/www.michael-krell.com\/wp-content\/uploads\/2012\/01\/Krell-FD-3.jpg\"><img loading=\"lazy\" decoding=\"async\" src=\"http:\/\/www.michael-krell.com\/wp-content\/uploads\/2012\/01\/Krell-FD-3-300x225.jpg\" width=\"400\" height=\"300\" border=\"0\" \/><\/a><\/div>\n<div style=\"clear: both; text-align: left;\"><\/div>\n<div style=\"clear: both; text-align: left;\">++++ update Ende ++++<\/div>\n<div style=\"clear: both; text-align: center;\"><\/div>\n<div style=\"clear: both; text-align: center;\"><a style=\"margin-left: 1em; margin-right: 1em;\" href=\"http:\/\/www.michael-krell.com\/wp-content\/uploads\/2012\/01\/Radvermessung.jpg\"><img loading=\"lazy\" decoding=\"async\" src=\"http:\/\/www.michael-krell.com\/wp-content\/uploads\/2012\/01\/Radvermessung-300x224.jpg\" width=\"400\" height=\"298\" border=\"0\" \/><\/a><\/div>\n<p>Heute war ich bei J\u00f6rg vom Bike Imperium zur Analyse meiner Sitzfahrposition. Nach Vermessen s\u00e4mtlicher Parameter und Winkel anhand von Sensoren, Messung von Fu\u00df- und Satteldruck schlussfolgerten wir, dass ich schon recht aggressiv auf dem Rad sitze. Leider mit dem Ergebniss, dass mich J\u00f6rg vorne am Cockpit nicht weiter nach unten bringen kann, ohne dass ich erhebliche Leistungseinbu\u00dfen ab km 120 erfahre. F\u00fcr kurze Wettk\u00e4mpfe mag eine tiefere Position noch gehen, sp\u00e4testens \u00fcber die 180km wird es kritisch und dabei w\u00fcssten wir noch nicht mal, ob ich danach \u00fcberhaupt noch laufen kann. Trotzdem haben wir kleine Korrekturen vorgenommen. Vorn die Auflieger nach oben gedreht und die Pads etwas enger gestellt, um die Schulterfront 2cm kleiner zu machen.<\/p>\n<p>Interessant war, dass der Druck auf der rechten Pedale von au\u00dfen kommt und auf der linken von innen. Das r\u00fchrt wahrscheinlich daher, weil ich minimal verschoben auf dem Sattel sitze. Unterst\u00fctzt wird diese Vermutung davon, dass der Satteldruck bei mir eher in die rechte H\u00e4lfte vom Sattel wandert und das rechte Knie ein paar Milimeter weiter nach vorn geht, wie das linke. Bisher hatte ich damit noch keine Beschwerden, daher belassen wir es vorerst dabei. Eine m\u00f6gliche L\u00f6sung w\u00e4re die Pedalplatte minimal nach au\u00dfen zu rotieren oder die Sattelnase unmerkbar nach rechts zu drehen. Beim zweiten Test in ein paar Wochen probieren wir noch einen neuen Sattel und einen anderen Auflieger. Alles in allem bin ich super zufrieden. J\u00f6rg hat sich mal wieder stundenlang Zeit genommen und ist alles von der Beweglichkeitsanalyse bis hin zur Endjustierung akribisch durchgegangen. Meine volle Empfehlung!!<\/p>\n<p>Hier noch ein kurzer Bericht \u00fcber Stephan, bei dem weit mehr zu tun war.<\/p>\n<p><b>Ausgangsposition: 2011 Einzelzeitfahren Hirschbachtal<\/b><\/p>\n<div style=\"clear: both; text-align: center;\"><a style=\"margin-left: 1em; margin-right: 1em;\" href=\"http:\/\/www.michael-krell.com\/wp-content\/uploads\/2012\/01\/Stephano1.jpg\"><img loading=\"lazy\" decoding=\"async\" src=\"http:\/\/www.michael-krell.com\/wp-content\/uploads\/2012\/01\/Stephano1-300x199.jpg\" width=\"400\" height=\"265\" border=\"0\" \/><\/a><\/div>\n<p>Als reinen Radfahrer kann man Stephan noch deutlich aggressiver raufsetzen, d.h. dass der R\u00fccken gerader wird und er gestreckter auf dem Rad sitzt. Die Einstellung vom Aufsatz geht deutlich zu verbessern. Die H\u00e4nde sind viel zu \u00fcberstreckt und die gesamte Haltelast liegt auf den Armen und Schultern.<\/p>\n<p><b>Nach der Einstellung:<\/b><\/p>\n<div style=\"clear: both; text-align: center;\"><a style=\"margin-left: 1em; margin-right: 1em;\" href=\"http:\/\/www.michael-krell.com\/wp-content\/uploads\/2012\/01\/stephano.jpg\"><img loading=\"lazy\" decoding=\"async\" src=\"http:\/\/www.michael-krell.com\/wp-content\/uploads\/2012\/01\/stephano-300x224.jpg\" width=\"400\" height=\"298\" border=\"0\" \/><\/a><\/div>\n<p>Deutlich gestrecktere und weiter nach vorn orientierte Sitzposition. Winkel zwischen Unter- und Oberarm optimal und die Schultern sind entlastet. Insgesamt liegt er deutlich tiefer und damit aerodynamischer. Die Winkel zwischen Oberk\u00f6rper und Oberschenkel sind immer noch gut fahrbar.<\/p>\n<p>Der krasseste Unterschied bei der Satteldruckanalyse:<\/p>\n<div style=\"clear: both; text-align: center;\"><a style=\"margin-left: 1em; margin-right: 1em;\" href=\"http:\/\/www.michael-krell.com\/wp-content\/uploads\/2012\/01\/IMG_0028.jpg\"><img loading=\"lazy\" decoding=\"async\" src=\"http:\/\/www.michael-krell.com\/wp-content\/uploads\/2012\/01\/IMG_0028-300x224.jpg\" width=\"400\" height=\"298\" border=\"0\" \/><\/a><\/div>\n<p>Vorher herrschte extremer Druck auf dem Dammbereich (links). Schon so stark, dass \u00fcber l\u00e4ngere Zeit Blut abgedr\u00fcckt wird und die Leistung dementsprechend in den Keller geht. Anderer Sattel (rechts) und schon wird der Damm entlastet und der Druck nimmt sp\u00fcrbar ab. Damit verschwindet das bisher von ihm als\u00a0 unangenehm empfundene Gef\u00fchl im Sattel komplett und Stephan kann sich allein auf das Radfahren konzentrieren! Mal abgesehen dass speziell bei uns M\u00e4nnern die Druckverteilung links sehr unsg\u00fcnstig ist.<\/p>\n<p>hat Spa\u00df gemacht und wieder viel gelernt!!<br \/>\nkrelli<\/p>\n","protected":false},"excerpt":{"rendered":"<p>++++ update ++++ Hier noch ein paar Bilder von meiner Vermessung: Anbei die Druckverteilung linkes und rechtes Bein, in etwa [&hellip;]<\/p>\n","protected":false},"author":2,"featured_media":1602,"comment_status":"open","ping_status":"open","sticky":false,"template":"","format":"standard","meta":{"footnotes":""},"categories":[1220],"tags":[],"class_list":["post-517","post","type-post","status-publish","format-standard","has-post-thumbnail","hentry","category-privates"],"yoast_head":"<!-- This site is optimized with the Yoast SEO plugin v19.8 - https:\/\/yoast.com\/wordpress\/plugins\/seo\/ -->\n<title>Sitzpositionsanalyse bei J\u00f6rg Brummer - Michael Krell Triathlon Coaching<\/title>\n<meta name=\"robots\" content=\"index, follow, max-snippet:-1, max-image-preview:large, max-video-preview:-1\" \/>\n<link rel=\"canonical\" href=\"https:\/\/www.michael-krell.com\/de\/sitzpositionsanalyse-bei-joerg-brummer\/\" \/>\n<meta property=\"og:locale\" content=\"de_DE\" \/>\n<meta property=\"og:type\" content=\"article\" \/>\n<meta property=\"og:title\" content=\"Sitzpositionsanalyse bei J\u00f6rg Brummer - Michael Krell Triathlon Coaching\" \/>\n<meta property=\"og:description\" content=\"++++ update ++++ Hier noch ein paar Bilder von meiner Vermessung: Anbei die Druckverteilung linkes und rechtes Bein, in etwa [&hellip;]\" \/>\n<meta property=\"og:url\" content=\"https:\/\/www.michael-krell.com\/de\/sitzpositionsanalyse-bei-joerg-brummer\/\" \/>\n<meta property=\"og:site_name\" content=\"Michael Krell Triathlon Coaching\" \/>\n<meta property=\"article:published_time\" content=\"2012-01-22T18:56:00+00:00\" \/>\n<meta property=\"article:modified_time\" content=\"2017-04-18T11:52:06+00:00\" \/>\n<meta property=\"og:image\" content=\"https:\/\/www.michael-krell.com\/wp-content\/uploads\/2012\/01\/Krell-FD-1.jpg\" \/>\n\t<meta property=\"og:image:width\" content=\"1024\" \/>\n\t<meta property=\"og:image:height\" content=\"768\" \/>\n\t<meta property=\"og:image:type\" content=\"image\/jpeg\" \/>\n<meta name=\"author\" content=\"Michael Krell\" \/>\n<meta name=\"twitter:card\" content=\"summary_large_image\" \/>\n<meta name=\"twitter:label1\" content=\"Verfasst von\" \/>\n\t<meta name=\"twitter:data1\" content=\"Michael Krell\" \/>\n\t<meta name=\"twitter:label2\" content=\"Gesch\u00e4tzte Lesezeit\" \/>\n\t<meta name=\"twitter:data2\" content=\"3\u00a0Minuten\" \/>\n<script type=\"application\/ld+json\" class=\"yoast-schema-graph\">{\"@context\":\"https:\/\/schema.org\",\"@graph\":[{\"@type\":\"WebPage\",\"@id\":\"https:\/\/www.michael-krell.com\/de\/sitzpositionsanalyse-bei-joerg-brummer\/\",\"url\":\"https:\/\/www.michael-krell.com\/de\/sitzpositionsanalyse-bei-joerg-brummer\/\",\"name\":\"Sitzpositionsanalyse bei J\u00f6rg Brummer - Michael Krell Triathlon Coaching\",\"isPartOf\":{\"@id\":\"https:\/\/www.michael-krell.com\/en\/#website\"},\"datePublished\":\"2012-01-22T18:56:00+00:00\",\"dateModified\":\"2017-04-18T11:52:06+00:00\",\"author\":{\"@id\":\"https:\/\/www.michael-krell.com\/en\/#\/schema\/person\/17d0c03cb1e15db7305e41b6170a4237\"},\"breadcrumb\":{\"@id\":\"https:\/\/www.michael-krell.com\/de\/sitzpositionsanalyse-bei-joerg-brummer\/#breadcrumb\"},\"inLanguage\":\"de\",\"potentialAction\":[{\"@type\":\"ReadAction\",\"target\":[\"https:\/\/www.michael-krell.com\/de\/sitzpositionsanalyse-bei-joerg-brummer\/\"]}]},{\"@type\":\"BreadcrumbList\",\"@id\":\"https:\/\/www.michael-krell.com\/de\/sitzpositionsanalyse-bei-joerg-brummer\/#breadcrumb\",\"itemListElement\":[{\"@type\":\"ListItem\",\"position\":1,\"name\":\"Startseite\",\"item\":\"https:\/\/www.michael-krell.com\/en\/\"},{\"@type\":\"ListItem\",\"position\":2,\"name\":\"Sitzpositionsanalyse bei J\u00f6rg Brummer\"}]},{\"@type\":\"WebSite\",\"@id\":\"https:\/\/www.michael-krell.com\/en\/#website\",\"url\":\"https:\/\/www.michael-krell.com\/en\/\",\"name\":\"Michael Krell Triathlon Coaching\",\"description\":\"\",\"potentialAction\":[{\"@type\":\"SearchAction\",\"target\":{\"@type\":\"EntryPoint\",\"urlTemplate\":\"https:\/\/www.michael-krell.com\/en\/?s={search_term_string}\"},\"query-input\":\"required name=search_term_string\"}],\"inLanguage\":\"de\"},{\"@type\":\"Person\",\"@id\":\"https:\/\/www.michael-krell.com\/en\/#\/schema\/person\/17d0c03cb1e15db7305e41b6170a4237\",\"name\":\"Michael Krell\",\"image\":{\"@type\":\"ImageObject\",\"inLanguage\":\"de\",\"@id\":\"https:\/\/www.michael-krell.com\/en\/#\/schema\/person\/image\/\",\"url\":\"https:\/\/secure.gravatar.com\/avatar\/33e39b9fbaf6777afb9b8559d921c4d22f4fd87cba8562434fa169fa71aeb1b3?s=96&d=mm&r=g\",\"contentUrl\":\"https:\/\/secure.gravatar.com\/avatar\/33e39b9fbaf6777afb9b8559d921c4d22f4fd87cba8562434fa169fa71aeb1b3?s=96&d=mm&r=g\",\"caption\":\"Michael Krell\"},\"url\":\"https:\/\/www.michael-krell.com\/de\/author\/krelli\/\"}]}<\/script>\n<!-- \/ Yoast SEO plugin. -->","yoast_head_json":{"title":"Sitzpositionsanalyse bei J\u00f6rg Brummer - Michael Krell Triathlon Coaching","robots":{"index":"index","follow":"follow","max-snippet":"max-snippet:-1","max-image-preview":"max-image-preview:large","max-video-preview":"max-video-preview:-1"},"canonical":"https:\/\/www.michael-krell.com\/de\/sitzpositionsanalyse-bei-joerg-brummer\/","og_locale":"de_DE","og_type":"article","og_title":"Sitzpositionsanalyse bei J\u00f6rg Brummer - Michael Krell Triathlon Coaching","og_description":"++++ update ++++ Hier noch ein paar Bilder von meiner Vermessung: Anbei die Druckverteilung linkes und rechtes Bein, in etwa [&hellip;]","og_url":"https:\/\/www.michael-krell.com\/de\/sitzpositionsanalyse-bei-joerg-brummer\/","og_site_name":"Michael Krell Triathlon Coaching","article_published_time":"2012-01-22T18:56:00+00:00","article_modified_time":"2017-04-18T11:52:06+00:00","og_image":[{"width":1024,"height":768,"url":"https:\/\/www.michael-krell.com\/wp-content\/uploads\/2012\/01\/Krell-FD-1.jpg","type":"image\/jpeg"}],"author":"Michael Krell","twitter_card":"summary_large_image","twitter_misc":{"Verfasst von":"Michael Krell","Gesch\u00e4tzte Lesezeit":"3\u00a0Minuten"},"schema":{"@context":"https:\/\/schema.org","@graph":[{"@type":"WebPage","@id":"https:\/\/www.michael-krell.com\/de\/sitzpositionsanalyse-bei-joerg-brummer\/","url":"https:\/\/www.michael-krell.com\/de\/sitzpositionsanalyse-bei-joerg-brummer\/","name":"Sitzpositionsanalyse bei J\u00f6rg Brummer - Michael Krell Triathlon Coaching","isPartOf":{"@id":"https:\/\/www.michael-krell.com\/en\/#website"},"datePublished":"2012-01-22T18:56:00+00:00","dateModified":"2017-04-18T11:52:06+00:00","author":{"@id":"https:\/\/www.michael-krell.com\/en\/#\/schema\/person\/17d0c03cb1e15db7305e41b6170a4237"},"breadcrumb":{"@id":"https:\/\/www.michael-krell.com\/de\/sitzpositionsanalyse-bei-joerg-brummer\/#breadcrumb"},"inLanguage":"de","potentialAction":[{"@type":"ReadAction","target":["https:\/\/www.michael-krell.com\/de\/sitzpositionsanalyse-bei-joerg-brummer\/"]}]},{"@type":"BreadcrumbList","@id":"https:\/\/www.michael-krell.com\/de\/sitzpositionsanalyse-bei-joerg-brummer\/#breadcrumb","itemListElement":[{"@type":"ListItem","position":1,"name":"Startseite","item":"https:\/\/www.michael-krell.com\/en\/"},{"@type":"ListItem","position":2,"name":"Sitzpositionsanalyse bei J\u00f6rg Brummer"}]},{"@type":"WebSite","@id":"https:\/\/www.michael-krell.com\/en\/#website","url":"https:\/\/www.michael-krell.com\/en\/","name":"Michael Krell Triathlon Coaching","description":"","potentialAction":[{"@type":"SearchAction","target":{"@type":"EntryPoint","urlTemplate":"https:\/\/www.michael-krell.com\/en\/?s={search_term_string}"},"query-input":"required name=search_term_string"}],"inLanguage":"de"},{"@type":"Person","@id":"https:\/\/www.michael-krell.com\/en\/#\/schema\/person\/17d0c03cb1e15db7305e41b6170a4237","name":"Michael Krell","image":{"@type":"ImageObject","inLanguage":"de","@id":"https:\/\/www.michael-krell.com\/en\/#\/schema\/person\/image\/","url":"https:\/\/secure.gravatar.com\/avatar\/33e39b9fbaf6777afb9b8559d921c4d22f4fd87cba8562434fa169fa71aeb1b3?s=96&d=mm&r=g","contentUrl":"https:\/\/secure.gravatar.com\/avatar\/33e39b9fbaf6777afb9b8559d921c4d22f4fd87cba8562434fa169fa71aeb1b3?s=96&d=mm&r=g","caption":"Michael Krell"},"url":"https:\/\/www.michael-krell.com\/de\/author\/krelli\/"}]}},"_links":{"self":[{"href":"https:\/\/www.michael-krell.com\/de\/wp-json\/wp\/v2\/posts\/517","targetHints":{"allow":["GET"]}}],"collection":[{"href":"https:\/\/www.michael-krell.com\/de\/wp-json\/wp\/v2\/posts"}],"about":[{"href":"https:\/\/www.michael-krell.com\/de\/wp-json\/wp\/v2\/types\/post"}],"author":[{"embeddable":true,"href":"https:\/\/www.michael-krell.com\/de\/wp-json\/wp\/v2\/users\/2"}],"replies":[{"embeddable":true,"href":"https:\/\/www.michael-krell.com\/de\/wp-json\/wp\/v2\/comments?post=517"}],"version-history":[{"count":1,"href":"https:\/\/www.michael-krell.com\/de\/wp-json\/wp\/v2\/posts\/517\/revisions"}],"predecessor-version":[{"id":3684,"href":"https:\/\/www.michael-krell.com\/de\/wp-json\/wp\/v2\/posts\/517\/revisions\/3684"}],"wp:featuredmedia":[{"embeddable":true,"href":"https:\/\/www.michael-krell.com\/de\/wp-json\/wp\/v2\/media\/1602"}],"wp:attachment":[{"href":"https:\/\/www.michael-krell.com\/de\/wp-json\/wp\/v2\/media?parent=517"}],"wp:term":[{"taxonomy":"category","embeddable":true,"href":"https:\/\/www.michael-krell.com\/de\/wp-json\/wp\/v2\/categories?post=517"},{"taxonomy":"post_tag","embeddable":true,"href":"https:\/\/www.michael-krell.com\/de\/wp-json\/wp\/v2\/tags?post=517"}],"curies":[{"name":"wp","href":"https:\/\/api.w.org\/{rel}","templated":true}]}}