{"id":518,"date":"2012-01-20T10:51:00","date_gmt":"2012-01-20T09:51:00","guid":{"rendered":"http:\/\/www.michael-krell.com\/?p=518"},"modified":"2017-05-16T14:29:22","modified_gmt":"2017-05-16T12:29:22","slug":"news-altstadtrennen-nuernberg-02-09-2-bundesliga-mit-am-start","status":"publish","type":"post","link":"https:\/\/www.michael-krell.com\/de\/news-altstadtrennen-nuernberg-02-09-2-bundesliga-mit-am-start\/","title":{"rendered":"News: Altstadtrennen N\u00fcrnberg 02.09. &#8211; 2. Bundesliga mit am Start"},"content":{"rendered":"<div style=\"clear: both; text-align: center;\"><\/div>\n<div style=\"clear: both; text-align: center;\"><a style=\"margin-left: 1em; margin-right: 1em;\" href=\"http:\/\/www.michael-krell.com\/wp-content\/uploads\/2012\/01\/rad.jpg\"><img loading=\"lazy\" decoding=\"async\" src=\"http:\/\/www.michael-krell.com\/wp-content\/uploads\/2012\/01\/rad-300x282.jpg\" width=\"400\" height=\"375\" border=\"0\" \/><\/a><\/div>\n<p>good News!!<b><br \/>\n<\/b><br \/>\n<b>Der Triathlon wird die Hauptattraktion f\u00fcr das diesj\u00e4hrige Altstadtrennen durch N\u00fcrnberg.<\/b><\/p>\n<p>Neben Bayernliga und Regionalliga ist nun auch die 2. Bundesliga am Start. Insgesamt 200 Triathletinnen und Triathleten werden am Vormittag das Wasser im Bayern 07 Bad zum brodeln bringen und einen blitzschnellen Lauf um den Wh\u00f6rder See absolvieren.<\/p>\n<p>Am Nachmittag geht es auf das Wettkampfrad zur Mannschaftsverfolgung durch die N\u00fcrnberger Innenstadt und einen abschlie\u00dfenden Lauf durch die Einkaufspassagen, um die Siegerteams zu ermitteln.<\/p>\n<p>Da die Hauptrennen der Langdistanzszene dann vorbei sind, w\u00fcrde ich mich \u00fcber jede Menge Zuschauerunterst\u00fctzung aus Roth und N\u00fcrnberg am Hauptmarkt freuen. Wenn ihr nicht selber startet, dann kennt ihr garantiert den ein oder anderen den es zu H\u00f6chstleistungen zu schreiben gilt!!<\/p>\n<p>sch\u00f6nes Wochenende!<br \/>\nkrelli<\/p>\n","protected":false},"excerpt":{"rendered":"<p>good News!! Der Triathlon wird die Hauptattraktion f\u00fcr das diesj\u00e4hrige Altstadtrennen durch N\u00fcrnberg. Neben Bayernliga und Regionalliga ist nun auch [&hellip;]<\/p>\n","protected":false},"author":2,"featured_media":0,"comment_status":"open","ping_status":"open","sticky":false,"template":"","format":"standard","meta":{"footnotes":""},"categories":[1220],"tags":[],"class_list":["post-518","post","type-post","status-publish","format-standard","hentry","category-privates"],"yoast_head":"<!-- This site is optimized with the Yoast SEO plugin v19.8 - https:\/\/yoast.com\/wordpress\/plugins\/seo\/ -->\n<title>News: Altstadtrennen N\u00fcrnberg 02.09. - 2. Bundesliga mit am Start - Michael Krell Triathlon Coaching<\/title>\n<meta name=\"robots\" content=\"index, follow, max-snippet:-1, max-image-preview:large, max-video-preview:-1\" \/>\n<link rel=\"canonical\" href=\"https:\/\/www.michael-krell.com\/de\/news-altstadtrennen-nuernberg-02-09-2-bundesliga-mit-am-start\/\" \/>\n<meta property=\"og:locale\" content=\"de_DE\" \/>\n<meta property=\"og:type\" content=\"article\" \/>\n<meta property=\"og:title\" content=\"News: Altstadtrennen N\u00fcrnberg 02.09. - 2. Bundesliga mit am Start - Michael Krell Triathlon Coaching\" \/>\n<meta property=\"og:description\" content=\"good News!! Der Triathlon wird die Hauptattraktion f\u00fcr das diesj\u00e4hrige Altstadtrennen durch N\u00fcrnberg. Neben Bayernliga und Regionalliga ist nun auch [&hellip;]\" \/>\n<meta property=\"og:url\" content=\"https:\/\/www.michael-krell.com\/de\/news-altstadtrennen-nuernberg-02-09-2-bundesliga-mit-am-start\/\" \/>\n<meta property=\"og:site_name\" content=\"Michael Krell Triathlon Coaching\" \/>\n<meta property=\"article:published_time\" content=\"2012-01-20T09:51:00+00:00\" \/>\n<meta property=\"article:modified_time\" content=\"2017-05-16T12:29:22+00:00\" \/>\n<meta property=\"og:image\" content=\"http:\/\/www.michael-krell.com\/wp-content\/uploads\/2012\/01\/rad-300x282.jpg\" \/>\n<meta name=\"author\" content=\"Michael Krell\" \/>\n<meta name=\"twitter:card\" content=\"summary_large_image\" \/>\n<meta name=\"twitter:label1\" content=\"Verfasst von\" \/>\n\t<meta name=\"twitter:data1\" content=\"Michael Krell\" \/>\n\t<meta name=\"twitter:label2\" content=\"Gesch\u00e4tzte Lesezeit\" \/>\n\t<meta name=\"twitter:data2\" content=\"1\u00a0Minute\" \/>\n<script type=\"application\/ld+json\" class=\"yoast-schema-graph\">{\"@context\":\"https:\/\/schema.org\",\"@graph\":[{\"@type\":\"WebPage\",\"@id\":\"https:\/\/www.michael-krell.com\/de\/news-altstadtrennen-nuernberg-02-09-2-bundesliga-mit-am-start\/\",\"url\":\"https:\/\/www.michael-krell.com\/de\/news-altstadtrennen-nuernberg-02-09-2-bundesliga-mit-am-start\/\",\"name\":\"News: Altstadtrennen N\u00fcrnberg 02.09. - 2. Bundesliga mit am Start - Michael Krell Triathlon Coaching\",\"isPartOf\":{\"@id\":\"https:\/\/www.michael-krell.com\/en\/#website\"},\"datePublished\":\"2012-01-20T09:51:00+00:00\",\"dateModified\":\"2017-05-16T12:29:22+00:00\",\"author\":{\"@id\":\"https:\/\/www.michael-krell.com\/en\/#\/schema\/person\/17d0c03cb1e15db7305e41b6170a4237\"},\"breadcrumb\":{\"@id\":\"https:\/\/www.michael-krell.com\/de\/news-altstadtrennen-nuernberg-02-09-2-bundesliga-mit-am-start\/#breadcrumb\"},\"inLanguage\":\"de\",\"potentialAction\":[{\"@type\":\"ReadAction\",\"target\":[\"https:\/\/www.michael-krell.com\/de\/news-altstadtrennen-nuernberg-02-09-2-bundesliga-mit-am-start\/\"]}]},{\"@type\":\"BreadcrumbList\",\"@id\":\"https:\/\/www.michael-krell.com\/de\/news-altstadtrennen-nuernberg-02-09-2-bundesliga-mit-am-start\/#breadcrumb\",\"itemListElement\":[{\"@type\":\"ListItem\",\"position\":1,\"name\":\"Startseite\",\"item\":\"https:\/\/www.michael-krell.com\/en\/\"},{\"@type\":\"ListItem\",\"position\":2,\"name\":\"News: Altstadtrennen N\u00fcrnberg 02.09. &#8211; 2. Bundesliga mit am Start\"}]},{\"@type\":\"WebSite\",\"@id\":\"https:\/\/www.michael-krell.com\/en\/#website\",\"url\":\"https:\/\/www.michael-krell.com\/en\/\",\"name\":\"Michael Krell Triathlon Coaching\",\"description\":\"\",\"potentialAction\":[{\"@type\":\"SearchAction\",\"target\":{\"@type\":\"EntryPoint\",\"urlTemplate\":\"https:\/\/www.michael-krell.com\/en\/?s={search_term_string}\"},\"query-input\":\"required name=search_term_string\"}],\"inLanguage\":\"de\"},{\"@type\":\"Person\",\"@id\":\"https:\/\/www.michael-krell.com\/en\/#\/schema\/person\/17d0c03cb1e15db7305e41b6170a4237\",\"name\":\"Michael Krell\",\"image\":{\"@type\":\"ImageObject\",\"inLanguage\":\"de\",\"@id\":\"https:\/\/www.michael-krell.com\/en\/#\/schema\/person\/image\/\",\"url\":\"https:\/\/secure.gravatar.com\/avatar\/33e39b9fbaf6777afb9b8559d921c4d22f4fd87cba8562434fa169fa71aeb1b3?s=96&d=mm&r=g\",\"contentUrl\":\"https:\/\/secure.gravatar.com\/avatar\/33e39b9fbaf6777afb9b8559d921c4d22f4fd87cba8562434fa169fa71aeb1b3?s=96&d=mm&r=g\",\"caption\":\"Michael Krell\"},\"url\":\"https:\/\/www.michael-krell.com\/de\/author\/krelli\/\"}]}<\/script>\n<!-- \/ Yoast SEO plugin. -->","yoast_head_json":{"title":"News: Altstadtrennen N\u00fcrnberg 02.09. - 2. Bundesliga mit am Start - Michael Krell Triathlon Coaching","robots":{"index":"index","follow":"follow","max-snippet":"max-snippet:-1","max-image-preview":"max-image-preview:large","max-video-preview":"max-video-preview:-1"},"canonical":"https:\/\/www.michael-krell.com\/de\/news-altstadtrennen-nuernberg-02-09-2-bundesliga-mit-am-start\/","og_locale":"de_DE","og_type":"article","og_title":"News: Altstadtrennen N\u00fcrnberg 02.09. - 2. Bundesliga mit am Start - Michael Krell Triathlon Coaching","og_description":"good News!! Der Triathlon wird die Hauptattraktion f\u00fcr das diesj\u00e4hrige Altstadtrennen durch N\u00fcrnberg. Neben Bayernliga und Regionalliga ist nun auch [&hellip;]","og_url":"https:\/\/www.michael-krell.com\/de\/news-altstadtrennen-nuernberg-02-09-2-bundesliga-mit-am-start\/","og_site_name":"Michael Krell Triathlon Coaching","article_published_time":"2012-01-20T09:51:00+00:00","article_modified_time":"2017-05-16T12:29:22+00:00","og_image":[{"url":"http:\/\/www.michael-krell.com\/wp-content\/uploads\/2012\/01\/rad-300x282.jpg"}],"author":"Michael Krell","twitter_card":"summary_large_image","twitter_misc":{"Verfasst von":"Michael Krell","Gesch\u00e4tzte Lesezeit":"1\u00a0Minute"},"schema":{"@context":"https:\/\/schema.org","@graph":[{"@type":"WebPage","@id":"https:\/\/www.michael-krell.com\/de\/news-altstadtrennen-nuernberg-02-09-2-bundesliga-mit-am-start\/","url":"https:\/\/www.michael-krell.com\/de\/news-altstadtrennen-nuernberg-02-09-2-bundesliga-mit-am-start\/","name":"News: Altstadtrennen N\u00fcrnberg 02.09. - 2. Bundesliga mit am Start - Michael Krell Triathlon Coaching","isPartOf":{"@id":"https:\/\/www.michael-krell.com\/en\/#website"},"datePublished":"2012-01-20T09:51:00+00:00","dateModified":"2017-05-16T12:29:22+00:00","author":{"@id":"https:\/\/www.michael-krell.com\/en\/#\/schema\/person\/17d0c03cb1e15db7305e41b6170a4237"},"breadcrumb":{"@id":"https:\/\/www.michael-krell.com\/de\/news-altstadtrennen-nuernberg-02-09-2-bundesliga-mit-am-start\/#breadcrumb"},"inLanguage":"de","potentialAction":[{"@type":"ReadAction","target":["https:\/\/www.michael-krell.com\/de\/news-altstadtrennen-nuernberg-02-09-2-bundesliga-mit-am-start\/"]}]},{"@type":"BreadcrumbList","@id":"https:\/\/www.michael-krell.com\/de\/news-altstadtrennen-nuernberg-02-09-2-bundesliga-mit-am-start\/#breadcrumb","itemListElement":[{"@type":"ListItem","position":1,"name":"Startseite","item":"https:\/\/www.michael-krell.com\/en\/"},{"@type":"ListItem","position":2,"name":"News: Altstadtrennen N\u00fcrnberg 02.09. &#8211; 2. Bundesliga mit am Start"}]},{"@type":"WebSite","@id":"https:\/\/www.michael-krell.com\/en\/#website","url":"https:\/\/www.michael-krell.com\/en\/","name":"Michael Krell Triathlon Coaching","description":"","potentialAction":[{"@type":"SearchAction","target":{"@type":"EntryPoint","urlTemplate":"https:\/\/www.michael-krell.com\/en\/?s={search_term_string}"},"query-input":"required name=search_term_string"}],"inLanguage":"de"},{"@type":"Person","@id":"https:\/\/www.michael-krell.com\/en\/#\/schema\/person\/17d0c03cb1e15db7305e41b6170a4237","name":"Michael Krell","image":{"@type":"ImageObject","inLanguage":"de","@id":"https:\/\/www.michael-krell.com\/en\/#\/schema\/person\/image\/","url":"https:\/\/secure.gravatar.com\/avatar\/33e39b9fbaf6777afb9b8559d921c4d22f4fd87cba8562434fa169fa71aeb1b3?s=96&d=mm&r=g","contentUrl":"https:\/\/secure.gravatar.com\/avatar\/33e39b9fbaf6777afb9b8559d921c4d22f4fd87cba8562434fa169fa71aeb1b3?s=96&d=mm&r=g","caption":"Michael Krell"},"url":"https:\/\/www.michael-krell.com\/de\/author\/krelli\/"}]}},"_links":{"self":[{"href":"https:\/\/www.michael-krell.com\/de\/wp-json\/wp\/v2\/posts\/518","targetHints":{"allow":["GET"]}}],"collection":[{"href":"https:\/\/www.michael-krell.com\/de\/wp-json\/wp\/v2\/posts"}],"about":[{"href":"https:\/\/www.michael-krell.com\/de\/wp-json\/wp\/v2\/types\/post"}],"author":[{"embeddable":true,"href":"https:\/\/www.michael-krell.com\/de\/wp-json\/wp\/v2\/users\/2"}],"replies":[{"embeddable":true,"href":"https:\/\/www.michael-krell.com\/de\/wp-json\/wp\/v2\/comments?post=518"}],"version-history":[{"count":1,"href":"https:\/\/www.michael-krell.com\/de\/wp-json\/wp\/v2\/posts\/518\/revisions"}],"predecessor-version":[{"id":3685,"href":"https:\/\/www.michael-krell.com\/de\/wp-json\/wp\/v2\/posts\/518\/revisions\/3685"}],"wp:attachment":[{"href":"https:\/\/www.michael-krell.com\/de\/wp-json\/wp\/v2\/media?parent=518"}],"wp:term":[{"taxonomy":"category","embeddable":true,"href":"https:\/\/www.michael-krell.com\/de\/wp-json\/wp\/v2\/categories?post=518"},{"taxonomy":"post_tag","embeddable":true,"href":"https:\/\/www.michael-krell.com\/de\/wp-json\/wp\/v2\/tags?post=518"}],"curies":[{"name":"wp","href":"https:\/\/api.w.org\/{rel}","templated":true}]}}