{"id":5230,"date":"2021-10-20T12:35:25","date_gmt":"2021-10-20T10:35:25","guid":{"rendered":"https:\/\/www.michael-krell.com\/?p=5230"},"modified":"2021-10-20T12:41:53","modified_gmt":"2021-10-20T10:41:53","slug":"trainingscamp-november-ausgebucht","status":"publish","type":"post","link":"https:\/\/www.michael-krell.com\/de\/trainingscamp-november-ausgebucht\/","title":{"rendered":"Trainingscamp November21 ausgebucht! &#8211; n\u00e4chste Camps Februar-April 2022"},"content":{"rendered":"<p><a href=\"https:\/\/www.michael-krell.com\/wp-content\/uploads\/2019\/08\/WhatsApp-Image-2018-11-26-at-18.39.20.jpeg\"><img loading=\"lazy\" decoding=\"async\" class=\"alignleft wp-image-4938\" src=\"https:\/\/www.michael-krell.com\/wp-content\/uploads\/2019\/08\/WhatsApp-Image-2018-11-26-at-18.39.20-300x169.jpeg\" alt=\"\" width=\"400\" height=\"225\" srcset=\"https:\/\/www.michael-krell.com\/wp-content\/uploads\/2019\/08\/WhatsApp-Image-2018-11-26-at-18.39.20-300x169.jpeg 300w, https:\/\/www.michael-krell.com\/wp-content\/uploads\/2019\/08\/WhatsApp-Image-2018-11-26-at-18.39.20-768x432.jpeg 768w, https:\/\/www.michael-krell.com\/wp-content\/uploads\/2019\/08\/WhatsApp-Image-2018-11-26-at-18.39.20.jpeg 1352w\" sizes=\"auto, (max-width: 400px) 100vw, 400px\" \/><\/a>Liebe Athleten,<\/p>\n<p>ich freue mich \u00fcber die gro\u00dfe Resonanz zum demn\u00e4chst wieder startenden Trainingscamp auf Zypern!<\/p>\n<p>Das kommende Camp vom 13.11. bis 28.11. ist bis auf ein paar Restpl\u00e4tze auch schon ausgebucht. Freie Kapazit\u00e4ten haben wir noch f\u00fcr unser Fr\u00fchjahrscamp im Februar\/M\u00e4rz 2022. Bei Fragen gern jederzeit bei mir \u00fcbers Kontaktfornular melden.<\/p>\n<p>Hier gehts zum <a href=\"https:\/\/www.trainingcamps-zypern.de\/fruehjahrscamp\" target=\"_blank\" rel=\"noopener\">link, anklicken<\/a><\/p>\n<p>viele Gr\u00fc\u00dfe &amp; vielleicht bis bald in der Sonne!<\/p>\n<p>Michael<\/p>\n","protected":false},"excerpt":{"rendered":"<p>Liebe Athleten, ich freue mich \u00fcber die gro\u00dfe Resonanz zum demn\u00e4chst wieder startenden Trainingscamp auf Zypern! Das kommende Camp vom [&hellip;]<\/p>\n","protected":false},"author":2,"featured_media":4938,"comment_status":"closed","ping_status":"open","sticky":false,"template":"","format":"standard","meta":{"footnotes":""},"categories":[1219],"tags":[1123,1189,1187,1237,1235,1215,1122,1081,1186,1188,1080],"class_list":["post-5230","post","type-post","status-publish","format-standard","has-post-thumbnail","hentry","category-coaching","tag-camp-zypern","tag-krelli","tag-michael-krell","tag-paphos","tag-schwimmcamp","tag-trainingscamp","tag-trainingslager-zypern","tag-triathlon-coach-2","tag-triathlon-coaching","tag-triathlon-trainer","tag-triathlon-training-2"],"yoast_head":"<!-- This site is optimized with the Yoast SEO plugin v28.4 - https:\/\/yoast.com\/product\/yoast-seo-wordpress\/ -->\n<title>Trainingscamp November21 ausgebucht! - n\u00e4chste Camps Februar-April 2022 - Michael Krell Triathlon Coaching<\/title>\n<meta name=\"robots\" content=\"index, follow, max-snippet:-1, max-image-preview:large, max-video-preview:-1\" \/>\n<link rel=\"canonical\" href=\"https:\/\/www.michael-krell.com\/de\/trainingscamp-november-ausgebucht\/\" \/>\n<meta property=\"og:locale\" content=\"de_DE\" \/>\n<meta property=\"og:type\" content=\"article\" \/>\n<meta property=\"og:title\" content=\"Trainingscamp November21 ausgebucht! - n\u00e4chste Camps Februar-April 2022 - Michael Krell Triathlon Coaching\" \/>\n<meta property=\"og:description\" content=\"Liebe Athleten, ich freue mich \u00fcber die gro\u00dfe Resonanz zum demn\u00e4chst wieder startenden Trainingscamp auf Zypern! Das kommende Camp vom [&hellip;]\" \/>\n<meta property=\"og:url\" content=\"https:\/\/www.michael-krell.com\/de\/trainingscamp-november-ausgebucht\/\" \/>\n<meta property=\"og:site_name\" content=\"Michael Krell Triathlon Coaching\" \/>\n<meta property=\"article:published_time\" content=\"2021-10-20T10:35:25+00:00\" \/>\n<meta property=\"article:modified_time\" content=\"2021-10-20T10:41:53+00:00\" \/>\n<meta property=\"og:image\" content=\"https:\/\/www.michael-krell.com\/wp-content\/uploads\/2019\/08\/WhatsApp-Image-2018-11-26-at-18.39.20.jpeg\" \/>\n\t<meta property=\"og:image:width\" content=\"1352\" \/>\n\t<meta property=\"og:image:height\" content=\"760\" \/>\n\t<meta property=\"og:image:type\" content=\"image\/jpeg\" \/>\n<meta name=\"author\" content=\"Michael Krell\" \/>\n<meta name=\"twitter:card\" content=\"summary_large_image\" \/>\n<meta name=\"twitter:label1\" content=\"Verfasst von\" \/>\n\t<meta name=\"twitter:data1\" content=\"Michael Krell\" \/>\n<script type=\"application\/ld+json\" class=\"yoast-schema-graph\">{\"@context\":\"https:\\\/\\\/schema.org\",\"@graph\":[{\"@type\":\"Article\",\"@id\":\"https:\\\/\\\/www.michael-krell.com\\\/de\\\/trainingscamp-november-ausgebucht\\\/#article\",\"isPartOf\":{\"@id\":\"https:\\\/\\\/www.michael-krell.com\\\/de\\\/trainingscamp-november-ausgebucht\\\/\"},\"author\":{\"name\":\"Michael Krell\",\"@id\":\"https:\\\/\\\/www.michael-krell.com\\\/en\\\/#\\\/schema\\\/person\\\/e5b466996ad26538a3241fcdb2d393d2\"},\"headline\":\"Trainingscamp November21 ausgebucht! &#8211; n\u00e4chste Camps Februar-April 2022\",\"datePublished\":\"2021-10-20T10:35:25+00:00\",\"dateModified\":\"2021-10-20T10:41:53+00:00\",\"mainEntityOfPage\":{\"@id\":\"https:\\\/\\\/www.michael-krell.com\\\/de\\\/trainingscamp-november-ausgebucht\\\/\"},\"wordCount\":81,\"image\":{\"@id\":\"https:\\\/\\\/www.michael-krell.com\\\/de\\\/trainingscamp-november-ausgebucht\\\/#primaryimage\"},\"thumbnailUrl\":\"https:\\\/\\\/www.michael-krell.com\\\/wp-content\\\/uploads\\\/2019\\\/08\\\/WhatsApp-Image-2018-11-26-at-18.39.20.jpeg\",\"keywords\":[\"Camp Zypern\",\"krelli\",\"Michael Krell\",\"Paphos\",\"Schwimmcamp\",\"Trainingscamp\",\"Trainingslager Zypern\",\"triathlon coach\",\"triathlon coaching\",\"triathlon trainer\",\"triathlon training\"],\"articleSection\":[\"Coaching\"],\"inLanguage\":\"de\"},{\"@type\":\"WebPage\",\"@id\":\"https:\\\/\\\/www.michael-krell.com\\\/de\\\/trainingscamp-november-ausgebucht\\\/\",\"url\":\"https:\\\/\\\/www.michael-krell.com\\\/de\\\/trainingscamp-november-ausgebucht\\\/\",\"name\":\"Trainingscamp November21 ausgebucht! - n\u00e4chste Camps Februar-April 2022 - Michael Krell Triathlon Coaching\",\"isPartOf\":{\"@id\":\"https:\\\/\\\/www.michael-krell.com\\\/en\\\/#website\"},\"primaryImageOfPage\":{\"@id\":\"https:\\\/\\\/www.michael-krell.com\\\/de\\\/trainingscamp-november-ausgebucht\\\/#primaryimage\"},\"image\":{\"@id\":\"https:\\\/\\\/www.michael-krell.com\\\/de\\\/trainingscamp-november-ausgebucht\\\/#primaryimage\"},\"thumbnailUrl\":\"https:\\\/\\\/www.michael-krell.com\\\/wp-content\\\/uploads\\\/2019\\\/08\\\/WhatsApp-Image-2018-11-26-at-18.39.20.jpeg\",\"datePublished\":\"2021-10-20T10:35:25+00:00\",\"dateModified\":\"2021-10-20T10:41:53+00:00\",\"author\":{\"@id\":\"https:\\\/\\\/www.michael-krell.com\\\/en\\\/#\\\/schema\\\/person\\\/e5b466996ad26538a3241fcdb2d393d2\"},\"breadcrumb\":{\"@id\":\"https:\\\/\\\/www.michael-krell.com\\\/de\\\/trainingscamp-november-ausgebucht\\\/#breadcrumb\"},\"inLanguage\":\"de\",\"potentialAction\":[{\"@type\":\"ReadAction\",\"target\":[\"https:\\\/\\\/www.michael-krell.com\\\/de\\\/trainingscamp-november-ausgebucht\\\/\"]}]},{\"@type\":\"ImageObject\",\"inLanguage\":\"de\",\"@id\":\"https:\\\/\\\/www.michael-krell.com\\\/de\\\/trainingscamp-november-ausgebucht\\\/#primaryimage\",\"url\":\"https:\\\/\\\/www.michael-krell.com\\\/wp-content\\\/uploads\\\/2019\\\/08\\\/WhatsApp-Image-2018-11-26-at-18.39.20.jpeg\",\"contentUrl\":\"https:\\\/\\\/www.michael-krell.com\\\/wp-content\\\/uploads\\\/2019\\\/08\\\/WhatsApp-Image-2018-11-26-at-18.39.20.jpeg\",\"width\":1352,\"height\":760},{\"@type\":\"BreadcrumbList\",\"@id\":\"https:\\\/\\\/www.michael-krell.com\\\/de\\\/trainingscamp-november-ausgebucht\\\/#breadcrumb\",\"itemListElement\":[{\"@type\":\"ListItem\",\"position\":1,\"name\":\"Startseite\",\"item\":\"https:\\\/\\\/www.michael-krell.com\\\/\"},{\"@type\":\"ListItem\",\"position\":2,\"name\":\"Trainingscamp November21 ausgebucht! &#8211; n\u00e4chste Camps Februar-April 2022\"}]},{\"@type\":\"WebSite\",\"@id\":\"https:\\\/\\\/www.michael-krell.com\\\/en\\\/#website\",\"url\":\"https:\\\/\\\/www.michael-krell.com\\\/en\\\/\",\"name\":\"Michael Krell Triathlon Coaching\",\"description\":\"\",\"potentialAction\":[{\"@type\":\"SearchAction\",\"target\":{\"@type\":\"EntryPoint\",\"urlTemplate\":\"https:\\\/\\\/www.michael-krell.com\\\/en\\\/?s={search_term_string}\"},\"query-input\":{\"@type\":\"PropertyValueSpecification\",\"valueRequired\":true,\"valueName\":\"search_term_string\"}}],\"inLanguage\":\"de\"},{\"@type\":\"Person\",\"@id\":\"https:\\\/\\\/www.michael-krell.com\\\/en\\\/#\\\/schema\\\/person\\\/e5b466996ad26538a3241fcdb2d393d2\",\"name\":\"Michael Krell\",\"image\":{\"@type\":\"ImageObject\",\"inLanguage\":\"de\",\"@id\":\"https:\\\/\\\/secure.gravatar.com\\\/avatar\\\/33e39b9fbaf6777afb9b8559d921c4d22f4fd87cba8562434fa169fa71aeb1b3?s=96&d=mm&r=g\",\"url\":\"https:\\\/\\\/secure.gravatar.com\\\/avatar\\\/33e39b9fbaf6777afb9b8559d921c4d22f4fd87cba8562434fa169fa71aeb1b3?s=96&d=mm&r=g\",\"contentUrl\":\"https:\\\/\\\/secure.gravatar.com\\\/avatar\\\/33e39b9fbaf6777afb9b8559d921c4d22f4fd87cba8562434fa169fa71aeb1b3?s=96&d=mm&r=g\",\"caption\":\"Michael Krell\"},\"url\":\"https:\\\/\\\/www.michael-krell.com\\\/de\\\/author\\\/krelli\\\/\"}]}<\/script>\n<!-- \/ Yoast SEO plugin. -->","yoast_head_json":{"title":"Trainingscamp November21 ausgebucht! - n\u00e4chste Camps Februar-April 2022 - Michael Krell Triathlon Coaching","robots":{"index":"index","follow":"follow","max-snippet":"max-snippet:-1","max-image-preview":"max-image-preview:large","max-video-preview":"max-video-preview:-1"},"canonical":"https:\/\/www.michael-krell.com\/de\/trainingscamp-november-ausgebucht\/","og_locale":"de_DE","og_type":"article","og_title":"Trainingscamp November21 ausgebucht! - n\u00e4chste Camps Februar-April 2022 - Michael Krell Triathlon Coaching","og_description":"Liebe Athleten, ich freue mich \u00fcber die gro\u00dfe Resonanz zum demn\u00e4chst wieder startenden Trainingscamp auf Zypern! Das kommende Camp vom [&hellip;]","og_url":"https:\/\/www.michael-krell.com\/de\/trainingscamp-november-ausgebucht\/","og_site_name":"Michael Krell Triathlon Coaching","article_published_time":"2021-10-20T10:35:25+00:00","article_modified_time":"2021-10-20T10:41:53+00:00","og_image":[{"width":1352,"height":760,"url":"https:\/\/www.michael-krell.com\/wp-content\/uploads\/2019\/08\/WhatsApp-Image-2018-11-26-at-18.39.20.jpeg","type":"image\/jpeg"}],"author":"Michael Krell","twitter_card":"summary_large_image","twitter_misc":{"Verfasst von":"Michael Krell"},"schema":{"@context":"https:\/\/schema.org","@graph":[{"@type":"Article","@id":"https:\/\/www.michael-krell.com\/de\/trainingscamp-november-ausgebucht\/#article","isPartOf":{"@id":"https:\/\/www.michael-krell.com\/de\/trainingscamp-november-ausgebucht\/"},"author":{"name":"Michael Krell","@id":"https:\/\/www.michael-krell.com\/en\/#\/schema\/person\/e5b466996ad26538a3241fcdb2d393d2"},"headline":"Trainingscamp November21 ausgebucht! &#8211; n\u00e4chste Camps Februar-April 2022","datePublished":"2021-10-20T10:35:25+00:00","dateModified":"2021-10-20T10:41:53+00:00","mainEntityOfPage":{"@id":"https:\/\/www.michael-krell.com\/de\/trainingscamp-november-ausgebucht\/"},"wordCount":81,"image":{"@id":"https:\/\/www.michael-krell.com\/de\/trainingscamp-november-ausgebucht\/#primaryimage"},"thumbnailUrl":"https:\/\/www.michael-krell.com\/wp-content\/uploads\/2019\/08\/WhatsApp-Image-2018-11-26-at-18.39.20.jpeg","keywords":["Camp Zypern","krelli","Michael Krell","Paphos","Schwimmcamp","Trainingscamp","Trainingslager Zypern","triathlon coach","triathlon coaching","triathlon trainer","triathlon training"],"articleSection":["Coaching"],"inLanguage":"de"},{"@type":"WebPage","@id":"https:\/\/www.michael-krell.com\/de\/trainingscamp-november-ausgebucht\/","url":"https:\/\/www.michael-krell.com\/de\/trainingscamp-november-ausgebucht\/","name":"Trainingscamp November21 ausgebucht! - n\u00e4chste Camps Februar-April 2022 - Michael Krell Triathlon Coaching","isPartOf":{"@id":"https:\/\/www.michael-krell.com\/en\/#website"},"primaryImageOfPage":{"@id":"https:\/\/www.michael-krell.com\/de\/trainingscamp-november-ausgebucht\/#primaryimage"},"image":{"@id":"https:\/\/www.michael-krell.com\/de\/trainingscamp-november-ausgebucht\/#primaryimage"},"thumbnailUrl":"https:\/\/www.michael-krell.com\/wp-content\/uploads\/2019\/08\/WhatsApp-Image-2018-11-26-at-18.39.20.jpeg","datePublished":"2021-10-20T10:35:25+00:00","dateModified":"2021-10-20T10:41:53+00:00","author":{"@id":"https:\/\/www.michael-krell.com\/en\/#\/schema\/person\/e5b466996ad26538a3241fcdb2d393d2"},"breadcrumb":{"@id":"https:\/\/www.michael-krell.com\/de\/trainingscamp-november-ausgebucht\/#breadcrumb"},"inLanguage":"de","potentialAction":[{"@type":"ReadAction","target":["https:\/\/www.michael-krell.com\/de\/trainingscamp-november-ausgebucht\/"]}]},{"@type":"ImageObject","inLanguage":"de","@id":"https:\/\/www.michael-krell.com\/de\/trainingscamp-november-ausgebucht\/#primaryimage","url":"https:\/\/www.michael-krell.com\/wp-content\/uploads\/2019\/08\/WhatsApp-Image-2018-11-26-at-18.39.20.jpeg","contentUrl":"https:\/\/www.michael-krell.com\/wp-content\/uploads\/2019\/08\/WhatsApp-Image-2018-11-26-at-18.39.20.jpeg","width":1352,"height":760},{"@type":"BreadcrumbList","@id":"https:\/\/www.michael-krell.com\/de\/trainingscamp-november-ausgebucht\/#breadcrumb","itemListElement":[{"@type":"ListItem","position":1,"name":"Startseite","item":"https:\/\/www.michael-krell.com\/"},{"@type":"ListItem","position":2,"name":"Trainingscamp November21 ausgebucht! &#8211; n\u00e4chste Camps Februar-April 2022"}]},{"@type":"WebSite","@id":"https:\/\/www.michael-krell.com\/en\/#website","url":"https:\/\/www.michael-krell.com\/en\/","name":"Michael Krell Triathlon Coaching","description":"","potentialAction":[{"@type":"SearchAction","target":{"@type":"EntryPoint","urlTemplate":"https:\/\/www.michael-krell.com\/en\/?s={search_term_string}"},"query-input":{"@type":"PropertyValueSpecification","valueRequired":true,"valueName":"search_term_string"}}],"inLanguage":"de"},{"@type":"Person","@id":"https:\/\/www.michael-krell.com\/en\/#\/schema\/person\/e5b466996ad26538a3241fcdb2d393d2","name":"Michael Krell","image":{"@type":"ImageObject","inLanguage":"de","@id":"https:\/\/secure.gravatar.com\/avatar\/33e39b9fbaf6777afb9b8559d921c4d22f4fd87cba8562434fa169fa71aeb1b3?s=96&d=mm&r=g","url":"https:\/\/secure.gravatar.com\/avatar\/33e39b9fbaf6777afb9b8559d921c4d22f4fd87cba8562434fa169fa71aeb1b3?s=96&d=mm&r=g","contentUrl":"https:\/\/secure.gravatar.com\/avatar\/33e39b9fbaf6777afb9b8559d921c4d22f4fd87cba8562434fa169fa71aeb1b3?s=96&d=mm&r=g","caption":"Michael Krell"},"url":"https:\/\/www.michael-krell.com\/de\/author\/krelli\/"}]}},"_links":{"self":[{"href":"https:\/\/www.michael-krell.com\/de\/wp-json\/wp\/v2\/posts\/5230","targetHints":{"allow":["GET"]}}],"collection":[{"href":"https:\/\/www.michael-krell.com\/de\/wp-json\/wp\/v2\/posts"}],"about":[{"href":"https:\/\/www.michael-krell.com\/de\/wp-json\/wp\/v2\/types\/post"}],"author":[{"embeddable":true,"href":"https:\/\/www.michael-krell.com\/de\/wp-json\/wp\/v2\/users\/2"}],"replies":[{"embeddable":true,"href":"https:\/\/www.michael-krell.com\/de\/wp-json\/wp\/v2\/comments?post=5230"}],"version-history":[{"count":9,"href":"https:\/\/www.michael-krell.com\/de\/wp-json\/wp\/v2\/posts\/5230\/revisions"}],"predecessor-version":[{"id":5239,"href":"https:\/\/www.michael-krell.com\/de\/wp-json\/wp\/v2\/posts\/5230\/revisions\/5239"}],"wp:featuredmedia":[{"embeddable":true,"href":"https:\/\/www.michael-krell.com\/de\/wp-json\/wp\/v2\/media\/4938"}],"wp:attachment":[{"href":"https:\/\/www.michael-krell.com\/de\/wp-json\/wp\/v2\/media?parent=5230"}],"wp:term":[{"taxonomy":"category","embeddable":true,"href":"https:\/\/www.michael-krell.com\/de\/wp-json\/wp\/v2\/categories?post=5230"},{"taxonomy":"post_tag","embeddable":true,"href":"https:\/\/www.michael-krell.com\/de\/wp-json\/wp\/v2\/tags?post=5230"}],"curies":[{"name":"wp","href":"https:\/\/api.w.org\/{rel}","templated":true}]}}