{"id":527,"date":"2011-12-29T00:19:00","date_gmt":"2011-12-28T23:19:00","guid":{"rendered":"http:\/\/www.michael-krell.com\/?p=527"},"modified":"2017-04-18T15:08:41","modified_gmt":"2017-04-18T13:08:41","slug":"krelli-in-gefahr-staffelberglauf","status":"publish","type":"post","link":"https:\/\/www.michael-krell.com\/de\/krelli-in-gefahr-staffelberglauf\/","title":{"rendered":"krelli in Gefahr &#8211; Staffelberglauf"},"content":{"rendered":"<div style=\"clear: both; text-align: center;\"><\/div>\n<div style=\"clear: both; text-align: center;\"><a style=\"margin-left: 1em; margin-right: 1em;\" href=\"http:\/\/www.michael-krell.com\/wp-content\/uploads\/2011\/12\/DSC01666.jpg\"><img loading=\"lazy\" decoding=\"async\" src=\"http:\/\/www.michael-krell.com\/wp-content\/uploads\/2011\/12\/DSC01666-300x225.jpg\" width=\"400\" height=\"300\" border=\"0\" \/><\/a><\/div>\n<p>Heute ein ziemlich deftiger Berglauf in Lichtenfels: Andi, Frank, Daniel und ich liefen den Staffelberg hoch. Die gr\u00f6\u00dfte Erhebung in der Gegend. Die Strecke, welche sich dank der Ortskenntnisse von Frank immer weiter verl\u00e4ngerte, war gespickt mit heftigen Anstiegen, an denen mir unmissverst\u00e4ndlich meine derzeitigen Gewichtsnachteile vor Augen gehalten wurden.<\/p>\n<div style=\"clear: both; text-align: center;\"><a style=\"margin-left: 1em; margin-right: 1em;\" href=\"http:\/\/www.michael-krell.com\/wp-content\/uploads\/2011\/12\/DSC01665.jpg\"><img loading=\"lazy\" decoding=\"async\" src=\"http:\/\/www.michael-krell.com\/wp-content\/uploads\/2011\/12\/DSC01665-225x300.jpg\" width=\"300\" height=\"400\" border=\"0\" \/><\/a><\/div>\n<p>Alles in allem ca. 400 HM auf 16 km, wobei wir Gottseidank ein gem\u00fctliches Tempo angeschlagen haben \ud83d\ude09<\/p>\n<p>Das hei\u00dft wir konnten auch mal wieder quatschen. Andi und Frank werden im Fr\u00fchjahr jeweils 4-6 Wochen in Trainingslagern auf Fuerteventura und Mallorca verbringen. Das verspricht einiges f\u00fcr die Saison. W\u00e4hrend Frank h\u00f6chstwahrscheinlich in Roth starten wird, nimmt Andi seine erste Saison als Profi in Angriff. Die Klamotten vom Sponsor hatte er zumindestens schonmal an. Auch wenn uns keine Sau im Wald gesehen hat \ud83d\ude09 Daniel, der die Fotos geschossen hat, wird sich weiter seiner Laufkarriere widmen und die 10er Bestzeit von 33 min angreifen.<\/p>\n<p>Immer wieder interessant fachzusimpeln und herauszufinden womit sich die anderen motivieren, um sich fr\u00fch am morgen oder bei schlechten Wetter aus dem Haus zu qu\u00e4len.<\/p>\n<div style=\"clear: both; text-align: center;\"><a style=\"margin-left: 1em; margin-right: 1em;\" href=\"http:\/\/www.michael-krell.com\/wp-content\/uploads\/2011\/12\/DSC01667.jpg\"><img loading=\"lazy\" decoding=\"async\" src=\"http:\/\/www.michael-krell.com\/wp-content\/uploads\/2011\/12\/DSC01667-300x225.jpg\" width=\"400\" height=\"300\" border=\"0\" \/><\/a><\/div>\n<p><b>Den Dreien und Euch w\u00fcnsche ich nat\u00fcrlich dass alle Ziele und Tr\u00e4ume f\u00fcr n\u00e4chstes Jahr in Erf\u00fcllung gehen, und einen guten Rutsch ins neue Jahr!!!!<\/b><\/p>\n<p>krelli<\/p>\n","protected":false},"excerpt":{"rendered":"<p>Heute ein ziemlich deftiger Berglauf in Lichtenfels: Andi, Frank, Daniel und ich liefen den Staffelberg hoch. Die gr\u00f6\u00dfte Erhebung in [&hellip;]<\/p>\n","protected":false},"author":2,"featured_media":1615,"comment_status":"open","ping_status":"open","sticky":false,"template":"","format":"standard","meta":{"footnotes":""},"categories":[1220],"tags":[],"class_list":["post-527","post","type-post","status-publish","format-standard","has-post-thumbnail","hentry","category-privates"],"yoast_head":"<!-- This site is optimized with the Yoast SEO plugin v19.8 - https:\/\/yoast.com\/wordpress\/plugins\/seo\/ -->\n<title>krelli in Gefahr - Staffelberglauf - Michael Krell Triathlon Coaching<\/title>\n<meta name=\"robots\" content=\"index, follow, max-snippet:-1, max-image-preview:large, max-video-preview:-1\" \/>\n<link rel=\"canonical\" href=\"https:\/\/www.michael-krell.com\/de\/krelli-in-gefahr-staffelberglauf\/\" \/>\n<meta property=\"og:locale\" content=\"de_DE\" \/>\n<meta property=\"og:type\" content=\"article\" \/>\n<meta property=\"og:title\" content=\"krelli in Gefahr - Staffelberglauf - Michael Krell Triathlon Coaching\" \/>\n<meta property=\"og:description\" content=\"Heute ein ziemlich deftiger Berglauf in Lichtenfels: Andi, Frank, Daniel und ich liefen den Staffelberg hoch. Die gr\u00f6\u00dfte Erhebung in [&hellip;]\" \/>\n<meta property=\"og:url\" content=\"https:\/\/www.michael-krell.com\/de\/krelli-in-gefahr-staffelberglauf\/\" \/>\n<meta property=\"og:site_name\" content=\"Michael Krell Triathlon Coaching\" \/>\n<meta property=\"article:published_time\" content=\"2011-12-28T23:19:00+00:00\" \/>\n<meta property=\"article:modified_time\" content=\"2017-04-18T13:08:41+00:00\" \/>\n<meta property=\"og:image\" content=\"https:\/\/www.michael-krell.com\/wp-content\/uploads\/2011\/12\/DSC01666.jpg\" \/>\n\t<meta property=\"og:image:width\" content=\"1024\" \/>\n\t<meta property=\"og:image:height\" content=\"768\" \/>\n\t<meta property=\"og:image:type\" content=\"image\/jpeg\" \/>\n<meta name=\"author\" content=\"Michael Krell\" \/>\n<meta name=\"twitter:card\" content=\"summary_large_image\" \/>\n<meta name=\"twitter:label1\" content=\"Verfasst von\" \/>\n\t<meta name=\"twitter:data1\" content=\"Michael Krell\" \/>\n\t<meta name=\"twitter:label2\" content=\"Gesch\u00e4tzte Lesezeit\" \/>\n\t<meta name=\"twitter:data2\" content=\"1\u00a0Minute\" \/>\n<script type=\"application\/ld+json\" class=\"yoast-schema-graph\">{\"@context\":\"https:\/\/schema.org\",\"@graph\":[{\"@type\":\"WebPage\",\"@id\":\"https:\/\/www.michael-krell.com\/de\/krelli-in-gefahr-staffelberglauf\/\",\"url\":\"https:\/\/www.michael-krell.com\/de\/krelli-in-gefahr-staffelberglauf\/\",\"name\":\"krelli in Gefahr - Staffelberglauf - Michael Krell Triathlon Coaching\",\"isPartOf\":{\"@id\":\"https:\/\/www.michael-krell.com\/en\/#website\"},\"datePublished\":\"2011-12-28T23:19:00+00:00\",\"dateModified\":\"2017-04-18T13:08:41+00:00\",\"author\":{\"@id\":\"https:\/\/www.michael-krell.com\/en\/#\/schema\/person\/17d0c03cb1e15db7305e41b6170a4237\"},\"breadcrumb\":{\"@id\":\"https:\/\/www.michael-krell.com\/de\/krelli-in-gefahr-staffelberglauf\/#breadcrumb\"},\"inLanguage\":\"de\",\"potentialAction\":[{\"@type\":\"ReadAction\",\"target\":[\"https:\/\/www.michael-krell.com\/de\/krelli-in-gefahr-staffelberglauf\/\"]}]},{\"@type\":\"BreadcrumbList\",\"@id\":\"https:\/\/www.michael-krell.com\/de\/krelli-in-gefahr-staffelberglauf\/#breadcrumb\",\"itemListElement\":[{\"@type\":\"ListItem\",\"position\":1,\"name\":\"Startseite\",\"item\":\"https:\/\/www.michael-krell.com\/en\/\"},{\"@type\":\"ListItem\",\"position\":2,\"name\":\"krelli in Gefahr &#8211; Staffelberglauf\"}]},{\"@type\":\"WebSite\",\"@id\":\"https:\/\/www.michael-krell.com\/en\/#website\",\"url\":\"https:\/\/www.michael-krell.com\/en\/\",\"name\":\"Michael Krell Triathlon Coaching\",\"description\":\"\",\"potentialAction\":[{\"@type\":\"SearchAction\",\"target\":{\"@type\":\"EntryPoint\",\"urlTemplate\":\"https:\/\/www.michael-krell.com\/en\/?s={search_term_string}\"},\"query-input\":\"required name=search_term_string\"}],\"inLanguage\":\"de\"},{\"@type\":\"Person\",\"@id\":\"https:\/\/www.michael-krell.com\/en\/#\/schema\/person\/17d0c03cb1e15db7305e41b6170a4237\",\"name\":\"Michael Krell\",\"image\":{\"@type\":\"ImageObject\",\"inLanguage\":\"de\",\"@id\":\"https:\/\/www.michael-krell.com\/en\/#\/schema\/person\/image\/\",\"url\":\"https:\/\/secure.gravatar.com\/avatar\/33e39b9fbaf6777afb9b8559d921c4d22f4fd87cba8562434fa169fa71aeb1b3?s=96&d=mm&r=g\",\"contentUrl\":\"https:\/\/secure.gravatar.com\/avatar\/33e39b9fbaf6777afb9b8559d921c4d22f4fd87cba8562434fa169fa71aeb1b3?s=96&d=mm&r=g\",\"caption\":\"Michael Krell\"},\"url\":\"https:\/\/www.michael-krell.com\/de\/author\/krelli\/\"}]}<\/script>\n<!-- \/ Yoast SEO plugin. -->","yoast_head_json":{"title":"krelli in Gefahr - Staffelberglauf - Michael Krell Triathlon Coaching","robots":{"index":"index","follow":"follow","max-snippet":"max-snippet:-1","max-image-preview":"max-image-preview:large","max-video-preview":"max-video-preview:-1"},"canonical":"https:\/\/www.michael-krell.com\/de\/krelli-in-gefahr-staffelberglauf\/","og_locale":"de_DE","og_type":"article","og_title":"krelli in Gefahr - Staffelberglauf - Michael Krell Triathlon Coaching","og_description":"Heute ein ziemlich deftiger Berglauf in Lichtenfels: Andi, Frank, Daniel und ich liefen den Staffelberg hoch. Die gr\u00f6\u00dfte Erhebung in [&hellip;]","og_url":"https:\/\/www.michael-krell.com\/de\/krelli-in-gefahr-staffelberglauf\/","og_site_name":"Michael Krell Triathlon Coaching","article_published_time":"2011-12-28T23:19:00+00:00","article_modified_time":"2017-04-18T13:08:41+00:00","og_image":[{"width":1024,"height":768,"url":"https:\/\/www.michael-krell.com\/wp-content\/uploads\/2011\/12\/DSC01666.jpg","type":"image\/jpeg"}],"author":"Michael Krell","twitter_card":"summary_large_image","twitter_misc":{"Verfasst von":"Michael Krell","Gesch\u00e4tzte Lesezeit":"1\u00a0Minute"},"schema":{"@context":"https:\/\/schema.org","@graph":[{"@type":"WebPage","@id":"https:\/\/www.michael-krell.com\/de\/krelli-in-gefahr-staffelberglauf\/","url":"https:\/\/www.michael-krell.com\/de\/krelli-in-gefahr-staffelberglauf\/","name":"krelli in Gefahr - Staffelberglauf - Michael Krell Triathlon Coaching","isPartOf":{"@id":"https:\/\/www.michael-krell.com\/en\/#website"},"datePublished":"2011-12-28T23:19:00+00:00","dateModified":"2017-04-18T13:08:41+00:00","author":{"@id":"https:\/\/www.michael-krell.com\/en\/#\/schema\/person\/17d0c03cb1e15db7305e41b6170a4237"},"breadcrumb":{"@id":"https:\/\/www.michael-krell.com\/de\/krelli-in-gefahr-staffelberglauf\/#breadcrumb"},"inLanguage":"de","potentialAction":[{"@type":"ReadAction","target":["https:\/\/www.michael-krell.com\/de\/krelli-in-gefahr-staffelberglauf\/"]}]},{"@type":"BreadcrumbList","@id":"https:\/\/www.michael-krell.com\/de\/krelli-in-gefahr-staffelberglauf\/#breadcrumb","itemListElement":[{"@type":"ListItem","position":1,"name":"Startseite","item":"https:\/\/www.michael-krell.com\/en\/"},{"@type":"ListItem","position":2,"name":"krelli in Gefahr &#8211; Staffelberglauf"}]},{"@type":"WebSite","@id":"https:\/\/www.michael-krell.com\/en\/#website","url":"https:\/\/www.michael-krell.com\/en\/","name":"Michael Krell Triathlon Coaching","description":"","potentialAction":[{"@type":"SearchAction","target":{"@type":"EntryPoint","urlTemplate":"https:\/\/www.michael-krell.com\/en\/?s={search_term_string}"},"query-input":"required name=search_term_string"}],"inLanguage":"de"},{"@type":"Person","@id":"https:\/\/www.michael-krell.com\/en\/#\/schema\/person\/17d0c03cb1e15db7305e41b6170a4237","name":"Michael Krell","image":{"@type":"ImageObject","inLanguage":"de","@id":"https:\/\/www.michael-krell.com\/en\/#\/schema\/person\/image\/","url":"https:\/\/secure.gravatar.com\/avatar\/33e39b9fbaf6777afb9b8559d921c4d22f4fd87cba8562434fa169fa71aeb1b3?s=96&d=mm&r=g","contentUrl":"https:\/\/secure.gravatar.com\/avatar\/33e39b9fbaf6777afb9b8559d921c4d22f4fd87cba8562434fa169fa71aeb1b3?s=96&d=mm&r=g","caption":"Michael Krell"},"url":"https:\/\/www.michael-krell.com\/de\/author\/krelli\/"}]}},"_links":{"self":[{"href":"https:\/\/www.michael-krell.com\/de\/wp-json\/wp\/v2\/posts\/527","targetHints":{"allow":["GET"]}}],"collection":[{"href":"https:\/\/www.michael-krell.com\/de\/wp-json\/wp\/v2\/posts"}],"about":[{"href":"https:\/\/www.michael-krell.com\/de\/wp-json\/wp\/v2\/types\/post"}],"author":[{"embeddable":true,"href":"https:\/\/www.michael-krell.com\/de\/wp-json\/wp\/v2\/users\/2"}],"replies":[{"embeddable":true,"href":"https:\/\/www.michael-krell.com\/de\/wp-json\/wp\/v2\/comments?post=527"}],"version-history":[{"count":1,"href":"https:\/\/www.michael-krell.com\/de\/wp-json\/wp\/v2\/posts\/527\/revisions"}],"predecessor-version":[{"id":3693,"href":"https:\/\/www.michael-krell.com\/de\/wp-json\/wp\/v2\/posts\/527\/revisions\/3693"}],"wp:featuredmedia":[{"embeddable":true,"href":"https:\/\/www.michael-krell.com\/de\/wp-json\/wp\/v2\/media\/1615"}],"wp:attachment":[{"href":"https:\/\/www.michael-krell.com\/de\/wp-json\/wp\/v2\/media?parent=527"}],"wp:term":[{"taxonomy":"category","embeddable":true,"href":"https:\/\/www.michael-krell.com\/de\/wp-json\/wp\/v2\/categories?post=527"},{"taxonomy":"post_tag","embeddable":true,"href":"https:\/\/www.michael-krell.com\/de\/wp-json\/wp\/v2\/tags?post=527"}],"curies":[{"name":"wp","href":"https:\/\/api.w.org\/{rel}","templated":true}]}}