{"id":5386,"date":"2022-12-15T15:09:57","date_gmt":"2022-12-15T14:09:57","guid":{"rendered":"https:\/\/www.michael-krell.com\/?p=5386"},"modified":"2022-12-30T19:57:22","modified_gmt":"2022-12-30T18:57:22","slug":"neu-triathlon-camp-dubai-26-02-26-02-2023","status":"publish","type":"post","link":"https:\/\/www.michael-krell.com\/de\/neu-triathlon-camp-dubai-26-02-26-02-2023\/","title":{"rendered":"Neu: Triathlon Camp Dubai 16.02. &#8211; 26.02.2023"},"content":{"rendered":"<p><a href=\"https:\/\/www.michael-krell.com\/wp-content\/uploads\/2022\/12\/pexels-abid-bin-nazar-10514386-scaled.jpg\"><img loading=\"lazy\" decoding=\"async\" class=\"alignleft size-medium wp-image-5385\" src=\"https:\/\/www.michael-krell.com\/wp-content\/uploads\/2022\/12\/pexels-abid-bin-nazar-10514386-300x225.jpg\" alt=\"\" width=\"300\" height=\"225\" srcset=\"https:\/\/www.michael-krell.com\/wp-content\/uploads\/2022\/12\/pexels-abid-bin-nazar-10514386-300x225.jpg 300w, https:\/\/www.michael-krell.com\/wp-content\/uploads\/2022\/12\/pexels-abid-bin-nazar-10514386-1800x1349.jpg 1800w, https:\/\/www.michael-krell.com\/wp-content\/uploads\/2022\/12\/pexels-abid-bin-nazar-10514386-768x576.jpg 768w, https:\/\/www.michael-krell.com\/wp-content\/uploads\/2022\/12\/pexels-abid-bin-nazar-10514386-1536x1151.jpg 1536w, https:\/\/www.michael-krell.com\/wp-content\/uploads\/2022\/12\/pexels-abid-bin-nazar-10514386-2048x1535.jpg 2048w, https:\/\/www.michael-krell.com\/wp-content\/uploads\/2022\/12\/pexels-abid-bin-nazar-10514386-16x12.jpg 16w\" sizes=\"auto, (max-width: 300px) 100vw, 300px\" \/><\/a> <strong>Big News, das wird eine Premiere!<\/strong><\/p>\n<p>Vom 16.02.-26.02.2023 findet unser erstes Triathlon Trainingscamp in Dubai statt- nat\u00fcrlich mit Sonnenscheingarantie!\u2600\ufe0f<\/p>\n<p>Eine kleine coole Trainingsgruppe wird von mir pers\u00f6nlich betreut. Euch erwarten 10 \u00dcbernachtungen im 4 Sterne Hotel (Halbpension), ein komplettes Trainingspaket inkl. Schwimmen, Radfahren, Laufen &amp; Krafttraining, spannende t\u00e4gliche Vortr\u00e4ge, individuelle Schwimmanalyse und nat\u00fcrlich eine Menge Spa\u00df.\ud83c\udfca\u200d\u2640\ufe0f\ud83d\udeb4\ud83c\udfc3\u200d\u2640\ufe0f &amp; auch f\u00fcr sightseeing in Dubai haben wir ausreichend Gelegenheit.<\/p>\n<p>Fahren werden wir gr\u00f6\u00dftenteils auf den f\u00fcr den Autoverkehr komplett abgesperrten Rad-Rundkursen um Dubai herum. Die Radstrecken f\u00fchren direkt durch die faszinierende W\u00fcstenlandschaft und sind jeweils zwischen 20 bis hin zu 60km lang. Das Klima um die Jahreszeit ist sommerlich, nicht zu hei\u00df, und versprechen ideale Trainingstemperaturen. Der Fokus wird auf dem Grundlagentraining beim Radfahren und Laufen liegen. Beim Schwimmen, und auch teils beim Laufen, werden wir teils auch an der Technik arbeiten.<\/p>\n<p>Preise: <strong>1590\u20ac<\/strong> pro Person im <strong>Doppelzimmer<\/strong> bzw. 1990\u20ac im Einzelzimmer (jeweils ohne Flug &amp; Leihrad)<\/p>\n<p>Auf Wunsch versuche ich auch einzelne G\u00e4ste in Doppelzimmer zu vermitteln. kurze Info reicht. Bei den Fl\u00fcgen helfe ich euch gern und gebe euch Empfehlungen f\u00fcr die besten Verbindungen. Begleitpersonen k\u00f6nnt ihr selbstverst\u00e4ndlich mitbringen! F\u00fcr diese wird es nat\u00fcrlich g\u00fcnstiger ohne Trainingspaket.<\/p>\n<p>F\u00fcr mehr Infos &amp; Buchung, <a href=\"https:\/\/www.michael-krell.com\/de\/kontakt\/\" target=\"_blank\" rel=\"noopener\">schreibt mir einfach.<\/a><\/p>\n<p><a href=\"https:\/\/www.michael-krell.com\/wp-content\/uploads\/2022\/12\/untitled-10-scaled.jpg\"><img loading=\"lazy\" decoding=\"async\" class=\"alignleft size-medium wp-image-5400\" src=\"https:\/\/www.michael-krell.com\/wp-content\/uploads\/2022\/12\/untitled-10-300x200.jpg\" alt=\"\" width=\"300\" height=\"200\" srcset=\"https:\/\/www.michael-krell.com\/wp-content\/uploads\/2022\/12\/untitled-10-300x200.jpg 300w, https:\/\/www.michael-krell.com\/wp-content\/uploads\/2022\/12\/untitled-10-1800x1200.jpg 1800w, https:\/\/www.michael-krell.com\/wp-content\/uploads\/2022\/12\/untitled-10-768x512.jpg 768w, https:\/\/www.michael-krell.com\/wp-content\/uploads\/2022\/12\/untitled-10-1536x1024.jpg 1536w, https:\/\/www.michael-krell.com\/wp-content\/uploads\/2022\/12\/untitled-10-2048x1365.jpg 2048w, https:\/\/www.michael-krell.com\/wp-content\/uploads\/2022\/12\/untitled-10-18x12.jpg 18w\" sizes=\"auto, (max-width: 300px) 100vw, 300px\" \/><\/a> <a href=\"https:\/\/www.michael-krell.com\/wp-content\/uploads\/2022\/12\/untitled-25-scaled.jpg\"><img loading=\"lazy\" decoding=\"async\" class=\"alignleft size-medium wp-image-5401\" src=\"https:\/\/www.michael-krell.com\/wp-content\/uploads\/2022\/12\/untitled-25-300x200.jpg\" alt=\"\" width=\"300\" height=\"200\" srcset=\"https:\/\/www.michael-krell.com\/wp-content\/uploads\/2022\/12\/untitled-25-300x200.jpg 300w, https:\/\/www.michael-krell.com\/wp-content\/uploads\/2022\/12\/untitled-25-1800x1200.jpg 1800w, https:\/\/www.michael-krell.com\/wp-content\/uploads\/2022\/12\/untitled-25-768x512.jpg 768w, https:\/\/www.michael-krell.com\/wp-content\/uploads\/2022\/12\/untitled-25-1536x1024.jpg 1536w, https:\/\/www.michael-krell.com\/wp-content\/uploads\/2022\/12\/untitled-25-2048x1365.jpg 2048w, https:\/\/www.michael-krell.com\/wp-content\/uploads\/2022\/12\/untitled-25-18x12.jpg 18w\" sizes=\"auto, (max-width: 300px) 100vw, 300px\" \/><\/a> <a href=\"https:\/\/www.michael-krell.com\/wp-content\/uploads\/2022\/12\/untitled-59-scaled.jpg\"><img loading=\"lazy\" decoding=\"async\" class=\"alignleft size-medium wp-image-5403\" src=\"https:\/\/www.michael-krell.com\/wp-content\/uploads\/2022\/12\/untitled-59-300x200.jpg\" alt=\"\" width=\"300\" height=\"200\" srcset=\"https:\/\/www.michael-krell.com\/wp-content\/uploads\/2022\/12\/untitled-59-300x200.jpg 300w, https:\/\/www.michael-krell.com\/wp-content\/uploads\/2022\/12\/untitled-59-1800x1200.jpg 1800w, https:\/\/www.michael-krell.com\/wp-content\/uploads\/2022\/12\/untitled-59-768x512.jpg 768w, https:\/\/www.michael-krell.com\/wp-content\/uploads\/2022\/12\/untitled-59-1536x1024.jpg 1536w, https:\/\/www.michael-krell.com\/wp-content\/uploads\/2022\/12\/untitled-59-2048x1365.jpg 2048w, https:\/\/www.michael-krell.com\/wp-content\/uploads\/2022\/12\/untitled-59-18x12.jpg 18w\" sizes=\"auto, (max-width: 300px) 100vw, 300px\" \/><\/a><\/p>\n<p>&nbsp;<\/p>\n<p>&nbsp;<\/p>\n<p>&nbsp;<\/p>\n<p>&nbsp;<\/p>\n<p>&nbsp;<\/p>\n<p>&nbsp;<\/p>\n<p>geplantes Programm:<\/p>\n<p><strong>Tag 1 Dubai \u2013 Donnerstag 16.02.<br \/>\n<\/strong><\/p>\n<p>Ankunft, optionales Schwimmen im Meer am Nachmittag\/Abend 45min<\/p>\n<p><strong>Tag 2 Dubai \u2013 Freitag 17.02.<br \/>\n<\/strong><\/p>\n<p>TE1: Gruppenausfahrt am Vormittag 2,5- 3 Std.<\/p>\n<p>TE2: Lauf am Abend an der Promenade oder Strand 45-60min<\/p>\n<p><strong>Tag 3 Dubai \u2013 Samstag 18.02.<br \/>\n<\/strong><\/p>\n<p>TE1: Gruppenausfahrt am Vormittag 3- 3,5 Std.<\/p>\n<p>TE2: Schwimmen im Freibecken am Abend 60-90min<\/p>\n<p><strong>Tag 4 Dubai \u2013 Sonntag 19.02.<\/strong><\/p>\n<p>Laufen auf der Bahn am Morgen\/Vormittag 60-90min<\/p>\n<p>Rest des Tages &#8211; sightseeing in der Stadt \ud83d\ude42<\/p>\n<p><strong>Tag 5 Dubai \u2013 Montag 20.02.<br \/>\n<\/strong><\/p>\n<p>TE1: Gruppenausfahrt am Vormittag 3,5- 4 Std.<\/p>\n<p>TE2: Schwimmen im Freibecken am Abend 60-90min<\/p>\n<p><strong>Tag 6 Dubai \u2013 Dienstag 21.02.<br \/>\n<\/strong><\/p>\n<p>TE1: Rad-\/Lauf- Koppelleinheit am Vormittag 2- 2,5 Std.<\/p>\n<p>TE2: Schwimmen im Meer am Nachmittag\/Abend 45min<\/p>\n<p><strong>Tag 7 Dubai \u2013 Mittwoch 22.02.<br \/>\n<\/strong><\/p>\n<p>Ruhetag &#8211; Dubai sightseeing &amp; sky bar am Abend<\/p>\n<p><strong>Tag 8 Khor Fakkan \u2013 Donnerstag 23.02.<br \/>\n<\/strong><\/p>\n<p>Transferfahrt nach Khor Fakkan nach dem Fr\u00fchst\u00fcck<\/p>\n<p>TE1: gegen Mittag kurze gemeinsame Radrunde 1,5- 2 Std.<\/p>\n<p>TE2: Lauf am Abend an der Promenade oder Strand 60min<\/p>\n<p><strong>Tag 9 Khor Fakkan \u2013 Freitag 24.02.<br \/>\n<\/strong><\/p>\n<p>TE1: K\u00f6nigsetappe &#8211; Gruppenausfahrt am Morgen\/Vormittag ins wellige Hinterland 4- 5 Std.<\/p>\n<p>TE2: Schwimmen im Freibecken am Abend 60min<\/p>\n<p><strong>Tag 10 Khor Fakkan \u2013 Samstag 25.02.<br \/>\n<\/strong><\/p>\n<p>TE1: Gruppenausfahrt am Vormittag ins wellige Hinterland 2,5- 3 Std.<\/p>\n<p>TE2: Lauf am Abend an der Promenade oder Strand 45-60min<\/p>\n<p><strong>Tag 11 Khor Fakkan \u2013 Sonntag 26.02.<br \/>\n<\/strong><\/p>\n<p>Transfer zum Flughafen &#8211; wenn Zeit, dann Abschlussschwimmen im Meer, Spa\u00dfeinheit \ud83d\ude42<\/p>\n<p>&nbsp;<\/p>\n<p><strong>Neugierig geworden?<\/strong> <a href=\"https:\/\/www.michael-krell.com\/de\/kontakt\/\" target=\"_blank\" rel=\"noopener\">Dann schreibt mir einfach<\/a>, ich freu mich drauf!<\/p>\n<p>euer Michael<\/p>\n<div id=\"malwarebytes-root\"><\/div>\n<div id=\"malwarebytes-root\"><\/div>\n<div id=\"malwarebytes-root\"><\/div>\n","protected":false},"excerpt":{"rendered":"<p>Big News, das wird eine Premiere! Vom 16.02.-26.02.2023 findet unser erstes Triathlon Trainingscamp in Dubai statt- nat\u00fcrlich mit Sonnenscheingarantie!\u2600\ufe0f Eine [&hellip;]<\/p>\n","protected":false},"author":2,"featured_media":5385,"comment_status":"closed","ping_status":"open","sticky":false,"template":"","format":"standard","meta":{"footnotes":""},"categories":[1219],"tags":[1371,1189,1197,1187,1370,1270,1326,1225,1215,1369,1282,1081,1186,1188,1080],"class_list":["post-5386","post","type-post","status-publish","format-standard","has-post-thumbnail","hentry","category-coaching","tag-februar-2023","tag-krelli","tag-laufen","tag-michael-krell","tag-premiere","tag-radfahren","tag-schwimmanalyse","tag-schwimmen","tag-trainingscamp","tag-trainingscamp-dubai","tag-triathlon-camp","tag-triathlon-coach-2","tag-triathlon-coaching","tag-triathlon-trainer","tag-triathlon-training-2"],"yoast_head":"<!-- This site is optimized with the Yoast SEO plugin v19.8 - https:\/\/yoast.com\/wordpress\/plugins\/seo\/ -->\n<title>Neu: Triathlon Camp Dubai 16.02. - 26.02.2023 - Michael Krell Triathlon Coaching<\/title>\n<meta name=\"robots\" content=\"index, follow, max-snippet:-1, max-image-preview:large, max-video-preview:-1\" \/>\n<link rel=\"canonical\" href=\"https:\/\/www.michael-krell.com\/de\/neu-triathlon-camp-dubai-26-02-26-02-2023\/\" \/>\n<meta property=\"og:locale\" content=\"de_DE\" \/>\n<meta property=\"og:type\" content=\"article\" \/>\n<meta property=\"og:title\" content=\"Neu: Triathlon Camp Dubai 16.02. - 26.02.2023 - Michael Krell Triathlon Coaching\" \/>\n<meta property=\"og:description\" content=\"Big News, das wird eine Premiere! Vom 16.02.-26.02.2023 findet unser erstes Triathlon Trainingscamp in Dubai statt- nat\u00fcrlich mit Sonnenscheingarantie!\u2600\ufe0f Eine [&hellip;]\" \/>\n<meta property=\"og:url\" content=\"https:\/\/www.michael-krell.com\/de\/neu-triathlon-camp-dubai-26-02-26-02-2023\/\" \/>\n<meta property=\"og:site_name\" content=\"Michael Krell Triathlon Coaching\" \/>\n<meta property=\"article:published_time\" content=\"2022-12-15T14:09:57+00:00\" \/>\n<meta property=\"article:modified_time\" content=\"2022-12-30T18:57:22+00:00\" \/>\n<meta property=\"og:image\" content=\"https:\/\/www.michael-krell.com\/wp-content\/uploads\/2022\/12\/pexels-abid-bin-nazar-10514386-scaled.jpg\" \/>\n\t<meta property=\"og:image:width\" content=\"2560\" \/>\n\t<meta property=\"og:image:height\" content=\"1919\" \/>\n\t<meta property=\"og:image:type\" content=\"image\/jpeg\" \/>\n<meta name=\"author\" content=\"Michael Krell\" \/>\n<meta name=\"twitter:card\" content=\"summary_large_image\" \/>\n<meta name=\"twitter:label1\" content=\"Verfasst von\" \/>\n\t<meta name=\"twitter:data1\" content=\"Michael Krell\" \/>\n\t<meta name=\"twitter:label2\" content=\"Gesch\u00e4tzte Lesezeit\" \/>\n\t<meta name=\"twitter:data2\" content=\"4\u00a0Minuten\" \/>\n<script type=\"application\/ld+json\" class=\"yoast-schema-graph\">{\"@context\":\"https:\/\/schema.org\",\"@graph\":[{\"@type\":\"WebPage\",\"@id\":\"https:\/\/www.michael-krell.com\/en\/neu-triathlon-camp-dubai-26-02-26-02-2023\/\",\"url\":\"https:\/\/www.michael-krell.com\/en\/neu-triathlon-camp-dubai-26-02-26-02-2023\/\",\"name\":\"Neu: Triathlon Camp Dubai 16.02. - 26.02.2023 - Michael Krell Triathlon Coaching\",\"isPartOf\":{\"@id\":\"https:\/\/www.michael-krell.com\/en\/#website\"},\"datePublished\":\"2022-12-15T14:09:57+00:00\",\"dateModified\":\"2022-12-30T18:57:22+00:00\",\"author\":{\"@id\":\"https:\/\/www.michael-krell.com\/en\/#\/schema\/person\/17d0c03cb1e15db7305e41b6170a4237\"},\"breadcrumb\":{\"@id\":\"https:\/\/www.michael-krell.com\/en\/neu-triathlon-camp-dubai-26-02-26-02-2023\/#breadcrumb\"},\"inLanguage\":\"de\",\"potentialAction\":[{\"@type\":\"ReadAction\",\"target\":[\"https:\/\/www.michael-krell.com\/en\/neu-triathlon-camp-dubai-26-02-26-02-2023\/\"]}]},{\"@type\":\"BreadcrumbList\",\"@id\":\"https:\/\/www.michael-krell.com\/en\/neu-triathlon-camp-dubai-26-02-26-02-2023\/#breadcrumb\",\"itemListElement\":[{\"@type\":\"ListItem\",\"position\":1,\"name\":\"Startseite\",\"item\":\"https:\/\/www.michael-krell.com\/en\/\"},{\"@type\":\"ListItem\",\"position\":2,\"name\":\"Neu: Triathlon Camp Dubai 16.02. &#8211; 26.02.2023\"}]},{\"@type\":\"WebSite\",\"@id\":\"https:\/\/www.michael-krell.com\/en\/#website\",\"url\":\"https:\/\/www.michael-krell.com\/en\/\",\"name\":\"Michael Krell Triathlon Coaching\",\"description\":\"\",\"potentialAction\":[{\"@type\":\"SearchAction\",\"target\":{\"@type\":\"EntryPoint\",\"urlTemplate\":\"https:\/\/www.michael-krell.com\/en\/?s={search_term_string}\"},\"query-input\":\"required name=search_term_string\"}],\"inLanguage\":\"de\"},{\"@type\":\"Person\",\"@id\":\"https:\/\/www.michael-krell.com\/en\/#\/schema\/person\/17d0c03cb1e15db7305e41b6170a4237\",\"name\":\"Michael Krell\",\"image\":{\"@type\":\"ImageObject\",\"inLanguage\":\"de\",\"@id\":\"https:\/\/www.michael-krell.com\/en\/#\/schema\/person\/image\/\",\"url\":\"https:\/\/secure.gravatar.com\/avatar\/33e39b9fbaf6777afb9b8559d921c4d22f4fd87cba8562434fa169fa71aeb1b3?s=96&d=mm&r=g\",\"contentUrl\":\"https:\/\/secure.gravatar.com\/avatar\/33e39b9fbaf6777afb9b8559d921c4d22f4fd87cba8562434fa169fa71aeb1b3?s=96&d=mm&r=g\",\"caption\":\"Michael Krell\"},\"url\":\"https:\/\/www.michael-krell.com\/de\/author\/krelli\/\"}]}<\/script>\n<!-- \/ Yoast SEO plugin. -->","yoast_head_json":{"title":"Neu: Triathlon Camp Dubai 16.02. - 26.02.2023 - Michael Krell Triathlon Coaching","robots":{"index":"index","follow":"follow","max-snippet":"max-snippet:-1","max-image-preview":"max-image-preview:large","max-video-preview":"max-video-preview:-1"},"canonical":"https:\/\/www.michael-krell.com\/de\/neu-triathlon-camp-dubai-26-02-26-02-2023\/","og_locale":"de_DE","og_type":"article","og_title":"Neu: Triathlon Camp Dubai 16.02. - 26.02.2023 - Michael Krell Triathlon Coaching","og_description":"Big News, das wird eine Premiere! Vom 16.02.-26.02.2023 findet unser erstes Triathlon Trainingscamp in Dubai statt- nat\u00fcrlich mit Sonnenscheingarantie!\u2600\ufe0f Eine [&hellip;]","og_url":"https:\/\/www.michael-krell.com\/de\/neu-triathlon-camp-dubai-26-02-26-02-2023\/","og_site_name":"Michael Krell Triathlon Coaching","article_published_time":"2022-12-15T14:09:57+00:00","article_modified_time":"2022-12-30T18:57:22+00:00","og_image":[{"width":2560,"height":1919,"url":"https:\/\/www.michael-krell.com\/wp-content\/uploads\/2022\/12\/pexels-abid-bin-nazar-10514386-scaled.jpg","type":"image\/jpeg"}],"author":"Michael Krell","twitter_card":"summary_large_image","twitter_misc":{"Verfasst von":"Michael Krell","Gesch\u00e4tzte Lesezeit":"4\u00a0Minuten"},"schema":{"@context":"https:\/\/schema.org","@graph":[{"@type":"WebPage","@id":"https:\/\/www.michael-krell.com\/en\/neu-triathlon-camp-dubai-26-02-26-02-2023\/","url":"https:\/\/www.michael-krell.com\/en\/neu-triathlon-camp-dubai-26-02-26-02-2023\/","name":"Neu: Triathlon Camp Dubai 16.02. - 26.02.2023 - Michael Krell Triathlon Coaching","isPartOf":{"@id":"https:\/\/www.michael-krell.com\/en\/#website"},"datePublished":"2022-12-15T14:09:57+00:00","dateModified":"2022-12-30T18:57:22+00:00","author":{"@id":"https:\/\/www.michael-krell.com\/en\/#\/schema\/person\/17d0c03cb1e15db7305e41b6170a4237"},"breadcrumb":{"@id":"https:\/\/www.michael-krell.com\/en\/neu-triathlon-camp-dubai-26-02-26-02-2023\/#breadcrumb"},"inLanguage":"de","potentialAction":[{"@type":"ReadAction","target":["https:\/\/www.michael-krell.com\/en\/neu-triathlon-camp-dubai-26-02-26-02-2023\/"]}]},{"@type":"BreadcrumbList","@id":"https:\/\/www.michael-krell.com\/en\/neu-triathlon-camp-dubai-26-02-26-02-2023\/#breadcrumb","itemListElement":[{"@type":"ListItem","position":1,"name":"Startseite","item":"https:\/\/www.michael-krell.com\/en\/"},{"@type":"ListItem","position":2,"name":"Neu: Triathlon Camp Dubai 16.02. &#8211; 26.02.2023"}]},{"@type":"WebSite","@id":"https:\/\/www.michael-krell.com\/en\/#website","url":"https:\/\/www.michael-krell.com\/en\/","name":"Michael Krell Triathlon Coaching","description":"","potentialAction":[{"@type":"SearchAction","target":{"@type":"EntryPoint","urlTemplate":"https:\/\/www.michael-krell.com\/en\/?s={search_term_string}"},"query-input":"required name=search_term_string"}],"inLanguage":"de"},{"@type":"Person","@id":"https:\/\/www.michael-krell.com\/en\/#\/schema\/person\/17d0c03cb1e15db7305e41b6170a4237","name":"Michael Krell","image":{"@type":"ImageObject","inLanguage":"de","@id":"https:\/\/www.michael-krell.com\/en\/#\/schema\/person\/image\/","url":"https:\/\/secure.gravatar.com\/avatar\/33e39b9fbaf6777afb9b8559d921c4d22f4fd87cba8562434fa169fa71aeb1b3?s=96&d=mm&r=g","contentUrl":"https:\/\/secure.gravatar.com\/avatar\/33e39b9fbaf6777afb9b8559d921c4d22f4fd87cba8562434fa169fa71aeb1b3?s=96&d=mm&r=g","caption":"Michael Krell"},"url":"https:\/\/www.michael-krell.com\/de\/author\/krelli\/"}]}},"_links":{"self":[{"href":"https:\/\/www.michael-krell.com\/de\/wp-json\/wp\/v2\/posts\/5386","targetHints":{"allow":["GET"]}}],"collection":[{"href":"https:\/\/www.michael-krell.com\/de\/wp-json\/wp\/v2\/posts"}],"about":[{"href":"https:\/\/www.michael-krell.com\/de\/wp-json\/wp\/v2\/types\/post"}],"author":[{"embeddable":true,"href":"https:\/\/www.michael-krell.com\/de\/wp-json\/wp\/v2\/users\/2"}],"replies":[{"embeddable":true,"href":"https:\/\/www.michael-krell.com\/de\/wp-json\/wp\/v2\/comments?post=5386"}],"version-history":[{"count":26,"href":"https:\/\/www.michael-krell.com\/de\/wp-json\/wp\/v2\/posts\/5386\/revisions"}],"predecessor-version":[{"id":5421,"href":"https:\/\/www.michael-krell.com\/de\/wp-json\/wp\/v2\/posts\/5386\/revisions\/5421"}],"wp:featuredmedia":[{"embeddable":true,"href":"https:\/\/www.michael-krell.com\/de\/wp-json\/wp\/v2\/media\/5385"}],"wp:attachment":[{"href":"https:\/\/www.michael-krell.com\/de\/wp-json\/wp\/v2\/media?parent=5386"}],"wp:term":[{"taxonomy":"category","embeddable":true,"href":"https:\/\/www.michael-krell.com\/de\/wp-json\/wp\/v2\/categories?post=5386"},{"taxonomy":"post_tag","embeddable":true,"href":"https:\/\/www.michael-krell.com\/de\/wp-json\/wp\/v2\/tags?post=5386"}],"curies":[{"name":"wp","href":"https:\/\/api.w.org\/{rel}","templated":true}]}}