{"id":5530,"date":"2024-09-06T16:59:44","date_gmt":"2024-09-06T14:59:44","guid":{"rendered":"https:\/\/www.michael-krell.com\/?p=5530"},"modified":"2024-09-06T17:01:30","modified_gmt":"2024-09-06T15:01:30","slug":"training-schwerpunkttag-schwimmen-am-12-10-2024","status":"publish","type":"post","link":"https:\/\/www.michael-krell.com\/de\/training-schwerpunkttag-schwimmen-am-12-10-2024\/","title":{"rendered":"Training: Schwerpunkttag Schwimmen am 12.10.2024"},"content":{"rendered":"<p><a href=\"https:\/\/www.michael-krell.com\/wp-content\/uploads\/2020\/11\/DSC01892-scaled.jpg\"><img loading=\"lazy\" decoding=\"async\" class=\"alignleft wp-image-5130 size-medium\" src=\"https:\/\/www.michael-krell.com\/wp-content\/uploads\/2020\/11\/DSC01892-300x200.jpg\" alt=\"\" width=\"300\" height=\"200\" srcset=\"https:\/\/www.michael-krell.com\/wp-content\/uploads\/2020\/11\/DSC01892-300x200.jpg 300w, https:\/\/www.michael-krell.com\/wp-content\/uploads\/2020\/11\/DSC01892-1800x1201.jpg 1800w, https:\/\/www.michael-krell.com\/wp-content\/uploads\/2020\/11\/DSC01892-768x512.jpg 768w, https:\/\/www.michael-krell.com\/wp-content\/uploads\/2020\/11\/DSC01892-1536x1025.jpg 1536w, https:\/\/www.michael-krell.com\/wp-content\/uploads\/2020\/11\/DSC01892-2048x1366.jpg 2048w, https:\/\/www.michael-krell.com\/wp-content\/uploads\/2020\/11\/DSC01892-16x12.jpg 16w\" sizes=\"auto, (max-width: 300px) 100vw, 300px\" \/><\/a>Liebe Athleten,<\/p>\n<p><strong>der n\u00e4chste Schwerpunkttrainingstag Schwimmen findet am 12.10. in N\u00fcrnberg statt.<\/strong><\/p>\n<p>Bei Interesse jederzeit per Kontaktanfrage melden, solange Pl\u00e4tze frei sind.<\/p>\n<p><strong>Folgendes Programm planen wir:<\/strong><\/p>\n<p>Wir arbeiten einen ganzen Tag an der Verbesserung der Wasserlage und \u00d6konomisierung der Kraultechnik und lernen entsprechende Technik\u00fcbungen dazu kennen, die du dann selber ein dein regelm\u00e4\u00dfiges Training integrieren kannst. Des Weiteren gehe ich mit euch durch, wie ihr gezielt an eurem Tempo arbeitet.<\/p>\n<p>Ebenso behandeln wir das Thema schwimmspezifische Mobilisierung, Dehnung um langfristig Verletzungen und \u00dcberlastungen zu vermeiden &#8211; Stichwort \u201eSchwimmerschulter\u201c. Ein Flexibilit\u00e4tsprogramm vor der zweiten Einheit zeigt euch, wie ihr sp\u00fcrbar eure Reichweite unter Wasser erh\u00f6ht. Last but not least: richtiges Zugseiltraining f\u00fcr daheim.<\/p>\n<p>Geplant sind zwei ausgiebige Schwimmeinheiten, je 2 Std. am Morgen und fr\u00fchen Nachmittag, und in der Zeit dazwischen zwei Praxiseinheiten Zugseil &amp; Mobility. <b>Mit dabei ist auch eine Videoanalyse von eurem pers\u00f6nlichen Schwimmstil.<\/b> Vor Ort nehmen wir die Videos auf. Diese sichte ich daheim und sende euch meine Analyse plus Vorgaben zur Verbesserung im Nachgang zu.<\/p>\n<p><strong>Unkostenbeitrag inkl. Videoanalyse 80\u20ac pro Teilnehmer.<\/strong> Teilnehmerlimit kann schnell erreicht sein.<\/p>\n<p><a href=\"https:\/\/www.esn.com\/\" target=\"_blank\" rel=\"noopener\"><em>Powered by ESN<\/em><\/a><\/p>\n<p>euer Michael<\/p>\n","protected":false},"excerpt":{"rendered":"<p>Liebe Athleten, der n\u00e4chste Schwerpunkttrainingstag Schwimmen findet am 12.10. in N\u00fcrnberg statt. Bei Interesse jederzeit per Kontaktanfrage melden, solange Pl\u00e4tze [&hellip;]<\/p>\n","protected":false},"author":2,"featured_media":5130,"comment_status":"closed","ping_status":"open","sticky":false,"template":"","format":"standard","meta":{"footnotes":""},"categories":[1219],"tags":[1414,1415,1189,1187,1153,1225,1413,1081,1186,1188,1080],"class_list":["post-5530","post","type-post","status-publish","format-standard","has-post-thumbnail","hentry","category-coaching","tag-kraulkurs","tag-kraultechnik","tag-krelli","tag-michael-krell","tag-schwimmcamp-chiemsee","tag-schwimmen","tag-trainingstag","tag-triathlon-coach-2","tag-triathlon-coaching","tag-triathlon-trainer","tag-triathlon-training-2"],"yoast_head":"<!-- This site is optimized with the Yoast SEO plugin v19.8 - https:\/\/yoast.com\/wordpress\/plugins\/seo\/ -->\n<title>Training: Schwerpunkttag Schwimmen am 12.10.2024 - Michael Krell Triathlon Coaching<\/title>\n<meta name=\"robots\" content=\"index, follow, max-snippet:-1, max-image-preview:large, max-video-preview:-1\" \/>\n<link rel=\"canonical\" href=\"https:\/\/www.michael-krell.com\/de\/training-schwerpunkttag-schwimmen-am-12-10-2024\/\" \/>\n<meta property=\"og:locale\" content=\"de_DE\" \/>\n<meta property=\"og:type\" content=\"article\" \/>\n<meta property=\"og:title\" content=\"Training: Schwerpunkttag Schwimmen am 12.10.2024 - Michael Krell Triathlon Coaching\" \/>\n<meta property=\"og:description\" content=\"Liebe Athleten, der n\u00e4chste Schwerpunkttrainingstag Schwimmen findet am 12.10. in N\u00fcrnberg statt. Bei Interesse jederzeit per Kontaktanfrage melden, solange Pl\u00e4tze [&hellip;]\" \/>\n<meta property=\"og:url\" content=\"https:\/\/www.michael-krell.com\/de\/training-schwerpunkttag-schwimmen-am-12-10-2024\/\" \/>\n<meta property=\"og:site_name\" content=\"Michael Krell Triathlon Coaching\" \/>\n<meta property=\"article:published_time\" content=\"2024-09-06T14:59:44+00:00\" \/>\n<meta property=\"article:modified_time\" content=\"2024-09-06T15:01:30+00:00\" \/>\n<meta property=\"og:image\" content=\"https:\/\/www.michael-krell.com\/wp-content\/uploads\/2020\/11\/DSC01892-scaled.jpg\" \/>\n\t<meta property=\"og:image:width\" content=\"2560\" \/>\n\t<meta property=\"og:image:height\" content=\"1708\" \/>\n\t<meta property=\"og:image:type\" content=\"image\/jpeg\" \/>\n<meta name=\"author\" content=\"Michael Krell\" \/>\n<meta name=\"twitter:card\" content=\"summary_large_image\" \/>\n<meta name=\"twitter:label1\" content=\"Verfasst von\" \/>\n\t<meta name=\"twitter:data1\" content=\"Michael Krell\" \/>\n\t<meta name=\"twitter:label2\" content=\"Gesch\u00e4tzte Lesezeit\" \/>\n\t<meta name=\"twitter:data2\" content=\"2\u00a0Minuten\" \/>\n<script type=\"application\/ld+json\" class=\"yoast-schema-graph\">{\"@context\":\"https:\/\/schema.org\",\"@graph\":[{\"@type\":\"WebPage\",\"@id\":\"https:\/\/www.michael-krell.com\/de\/training-schwerpunkttag-schwimmen-am-12-10-2024\/\",\"url\":\"https:\/\/www.michael-krell.com\/de\/training-schwerpunkttag-schwimmen-am-12-10-2024\/\",\"name\":\"Training: Schwerpunkttag Schwimmen am 12.10.2024 - Michael Krell Triathlon Coaching\",\"isPartOf\":{\"@id\":\"https:\/\/www.michael-krell.com\/en\/#website\"},\"datePublished\":\"2024-09-06T14:59:44+00:00\",\"dateModified\":\"2024-09-06T15:01:30+00:00\",\"author\":{\"@id\":\"https:\/\/www.michael-krell.com\/en\/#\/schema\/person\/17d0c03cb1e15db7305e41b6170a4237\"},\"breadcrumb\":{\"@id\":\"https:\/\/www.michael-krell.com\/de\/training-schwerpunkttag-schwimmen-am-12-10-2024\/#breadcrumb\"},\"inLanguage\":\"de\",\"potentialAction\":[{\"@type\":\"ReadAction\",\"target\":[\"https:\/\/www.michael-krell.com\/de\/training-schwerpunkttag-schwimmen-am-12-10-2024\/\"]}]},{\"@type\":\"BreadcrumbList\",\"@id\":\"https:\/\/www.michael-krell.com\/de\/training-schwerpunkttag-schwimmen-am-12-10-2024\/#breadcrumb\",\"itemListElement\":[{\"@type\":\"ListItem\",\"position\":1,\"name\":\"Startseite\",\"item\":\"https:\/\/www.michael-krell.com\/en\/\"},{\"@type\":\"ListItem\",\"position\":2,\"name\":\"Training: Schwerpunkttag Schwimmen am 12.10.2024\"}]},{\"@type\":\"WebSite\",\"@id\":\"https:\/\/www.michael-krell.com\/en\/#website\",\"url\":\"https:\/\/www.michael-krell.com\/en\/\",\"name\":\"Michael Krell Triathlon Coaching\",\"description\":\"\",\"potentialAction\":[{\"@type\":\"SearchAction\",\"target\":{\"@type\":\"EntryPoint\",\"urlTemplate\":\"https:\/\/www.michael-krell.com\/en\/?s={search_term_string}\"},\"query-input\":\"required name=search_term_string\"}],\"inLanguage\":\"de\"},{\"@type\":\"Person\",\"@id\":\"https:\/\/www.michael-krell.com\/en\/#\/schema\/person\/17d0c03cb1e15db7305e41b6170a4237\",\"name\":\"Michael Krell\",\"image\":{\"@type\":\"ImageObject\",\"inLanguage\":\"de\",\"@id\":\"https:\/\/www.michael-krell.com\/en\/#\/schema\/person\/image\/\",\"url\":\"https:\/\/secure.gravatar.com\/avatar\/33e39b9fbaf6777afb9b8559d921c4d22f4fd87cba8562434fa169fa71aeb1b3?s=96&d=mm&r=g\",\"contentUrl\":\"https:\/\/secure.gravatar.com\/avatar\/33e39b9fbaf6777afb9b8559d921c4d22f4fd87cba8562434fa169fa71aeb1b3?s=96&d=mm&r=g\",\"caption\":\"Michael Krell\"},\"url\":\"https:\/\/www.michael-krell.com\/de\/author\/krelli\/\"}]}<\/script>\n<!-- \/ Yoast SEO plugin. -->","yoast_head_json":{"title":"Training: Schwerpunkttag Schwimmen am 12.10.2024 - Michael Krell Triathlon Coaching","robots":{"index":"index","follow":"follow","max-snippet":"max-snippet:-1","max-image-preview":"max-image-preview:large","max-video-preview":"max-video-preview:-1"},"canonical":"https:\/\/www.michael-krell.com\/de\/training-schwerpunkttag-schwimmen-am-12-10-2024\/","og_locale":"de_DE","og_type":"article","og_title":"Training: Schwerpunkttag Schwimmen am 12.10.2024 - Michael Krell Triathlon Coaching","og_description":"Liebe Athleten, der n\u00e4chste Schwerpunkttrainingstag Schwimmen findet am 12.10. in N\u00fcrnberg statt. Bei Interesse jederzeit per Kontaktanfrage melden, solange Pl\u00e4tze [&hellip;]","og_url":"https:\/\/www.michael-krell.com\/de\/training-schwerpunkttag-schwimmen-am-12-10-2024\/","og_site_name":"Michael Krell Triathlon Coaching","article_published_time":"2024-09-06T14:59:44+00:00","article_modified_time":"2024-09-06T15:01:30+00:00","og_image":[{"width":2560,"height":1708,"url":"https:\/\/www.michael-krell.com\/wp-content\/uploads\/2020\/11\/DSC01892-scaled.jpg","type":"image\/jpeg"}],"author":"Michael Krell","twitter_card":"summary_large_image","twitter_misc":{"Verfasst von":"Michael Krell","Gesch\u00e4tzte Lesezeit":"2\u00a0Minuten"},"schema":{"@context":"https:\/\/schema.org","@graph":[{"@type":"WebPage","@id":"https:\/\/www.michael-krell.com\/de\/training-schwerpunkttag-schwimmen-am-12-10-2024\/","url":"https:\/\/www.michael-krell.com\/de\/training-schwerpunkttag-schwimmen-am-12-10-2024\/","name":"Training: Schwerpunkttag Schwimmen am 12.10.2024 - Michael Krell Triathlon Coaching","isPartOf":{"@id":"https:\/\/www.michael-krell.com\/en\/#website"},"datePublished":"2024-09-06T14:59:44+00:00","dateModified":"2024-09-06T15:01:30+00:00","author":{"@id":"https:\/\/www.michael-krell.com\/en\/#\/schema\/person\/17d0c03cb1e15db7305e41b6170a4237"},"breadcrumb":{"@id":"https:\/\/www.michael-krell.com\/de\/training-schwerpunkttag-schwimmen-am-12-10-2024\/#breadcrumb"},"inLanguage":"de","potentialAction":[{"@type":"ReadAction","target":["https:\/\/www.michael-krell.com\/de\/training-schwerpunkttag-schwimmen-am-12-10-2024\/"]}]},{"@type":"BreadcrumbList","@id":"https:\/\/www.michael-krell.com\/de\/training-schwerpunkttag-schwimmen-am-12-10-2024\/#breadcrumb","itemListElement":[{"@type":"ListItem","position":1,"name":"Startseite","item":"https:\/\/www.michael-krell.com\/en\/"},{"@type":"ListItem","position":2,"name":"Training: Schwerpunkttag Schwimmen am 12.10.2024"}]},{"@type":"WebSite","@id":"https:\/\/www.michael-krell.com\/en\/#website","url":"https:\/\/www.michael-krell.com\/en\/","name":"Michael Krell Triathlon Coaching","description":"","potentialAction":[{"@type":"SearchAction","target":{"@type":"EntryPoint","urlTemplate":"https:\/\/www.michael-krell.com\/en\/?s={search_term_string}"},"query-input":"required name=search_term_string"}],"inLanguage":"de"},{"@type":"Person","@id":"https:\/\/www.michael-krell.com\/en\/#\/schema\/person\/17d0c03cb1e15db7305e41b6170a4237","name":"Michael Krell","image":{"@type":"ImageObject","inLanguage":"de","@id":"https:\/\/www.michael-krell.com\/en\/#\/schema\/person\/image\/","url":"https:\/\/secure.gravatar.com\/avatar\/33e39b9fbaf6777afb9b8559d921c4d22f4fd87cba8562434fa169fa71aeb1b3?s=96&d=mm&r=g","contentUrl":"https:\/\/secure.gravatar.com\/avatar\/33e39b9fbaf6777afb9b8559d921c4d22f4fd87cba8562434fa169fa71aeb1b3?s=96&d=mm&r=g","caption":"Michael Krell"},"url":"https:\/\/www.michael-krell.com\/de\/author\/krelli\/"}]}},"_links":{"self":[{"href":"https:\/\/www.michael-krell.com\/de\/wp-json\/wp\/v2\/posts\/5530","targetHints":{"allow":["GET"]}}],"collection":[{"href":"https:\/\/www.michael-krell.com\/de\/wp-json\/wp\/v2\/posts"}],"about":[{"href":"https:\/\/www.michael-krell.com\/de\/wp-json\/wp\/v2\/types\/post"}],"author":[{"embeddable":true,"href":"https:\/\/www.michael-krell.com\/de\/wp-json\/wp\/v2\/users\/2"}],"replies":[{"embeddable":true,"href":"https:\/\/www.michael-krell.com\/de\/wp-json\/wp\/v2\/comments?post=5530"}],"version-history":[{"count":3,"href":"https:\/\/www.michael-krell.com\/de\/wp-json\/wp\/v2\/posts\/5530\/revisions"}],"predecessor-version":[{"id":5533,"href":"https:\/\/www.michael-krell.com\/de\/wp-json\/wp\/v2\/posts\/5530\/revisions\/5533"}],"wp:featuredmedia":[{"embeddable":true,"href":"https:\/\/www.michael-krell.com\/de\/wp-json\/wp\/v2\/media\/5130"}],"wp:attachment":[{"href":"https:\/\/www.michael-krell.com\/de\/wp-json\/wp\/v2\/media?parent=5530"}],"wp:term":[{"taxonomy":"category","embeddable":true,"href":"https:\/\/www.michael-krell.com\/de\/wp-json\/wp\/v2\/categories?post=5530"},{"taxonomy":"post_tag","embeddable":true,"href":"https:\/\/www.michael-krell.com\/de\/wp-json\/wp\/v2\/tags?post=5530"}],"curies":[{"name":"wp","href":"https:\/\/api.w.org\/{rel}","templated":true}]}}