{"id":5549,"date":"2025-06-02T15:17:49","date_gmt":"2025-06-02T13:17:49","guid":{"rendered":"https:\/\/www.michael-krell.com\/?p=5549"},"modified":"2025-06-04T18:43:11","modified_gmt":"2025-06-04T16:43:11","slug":"%f0%9f%8c%9e-triathlon-trainingscamps-auf-zypern-im-november-2025-maerz-2026","status":"publish","type":"post","link":"https:\/\/www.michael-krell.com\/de\/%f0%9f%8c%9e-triathlon-trainingscamps-auf-zypern-im-november-2025-maerz-2026\/","title":{"rendered":"\ud83c\udf1e Triathlon-Trainingscamps auf Zypern im November 2025 &#038;  M\u00e4rz 2026"},"content":{"rendered":"<p data-start=\"243\" data-end=\"320\"><strong data-start=\"243\" data-end=\"320\">Trainiere unter besten Bedingungen im 5* Resort \u2013 mit Sonne, Struktur und einer Gemeinschaft die Spa\u00df macht!<\/strong><\/p>\n<p data-start=\"322\" data-end=\"662\">Du willst dem Winter entfliehen, deine Form gezielt aufbauen und mit Gleichgesinnten trainieren? Dann komm zu einem meiner <strong data-start=\"445\" data-end=\"484\">Triathlon-Trainingscamps auf Zypern<\/strong>! Dich erwartet ein professionell strukturiertes Camp mit Top-Bedingungen \u2013 egal ob du Anf\u00e4nger oder ambitionierter Agegrouper bist oder dich gezielt auf die neue Saison vorbereiten m\u00f6chtest.<\/p>\n<p data-start=\"322\" data-end=\"662\">Untergebracht sind wir im exklusiven <a href=\"https:\/\/columbiaresort.com\/\" target=\"_blank\" rel=\"noopener\">5* Columbia Beach Resort<\/a> in Pissouri mit herausragender K\u00fcche &amp; Service<\/p>\n<p data-start=\"322\" data-end=\"662\"><a href=\"https:\/\/www.michael-krell.com\/wp-content\/uploads\/2025\/06\/2023-11-12-Zypern-Camp-10.jpg\"><img loading=\"lazy\" decoding=\"async\" class=\"alignleft wp-image-5557 size-medium\" src=\"https:\/\/www.michael-krell.com\/wp-content\/uploads\/2025\/06\/2023-11-12-Zypern-Camp-10-300x200.jpg\" alt=\"\" width=\"300\" height=\"200\" srcset=\"https:\/\/www.michael-krell.com\/wp-content\/uploads\/2025\/06\/2023-11-12-Zypern-Camp-10-300x200.jpg 300w, https:\/\/www.michael-krell.com\/wp-content\/uploads\/2025\/06\/2023-11-12-Zypern-Camp-10-1800x1197.jpg 1800w, https:\/\/www.michael-krell.com\/wp-content\/uploads\/2025\/06\/2023-11-12-Zypern-Camp-10-768x511.jpg 768w, https:\/\/www.michael-krell.com\/wp-content\/uploads\/2025\/06\/2023-11-12-Zypern-Camp-10-1536x1022.jpg 1536w, https:\/\/www.michael-krell.com\/wp-content\/uploads\/2025\/06\/2023-11-12-Zypern-Camp-10-2048x1362.jpg 2048w, https:\/\/www.michael-krell.com\/wp-content\/uploads\/2025\/06\/2023-11-12-Zypern-Camp-10-18x12.jpg 18w\" sizes=\"auto, (max-width: 300px) 100vw, 300px\" \/><\/a><a href=\"https:\/\/www.michael-krell.com\/wp-content\/uploads\/2025\/06\/2023-11-12-Zypern-Camp-032.jpg\"><img loading=\"lazy\" decoding=\"async\" class=\"alignleft size-medium wp-image-5566\" src=\"https:\/\/www.michael-krell.com\/wp-content\/uploads\/2025\/06\/2023-11-12-Zypern-Camp-032-300x200.jpg\" alt=\"\" width=\"300\" height=\"200\" srcset=\"https:\/\/www.michael-krell.com\/wp-content\/uploads\/2025\/06\/2023-11-12-Zypern-Camp-032-300x200.jpg 300w, https:\/\/www.michael-krell.com\/wp-content\/uploads\/2025\/06\/2023-11-12-Zypern-Camp-032-1800x1197.jpg 1800w, https:\/\/www.michael-krell.com\/wp-content\/uploads\/2025\/06\/2023-11-12-Zypern-Camp-032-768x511.jpg 768w, https:\/\/www.michael-krell.com\/wp-content\/uploads\/2025\/06\/2023-11-12-Zypern-Camp-032-1536x1022.jpg 1536w, https:\/\/www.michael-krell.com\/wp-content\/uploads\/2025\/06\/2023-11-12-Zypern-Camp-032-2048x1362.jpg 2048w, https:\/\/www.michael-krell.com\/wp-content\/uploads\/2025\/06\/2023-11-12-Zypern-Camp-032-18x12.jpg 18w\" sizes=\"auto, (max-width: 300px) 100vw, 300px\" \/><\/a><a href=\"https:\/\/www.michael-krell.com\/wp-content\/uploads\/2025\/06\/2023-11-12-Zypern-Camp-104.jpg\"><img loading=\"lazy\" decoding=\"async\" class=\"alignleft size-medium wp-image-5559\" src=\"https:\/\/www.michael-krell.com\/wp-content\/uploads\/2025\/06\/2023-11-12-Zypern-Camp-104-300x200.jpg\" alt=\"\" width=\"300\" height=\"200\" srcset=\"https:\/\/www.michael-krell.com\/wp-content\/uploads\/2025\/06\/2023-11-12-Zypern-Camp-104-300x200.jpg 300w, https:\/\/www.michael-krell.com\/wp-content\/uploads\/2025\/06\/2023-11-12-Zypern-Camp-104-1800x1197.jpg 1800w, https:\/\/www.michael-krell.com\/wp-content\/uploads\/2025\/06\/2023-11-12-Zypern-Camp-104-768x511.jpg 768w, https:\/\/www.michael-krell.com\/wp-content\/uploads\/2025\/06\/2023-11-12-Zypern-Camp-104-1536x1022.jpg 1536w, https:\/\/www.michael-krell.com\/wp-content\/uploads\/2025\/06\/2023-11-12-Zypern-Camp-104-2048x1362.jpg 2048w, https:\/\/www.michael-krell.com\/wp-content\/uploads\/2025\/06\/2023-11-12-Zypern-Camp-104-18x12.jpg 18w\" sizes=\"auto, (max-width: 300px) 100vw, 300px\" \/><\/a><\/p>\n<h3 data-start=\"664\" data-end=\"690\"><\/h3>\n<h3 data-start=\"664\" data-end=\"690\"><\/h3>\n<h3 data-start=\"664\" data-end=\"690\"><\/h3>\n<h3 data-start=\"664\" data-end=\"690\"><\/h3>\n<p>&nbsp;<\/p>\n<h3 data-start=\"664\" data-end=\"690\">\ud83d\udcc5 Termine 2025 &amp; 2026<\/h3>\n<ul data-start=\"692\" data-end=\"988\">\n<li data-start=\"692\" data-end=\"841\">\n<p data-start=\"694\" data-end=\"841\"><strong data-start=\"694\" data-end=\"709\">Herbstcamp:<\/strong> 15. November \u2013 29. November 2025<br data-start=\"742\" data-end=\"745\" \/><em data-start=\"747\" data-end=\"841\">Ideal f\u00fcr den Wiedereinstieg &amp; Verl\u00e4ngerung des Sommers, Grundlagenarbeit und einen starken Trainingsimpuls nach der Off-Season.<\/em><\/p>\n<ul data-start=\"692\" data-end=\"988\">\n<li data-start=\"692\" data-end=\"841\">Preis pro Woche in Einzelzimmer-Suite (7 N\u00e4chte im 5* Ressort inkl. Halbpension &amp; Transfer)<\/li>\n<li data-start=\"692\" data-end=\"841\"><strong>1.629\u20ac<\/strong><\/li>\n<li data-start=\"692\" data-end=\"841\">Preis pro Woche &amp; pro Person in Doppelzimmer-Suite\u00a0 (7 N\u00e4chte im 5* Ressort inkl. Halbpension &amp; Transfer)<\/li>\n<li data-start=\"692\" data-end=\"841\"><strong>1.249\u20ac<\/strong><\/li>\n<li data-start=\"692\" data-end=\"841\">Preis pro Woche &amp; pro Person in entsprechender Suite mit 3er Belegung\u00a0 (7 N\u00e4chte im 5* Ressort inkl. Halbpension &amp; Transfer)<\/li>\n<li data-start=\"692\" data-end=\"841\"><strong>1.149\u20ac<\/strong><\/li>\n<\/ul>\n<\/li>\n<li data-start=\"843\" data-end=\"988\">\n<p data-start=\"845\" data-end=\"988\"><strong data-start=\"845\" data-end=\"863\">Fr\u00fchjahrscamp:<\/strong> 14. M\u00e4rz \u2013 28. M\u00e4rz 2026<br data-start=\"888\" data-end=\"891\" \/><em data-start=\"893\" data-end=\"988\">Perfekt f\u00fcr den Formaufbau vor der Wettkampfsaison \u2013 mit Fokus auf Grundlagenarbeit, Kraftausdauer &amp; Technik.<\/em><\/p>\n<ul data-start=\"692\" data-end=\"988\">\n<li data-start=\"692\" data-end=\"841\">Preis pro Woche in Einzelzimmer-Suite (7 N\u00e4chte im 5* Ressort inkl. Halbpension &amp; Transfer)<\/li>\n<li data-start=\"692\" data-end=\"841\"><strong>1.649\u20ac<\/strong><\/li>\n<li data-start=\"692\" data-end=\"841\">Preis pro Woche &amp; pro Person in Doppelzimmer-Suite\u00a0 (7 N\u00e4chte im 5* Ressort inkl. Halbpension &amp; Transfer)<\/li>\n<li data-start=\"692\" data-end=\"841\"><strong>1.249\u20ac<\/strong><\/li>\n<li data-start=\"692\" data-end=\"841\">Preis pro Woche &amp; pro Person in entsprechender Suite mit 3er Belegung\u00a0 (7 N\u00e4chte im 5* Ressort inkl. Halbpension &amp; Transfer)<\/li>\n<li data-start=\"692\" data-end=\"841\"><strong>1.149\u20ac<\/strong><\/li>\n<\/ul>\n<\/li>\n<\/ul>\n<p>inbegriffen: Transfer vom &amp; zum Flughafen auf Zypern, gef\u00fchrtes t\u00e4gliches Trainingsprogramm, \u00dcbernachtung 5* Sterne inkl. Halbpension<\/p>\n<p>nicht inbegriffen: Flug &amp; Leihrad (kann ich gern vermitteln, siehe unten)<\/p>\n<p>&nbsp;<\/p>\n<h3 data-start=\"990\" data-end=\"1014\"><a href=\"https:\/\/www.michael-krell.com\/wp-content\/uploads\/2025\/06\/2023-11-12-Zypern-Camp-26.jpg\"><img loading=\"lazy\" decoding=\"async\" class=\"alignleft size-medium wp-image-5558\" src=\"https:\/\/www.michael-krell.com\/wp-content\/uploads\/2025\/06\/2023-11-12-Zypern-Camp-26-200x300.jpg\" alt=\"\" width=\"200\" height=\"300\" srcset=\"https:\/\/www.michael-krell.com\/wp-content\/uploads\/2025\/06\/2023-11-12-Zypern-Camp-26-200x300.jpg 200w, https:\/\/www.michael-krell.com\/wp-content\/uploads\/2025\/06\/2023-11-12-Zypern-Camp-26-1197x1800.jpg 1197w, https:\/\/www.michael-krell.com\/wp-content\/uploads\/2025\/06\/2023-11-12-Zypern-Camp-26-768x1155.jpg 768w, https:\/\/www.michael-krell.com\/wp-content\/uploads\/2025\/06\/2023-11-12-Zypern-Camp-26-1022x1536.jpg 1022w, https:\/\/www.michael-krell.com\/wp-content\/uploads\/2025\/06\/2023-11-12-Zypern-Camp-26-1362x2048.jpg 1362w, https:\/\/www.michael-krell.com\/wp-content\/uploads\/2025\/06\/2023-11-12-Zypern-Camp-26-8x12.jpg 8w, https:\/\/www.michael-krell.com\/wp-content\/uploads\/2025\/06\/2023-11-12-Zypern-Camp-26.jpg 1663w\" sizes=\"auto, (max-width: 200px) 100vw, 200px\" \/><\/a> <a href=\"https:\/\/www.michael-krell.com\/wp-content\/uploads\/2025\/06\/2023-11-12-Zypern-Camp-09.jpg\"><img loading=\"lazy\" decoding=\"async\" class=\"alignleft size-medium wp-image-5556\" src=\"https:\/\/www.michael-krell.com\/wp-content\/uploads\/2025\/06\/2023-11-12-Zypern-Camp-09-200x300.jpg\" alt=\"\" width=\"200\" height=\"300\" srcset=\"https:\/\/www.michael-krell.com\/wp-content\/uploads\/2025\/06\/2023-11-12-Zypern-Camp-09-200x300.jpg 200w, https:\/\/www.michael-krell.com\/wp-content\/uploads\/2025\/06\/2023-11-12-Zypern-Camp-09-1197x1800.jpg 1197w, https:\/\/www.michael-krell.com\/wp-content\/uploads\/2025\/06\/2023-11-12-Zypern-Camp-09-768x1155.jpg 768w, https:\/\/www.michael-krell.com\/wp-content\/uploads\/2025\/06\/2023-11-12-Zypern-Camp-09-1022x1536.jpg 1022w, https:\/\/www.michael-krell.com\/wp-content\/uploads\/2025\/06\/2023-11-12-Zypern-Camp-09-1362x2048.jpg 1362w, https:\/\/www.michael-krell.com\/wp-content\/uploads\/2025\/06\/2023-11-12-Zypern-Camp-09-8x12.jpg 8w, https:\/\/www.michael-krell.com\/wp-content\/uploads\/2025\/06\/2023-11-12-Zypern-Camp-09.jpg 1663w\" sizes=\"auto, (max-width: 200px) 100vw, 200px\" \/><\/a> <a href=\"https:\/\/www.michael-krell.com\/wp-content\/uploads\/2025\/06\/2023-11-12-Zypern-Camp-055.jpg\"><img loading=\"lazy\" decoding=\"async\" class=\"alignleft size-medium wp-image-5569\" src=\"https:\/\/www.michael-krell.com\/wp-content\/uploads\/2025\/06\/2023-11-12-Zypern-Camp-055-200x300.jpg\" alt=\"\" width=\"200\" height=\"300\" srcset=\"https:\/\/www.michael-krell.com\/wp-content\/uploads\/2025\/06\/2023-11-12-Zypern-Camp-055-200x300.jpg 200w, https:\/\/www.michael-krell.com\/wp-content\/uploads\/2025\/06\/2023-11-12-Zypern-Camp-055-1197x1800.jpg 1197w, https:\/\/www.michael-krell.com\/wp-content\/uploads\/2025\/06\/2023-11-12-Zypern-Camp-055-768x1155.jpg 768w, https:\/\/www.michael-krell.com\/wp-content\/uploads\/2025\/06\/2023-11-12-Zypern-Camp-055-1022x1536.jpg 1022w, https:\/\/www.michael-krell.com\/wp-content\/uploads\/2025\/06\/2023-11-12-Zypern-Camp-055-1362x2048.jpg 1362w, https:\/\/www.michael-krell.com\/wp-content\/uploads\/2025\/06\/2023-11-12-Zypern-Camp-055-8x12.jpg 8w, https:\/\/www.michael-krell.com\/wp-content\/uploads\/2025\/06\/2023-11-12-Zypern-Camp-055.jpg 1663w\" sizes=\"auto, (max-width: 200px) 100vw, 200px\" \/><\/a><\/h3>\n<h3 data-start=\"990\" data-end=\"1014\"><\/h3>\n<h3 data-start=\"990\" data-end=\"1014\"><\/h3>\n<h3 data-start=\"990\" data-end=\"1014\"><\/h3>\n<h3 data-start=\"990\" data-end=\"1014\"><\/h3>\n<h3 data-start=\"990\" data-end=\"1014\"><\/h3>\n<h3 data-start=\"990\" data-end=\"1014\"><\/h3>\n<p>&nbsp;<\/p>\n<h3 data-start=\"990\" data-end=\"1014\">\u2705 Das erwartet dich:<\/h3>\n<ul data-start=\"1015\" data-end=\"1398\">\n<li data-start=\"1015\" data-end=\"1080\">Transfer vom &amp; zum Flughafen auf Zypern<\/li>\n<li data-start=\"1015\" data-end=\"1080\">\n<p data-start=\"1017\" data-end=\"1080\">Gef\u00fchrte Schwimm-, Rad- und Laufeinheiten in Leistungsgruppen<\/p>\n<\/li>\n<li data-start=\"1081\" data-end=\"1125\">\n<p data-start=\"1083\" data-end=\"1125\">Techniktraining &amp; individuelles Feedback<\/p>\n<\/li>\n<li data-start=\"1126\" data-end=\"1198\">\n<p data-start=\"1128\" data-end=\"1198\">Theorieworkshops zu Ern\u00e4hrung, Trainingsplanung &amp; Wettkampfstrategie<\/p>\n<\/li>\n<li data-start=\"1199\" data-end=\"1264\">\n<p data-start=\"1201\" data-end=\"1264\">Gemeinsame Ausfahrten durch die traumhafte Landschaft Zyperns<\/p>\n<\/li>\n<li data-start=\"1265\" data-end=\"1340\">\n<p data-start=\"1267\" data-end=\"1340\">Unterbringung im triathlonfreundlichen &amp; exklusiven 5* Resort mit idealer Infrastruktur in direkter Strandlage<\/p>\n<\/li>\n<li data-start=\"1265\" data-end=\"1340\">Halbpension (exkl. Getr\u00e4nke am Abend) &#8211; freie Nutzung Saunen &amp; Fitness- &amp; Wellness-Bereich<\/li>\n<li>beheizter 20m indoor-Pool, 80m outdoor-Pool &amp; traumhafte Bucht f\u00fcrs Freiwasserschwimmen<\/li>\n<li data-start=\"1341\" data-end=\"1398\">\n<p data-start=\"1343\" data-end=\"1398\">Kleine Gruppen, pers\u00f6nliche Betreuung &amp; jede Menge Spa\u00df<\/p>\n<\/li>\n<li data-start=\"1341\" data-end=\"1398\">Auf Wunsch kann ich gern Leihr\u00e4der vermitteln f\u00fcr ca. 20-25\u20ac pro Tag<\/li>\n<li data-start=\"1341\" data-end=\"1398\">gern auch Anfragen wenn ihr eine Zimmerpartnerin oder Zimmerpartner sucht, ich vermittle gern wenn sich die M\u00f6glichkeit ergibt<\/li>\n<li data-start=\"1341\" data-end=\"1398\">ebenso Teilnahme als Urlaubsbegleitung m\u00f6glich, abz\u00fcglich Trainingspaket<\/li>\n<\/ul>\n<p>&nbsp;<\/p>\n<h3 data-start=\"1400\" data-end=\"1421\"><a href=\"https:\/\/www.michael-krell.com\/wp-content\/uploads\/2025\/06\/2023-11-12-Zypern-Camp-051.jpg\"><img loading=\"lazy\" decoding=\"async\" class=\"alignleft size-medium wp-image-5568\" src=\"https:\/\/www.michael-krell.com\/wp-content\/uploads\/2025\/06\/2023-11-12-Zypern-Camp-051-200x300.jpg\" alt=\"\" width=\"200\" height=\"300\" srcset=\"https:\/\/www.michael-krell.com\/wp-content\/uploads\/2025\/06\/2023-11-12-Zypern-Camp-051-200x300.jpg 200w, https:\/\/www.michael-krell.com\/wp-content\/uploads\/2025\/06\/2023-11-12-Zypern-Camp-051-1197x1800.jpg 1197w, https:\/\/www.michael-krell.com\/wp-content\/uploads\/2025\/06\/2023-11-12-Zypern-Camp-051-768x1155.jpg 768w, https:\/\/www.michael-krell.com\/wp-content\/uploads\/2025\/06\/2023-11-12-Zypern-Camp-051-1022x1536.jpg 1022w, https:\/\/www.michael-krell.com\/wp-content\/uploads\/2025\/06\/2023-11-12-Zypern-Camp-051-1362x2048.jpg 1362w, https:\/\/www.michael-krell.com\/wp-content\/uploads\/2025\/06\/2023-11-12-Zypern-Camp-051-8x12.jpg 8w, https:\/\/www.michael-krell.com\/wp-content\/uploads\/2025\/06\/2023-11-12-Zypern-Camp-051.jpg 1663w\" sizes=\"auto, (max-width: 200px) 100vw, 200px\" \/><\/a> <a href=\"https:\/\/www.michael-krell.com\/wp-content\/uploads\/2025\/06\/2023-11-12-Zypern-Camp-100.jpg\"><img loading=\"lazy\" decoding=\"async\" class=\"alignleft size-medium wp-image-5574\" src=\"https:\/\/www.michael-krell.com\/wp-content\/uploads\/2025\/06\/2023-11-12-Zypern-Camp-100-200x300.jpg\" alt=\"\" width=\"200\" height=\"300\" srcset=\"https:\/\/www.michael-krell.com\/wp-content\/uploads\/2025\/06\/2023-11-12-Zypern-Camp-100-200x300.jpg 200w, https:\/\/www.michael-krell.com\/wp-content\/uploads\/2025\/06\/2023-11-12-Zypern-Camp-100-1197x1800.jpg 1197w, https:\/\/www.michael-krell.com\/wp-content\/uploads\/2025\/06\/2023-11-12-Zypern-Camp-100-768x1155.jpg 768w, https:\/\/www.michael-krell.com\/wp-content\/uploads\/2025\/06\/2023-11-12-Zypern-Camp-100-1022x1536.jpg 1022w, https:\/\/www.michael-krell.com\/wp-content\/uploads\/2025\/06\/2023-11-12-Zypern-Camp-100-1362x2048.jpg 1362w, https:\/\/www.michael-krell.com\/wp-content\/uploads\/2025\/06\/2023-11-12-Zypern-Camp-100-8x12.jpg 8w, https:\/\/www.michael-krell.com\/wp-content\/uploads\/2025\/06\/2023-11-12-Zypern-Camp-100.jpg 1663w\" sizes=\"auto, (max-width: 200px) 100vw, 200px\" \/><\/a> <a href=\"https:\/\/www.michael-krell.com\/wp-content\/uploads\/2025\/06\/2023-11-12-Zypern-Camp-069.jpg\"><img loading=\"lazy\" decoding=\"async\" class=\"alignleft size-medium wp-image-5570\" src=\"https:\/\/www.michael-krell.com\/wp-content\/uploads\/2025\/06\/2023-11-12-Zypern-Camp-069-200x300.jpg\" alt=\"\" width=\"200\" height=\"300\" srcset=\"https:\/\/www.michael-krell.com\/wp-content\/uploads\/2025\/06\/2023-11-12-Zypern-Camp-069-200x300.jpg 200w, https:\/\/www.michael-krell.com\/wp-content\/uploads\/2025\/06\/2023-11-12-Zypern-Camp-069-1197x1800.jpg 1197w, https:\/\/www.michael-krell.com\/wp-content\/uploads\/2025\/06\/2023-11-12-Zypern-Camp-069-768x1155.jpg 768w, https:\/\/www.michael-krell.com\/wp-content\/uploads\/2025\/06\/2023-11-12-Zypern-Camp-069-1022x1536.jpg 1022w, https:\/\/www.michael-krell.com\/wp-content\/uploads\/2025\/06\/2023-11-12-Zypern-Camp-069-1362x2048.jpg 1362w, https:\/\/www.michael-krell.com\/wp-content\/uploads\/2025\/06\/2023-11-12-Zypern-Camp-069-8x12.jpg 8w, https:\/\/www.michael-krell.com\/wp-content\/uploads\/2025\/06\/2023-11-12-Zypern-Camp-069.jpg 1663w\" sizes=\"auto, (max-width: 200px) 100vw, 200px\" \/><\/a><\/h3>\n<h3 data-start=\"1400\" data-end=\"1421\"><\/h3>\n<h3 data-start=\"1400\" data-end=\"1421\"><\/h3>\n<h3 data-start=\"1400\" data-end=\"1421\"><\/h3>\n<h3 data-start=\"1400\" data-end=\"1421\"><\/h3>\n<h3 data-start=\"1400\" data-end=\"1421\"><\/h3>\n<h3 data-start=\"1400\" data-end=\"1421\"><\/h3>\n<p>&nbsp;<\/p>\n<h3 data-start=\"1400\" data-end=\"1421\">\ud83c\udfdd\ufe0f Warum Zypern?<\/h3>\n<p data-start=\"1422\" data-end=\"1596\">Zypern bietet im Herbst und Fr\u00fchling <strong data-start=\"1459\" data-end=\"1528\">milde Temperaturen, wenig Verkehr und abwechslungsreiche Strecken<\/strong> \u2013 perfekt f\u00fcr ein effektives und gleichzeitig entspanntes Training.<\/p>\n<h3 data-start=\"1352\" data-end=\"1390\">\u2708\ufe0f Gute Anbindung &amp; g\u00fcnstige Fl\u00fcge<\/h3>\n<p data-start=\"1391\" data-end=\"1477\">Zypern ist unkompliziert erreichbar \u2013 mit Direktfl\u00fcgen aus mehreren deutschen St\u00e4dten:<\/p>\n<ul data-start=\"1479\" data-end=\"1689\">\n<li data-start=\"1479\" data-end=\"1534\">\n<p data-start=\"1481\" data-end=\"1534\"><strong data-start=\"1481\" data-end=\"1494\">Memmingen<\/strong> \u2013 Direktfl\u00fcge nach Paphos mit Ryanair<\/p>\n<\/li>\n<li data-start=\"1535\" data-end=\"1606\">\n<p data-start=\"1537\" data-end=\"1606\"><strong data-start=\"1537\" data-end=\"1550\">K\u00f6ln\/Bonn<\/strong> \u2013 Regelm\u00e4\u00dfige Verbindungen nach Paphos mit Ryanair oder Eurowings<\/p>\n<\/li>\n<li><strong data-start=\"1537\" data-end=\"1550\">Berlin (BER)<\/strong> \u2013 Regelm\u00e4\u00dfige Verbindungen Paphos mit Ryanair oder Eurowings<\/li>\n<li><a href=\"https:\/\/www.hermesairports.com\/flight-info\/flight-schedule--pfo\" target=\"_blank\" rel=\"noopener\">siehe Flugplan im link<\/a><\/li>\n<li data-start=\"1607\" data-end=\"1689\">\n<p data-start=\"1609\" data-end=\"1689\"><strong>Frankfurt, M\u00fcnchen, Stuttgart, Hamburg, Hannover<\/strong> \u2013 Direktfl\u00fcge nach Larnaka<\/p>\n<\/li>\n<li data-start=\"1607\" data-end=\"1689\"><a href=\"https:\/\/www.hermesairports.com\/flight-info\/flight-schedule--lca\" target=\"_blank\" rel=\"noopener\">siehe Flugplan im link<\/a><\/li>\n<\/ul>\n<p data-start=\"1691\" data-end=\"1762\"><strong>Wir unterst\u00fctzen dich gern bei der Flugplanung \u2013 schreib mir gern!<\/strong><\/p>\n<hr data-start=\"1598\" data-end=\"1601\" \/>\n<p data-start=\"1603\" data-end=\"1708\"><strong data-start=\"1603\" data-end=\"1637\">Sichere dir jetzt deinen Platz<\/strong> \u2013 die Teilnehmerzahl ist begrenzt!<br data-start=\"1672\" data-end=\"1675\" \/><strong>\ud83d\udc49 <\/strong><a class=\"\" href=\"https:\/\/www.michael-krell.com\/de\/kontakt\/\" target=\"_blank\" rel=\"noopener\" data-start=\"1678\" data-end=\"1708\"><strong>Hier geht&#8217;s zur Anmeldung<\/strong><\/a><\/p>\n<p data-start=\"1710\" data-end=\"1777\"><strong>Bei Fragen oder zur individuellen Beratung <\/strong><a href=\"https:\/\/www.michael-krell.com\/de\/kontakt\/\" target=\"_blank\" rel=\"noopener\"><strong>schreib mir gern direkt.<\/strong><\/a><\/p>\n<p data-start=\"1710\" data-end=\"1777\"><a href=\"https:\/\/www.michael-krell.com\/wp-content\/uploads\/2025\/06\/2023-11-12-Zypern-Camp-05.jpg\"><img loading=\"lazy\" decoding=\"async\" class=\"alignleft size-medium wp-image-5565\" src=\"https:\/\/www.michael-krell.com\/wp-content\/uploads\/2025\/06\/2023-11-12-Zypern-Camp-05-200x300.jpg\" alt=\"\" width=\"200\" height=\"300\" srcset=\"https:\/\/www.michael-krell.com\/wp-content\/uploads\/2025\/06\/2023-11-12-Zypern-Camp-05-200x300.jpg 200w, https:\/\/www.michael-krell.com\/wp-content\/uploads\/2025\/06\/2023-11-12-Zypern-Camp-05-1197x1800.jpg 1197w, https:\/\/www.michael-krell.com\/wp-content\/uploads\/2025\/06\/2023-11-12-Zypern-Camp-05-768x1155.jpg 768w, https:\/\/www.michael-krell.com\/wp-content\/uploads\/2025\/06\/2023-11-12-Zypern-Camp-05-1022x1536.jpg 1022w, https:\/\/www.michael-krell.com\/wp-content\/uploads\/2025\/06\/2023-11-12-Zypern-Camp-05-1362x2048.jpg 1362w, https:\/\/www.michael-krell.com\/wp-content\/uploads\/2025\/06\/2023-11-12-Zypern-Camp-05-8x12.jpg 8w, https:\/\/www.michael-krell.com\/wp-content\/uploads\/2025\/06\/2023-11-12-Zypern-Camp-05.jpg 1663w\" sizes=\"auto, (max-width: 200px) 100vw, 200px\" \/><\/a><a href=\"https:\/\/www.michael-krell.com\/wp-content\/uploads\/2025\/06\/2023-11-12-Zypern-Camp-075.jpg\"><img loading=\"lazy\" decoding=\"async\" class=\"alignleft size-medium wp-image-5572\" src=\"https:\/\/www.michael-krell.com\/wp-content\/uploads\/2025\/06\/2023-11-12-Zypern-Camp-075-200x300.jpg\" alt=\"\" width=\"200\" height=\"300\" srcset=\"https:\/\/www.michael-krell.com\/wp-content\/uploads\/2025\/06\/2023-11-12-Zypern-Camp-075-200x300.jpg 200w, https:\/\/www.michael-krell.com\/wp-content\/uploads\/2025\/06\/2023-11-12-Zypern-Camp-075-1197x1800.jpg 1197w, https:\/\/www.michael-krell.com\/wp-content\/uploads\/2025\/06\/2023-11-12-Zypern-Camp-075-768x1155.jpg 768w, https:\/\/www.michael-krell.com\/wp-content\/uploads\/2025\/06\/2023-11-12-Zypern-Camp-075-1022x1536.jpg 1022w, https:\/\/www.michael-krell.com\/wp-content\/uploads\/2025\/06\/2023-11-12-Zypern-Camp-075-1362x2048.jpg 1362w, https:\/\/www.michael-krell.com\/wp-content\/uploads\/2025\/06\/2023-11-12-Zypern-Camp-075-8x12.jpg 8w, https:\/\/www.michael-krell.com\/wp-content\/uploads\/2025\/06\/2023-11-12-Zypern-Camp-075.jpg 1663w\" sizes=\"auto, (max-width: 200px) 100vw, 200px\" \/><\/a> <a href=\"https:\/\/www.michael-krell.com\/wp-content\/uploads\/2025\/06\/2023-11-12-Zypern-Camp-072.jpg\"><img loading=\"lazy\" decoding=\"async\" class=\"alignleft size-medium wp-image-5571\" src=\"https:\/\/www.michael-krell.com\/wp-content\/uploads\/2025\/06\/2023-11-12-Zypern-Camp-072-200x300.jpg\" alt=\"\" width=\"200\" height=\"300\" srcset=\"https:\/\/www.michael-krell.com\/wp-content\/uploads\/2025\/06\/2023-11-12-Zypern-Camp-072-200x300.jpg 200w, https:\/\/www.michael-krell.com\/wp-content\/uploads\/2025\/06\/2023-11-12-Zypern-Camp-072-1197x1800.jpg 1197w, https:\/\/www.michael-krell.com\/wp-content\/uploads\/2025\/06\/2023-11-12-Zypern-Camp-072-768x1155.jpg 768w, https:\/\/www.michael-krell.com\/wp-content\/uploads\/2025\/06\/2023-11-12-Zypern-Camp-072-1022x1536.jpg 1022w, https:\/\/www.michael-krell.com\/wp-content\/uploads\/2025\/06\/2023-11-12-Zypern-Camp-072-1362x2048.jpg 1362w, https:\/\/www.michael-krell.com\/wp-content\/uploads\/2025\/06\/2023-11-12-Zypern-Camp-072-8x12.jpg 8w, https:\/\/www.michael-krell.com\/wp-content\/uploads\/2025\/06\/2023-11-12-Zypern-Camp-072.jpg 1663w\" sizes=\"auto, (max-width: 200px) 100vw, 200px\" \/><\/a><\/p>\n<p data-start=\"1710\" data-end=\"1777\">\n","protected":false},"excerpt":{"rendered":"<p>Trainiere unter besten Bedingungen im 5* Resort \u2013 mit Sonne, Struktur und einer Gemeinschaft die Spa\u00df macht! Du willst dem [&hellip;]<\/p>\n","protected":false},"author":2,"featured_media":5555,"comment_status":"closed","ping_status":"open","sticky":false,"template":"","format":"standard","meta":{"footnotes":""},"categories":[1,1219],"tags":[1123,1393,1323,1426,1189,1197,1187,1237,1424,1270,1225,1423,1215,1425,1122,1282,1081,1186,1188,1080],"class_list":["post-5549","post","type-post","status-publish","format-standard","has-post-thumbnail","hentry","category-allgemein","category-coaching","tag-camp-zypern","tag-freiwasserschwimmen","tag-grundlagentraining","tag-kraftausdauer","tag-krelli","tag-laufen","tag-michael-krell","tag-paphos","tag-pissouri","tag-radfahren","tag-schwimmen","tag-trainingcamps","tag-trainingscamp","tag-trainingslager","tag-trainingslager-zypern","tag-triathlon-camp","tag-triathlon-coach-2","tag-triathlon-coaching","tag-triathlon-trainer","tag-triathlon-training-2"],"yoast_head":"<!-- This site is optimized with the Yoast SEO plugin v19.8 - https:\/\/yoast.com\/wordpress\/plugins\/seo\/ -->\n<title>\ud83c\udf1e Triathlon-Trainingscamps auf Zypern im November 2025 &amp; M\u00e4rz 2026 - Michael Krell Triathlon Coaching<\/title>\n<meta name=\"robots\" content=\"index, follow, max-snippet:-1, max-image-preview:large, max-video-preview:-1\" \/>\n<link rel=\"canonical\" href=\"https:\/\/www.michael-krell.com\/de\/\ud83c\udf1e-triathlon-trainingscamps-auf-zypern-im-november-2025-maerz-2026\/\" \/>\n<meta property=\"og:locale\" content=\"de_DE\" \/>\n<meta property=\"og:type\" content=\"article\" \/>\n<meta property=\"og:title\" content=\"\ud83c\udf1e Triathlon-Trainingscamps auf Zypern im November 2025 &amp; M\u00e4rz 2026 - Michael Krell Triathlon Coaching\" \/>\n<meta property=\"og:description\" content=\"Trainiere unter besten Bedingungen im 5* Resort \u2013 mit Sonne, Struktur und einer Gemeinschaft die Spa\u00df macht! Du willst dem [&hellip;]\" \/>\n<meta property=\"og:url\" content=\"https:\/\/www.michael-krell.com\/de\/\ud83c\udf1e-triathlon-trainingscamps-auf-zypern-im-november-2025-maerz-2026\/\" \/>\n<meta property=\"og:site_name\" content=\"Michael Krell Triathlon Coaching\" \/>\n<meta property=\"article:published_time\" content=\"2025-06-02T13:17:49+00:00\" \/>\n<meta property=\"article:modified_time\" content=\"2025-06-04T16:43:11+00:00\" \/>\n<meta property=\"og:image\" content=\"https:\/\/www.michael-krell.com\/wp-content\/uploads\/2025\/06\/IMG_0610-scaled.jpg\" \/>\n\t<meta property=\"og:image:width\" content=\"2560\" \/>\n\t<meta property=\"og:image:height\" content=\"1920\" \/>\n\t<meta property=\"og:image:type\" content=\"image\/jpeg\" \/>\n<meta name=\"author\" content=\"Michael Krell\" \/>\n<meta name=\"twitter:card\" content=\"summary_large_image\" \/>\n<meta name=\"twitter:label1\" content=\"Verfasst von\" \/>\n\t<meta name=\"twitter:data1\" content=\"Michael Krell\" \/>\n\t<meta name=\"twitter:label2\" content=\"Gesch\u00e4tzte Lesezeit\" \/>\n\t<meta name=\"twitter:data2\" content=\"6\u00a0Minuten\" \/>\n<script type=\"application\/ld+json\" class=\"yoast-schema-graph\">{\"@context\":\"https:\/\/schema.org\",\"@graph\":[{\"@type\":\"WebPage\",\"@id\":\"https:\/\/www.michael-krell.com\/de\/%f0%9f%8c%9e-triathlon-trainingscamps-auf-zypern-im-november-2025-maerz-2026\/\",\"url\":\"https:\/\/www.michael-krell.com\/de\/%f0%9f%8c%9e-triathlon-trainingscamps-auf-zypern-im-november-2025-maerz-2026\/\",\"name\":\"\ud83c\udf1e Triathlon-Trainingscamps auf Zypern im November 2025 & M\u00e4rz 2026 - Michael Krell Triathlon Coaching\",\"isPartOf\":{\"@id\":\"https:\/\/www.michael-krell.com\/en\/#website\"},\"datePublished\":\"2025-06-02T13:17:49+00:00\",\"dateModified\":\"2025-06-04T16:43:11+00:00\",\"author\":{\"@id\":\"https:\/\/www.michael-krell.com\/en\/#\/schema\/person\/17d0c03cb1e15db7305e41b6170a4237\"},\"breadcrumb\":{\"@id\":\"https:\/\/www.michael-krell.com\/de\/%f0%9f%8c%9e-triathlon-trainingscamps-auf-zypern-im-november-2025-maerz-2026\/#breadcrumb\"},\"inLanguage\":\"de\",\"potentialAction\":[{\"@type\":\"ReadAction\",\"target\":[\"https:\/\/www.michael-krell.com\/de\/%f0%9f%8c%9e-triathlon-trainingscamps-auf-zypern-im-november-2025-maerz-2026\/\"]}]},{\"@type\":\"BreadcrumbList\",\"@id\":\"https:\/\/www.michael-krell.com\/de\/%f0%9f%8c%9e-triathlon-trainingscamps-auf-zypern-im-november-2025-maerz-2026\/#breadcrumb\",\"itemListElement\":[{\"@type\":\"ListItem\",\"position\":1,\"name\":\"Startseite\",\"item\":\"https:\/\/www.michael-krell.com\/en\/\"},{\"@type\":\"ListItem\",\"position\":2,\"name\":\"\ud83c\udf1e Triathlon-Trainingscamps auf Zypern im November 2025 &#038; M\u00e4rz 2026\"}]},{\"@type\":\"WebSite\",\"@id\":\"https:\/\/www.michael-krell.com\/en\/#website\",\"url\":\"https:\/\/www.michael-krell.com\/en\/\",\"name\":\"Michael Krell Triathlon Coaching\",\"description\":\"\",\"potentialAction\":[{\"@type\":\"SearchAction\",\"target\":{\"@type\":\"EntryPoint\",\"urlTemplate\":\"https:\/\/www.michael-krell.com\/en\/?s={search_term_string}\"},\"query-input\":\"required name=search_term_string\"}],\"inLanguage\":\"de\"},{\"@type\":\"Person\",\"@id\":\"https:\/\/www.michael-krell.com\/en\/#\/schema\/person\/17d0c03cb1e15db7305e41b6170a4237\",\"name\":\"Michael Krell\",\"image\":{\"@type\":\"ImageObject\",\"inLanguage\":\"de\",\"@id\":\"https:\/\/www.michael-krell.com\/en\/#\/schema\/person\/image\/\",\"url\":\"https:\/\/secure.gravatar.com\/avatar\/33e39b9fbaf6777afb9b8559d921c4d22f4fd87cba8562434fa169fa71aeb1b3?s=96&d=mm&r=g\",\"contentUrl\":\"https:\/\/secure.gravatar.com\/avatar\/33e39b9fbaf6777afb9b8559d921c4d22f4fd87cba8562434fa169fa71aeb1b3?s=96&d=mm&r=g\",\"caption\":\"Michael Krell\"},\"url\":\"https:\/\/www.michael-krell.com\/de\/author\/krelli\/\"}]}<\/script>\n<!-- \/ Yoast SEO plugin. -->","yoast_head_json":{"title":"\ud83c\udf1e Triathlon-Trainingscamps auf Zypern im November 2025 & M\u00e4rz 2026 - Michael Krell Triathlon Coaching","robots":{"index":"index","follow":"follow","max-snippet":"max-snippet:-1","max-image-preview":"max-image-preview:large","max-video-preview":"max-video-preview:-1"},"canonical":"https:\/\/www.michael-krell.com\/de\/\ud83c\udf1e-triathlon-trainingscamps-auf-zypern-im-november-2025-maerz-2026\/","og_locale":"de_DE","og_type":"article","og_title":"\ud83c\udf1e Triathlon-Trainingscamps auf Zypern im November 2025 & M\u00e4rz 2026 - Michael Krell Triathlon Coaching","og_description":"Trainiere unter besten Bedingungen im 5* Resort \u2013 mit Sonne, Struktur und einer Gemeinschaft die Spa\u00df macht! Du willst dem [&hellip;]","og_url":"https:\/\/www.michael-krell.com\/de\/\ud83c\udf1e-triathlon-trainingscamps-auf-zypern-im-november-2025-maerz-2026\/","og_site_name":"Michael Krell Triathlon Coaching","article_published_time":"2025-06-02T13:17:49+00:00","article_modified_time":"2025-06-04T16:43:11+00:00","og_image":[{"width":2560,"height":1920,"url":"https:\/\/www.michael-krell.com\/wp-content\/uploads\/2025\/06\/IMG_0610-scaled.jpg","type":"image\/jpeg"}],"author":"Michael Krell","twitter_card":"summary_large_image","twitter_misc":{"Verfasst von":"Michael Krell","Gesch\u00e4tzte Lesezeit":"6\u00a0Minuten"},"schema":{"@context":"https:\/\/schema.org","@graph":[{"@type":"WebPage","@id":"https:\/\/www.michael-krell.com\/de\/%f0%9f%8c%9e-triathlon-trainingscamps-auf-zypern-im-november-2025-maerz-2026\/","url":"https:\/\/www.michael-krell.com\/de\/%f0%9f%8c%9e-triathlon-trainingscamps-auf-zypern-im-november-2025-maerz-2026\/","name":"\ud83c\udf1e Triathlon-Trainingscamps auf Zypern im November 2025 & M\u00e4rz 2026 - Michael Krell Triathlon Coaching","isPartOf":{"@id":"https:\/\/www.michael-krell.com\/en\/#website"},"datePublished":"2025-06-02T13:17:49+00:00","dateModified":"2025-06-04T16:43:11+00:00","author":{"@id":"https:\/\/www.michael-krell.com\/en\/#\/schema\/person\/17d0c03cb1e15db7305e41b6170a4237"},"breadcrumb":{"@id":"https:\/\/www.michael-krell.com\/de\/%f0%9f%8c%9e-triathlon-trainingscamps-auf-zypern-im-november-2025-maerz-2026\/#breadcrumb"},"inLanguage":"de","potentialAction":[{"@type":"ReadAction","target":["https:\/\/www.michael-krell.com\/de\/%f0%9f%8c%9e-triathlon-trainingscamps-auf-zypern-im-november-2025-maerz-2026\/"]}]},{"@type":"BreadcrumbList","@id":"https:\/\/www.michael-krell.com\/de\/%f0%9f%8c%9e-triathlon-trainingscamps-auf-zypern-im-november-2025-maerz-2026\/#breadcrumb","itemListElement":[{"@type":"ListItem","position":1,"name":"Startseite","item":"https:\/\/www.michael-krell.com\/en\/"},{"@type":"ListItem","position":2,"name":"\ud83c\udf1e Triathlon-Trainingscamps auf Zypern im November 2025 &#038; M\u00e4rz 2026"}]},{"@type":"WebSite","@id":"https:\/\/www.michael-krell.com\/en\/#website","url":"https:\/\/www.michael-krell.com\/en\/","name":"Michael Krell Triathlon Coaching","description":"","potentialAction":[{"@type":"SearchAction","target":{"@type":"EntryPoint","urlTemplate":"https:\/\/www.michael-krell.com\/en\/?s={search_term_string}"},"query-input":"required name=search_term_string"}],"inLanguage":"de"},{"@type":"Person","@id":"https:\/\/www.michael-krell.com\/en\/#\/schema\/person\/17d0c03cb1e15db7305e41b6170a4237","name":"Michael Krell","image":{"@type":"ImageObject","inLanguage":"de","@id":"https:\/\/www.michael-krell.com\/en\/#\/schema\/person\/image\/","url":"https:\/\/secure.gravatar.com\/avatar\/33e39b9fbaf6777afb9b8559d921c4d22f4fd87cba8562434fa169fa71aeb1b3?s=96&d=mm&r=g","contentUrl":"https:\/\/secure.gravatar.com\/avatar\/33e39b9fbaf6777afb9b8559d921c4d22f4fd87cba8562434fa169fa71aeb1b3?s=96&d=mm&r=g","caption":"Michael Krell"},"url":"https:\/\/www.michael-krell.com\/de\/author\/krelli\/"}]}},"_links":{"self":[{"href":"https:\/\/www.michael-krell.com\/de\/wp-json\/wp\/v2\/posts\/5549","targetHints":{"allow":["GET"]}}],"collection":[{"href":"https:\/\/www.michael-krell.com\/de\/wp-json\/wp\/v2\/posts"}],"about":[{"href":"https:\/\/www.michael-krell.com\/de\/wp-json\/wp\/v2\/types\/post"}],"author":[{"embeddable":true,"href":"https:\/\/www.michael-krell.com\/de\/wp-json\/wp\/v2\/users\/2"}],"replies":[{"embeddable":true,"href":"https:\/\/www.michael-krell.com\/de\/wp-json\/wp\/v2\/comments?post=5549"}],"version-history":[{"count":27,"href":"https:\/\/www.michael-krell.com\/de\/wp-json\/wp\/v2\/posts\/5549\/revisions"}],"predecessor-version":[{"id":5593,"href":"https:\/\/www.michael-krell.com\/de\/wp-json\/wp\/v2\/posts\/5549\/revisions\/5593"}],"wp:featuredmedia":[{"embeddable":true,"href":"https:\/\/www.michael-krell.com\/de\/wp-json\/wp\/v2\/media\/5555"}],"wp:attachment":[{"href":"https:\/\/www.michael-krell.com\/de\/wp-json\/wp\/v2\/media?parent=5549"}],"wp:term":[{"taxonomy":"category","embeddable":true,"href":"https:\/\/www.michael-krell.com\/de\/wp-json\/wp\/v2\/categories?post=5549"},{"taxonomy":"post_tag","embeddable":true,"href":"https:\/\/www.michael-krell.com\/de\/wp-json\/wp\/v2\/tags?post=5549"}],"curies":[{"name":"wp","href":"https:\/\/api.w.org\/{rel}","templated":true}]}}