{"id":585,"date":"2011-09-05T09:14:00","date_gmt":"2011-09-05T07:14:00","guid":{"rendered":"http:\/\/www.michael-krell.com\/?p=585"},"modified":"2017-04-18T15:51:07","modified_gmt":"2017-04-18T13:51:07","slug":"run-bike-altstadt-nuernberg","status":"publish","type":"post","link":"https:\/\/www.michael-krell.com\/de\/run-bike-altstadt-nuernberg\/","title":{"rendered":"Run &#038; Bike Altstadt N\u00fcrnberg"},"content":{"rendered":"<div style=\"clear: both; text-align: center;\"><a style=\"margin-left: 1em; margin-right: 1em;\" href=\"http:\/\/1.bp.blogspot.com\/-Xn-qaYXOSV4\/TmRmNIWGMeI\/AAAAAAAACfs\/NMNv7p_6Lis\/s1600\/307907_2302492812251_1547145372_32494617_2344760_n.jpg\"><img loading=\"lazy\" decoding=\"async\" src=\"http:\/\/1.bp.blogspot.com\/-Xn-qaYXOSV4\/TmRmNIWGMeI\/AAAAAAAACfs\/NMNv7p_6Lis\/s400\/307907_2302492812251_1547145372_32494617_2344760_n.jpg\" width=\"400\" height=\"361\" border=\"0\" \/><\/a><\/div>\n<div align=\"center\"><span style=\"font-size: x-small;\">Foto: Horst Linke<\/span><span style=\"font-size: x-small;\"> (zum Vergr\u00f6\u00dfern anklicken)<\/span><\/div>\n<p>Bei der\u00a02. Auflage des Run&amp;Bike durch die\u00a0N\u00fcrnberger Altstadt ging es dieses\u00a0Jahr hei\u00df her, und das nicht nur wegen des Traumwetters! In dominierender Manier holten sich Lokalmatator\u00a0Hannes Schmidt und sein Teamkollege Thomas Hofmann den\u00a0Gesamtsieg. Daf\u00fcr absolvierten sie die 11km lange Strecke\u00a0in 35 Minuten. Beeindruckend wenn man ber\u00fccksichtigt das ingsesamt 115 H\u00f6henmeter \u00fcberwunden werden mussten.\u00a0Aber auch die beiden Laufspezialistinnen aus F\u00fcrth Christine Ramsauer und Christa H\u00f6rner gewannen ihren Lauf in einer starken Zeit von 43 Minuten.<\/p>\n<div style=\"clear: both; text-align: center;\"><a style=\"margin-left: 1em; margin-right: 1em;\" href=\"http:\/\/4.bp.blogspot.com\/-W4WZuIg-O7Y\/TmRx2Lh2IlI\/AAAAAAAACfw\/aFzxc5xPhb4\/s1600\/1925944307.jpg\"><img loading=\"lazy\" decoding=\"async\" src=\"http:\/\/4.bp.blogspot.com\/-W4WZuIg-O7Y\/TmRx2Lh2IlI\/AAAAAAAACfw\/aFzxc5xPhb4\/s400\/1925944307.jpg\" width=\"400\" height=\"266\" border=\"0\" \/><\/a><\/div>\n<div align=\"center\"><span style=\"font-size: x-small;\">Foto: Horst Linke<\/span><\/div>\n<p>Vor ca.\u00a050.000 Zuschauern gingen insgesamt 120 Teilnehmer\/innen auf die Strecke. Viele von Ihnen zum wiederholten Mal. Eigentlich kenne ich die H\u00e4lfte des Starterfeldes schon pers\u00f6nlich \ud83d\ude09 Neben vielen spannenden Duellen begeisterten vor allem aber die kleinen Helden die Zuschauer an den Banden. Der j\u00fcngste Teilnehmer Philipp war gerade einmal 4 Jahre alt.<\/p>\n<div style=\"clear: both; text-align: center;\"><a style=\"margin-left: 1em; margin-right: 1em;\" href=\"http:\/\/2.bp.blogspot.com\/-h0MFwUbxd8Q\/TmRyG0YR4wI\/AAAAAAAACf0\/3qQW_fQ2miQ\/s1600\/045.JPG\"><img loading=\"lazy\" decoding=\"async\" src=\"http:\/\/2.bp.blogspot.com\/-h0MFwUbxd8Q\/TmRyG0YR4wI\/AAAAAAAACf0\/3qQW_fQ2miQ\/s400\/045.JPG\" width=\"400\" height=\"300\" border=\"0\" \/><\/a><\/div>\n<div style=\"clear: both; text-align: center;\"><\/div>\n<div style=\"clear: both; text-align: center;\"><a style=\"margin-left: 1em; margin-right: 1em;\" href=\"http:\/\/4.bp.blogspot.com\/-uhHVUn9CEuE\/TmRyN2Ne-xI\/AAAAAAAACf4\/yIcTDRSDy4E\/s1600\/3455790482.jpg\"><img loading=\"lazy\" decoding=\"async\" src=\"http:\/\/4.bp.blogspot.com\/-uhHVUn9CEuE\/TmRyN2Ne-xI\/AAAAAAAACf4\/yIcTDRSDy4E\/s400\/3455790482.jpg\" width=\"400\" height=\"375\" border=\"0\" \/><\/a><\/div>\n<div align=\"center\"><span style=\"font-size: x-small;\">Stefan Daehne mit seinem siebenj\u00e4hrigen Sohn Alessandro<\/span><\/div>\n<p><strong>Noch einmal einen gro\u00dfen Dank an alle Sponsoren des Rennens, allen voran die GfK. Danke auch an chooza f\u00fcr die\u00a0coolen Trikots. Meinen Gl\u00fcckwunsch an alle Teilnehmer\/innen, ihr wart klasse!!!<\/strong><\/p>\n<p>Meine Helfer m\u00f6chte ich hier auch ausdr\u00fccklich loben, ohne diese w\u00e4re mir die Organisation schlichtweg unm\u00f6glich. Mir hat es wieder riesigen Spa\u00df gemacht, auch wenn ich gern mitgelaufen w\u00e4re. Naja, heute habe ich dann zumindestens ebenfalls ordentlich Farbe im Gesicht und eine hei\u00dfere Stimme \ud83d\ude42<\/p>\n<p>Anbei die Ergebnisse: (zu beachten ist, dass anfangs 2x 250m Laufen zu absolvieren waren)<\/p>\n<div style=\"clear: both; text-align: center;\"><a style=\"margin-left: 1em; margin-right: 1em;\" href=\"http:\/\/3.bp.blogspot.com\/-n_UaXKQhdEA\/TmR2jLQxe_I\/AAAAAAAACf8\/KqPzCj94D7E\/s1600\/Ergebnisse_11km.JPG\"><img loading=\"lazy\" decoding=\"async\" src=\"http:\/\/3.bp.blogspot.com\/-n_UaXKQhdEA\/TmR2jLQxe_I\/AAAAAAAACf8\/KqPzCj94D7E\/s400\/Ergebnisse_11km.JPG\" width=\"400\" height=\"365\" border=\"0\" \/><\/a><\/div>\n<p>&nbsp;<\/p>\n<div style=\"clear: both; text-align: center;\"><a style=\"margin-left: 1em; margin-right: 1em;\" href=\"http:\/\/3.bp.blogspot.com\/-sVra8LsInAQ\/TmR2pJYeKuI\/AAAAAAAACgA\/mEEs-O0A4NQ\/s1600\/Ergebnisse_7%252C5km.JPG\"><img loading=\"lazy\" decoding=\"async\" src=\"http:\/\/3.bp.blogspot.com\/-sVra8LsInAQ\/TmR2pJYeKuI\/AAAAAAAACgA\/mEEs-O0A4NQ\/s400\/Ergebnisse_7%252C5km.JPG\" width=\"400\" height=\"80\" border=\"0\" \/><\/a><\/div>\n<p>einen sch\u00f6nen Start in die Woche!<br \/>\nkrelli<\/p>\n","protected":false},"excerpt":{"rendered":"<p>Foto: Horst Linke (zum Vergr\u00f6\u00dfern anklicken) Bei der\u00a02. Auflage des Run&amp;Bike durch die\u00a0N\u00fcrnberger Altstadt ging es dieses\u00a0Jahr hei\u00df her, und [&hellip;]<\/p>\n","protected":false},"author":2,"featured_media":0,"comment_status":"open","ping_status":"open","sticky":false,"template":"","format":"standard","meta":{"footnotes":""},"categories":[1220],"tags":[],"class_list":["post-585","post","type-post","status-publish","format-standard","hentry","category-privates"],"yoast_head":"<!-- This site is optimized with the Yoast SEO plugin v19.8 - https:\/\/yoast.com\/wordpress\/plugins\/seo\/ -->\n<title>Run &amp; Bike Altstadt N\u00fcrnberg - Michael Krell Triathlon Coaching<\/title>\n<meta name=\"robots\" content=\"index, follow, max-snippet:-1, max-image-preview:large, max-video-preview:-1\" \/>\n<link rel=\"canonical\" href=\"https:\/\/www.michael-krell.com\/de\/run-bike-altstadt-nuernberg\/\" \/>\n<meta property=\"og:locale\" content=\"de_DE\" \/>\n<meta property=\"og:type\" content=\"article\" \/>\n<meta property=\"og:title\" content=\"Run &amp; Bike Altstadt N\u00fcrnberg - Michael Krell Triathlon Coaching\" \/>\n<meta property=\"og:description\" content=\"Foto: Horst Linke (zum Vergr\u00f6\u00dfern anklicken) Bei der\u00a02. Auflage des Run&amp;Bike durch die\u00a0N\u00fcrnberger Altstadt ging es dieses\u00a0Jahr hei\u00df her, und [&hellip;]\" \/>\n<meta property=\"og:url\" content=\"https:\/\/www.michael-krell.com\/de\/run-bike-altstadt-nuernberg\/\" \/>\n<meta property=\"og:site_name\" content=\"Michael Krell Triathlon Coaching\" \/>\n<meta property=\"article:published_time\" content=\"2011-09-05T07:14:00+00:00\" \/>\n<meta property=\"article:modified_time\" content=\"2017-04-18T13:51:07+00:00\" \/>\n<meta property=\"og:image\" content=\"http:\/\/1.bp.blogspot.com\/-Xn-qaYXOSV4\/TmRmNIWGMeI\/AAAAAAAACfs\/NMNv7p_6Lis\/s400\/307907_2302492812251_1547145372_32494617_2344760_n.jpg\" \/>\n<meta name=\"author\" content=\"Michael Krell\" \/>\n<meta name=\"twitter:card\" content=\"summary_large_image\" \/>\n<meta name=\"twitter:label1\" content=\"Verfasst von\" \/>\n\t<meta name=\"twitter:data1\" content=\"Michael Krell\" \/>\n\t<meta name=\"twitter:label2\" content=\"Gesch\u00e4tzte Lesezeit\" \/>\n\t<meta name=\"twitter:data2\" content=\"1\u00a0Minute\" \/>\n<script type=\"application\/ld+json\" class=\"yoast-schema-graph\">{\"@context\":\"https:\/\/schema.org\",\"@graph\":[{\"@type\":\"WebPage\",\"@id\":\"https:\/\/www.michael-krell.com\/en\/run-bike-altstadt-nuernberg\/\",\"url\":\"https:\/\/www.michael-krell.com\/en\/run-bike-altstadt-nuernberg\/\",\"name\":\"Run & Bike Altstadt N\u00fcrnberg - Michael Krell Triathlon Coaching\",\"isPartOf\":{\"@id\":\"https:\/\/www.michael-krell.com\/en\/#website\"},\"datePublished\":\"2011-09-05T07:14:00+00:00\",\"dateModified\":\"2017-04-18T13:51:07+00:00\",\"author\":{\"@id\":\"https:\/\/www.michael-krell.com\/en\/#\/schema\/person\/17d0c03cb1e15db7305e41b6170a4237\"},\"breadcrumb\":{\"@id\":\"https:\/\/www.michael-krell.com\/en\/run-bike-altstadt-nuernberg\/#breadcrumb\"},\"inLanguage\":\"de\",\"potentialAction\":[{\"@type\":\"ReadAction\",\"target\":[\"https:\/\/www.michael-krell.com\/en\/run-bike-altstadt-nuernberg\/\"]}]},{\"@type\":\"BreadcrumbList\",\"@id\":\"https:\/\/www.michael-krell.com\/en\/run-bike-altstadt-nuernberg\/#breadcrumb\",\"itemListElement\":[{\"@type\":\"ListItem\",\"position\":1,\"name\":\"Startseite\",\"item\":\"https:\/\/www.michael-krell.com\/en\/\"},{\"@type\":\"ListItem\",\"position\":2,\"name\":\"Run &#038; Bike Altstadt N\u00fcrnberg\"}]},{\"@type\":\"WebSite\",\"@id\":\"https:\/\/www.michael-krell.com\/en\/#website\",\"url\":\"https:\/\/www.michael-krell.com\/en\/\",\"name\":\"Michael Krell Triathlon Coaching\",\"description\":\"\",\"potentialAction\":[{\"@type\":\"SearchAction\",\"target\":{\"@type\":\"EntryPoint\",\"urlTemplate\":\"https:\/\/www.michael-krell.com\/en\/?s={search_term_string}\"},\"query-input\":\"required name=search_term_string\"}],\"inLanguage\":\"de\"},{\"@type\":\"Person\",\"@id\":\"https:\/\/www.michael-krell.com\/en\/#\/schema\/person\/17d0c03cb1e15db7305e41b6170a4237\",\"name\":\"Michael Krell\",\"image\":{\"@type\":\"ImageObject\",\"inLanguage\":\"de\",\"@id\":\"https:\/\/www.michael-krell.com\/en\/#\/schema\/person\/image\/\",\"url\":\"https:\/\/secure.gravatar.com\/avatar\/33e39b9fbaf6777afb9b8559d921c4d22f4fd87cba8562434fa169fa71aeb1b3?s=96&d=mm&r=g\",\"contentUrl\":\"https:\/\/secure.gravatar.com\/avatar\/33e39b9fbaf6777afb9b8559d921c4d22f4fd87cba8562434fa169fa71aeb1b3?s=96&d=mm&r=g\",\"caption\":\"Michael Krell\"},\"url\":\"https:\/\/www.michael-krell.com\/de\/author\/krelli\/\"}]}<\/script>\n<!-- \/ Yoast SEO plugin. -->","yoast_head_json":{"title":"Run & Bike Altstadt N\u00fcrnberg - Michael Krell Triathlon Coaching","robots":{"index":"index","follow":"follow","max-snippet":"max-snippet:-1","max-image-preview":"max-image-preview:large","max-video-preview":"max-video-preview:-1"},"canonical":"https:\/\/www.michael-krell.com\/de\/run-bike-altstadt-nuernberg\/","og_locale":"de_DE","og_type":"article","og_title":"Run & Bike Altstadt N\u00fcrnberg - Michael Krell Triathlon Coaching","og_description":"Foto: Horst Linke (zum Vergr\u00f6\u00dfern anklicken) Bei der\u00a02. Auflage des Run&amp;Bike durch die\u00a0N\u00fcrnberger Altstadt ging es dieses\u00a0Jahr hei\u00df her, und [&hellip;]","og_url":"https:\/\/www.michael-krell.com\/de\/run-bike-altstadt-nuernberg\/","og_site_name":"Michael Krell Triathlon Coaching","article_published_time":"2011-09-05T07:14:00+00:00","article_modified_time":"2017-04-18T13:51:07+00:00","og_image":[{"url":"http:\/\/1.bp.blogspot.com\/-Xn-qaYXOSV4\/TmRmNIWGMeI\/AAAAAAAACfs\/NMNv7p_6Lis\/s400\/307907_2302492812251_1547145372_32494617_2344760_n.jpg"}],"author":"Michael Krell","twitter_card":"summary_large_image","twitter_misc":{"Verfasst von":"Michael Krell","Gesch\u00e4tzte Lesezeit":"1\u00a0Minute"},"schema":{"@context":"https:\/\/schema.org","@graph":[{"@type":"WebPage","@id":"https:\/\/www.michael-krell.com\/en\/run-bike-altstadt-nuernberg\/","url":"https:\/\/www.michael-krell.com\/en\/run-bike-altstadt-nuernberg\/","name":"Run & Bike Altstadt N\u00fcrnberg - Michael Krell Triathlon Coaching","isPartOf":{"@id":"https:\/\/www.michael-krell.com\/en\/#website"},"datePublished":"2011-09-05T07:14:00+00:00","dateModified":"2017-04-18T13:51:07+00:00","author":{"@id":"https:\/\/www.michael-krell.com\/en\/#\/schema\/person\/17d0c03cb1e15db7305e41b6170a4237"},"breadcrumb":{"@id":"https:\/\/www.michael-krell.com\/en\/run-bike-altstadt-nuernberg\/#breadcrumb"},"inLanguage":"de","potentialAction":[{"@type":"ReadAction","target":["https:\/\/www.michael-krell.com\/en\/run-bike-altstadt-nuernberg\/"]}]},{"@type":"BreadcrumbList","@id":"https:\/\/www.michael-krell.com\/en\/run-bike-altstadt-nuernberg\/#breadcrumb","itemListElement":[{"@type":"ListItem","position":1,"name":"Startseite","item":"https:\/\/www.michael-krell.com\/en\/"},{"@type":"ListItem","position":2,"name":"Run &#038; Bike Altstadt N\u00fcrnberg"}]},{"@type":"WebSite","@id":"https:\/\/www.michael-krell.com\/en\/#website","url":"https:\/\/www.michael-krell.com\/en\/","name":"Michael Krell Triathlon Coaching","description":"","potentialAction":[{"@type":"SearchAction","target":{"@type":"EntryPoint","urlTemplate":"https:\/\/www.michael-krell.com\/en\/?s={search_term_string}"},"query-input":"required name=search_term_string"}],"inLanguage":"de"},{"@type":"Person","@id":"https:\/\/www.michael-krell.com\/en\/#\/schema\/person\/17d0c03cb1e15db7305e41b6170a4237","name":"Michael Krell","image":{"@type":"ImageObject","inLanguage":"de","@id":"https:\/\/www.michael-krell.com\/en\/#\/schema\/person\/image\/","url":"https:\/\/secure.gravatar.com\/avatar\/33e39b9fbaf6777afb9b8559d921c4d22f4fd87cba8562434fa169fa71aeb1b3?s=96&d=mm&r=g","contentUrl":"https:\/\/secure.gravatar.com\/avatar\/33e39b9fbaf6777afb9b8559d921c4d22f4fd87cba8562434fa169fa71aeb1b3?s=96&d=mm&r=g","caption":"Michael Krell"},"url":"https:\/\/www.michael-krell.com\/de\/author\/krelli\/"}]}},"_links":{"self":[{"href":"https:\/\/www.michael-krell.com\/de\/wp-json\/wp\/v2\/posts\/585","targetHints":{"allow":["GET"]}}],"collection":[{"href":"https:\/\/www.michael-krell.com\/de\/wp-json\/wp\/v2\/posts"}],"about":[{"href":"https:\/\/www.michael-krell.com\/de\/wp-json\/wp\/v2\/types\/post"}],"author":[{"embeddable":true,"href":"https:\/\/www.michael-krell.com\/de\/wp-json\/wp\/v2\/users\/2"}],"replies":[{"embeddable":true,"href":"https:\/\/www.michael-krell.com\/de\/wp-json\/wp\/v2\/comments?post=585"}],"version-history":[{"count":1,"href":"https:\/\/www.michael-krell.com\/de\/wp-json\/wp\/v2\/posts\/585\/revisions"}],"predecessor-version":[{"id":3751,"href":"https:\/\/www.michael-krell.com\/de\/wp-json\/wp\/v2\/posts\/585\/revisions\/3751"}],"wp:attachment":[{"href":"https:\/\/www.michael-krell.com\/de\/wp-json\/wp\/v2\/media?parent=585"}],"wp:term":[{"taxonomy":"category","embeddable":true,"href":"https:\/\/www.michael-krell.com\/de\/wp-json\/wp\/v2\/categories?post=585"},{"taxonomy":"post_tag","embeddable":true,"href":"https:\/\/www.michael-krell.com\/de\/wp-json\/wp\/v2\/tags?post=585"}],"curies":[{"name":"wp","href":"https:\/\/api.w.org\/{rel}","templated":true}]}}