{"id":634,"date":"2011-06-05T10:04:00","date_gmt":"2011-06-05T08:04:00","guid":{"rendered":"http:\/\/www.michael-krell.com\/?p=634"},"modified":"2017-04-18T16:19:01","modified_gmt":"2017-04-18T14:19:01","slug":"3-platz-beim-mitteldistanztriathlon-steinberg-am-see","status":"publish","type":"post","link":"https:\/\/www.michael-krell.com\/de\/3-platz-beim-mitteldistanztriathlon-steinberg-am-see\/","title":{"rendered":"3. Platz beim Mitteldistanztriathlon Steinberg am See"},"content":{"rendered":"<div style=\"clear: both; text-align: center;\"><a style=\"margin-left: 1em; margin-right: 1em;\" href=\"http:\/\/4.bp.blogspot.com\/-RkCBfKofF0g\/Te29TssGvrI\/AAAAAAAACX8\/-LyrOFm-45g\/s1600\/Steinberg_2011_%2528146%2529.JPG\"><img loading=\"lazy\" decoding=\"async\" src=\"http:\/\/4.bp.blogspot.com\/-RkCBfKofF0g\/Te29TssGvrI\/AAAAAAAACX8\/-LyrOFm-45g\/s400\/Steinberg_2011_%2528146%2529.JPG\" width=\"400\" height=\"266\" border=\"0\" \/><\/a><\/div>\n<div align=\"center\"><span style=\"font-size: x-small;\">Friede, Freude, Eierkuchen&#8230;mmhh, hab ich als einziger einen neuen\u00a0Helm bekommen, die anderen (Sebastian, Florian) haben ja nur Bier in der Hand<\/span>?<span style=\"font-size: x-small;\">&#8230;wieder mal alles richtig gemacht \ud83d\ude09<\/span><\/div>\n<p>Man beachte wer hier fashionm\u00e4\u00dfig der Sieger war! Ein viel zu kurzes blaues Shirt, das ich mir vor Jahren mal gekauft habe, meine Fitnesshose vom Krafttraining und dazu\u00a0farblich optimal abgestimmte gelbe\u00a0Crocs and den edlen F\u00fc\u00dfen. Meine Freundin hat gedroht alles wegzuschmei\u00dfen, sollte ich das nochmal anziehen!<br \/>\n&#8211;&gt; \u00dcbrigens, ein Dank an Tobi f\u00fcrs Foto.<\/p>\n<p>Ein kleiner R\u00fcckblick auf letzte Woche:<\/p>\n<div style=\"clear: both; text-align: center;\"><\/div>\n<div align=\"center\">\n<div style=\"clear: both; text-align: center;\"><a style=\"margin-left: 1em; margin-right: 1em;\" href=\"http:\/\/1.bp.blogspot.com\/-qlQ1C8Z-ST4\/TezFQdCoeYI\/AAAAAAAACX4\/0wH3TDGCjHw\/s1600\/training.jpg\"><img loading=\"lazy\" decoding=\"async\" src=\"http:\/\/1.bp.blogspot.com\/-qlQ1C8Z-ST4\/TezFQdCoeYI\/AAAAAAAACX4\/0wH3TDGCjHw\/s400\/training.jpg\" width=\"400\" height=\"146\" border=\"0\" \/><\/a><\/div>\n<p><span style=\"font-size: x-small;\">zum Vergr\u00f6\u00dfern anklicken<\/span><\/div>\n<p>Im Anbetracht meines 1,5\u00a0w\u00f6chigen\u00a0Trainingsr\u00fcckstandes\u00a0w\u00e4hrend unseres Umzugs, in dem ich wirklich Null trainiert habe, weil ich abends nach der ganzen Schlepperei v\u00f6llig fertig war, habe ich mich nun f\u00fcr f\u00fcnf Wochen Vollgas entschieden. Die erste Woche startete moderat, wurde aber ab Wochenmitte, als ich wieder so langsam\u00a0ins Training reingefunden hatte, interessant \ud83d\ude09<\/p>\n<p>Die freien Tage waren mir zu schade f\u00fcrs Tapern, und da mein Fokus sowieso auf Juli liegt, schloss ich die Trainingswoche mit der wundersch\u00f6nen Mitteldistanz am Steinberger See ab. Etwas nerv\u00f6s war ich allerdings schon, da ich vorher noch nie\u00a0vorbelastet in eine Mitteldistanz gegangen bin.\u00a0Meine Erwartung war daher\u00a0recht breit gestreut, von Treppchen bis letzten Platz.<\/p>\n<p>Das Schwimmen lief ganz gut, aber f\u00fcr Roth reicht es bei weitem noch nicht. Das Radfahren war daf\u00fcr erstaunlich intensiv, da ich hier auch meinen Puls sch\u00f6n\u00a0hochbekommen habe. Vielleicht lag es auch am neuen\u00a0HaiBike dass ich vor ein paar\u00a0Tagen bekommen habe \ud83d\ude09\u00a0Beim Laufen hatte ich dann allerdings das Gef\u00fchl, dass nicht mehr viel ging. Teil ist es der unrythmischen Strecke geschuldet, teils auch dass es keine Gels an den Verpflegungsstellen gab. So toll die Veranstaltung organisiert war, hier sollte man allerdings Gels anbieten, anstatt der Bananen oder gar Corny Riegel! Letzteren hab ich mir verzweifelt nach 10km reingestopft,\u00a0aber nicht runter bekommen.<\/p>\n<p>Nichtsdestotrotz konnte ich nach dem Radfahren noch drei weitere Pl\u00e4tze gut machen und letztendlich als Gesamt\u00a03er die Ziellinie \u00fcberqueren. Mit diesem Ergebnis bin ich hochzufrieden und m\u00f6chte auch noch einmal dem Organisator Sven Hindl von &#8222;wechselszene.de&#8220; ein Lob f\u00fcr das\u00a0klasse\u00a0Event aussprechen. &#8211;&gt; Bilder folgen&#8230;<\/p>\n<p>Hier die Ergebnisse: <a href=\"http:\/\/www.trackmyrace.com\/triathlon\/event-zone\/event\/oberpfaelzer-seenland-triathlon-2011\/\">http:\/\/www.trackmyrace.com\/triathlon\/event-zone\/event\/oberpfaelzer-seenland-triathlon-2011\/<\/a><\/p>\n<p>Julia ist ebenfalls gestartet und hat ihren ersten Triathlon gemacht. Nach einem tollen Ergebnis bin ich nat\u00fcrlich unheimlich stolz auf sie!! \ud83d\ude42<\/p>\n<p>einen sch\u00f6nen Start in die Woche!!<br \/>\nkrelli<\/p>\n","protected":false},"excerpt":{"rendered":"<p>Friede, Freude, Eierkuchen&#8230;mmhh, hab ich als einziger einen neuen\u00a0Helm bekommen, die anderen (Sebastian, Florian) haben ja nur Bier in der [&hellip;]<\/p>\n","protected":false},"author":2,"featured_media":0,"comment_status":"open","ping_status":"open","sticky":false,"template":"","format":"standard","meta":{"footnotes":""},"categories":[1220],"tags":[],"class_list":["post-634","post","type-post","status-publish","format-standard","hentry","category-privates"],"yoast_head":"<!-- This site is optimized with the Yoast SEO plugin v19.8 - https:\/\/yoast.com\/wordpress\/plugins\/seo\/ -->\n<title>3. Platz beim Mitteldistanztriathlon Steinberg am See - Michael Krell Triathlon Coaching<\/title>\n<meta name=\"robots\" content=\"index, follow, max-snippet:-1, max-image-preview:large, max-video-preview:-1\" \/>\n<link rel=\"canonical\" href=\"https:\/\/www.michael-krell.com\/de\/3-platz-beim-mitteldistanztriathlon-steinberg-am-see\/\" \/>\n<meta property=\"og:locale\" content=\"de_DE\" \/>\n<meta property=\"og:type\" content=\"article\" \/>\n<meta property=\"og:title\" content=\"3. Platz beim Mitteldistanztriathlon Steinberg am See - Michael Krell Triathlon Coaching\" \/>\n<meta property=\"og:description\" content=\"Friede, Freude, Eierkuchen&#8230;mmhh, hab ich als einziger einen neuen\u00a0Helm bekommen, die anderen (Sebastian, Florian) haben ja nur Bier in der [&hellip;]\" \/>\n<meta property=\"og:url\" content=\"https:\/\/www.michael-krell.com\/de\/3-platz-beim-mitteldistanztriathlon-steinberg-am-see\/\" \/>\n<meta property=\"og:site_name\" content=\"Michael Krell Triathlon Coaching\" \/>\n<meta property=\"article:published_time\" content=\"2011-06-05T08:04:00+00:00\" \/>\n<meta property=\"article:modified_time\" content=\"2017-04-18T14:19:01+00:00\" \/>\n<meta property=\"og:image\" content=\"http:\/\/4.bp.blogspot.com\/-RkCBfKofF0g\/Te29TssGvrI\/AAAAAAAACX8\/-LyrOFm-45g\/s400\/Steinberg_2011_%2528146%2529.JPG\" \/>\n<meta name=\"author\" content=\"Michael Krell\" \/>\n<meta name=\"twitter:card\" content=\"summary_large_image\" \/>\n<meta name=\"twitter:label1\" content=\"Verfasst von\" \/>\n\t<meta name=\"twitter:data1\" content=\"Michael Krell\" \/>\n\t<meta name=\"twitter:label2\" content=\"Gesch\u00e4tzte Lesezeit\" \/>\n\t<meta name=\"twitter:data2\" content=\"2\u00a0Minuten\" \/>\n<script type=\"application\/ld+json\" class=\"yoast-schema-graph\">{\"@context\":\"https:\/\/schema.org\",\"@graph\":[{\"@type\":\"WebPage\",\"@id\":\"https:\/\/www.michael-krell.com\/de\/3-platz-beim-mitteldistanztriathlon-steinberg-am-see\/\",\"url\":\"https:\/\/www.michael-krell.com\/de\/3-platz-beim-mitteldistanztriathlon-steinberg-am-see\/\",\"name\":\"3. Platz beim Mitteldistanztriathlon Steinberg am See - Michael Krell Triathlon Coaching\",\"isPartOf\":{\"@id\":\"https:\/\/www.michael-krell.com\/en\/#website\"},\"datePublished\":\"2011-06-05T08:04:00+00:00\",\"dateModified\":\"2017-04-18T14:19:01+00:00\",\"author\":{\"@id\":\"https:\/\/www.michael-krell.com\/en\/#\/schema\/person\/17d0c03cb1e15db7305e41b6170a4237\"},\"breadcrumb\":{\"@id\":\"https:\/\/www.michael-krell.com\/de\/3-platz-beim-mitteldistanztriathlon-steinberg-am-see\/#breadcrumb\"},\"inLanguage\":\"de\",\"potentialAction\":[{\"@type\":\"ReadAction\",\"target\":[\"https:\/\/www.michael-krell.com\/de\/3-platz-beim-mitteldistanztriathlon-steinberg-am-see\/\"]}]},{\"@type\":\"BreadcrumbList\",\"@id\":\"https:\/\/www.michael-krell.com\/de\/3-platz-beim-mitteldistanztriathlon-steinberg-am-see\/#breadcrumb\",\"itemListElement\":[{\"@type\":\"ListItem\",\"position\":1,\"name\":\"Startseite\",\"item\":\"https:\/\/www.michael-krell.com\/en\/\"},{\"@type\":\"ListItem\",\"position\":2,\"name\":\"3. Platz beim Mitteldistanztriathlon Steinberg am See\"}]},{\"@type\":\"WebSite\",\"@id\":\"https:\/\/www.michael-krell.com\/en\/#website\",\"url\":\"https:\/\/www.michael-krell.com\/en\/\",\"name\":\"Michael Krell Triathlon Coaching\",\"description\":\"\",\"potentialAction\":[{\"@type\":\"SearchAction\",\"target\":{\"@type\":\"EntryPoint\",\"urlTemplate\":\"https:\/\/www.michael-krell.com\/en\/?s={search_term_string}\"},\"query-input\":\"required name=search_term_string\"}],\"inLanguage\":\"de\"},{\"@type\":\"Person\",\"@id\":\"https:\/\/www.michael-krell.com\/en\/#\/schema\/person\/17d0c03cb1e15db7305e41b6170a4237\",\"name\":\"Michael Krell\",\"image\":{\"@type\":\"ImageObject\",\"inLanguage\":\"de\",\"@id\":\"https:\/\/www.michael-krell.com\/en\/#\/schema\/person\/image\/\",\"url\":\"https:\/\/secure.gravatar.com\/avatar\/33e39b9fbaf6777afb9b8559d921c4d22f4fd87cba8562434fa169fa71aeb1b3?s=96&d=mm&r=g\",\"contentUrl\":\"https:\/\/secure.gravatar.com\/avatar\/33e39b9fbaf6777afb9b8559d921c4d22f4fd87cba8562434fa169fa71aeb1b3?s=96&d=mm&r=g\",\"caption\":\"Michael Krell\"},\"url\":\"https:\/\/www.michael-krell.com\/de\/author\/krelli\/\"}]}<\/script>\n<!-- \/ Yoast SEO plugin. -->","yoast_head_json":{"title":"3. Platz beim Mitteldistanztriathlon Steinberg am See - Michael Krell Triathlon Coaching","robots":{"index":"index","follow":"follow","max-snippet":"max-snippet:-1","max-image-preview":"max-image-preview:large","max-video-preview":"max-video-preview:-1"},"canonical":"https:\/\/www.michael-krell.com\/de\/3-platz-beim-mitteldistanztriathlon-steinberg-am-see\/","og_locale":"de_DE","og_type":"article","og_title":"3. Platz beim Mitteldistanztriathlon Steinberg am See - Michael Krell Triathlon Coaching","og_description":"Friede, Freude, Eierkuchen&#8230;mmhh, hab ich als einziger einen neuen\u00a0Helm bekommen, die anderen (Sebastian, Florian) haben ja nur Bier in der [&hellip;]","og_url":"https:\/\/www.michael-krell.com\/de\/3-platz-beim-mitteldistanztriathlon-steinberg-am-see\/","og_site_name":"Michael Krell Triathlon Coaching","article_published_time":"2011-06-05T08:04:00+00:00","article_modified_time":"2017-04-18T14:19:01+00:00","og_image":[{"url":"http:\/\/4.bp.blogspot.com\/-RkCBfKofF0g\/Te29TssGvrI\/AAAAAAAACX8\/-LyrOFm-45g\/s400\/Steinberg_2011_%2528146%2529.JPG"}],"author":"Michael Krell","twitter_card":"summary_large_image","twitter_misc":{"Verfasst von":"Michael Krell","Gesch\u00e4tzte Lesezeit":"2\u00a0Minuten"},"schema":{"@context":"https:\/\/schema.org","@graph":[{"@type":"WebPage","@id":"https:\/\/www.michael-krell.com\/de\/3-platz-beim-mitteldistanztriathlon-steinberg-am-see\/","url":"https:\/\/www.michael-krell.com\/de\/3-platz-beim-mitteldistanztriathlon-steinberg-am-see\/","name":"3. Platz beim Mitteldistanztriathlon Steinberg am See - Michael Krell Triathlon Coaching","isPartOf":{"@id":"https:\/\/www.michael-krell.com\/en\/#website"},"datePublished":"2011-06-05T08:04:00+00:00","dateModified":"2017-04-18T14:19:01+00:00","author":{"@id":"https:\/\/www.michael-krell.com\/en\/#\/schema\/person\/17d0c03cb1e15db7305e41b6170a4237"},"breadcrumb":{"@id":"https:\/\/www.michael-krell.com\/de\/3-platz-beim-mitteldistanztriathlon-steinberg-am-see\/#breadcrumb"},"inLanguage":"de","potentialAction":[{"@type":"ReadAction","target":["https:\/\/www.michael-krell.com\/de\/3-platz-beim-mitteldistanztriathlon-steinberg-am-see\/"]}]},{"@type":"BreadcrumbList","@id":"https:\/\/www.michael-krell.com\/de\/3-platz-beim-mitteldistanztriathlon-steinberg-am-see\/#breadcrumb","itemListElement":[{"@type":"ListItem","position":1,"name":"Startseite","item":"https:\/\/www.michael-krell.com\/en\/"},{"@type":"ListItem","position":2,"name":"3. Platz beim Mitteldistanztriathlon Steinberg am See"}]},{"@type":"WebSite","@id":"https:\/\/www.michael-krell.com\/en\/#website","url":"https:\/\/www.michael-krell.com\/en\/","name":"Michael Krell Triathlon Coaching","description":"","potentialAction":[{"@type":"SearchAction","target":{"@type":"EntryPoint","urlTemplate":"https:\/\/www.michael-krell.com\/en\/?s={search_term_string}"},"query-input":"required name=search_term_string"}],"inLanguage":"de"},{"@type":"Person","@id":"https:\/\/www.michael-krell.com\/en\/#\/schema\/person\/17d0c03cb1e15db7305e41b6170a4237","name":"Michael Krell","image":{"@type":"ImageObject","inLanguage":"de","@id":"https:\/\/www.michael-krell.com\/en\/#\/schema\/person\/image\/","url":"https:\/\/secure.gravatar.com\/avatar\/33e39b9fbaf6777afb9b8559d921c4d22f4fd87cba8562434fa169fa71aeb1b3?s=96&d=mm&r=g","contentUrl":"https:\/\/secure.gravatar.com\/avatar\/33e39b9fbaf6777afb9b8559d921c4d22f4fd87cba8562434fa169fa71aeb1b3?s=96&d=mm&r=g","caption":"Michael Krell"},"url":"https:\/\/www.michael-krell.com\/de\/author\/krelli\/"}]}},"_links":{"self":[{"href":"https:\/\/www.michael-krell.com\/de\/wp-json\/wp\/v2\/posts\/634","targetHints":{"allow":["GET"]}}],"collection":[{"href":"https:\/\/www.michael-krell.com\/de\/wp-json\/wp\/v2\/posts"}],"about":[{"href":"https:\/\/www.michael-krell.com\/de\/wp-json\/wp\/v2\/types\/post"}],"author":[{"embeddable":true,"href":"https:\/\/www.michael-krell.com\/de\/wp-json\/wp\/v2\/users\/2"}],"replies":[{"embeddable":true,"href":"https:\/\/www.michael-krell.com\/de\/wp-json\/wp\/v2\/comments?post=634"}],"version-history":[{"count":1,"href":"https:\/\/www.michael-krell.com\/de\/wp-json\/wp\/v2\/posts\/634\/revisions"}],"predecessor-version":[{"id":3826,"href":"https:\/\/www.michael-krell.com\/de\/wp-json\/wp\/v2\/posts\/634\/revisions\/3826"}],"wp:attachment":[{"href":"https:\/\/www.michael-krell.com\/de\/wp-json\/wp\/v2\/media?parent=634"}],"wp:term":[{"taxonomy":"category","embeddable":true,"href":"https:\/\/www.michael-krell.com\/de\/wp-json\/wp\/v2\/categories?post=634"},{"taxonomy":"post_tag","embeddable":true,"href":"https:\/\/www.michael-krell.com\/de\/wp-json\/wp\/v2\/tags?post=634"}],"curies":[{"name":"wp","href":"https:\/\/api.w.org\/{rel}","templated":true}]}}